{"id":231500,"date":"2021-04-08T11:34:11","date_gmt":"2021-04-08T14:34:11","guid":{"rendered":"https:\/\/franciscanos.org.br\/noticias\/?p=231500"},"modified":"2021-04-08T11:34:11","modified_gmt":"2021-04-08T14:34:11","slug":"papa-construir-um-mundo-solidario-e-uma-forma-de-fazer-historia","status":"publish","type":"post","link":"https:\/\/franciscanos.org.br\/noticias\/papa-construir-um-mundo-solidario-e-uma-forma-de-fazer-historia.html","title":{"rendered":"Papa: construir um mundo solid\u00e1rio \u00e9 uma forma de fazer hist\u00f3ria"},"content":{"rendered":"<div id=\"attachment_231501\" style=\"width: 1290px\" class=\"wp-caption alignnone\"><img aria-describedby=\"caption-attachment-231501\" loading=\"lazy\" class=\"wp-image-231501 size-full\" src=\"https:\/\/franciscanos.org.br\/noticias\/wp-content\/uploads\/2021\/04\/papa_08.jpg\" alt=\"\" width=\"1280\" height=\"720\" srcset=\"https:\/\/franciscanos.org.br\/noticias\/wp-content\/uploads\/2021\/04\/papa_08.jpg 1280w, https:\/\/franciscanos.org.br\/noticias\/wp-content\/uploads\/2021\/04\/papa_08-450x253.jpg 450w, https:\/\/franciscanos.org.br\/noticias\/wp-content\/uploads\/2021\/04\/papa_08-1024x576.jpg 1024w, https:\/\/franciscanos.org.br\/noticias\/wp-content\/uploads\/2021\/04\/papa_08-768x432.jpg 768w, https:\/\/franciscanos.org.br\/noticias\/wp-content\/uploads\/2021\/04\/papa_08-150x84.jpg 150w\" sizes=\"(max-width: 1280px) 100vw, 1280px\" \/><p id=\"caption-attachment-231501\" class=\"wp-caption-text\">\u00a0 \u00a0 \u00a0 \u00a0 \u00a0 \u00a0 \u00a0 \u00a0 \u00a0 \u00a0 \u00a0 \u00a0 \u00a0 \u00a0 \u00a0 \u00a0 \u00a0 \u00a0 \u00a0 \u00a0 \u00a0 \u00a0 \u00a0 \u00a0 \u00a0 \u00a0 \u00a0 \u00a0 \u00a0 \u00a0 \u00a0 \u00a0 \u00a0 \u00a0 \u00a0 \u00a0 \u00a0 \u00a0 \u00a0 \u00a0 \u00a0 \u00a0 \u00a0 \u00a0 \u00a0 \u00a0 \u00a0 \u00a0 \u00a0 \u00a0 \u00a0 \u00a0 \u00a0 \u00a0 \u00a0 \u00a0 \u00a0 \u00a0 \u00a0 \u00a0 \u00a0 \u00a0 \u00a0 \u00a0 \u00a0 \u00a0 \u00a0 \u00a0 \u00a0 \u00a0 \u00a0 \u00a0 \u00a0 \u00a0 \u00a0 \u00a0 \u00a0 \u00a0 \u00a0 \u00a0 \u00a0 \u00a0 \u00a0 \u00a0 \u00a0 \u00a0 \u00a0 \u00a0 \u00a0 \u00a0 \u00a0 \u00a0 \u00a0 \u00a0 \u00a0<em>Imagem: Vatican Media<\/em><\/p><\/div>\n<p>&#8220;Um futuro onde as finan\u00e7as estejam ao servi\u00e7o do bem comum, onde os vulner\u00e1veis e marginalizados sejam colocados no centro e onde a terra, nossa casa comum, seja bem cuidada&#8221;: esta \u00e9 a perspectiva que o Papa Francisco espera para toda a fam\u00edlia humana e descreve na mensagem enviada ao Grupo do Banco Mundial e ao Fundo Monet\u00e1rio Internacional por ocasi\u00e3o das Reuni\u00f5es de Primavera de 2021. Para atingir este objetivo, escreve, \u00e9 preciso pensar em formas novas, criativas e inclusivas &#8220;de participa\u00e7\u00e3o social, pol\u00edtica e econ\u00f4mica&#8221;. Come\u00e7ando pela realiza\u00e7\u00e3o, neste tempo de pandemia, de &#8220;uma vacina solid\u00e1ria com financiamento justo, para que a lei do mercado n\u00e3o prevale\u00e7a &#8220;sobre a lei do amor e da sa\u00fade de todos&#8221;.<\/p>\n<p><strong>A retomada n\u00e3o \u00e9 uma volta \u00e0 normalidade<\/strong><br \/>\nO Papa Francisco diz ser grato por poder participar com uma sua mensagem no trabalho em andamento que n\u00e3o pode deixar de levar em conta a s\u00e9rie de &#8220;crises s\u00f3cio-econ\u00f4micas, ecol\u00f3gicas e pol\u00edticas e interligadas&#8221; causadas pela Covid-19, e expressa a esperan\u00e7a de que tal trabalho seja direcionado para &#8220;um modelo de retomada&#8221; capaz de colocar em pr\u00e1tica solu\u00e7\u00f5es mais sustent\u00e1veis para o bem de todos. O Papa escreve:<\/p>\n<p>\u201cA no\u00e7\u00e3o de retomada n\u00e3o pode se contentar com a volta a um modelo desigual e insustent\u00e1vel de vida econ\u00f4mica e social, onde uma pequena minoria da popula\u00e7\u00e3o mundial possui metade de sua riqueza\u201d<\/p>\n<p><strong>Que a &#8220;cultura do encontro&#8221; prevale\u00e7a mesmo nas finan\u00e7as<\/strong><br \/>\nFrancisco recorda aos participantes como hoje muitos homens e mulheres vivem \u00e0 margem da sociedade e s\u00e3o de fato &#8220;exclu\u00eddos do mundo financeiro&#8221; e, portanto, aponta que para que o mundo p\u00f3s-pand\u00eamico seja melhor, &#8220;novas e criativas formas de participa\u00e7\u00e3o social, pol\u00edtica e econ\u00f4mica devem ser concebidas, sens\u00edveis \u00e0 voz dos pobres e comprometidas em inclu\u00ed-los na constru\u00e7\u00e3o de nosso futuro comum&#8221;. (cf. Fratelli tutti, 169). Trata-se de desenvolver, mesmo na esfera econ\u00f4mico-financeira, argumenta o Papa, uma &#8220;cultura de encontro&#8221; onde todos podem ser ouvidos e onde o crescimento da confian\u00e7a e das rela\u00e7\u00f5es permite a prosperidade de todos.<\/p>\n<p>Neste sentido, para o Papa Francisco hoje \u00e9 necess\u00e1rio e urgente superar uma vis\u00e3o individual de recupera\u00e7\u00e3o de cada pa\u00eds, a fim de dar vida a &#8220;um plano que preveja novas institui\u00e7\u00f5es ou a regenera\u00e7\u00e3o das existentes, em particular as de governan\u00e7a global&#8221;, um plano que ajude a construir uma nova rede de rela\u00e7\u00f5es internacionais para o desenvolvimento de todos os povos. Mesmo as na\u00e7\u00f5es mais pobres devem, portanto, ter a participa\u00e7\u00e3o garantida nos processos de tomada de decis\u00e3o e acesso ao mercado, reduzindo significativamente a d\u00edvida internacional que a pandemia tornou ainda mais pesada.<\/p>\n<p>\u201cAliviar o peso da d\u00edvida de tantos pa\u00edses e comunidades hoje \u00e9 um gesto profundamente humano que pode ajudar as pessoas a se desenvolverem, a terem acesso a vacinas, sa\u00fade, educa\u00e7\u00e3o e trabalho\u201d<\/p>\n<p><strong>A d\u00edvida ecol\u00f3gica para com o sul do mundo<\/strong><br \/>\nO Papa convida tamb\u00e9m a n\u00e3o esquecer &#8220;outro tipo de d\u00edvida: a &#8216;d\u00edvida ecol\u00f3gica&#8217; que existe especialmente entre o norte e o sul do mundo&#8221; e devido \u00e0 &#8220;degrada\u00e7\u00e3o ecol\u00f3gica induzida pelo homem e perda de biodiversidade&#8221;. O Papa expressa confian\u00e7a em poss\u00edveis solu\u00e7\u00f5es para pagar tal d\u00edvida e escreve:<\/p>\n<p>Acredito que a ind\u00fastria financeira, que se distingue por sua grande criatividade, ser\u00e1 capaz de desenvolver mecanismos \u00e1geis para calcular esta d\u00edvida ecol\u00f3gica, de modo que os pa\u00edses desenvolvidos possam pag\u00e1-la, n\u00e3o apenas limitando significativamente seu consumo de energia n\u00e3o renov\u00e1vel ou ajudando os pa\u00edses mais pobres a implementar pol\u00edticas e programas de desenvolvimento sustent\u00e1vel, mas tamb\u00e9m cobrindo os custos da inova\u00e7\u00e3o necess\u00e1ria para faz\u00ea-lo. (cf. <em>Laudato si<\/em>&#8216;, 51-52).<\/p>\n<p><strong>A prioridade \u00e9 o bem comum universal<\/strong><br \/>\nEm sua Mensagem, o Papa Francisco chama a aten\u00e7\u00e3o para o que deve ser o objetivo de toda vida econ\u00f4mica e que \u00e9 &#8220;o bem comum universal&#8221;. Se este princ\u00edpio for compartilhado, a consequ\u00eancia para a comunidade internacional \u00e9, escreve, uma solidariedade que vai muito al\u00e9m de &#8220;atos espor\u00e1dicos de generosidade&#8221;.<\/p>\n<p>Significa pensar e agir em termos de comunidade. Isso significa que as vidas de todos s\u00e3o priorizadas sobre a apropria\u00e7\u00e3o de bens por parte de poucos. Significa tamb\u00e9m combater as causas estruturais da pobreza, desigualdade, falta de trabalho, terra e habita\u00e7\u00e3o, nega\u00e7\u00e3o dos direitos sociais e de trabalho&#8230;. A solidariedade, entendida em seu sentido mais profundo, \u00e9 uma forma de fazer hist\u00f3ria. (Fratelli tutti, 116).<\/p>\n<p><strong>Apelo para garantir a vacina anti-Covid para todos<\/strong><br \/>\nOs mercados, especialmente os financeiros, observa novamente o Papa Francisco, n\u00e3o se governam sozinhos, s\u00e3o necess\u00e1rios regulamentos e leis para garantir que as finan\u00e7as &#8220;trabalhem pelos objetivos sociais t\u00e3o necess\u00e1rios durante a atual emerg\u00eancia sanit\u00e1ria global&#8221;, porque, &#8220;n\u00e3o podemos permitir que a lei do mercado prevale\u00e7a sobre a lei do amor e da sa\u00fade de todos&#8221;. O apelo de Francisco aos chefes de governo, empresas e organiza\u00e7\u00f5es internacionais \u00e9, portanto, &#8220;trabalhar em conjunto para fornecer vacinas para todos, especialmente para os mais vulner\u00e1veis e necessitados&#8221;. (cf. Mensagem Urbi et Orbi, Natal 2020).<\/p>\n<p>Os mais vulner\u00e1veis e nossa Casa Comum est\u00e3o no centro<br \/>\nO Papa conclui sua Mensagem desejando que as Reuni\u00f5es de Primavera de 2021 do Banco Mundial e do Fundo Monet\u00e1rio Internacional trabalhem frutuosamente para um futuro &#8220;onde as finan\u00e7as estejam a servi\u00e7o do bem comum, onde os vulner\u00e1veis e os marginalizados sejam colocados no centro, e onde a terra, nossa casa comum, seja bem cuidada&#8221;. E invoca os dons de Deus sobre todos os participantes: &#8220;sabedoria, compreens\u00e3o, bom conselho, for\u00e7a e paz&#8221;.<\/p>\n<hr \/>\n<p><em>Fonte: Vatican News (texto de Adriana Masotti)<\/em><\/p>\n","protected":false},"excerpt":{"rendered":"<p>Mensagem do Papa Francisco<\/p>\n","protected":false},"author":3,"featured_media":231502,"comment_status":"open","ping_status":"open","sticky":false,"template":"","format":"standard","meta":[],"categories":[1428],"tags":[55],"acf":[],"yoast_head":"<!-- This site is optimized with the Yoast SEO plugin v19.2 - https:\/\/yoast.com\/wordpress\/plugins\/seo\/ -->\n<title>Papa: construir um mundo solid\u00e1rio \u00e9 uma forma de fazer hist\u00f3ria - Not\u00edcias - Franciscanos<\/title>\n<meta name=\"robots\" content=\"index, follow, max-snippet:-1, max-image-preview:large, max-video-preview:-1\" \/>\n<link rel=\"canonical\" href=\"https:\/\/franciscanos.org.br\/noticias\/papa-construir-um-mundo-solidario-e-uma-forma-de-fazer-historia.html\" \/>\n<meta property=\"og:locale\" content=\"pt_BR\" \/>\n<meta property=\"og:type\" content=\"article\" \/>\n<meta property=\"og:title\" content=\"Papa: construir um mundo solid\u00e1rio \u00e9 uma forma de fazer hist\u00f3ria - Not\u00edcias - Franciscanos\" \/>\n<meta property=\"og:description\" content=\"Mensagem do Papa Francisco\" \/>\n<meta property=\"og:url\" content=\"https:\/\/franciscanos.org.br\/noticias\/papa-construir-um-mundo-solidario-e-uma-forma-de-fazer-historia.html\" \/>\n<meta property=\"og:site_name\" content=\"Not\u00edcias - Franciscanos\" \/>\n<meta property=\"article:published_time\" content=\"2021-04-08T14:34:11+00:00\" \/>\n<meta property=\"og:image\" content=\"https:\/\/franciscanos.org.br\/noticias\/wp-content\/uploads\/2021\/04\/papa_08d.jpg\" \/>\n\t<meta property=\"og:image:width\" content=\"800\" \/>\n\t<meta property=\"og:image:height\" content=\"550\" \/>\n\t<meta property=\"og:image:type\" content=\"image\/jpeg\" \/>\n<meta name=\"author\" content=\"moacir\" \/>\n<meta name=\"twitter:card\" content=\"summary_large_image\" \/>\n<meta name=\"twitter:label1\" content=\"Escrito por\" \/>\n\t<meta name=\"twitter:data1\" content=\"moacir\" \/>\n\t<meta name=\"twitter:label2\" content=\"Est. tempo de leitura\" \/>\n\t<meta name=\"twitter:data2\" content=\"5 minutos\" \/>\n<script type=\"application\/ld+json\" class=\"yoast-schema-graph\">{\"@context\":\"https:\/\/schema.org\",\"@graph\":[{\"@type\":\"WebSite\",\"@id\":\"https:\/\/franciscanos.org.br\/noticias\/#website\",\"url\":\"https:\/\/franciscanos.org.br\/noticias\/\",\"name\":\"Not\u00edcias - Franciscanos\",\"description\":\"Prov\u00edncia Franciscana da Imaculada Concei\u00e7\u00e3o do Brasil - Ordem dos Frades Menores - OFM\",\"potentialAction\":[{\"@type\":\"SearchAction\",\"target\":{\"@type\":\"EntryPoint\",\"urlTemplate\":\"https:\/\/franciscanos.org.br\/noticias\/?s={search_term_string}\"},\"query-input\":\"required name=search_term_string\"}],\"inLanguage\":\"pt-BR\"},{\"@type\":\"ImageObject\",\"inLanguage\":\"pt-BR\",\"@id\":\"https:\/\/franciscanos.org.br\/noticias\/papa-construir-um-mundo-solidario-e-uma-forma-de-fazer-historia.html#primaryimage\",\"url\":\"https:\/\/franciscanos.org.br\/noticias\/wp-content\/uploads\/2021\/04\/papa_08d.jpg\",\"contentUrl\":\"https:\/\/franciscanos.org.br\/noticias\/wp-content\/uploads\/2021\/04\/papa_08d.jpg\",\"width\":800,\"height\":550},{\"@type\":\"WebPage\",\"@id\":\"https:\/\/franciscanos.org.br\/noticias\/papa-construir-um-mundo-solidario-e-uma-forma-de-fazer-historia.html#webpage\",\"url\":\"https:\/\/franciscanos.org.br\/noticias\/papa-construir-um-mundo-solidario-e-uma-forma-de-fazer-historia.html\",\"name\":\"Papa: construir um mundo solid\u00e1rio \u00e9 uma forma de fazer hist\u00f3ria - Not\u00edcias - Franciscanos\",\"isPartOf\":{\"@id\":\"https:\/\/franciscanos.org.br\/noticias\/#website\"},\"primaryImageOfPage\":{\"@id\":\"https:\/\/franciscanos.org.br\/noticias\/papa-construir-um-mundo-solidario-e-uma-forma-de-fazer-historia.html#primaryimage\"},\"datePublished\":\"2021-04-08T14:34:11+00:00\",\"dateModified\":\"2021-04-08T14:34:11+00:00\",\"author\":{\"@id\":\"https:\/\/franciscanos.org.br\/noticias\/#\/schema\/person\/b5c8cba458c330ccff548b056e95a5d4\"},\"breadcrumb\":{\"@id\":\"https:\/\/franciscanos.org.br\/noticias\/papa-construir-um-mundo-solidario-e-uma-forma-de-fazer-historia.html#breadcrumb\"},\"inLanguage\":\"pt-BR\",\"potentialAction\":[{\"@type\":\"ReadAction\",\"target\":[\"https:\/\/franciscanos.org.br\/noticias\/papa-construir-um-mundo-solidario-e-uma-forma-de-fazer-historia.html\"]}]},{\"@type\":\"BreadcrumbList\",\"@id\":\"https:\/\/franciscanos.org.br\/noticias\/papa-construir-um-mundo-solidario-e-uma-forma-de-fazer-historia.html#breadcrumb\",\"itemListElement\":[{\"@type\":\"ListItem\",\"position\":1,\"name\":\"Home\",\"item\":\"https:\/\/franciscanos.org.br\/noticias\"},{\"@type\":\"ListItem\",\"position\":2,\"name\":\"Papa: construir um mundo solid\u00e1rio \u00e9 uma forma de fazer hist\u00f3ria\"}]},{\"@type\":\"Person\",\"@id\":\"https:\/\/franciscanos.org.br\/noticias\/#\/schema\/person\/b5c8cba458c330ccff548b056e95a5d4\",\"name\":\"moacir\",\"image\":{\"@type\":\"ImageObject\",\"inLanguage\":\"pt-BR\",\"@id\":\"https:\/\/franciscanos.org.br\/noticias\/#\/schema\/person\/image\/\",\"url\":\"https:\/\/secure.gravatar.com\/avatar\/d08aa2ce4c8dd416d4479aa8536fcf64?s=96&d=mm&r=g\",\"contentUrl\":\"https:\/\/secure.gravatar.com\/avatar\/d08aa2ce4c8dd416d4479aa8536fcf64?s=96&d=mm&r=g\",\"caption\":\"moacir\"},\"url\":\"https:\/\/franciscanos.org.br\/noticias\/author\/moacir\"}]}<\/script>\n<!-- \/ Yoast SEO plugin. -->","yoast_head_json":{"title":"Papa: construir um mundo solid\u00e1rio \u00e9 uma forma de fazer hist\u00f3ria - Not\u00edcias - Franciscanos","robots":{"index":"index","follow":"follow","max-snippet":"max-snippet:-1","max-image-preview":"max-image-preview:large","max-video-preview":"max-video-preview:-1"},"canonical":"https:\/\/franciscanos.org.br\/noticias\/papa-construir-um-mundo-solidario-e-uma-forma-de-fazer-historia.html","og_locale":"pt_BR","og_type":"article","og_title":"Papa: construir um mundo solid\u00e1rio \u00e9 uma forma de fazer hist\u00f3ria - Not\u00edcias - Franciscanos","og_description":"Mensagem do Papa Francisco","og_url":"https:\/\/franciscanos.org.br\/noticias\/papa-construir-um-mundo-solidario-e-uma-forma-de-fazer-historia.html","og_site_name":"Not\u00edcias - Franciscanos","article_published_time":"2021-04-08T14:34:11+00:00","og_image":[{"width":800,"height":550,"url":"https:\/\/franciscanos.org.br\/noticias\/wp-content\/uploads\/2021\/04\/papa_08d.jpg","type":"image\/jpeg"}],"author":"moacir","twitter_card":"summary_large_image","twitter_misc":{"Escrito por":"moacir","Est. tempo de leitura":"5 minutos"},"schema":{"@context":"https:\/\/schema.org","@graph":[{"@type":"WebSite","@id":"https:\/\/franciscanos.org.br\/noticias\/#website","url":"https:\/\/franciscanos.org.br\/noticias\/","name":"Not\u00edcias - Franciscanos","description":"Prov\u00edncia Franciscana da Imaculada Concei\u00e7\u00e3o do Brasil - Ordem dos Frades Menores - OFM","potentialAction":[{"@type":"SearchAction","target":{"@type":"EntryPoint","urlTemplate":"https:\/\/franciscanos.org.br\/noticias\/?s={search_term_string}"},"query-input":"required name=search_term_string"}],"inLanguage":"pt-BR"},{"@type":"ImageObject","inLanguage":"pt-BR","@id":"https:\/\/franciscanos.org.br\/noticias\/papa-construir-um-mundo-solidario-e-uma-forma-de-fazer-historia.html#primaryimage","url":"https:\/\/franciscanos.org.br\/noticias\/wp-content\/uploads\/2021\/04\/papa_08d.jpg","contentUrl":"https:\/\/franciscanos.org.br\/noticias\/wp-content\/uploads\/2021\/04\/papa_08d.jpg","width":800,"height":550},{"@type":"WebPage","@id":"https:\/\/franciscanos.org.br\/noticias\/papa-construir-um-mundo-solidario-e-uma-forma-de-fazer-historia.html#webpage","url":"https:\/\/franciscanos.org.br\/noticias\/papa-construir-um-mundo-solidario-e-uma-forma-de-fazer-historia.html","name":"Papa: construir um mundo solid\u00e1rio \u00e9 uma forma de fazer hist\u00f3ria - Not\u00edcias - Franciscanos","isPartOf":{"@id":"https:\/\/franciscanos.org.br\/noticias\/#website"},"primaryImageOfPage":{"@id":"https:\/\/franciscanos.org.br\/noticias\/papa-construir-um-mundo-solidario-e-uma-forma-de-fazer-historia.html#primaryimage"},"datePublished":"2021-04-08T14:34:11+00:00","dateModified":"2021-04-08T14:34:11+00:00","author":{"@id":"https:\/\/franciscanos.org.br\/noticias\/#\/schema\/person\/b5c8cba458c330ccff548b056e95a5d4"},"breadcrumb":{"@id":"https:\/\/franciscanos.org.br\/noticias\/papa-construir-um-mundo-solidario-e-uma-forma-de-fazer-historia.html#breadcrumb"},"inLanguage":"pt-BR","potentialAction":[{"@type":"ReadAction","target":["https:\/\/franciscanos.org.br\/noticias\/papa-construir-um-mundo-solidario-e-uma-forma-de-fazer-historia.html"]}]},{"@type":"BreadcrumbList","@id":"https:\/\/franciscanos.org.br\/noticias\/papa-construir-um-mundo-solidario-e-uma-forma-de-fazer-historia.html#breadcrumb","itemListElement":[{"@type":"ListItem","position":1,"name":"Home","item":"https:\/\/franciscanos.org.br\/noticias"},{"@type":"ListItem","position":2,"name":"Papa: construir um mundo solid\u00e1rio \u00e9 uma forma de fazer hist\u00f3ria"}]},{"@type":"Person","@id":"https:\/\/franciscanos.org.br\/noticias\/#\/schema\/person\/b5c8cba458c330ccff548b056e95a5d4","name":"moacir","image":{"@type":"ImageObject","inLanguage":"pt-BR","@id":"https:\/\/franciscanos.org.br\/noticias\/#\/schema\/person\/image\/","url":"https:\/\/secure.gravatar.com\/avatar\/d08aa2ce4c8dd416d4479aa8536fcf64?s=96&d=mm&r=g","contentUrl":"https:\/\/secure.gravatar.com\/avatar\/d08aa2ce4c8dd416d4479aa8536fcf64?s=96&d=mm&r=g","caption":"moacir"},"url":"https:\/\/franciscanos.org.br\/noticias\/author\/moacir"}]}},"_links":{"self":[{"href":"https:\/\/franciscanos.org.br\/noticias\/wp-json\/wp\/v2\/posts\/231500"}],"collection":[{"href":"https:\/\/franciscanos.org.br\/noticias\/wp-json\/wp\/v2\/posts"}],"about":[{"href":"https:\/\/franciscanos.org.br\/noticias\/wp-json\/wp\/v2\/types\/post"}],"author":[{"embeddable":true,"href":"https:\/\/franciscanos.org.br\/noticias\/wp-json\/wp\/v2\/users\/3"}],"replies":[{"embeddable":true,"href":"https:\/\/franciscanos.org.br\/noticias\/wp-json\/wp\/v2\/comments?post=231500"}],"version-history":[{"count":1,"href":"https:\/\/franciscanos.org.br\/noticias\/wp-json\/wp\/v2\/posts\/231500\/revisions"}],"predecessor-version":[{"id":231503,"href":"https:\/\/franciscanos.org.br\/noticias\/wp-json\/wp\/v2\/posts\/231500\/revisions\/231503"}],"wp:featuredmedia":[{"embeddable":true,"href":"https:\/\/franciscanos.org.br\/noticias\/wp-json\/wp\/v2\/media\/231502"}],"wp:attachment":[{"href":"https:\/\/franciscanos.org.br\/noticias\/wp-json\/wp\/v2\/media?parent=231500"}],"wp:term":[{"taxonomy":"category","embeddable":true,"href":"https:\/\/franciscanos.org.br\/noticias\/wp-json\/wp\/v2\/categories?post=231500"},{"taxonomy":"post_tag","embeddable":true,"href":"https:\/\/franciscanos.org.br\/noticias\/wp-json\/wp\/v2\/tags?post=231500"}],"curies":[{"name":"wp","href":"https:\/\/api.w.org\/{rel}","templated":true}]}}