{"id":231487,"date":"2021-04-08T10:33:11","date_gmt":"2021-04-08T13:33:11","guid":{"rendered":"https:\/\/franciscanos.org.br\/noticias\/?p=231487"},"modified":"2021-04-08T11:19:03","modified_gmt":"2021-04-08T14:19:03","slug":"falece-frei-luiz-flavio-loureiro-aos-72-anos","status":"publish","type":"post","link":"https:\/\/franciscanos.org.br\/noticias\/falece-frei-luiz-flavio-loureiro-aos-72-anos.html","title":{"rendered":"Falece Frei Luiz Fl\u00e1vio Loureiro aos 72 anos"},"content":{"rendered":"<p><img loading=\"lazy\" class=\"alignnone wp-image-231488 size-full\" src=\"https:\/\/franciscanos.org.br\/noticias\/wp-content\/uploads\/2021\/04\/luiz_01.jpg\" alt=\"\" width=\"1280\" height=\"720\" srcset=\"https:\/\/franciscanos.org.br\/noticias\/wp-content\/uploads\/2021\/04\/luiz_01.jpg 1280w, https:\/\/franciscanos.org.br\/noticias\/wp-content\/uploads\/2021\/04\/luiz_01-450x253.jpg 450w, https:\/\/franciscanos.org.br\/noticias\/wp-content\/uploads\/2021\/04\/luiz_01-1024x576.jpg 1024w, https:\/\/franciscanos.org.br\/noticias\/wp-content\/uploads\/2021\/04\/luiz_01-768x432.jpg 768w, https:\/\/franciscanos.org.br\/noticias\/wp-content\/uploads\/2021\/04\/luiz_01-150x84.jpg 150w\" sizes=\"(max-width: 1280px) 100vw, 1280px\" \/><\/p>\n<p>Na manh\u00e3 desta quinta-feira, dia 8\/04\/2021, a Irm\u00e3 Morte nos visitou na pessoa do Frei Luiz Fl\u00e1vio Adami Loureiro, aos 72 anos de idade, em Vila Velha, no Esp\u00edrito Santo.<\/p>\n<p>Frei Luiz foi diagnosticado com a Covid-19 e precisou ser internado no dia 21 de mar\u00e7o. Quando estava na casa da sua m\u00e3e, Frei Luiz sentiu um mal-estar pr\u00f3prio de gripe. Um m\u00e9dico amigo da fam\u00edlia foi v\u00ea-lo e sugeriu que fosse ao hospital. Passou a noite na emerg\u00eancia at\u00e9 que houvesse vaga na enfermaria. Embora tivesse sido diagnosticado com Covid, estava evoluindo bem. A satura\u00e7\u00e3o, contudo, indicou a necessidade de cuidados mais intensos e no dia 25 de mar\u00e7o \u00e0 noite foi intubado.<\/p>\n<p>O boletim do Convento da Penha, onde residia, no dia 5 de abril informava que Frei Luiz continuava intubado e o quadro geral era est\u00e1vel. Na manh\u00e3 desta quinta-feira (8), o seu quadro cl\u00ednico se agravou e Frei Luiz veio a falecer \u00e0s 6 horas.<\/p>\n<p>A Missa de Ex\u00e9quias e do quinto dia do Oitav\u00e1rio da Festa da Penha ser\u00e1 presidida por Dom Dario Campos, Arcebispo de Vit\u00f3ria, \u00e0s 16 horas, no Campinho do Convento, sem a presen\u00e7a do p\u00fablico. Em seguida ser\u00e1 feito o sepultamento.<\/p>\n<p><strong>Dados pessoais, forma\u00e7\u00e3o e atividades<\/strong><\/p>\n<p>17\/02\/1949 \u2013 Nascimento em Vit\u00f3ria, ES (72 anos)<br \/>\n27\/02\/1982 \u2013 Ingresso no Semin\u00e1rio de Guaratinguet\u00e1, SP<br \/>\n20\/01\/1983 \u2013 Ingresso no Noviciado Franciscano em Rodeio, SC<br \/>\n10\/01\/1984 \u2013 Primeira Profiss\u00e3o na Ordem dos Frades Menores (37 anos de Vida Religiosa)<br \/>\n1984-1986 &#8211; Estudos de Filosofia<br \/>\n02\/08\/1988 \u2013 Profiss\u00e3o Solene<br \/>\n1987-1990 &#8211; Estudos de Teologia<br \/>\n05\/05\/1990 &#8211; Ordena\u00e7\u00e3o diaconal<br \/>\n02\/02\/1991 \u2013 Ordena\u00e7\u00e3o Presbiteral (30 anos de Sacerd\u00f3cio)<\/p>\n<p><strong>\u00a0<\/strong><strong>Atividades na Evangeliza\u00e7\u00e3o<\/strong><\/p>\n<p>06\/12\/1990 \u2013 Chopinzinho, PR, vig\u00e1rio paroquial<br \/>\n23\/01 1992 \u2013 Semin\u00e1rio de Agudos, professor e orientador<br \/>\n16\/12\/1993 &#8211; Semin\u00e1rio de Agudos, p\u00e1roco<br \/>\n01\/12\/1997 &#8211; S\u00e3o Louren\u00e7o, MG, guardi\u00e3o, p\u00e1roco<br \/>\n22\/11\/2000 &#8211; Nil\u00f3polis\/NS. Concei\u00e7\u00e3o, RJ, Guardi\u00e3o, p\u00e1roco<br \/>\n07.11.2003 &#8211; Nil\u00f3polis\/NS. Concei\u00e7\u00e3o, RJ, Guardi\u00e3o, p\u00e1roco<br \/>\n20\/12\/2006 &#8211; Sorocaba\/Par\u00f3quia Bom Jesus, SP, vig\u00e1rio paroquial<br \/>\n16\/04\/2007 &#8211; Sorocaba\/Assistente espiritual da OFS\/Par\u00f3quia Bom Jesus, SP<br \/>\n22\/06\/2007 &#8211; Vila Velha\/Convento da Penha, ES,\u00a0 Atendente conventual<br \/>\n31\/07\/2008 &#8211; Colatina, ES, Coordenador da Fraternidade e vig\u00e1rio paroquial<br \/>\n17.12.2009 &#8211; Petr\u00f3polis\/Sagrado, RJ,Vig\u00e1rio Paroquial<br \/>\n25\/03\/2010 &#8211; Petr\u00f3polis\/Sagrado, assistende espiritual da OFS<br \/>\n25\/02\/2016 &#8211; Petr\u00f3polis\/Sagrado, RJ, Vig\u00e1rio da casa<br \/>\n12\/12\/2018 &#8211; S\u00e3o Paulo\/S\u00e3o Francisco, SP, Vig\u00e1rio paroquial<br \/>\n10\/05\/2019 &#8211; S\u00e3o Paulo\/Assistente espiritual da Pequena Fam\u00edlia Franciscana<br \/>\n21\/11\/2019 &#8211; Vila Velha\/Convento da Penha, ES, atendente conventual<\/p>\n<p><img loading=\"lazy\" class=\"alignnone wp-image-231489 size-full\" src=\"https:\/\/franciscanos.org.br\/noticias\/wp-content\/uploads\/2021\/04\/luiz_02.jpg\" alt=\"\" width=\"1280\" height=\"572\" srcset=\"https:\/\/franciscanos.org.br\/noticias\/wp-content\/uploads\/2021\/04\/luiz_02.jpg 1280w, https:\/\/franciscanos.org.br\/noticias\/wp-content\/uploads\/2021\/04\/luiz_02-450x201.jpg 450w, https:\/\/franciscanos.org.br\/noticias\/wp-content\/uploads\/2021\/04\/luiz_02-1024x458.jpg 1024w, https:\/\/franciscanos.org.br\/noticias\/wp-content\/uploads\/2021\/04\/luiz_02-768x343.jpg 768w, https:\/\/franciscanos.org.br\/noticias\/wp-content\/uploads\/2021\/04\/luiz_02-150x67.jpg 150w\" sizes=\"(max-width: 1280px) 100vw, 1280px\" \/><\/p>\n<p><strong>O FRADE<\/strong><\/p>\n<p>Frei Luiz \u00e9 filho do advogado Hon\u00f3rio Nascimento Loureiro e da funcion\u00e1ria p\u00fablica Guidomar Adami Loureiro.<\/p>\n<p>No seu curr\u00edculo, ele conta que fez o discernimento vocacional aos 17 anos, mas segundo seus pais, desde os 3 anos de idade j\u00e1 dizia que iria ser padre. Antes de ingressar no Semin\u00e1rio de Guaratinguet\u00e1, SP, fez o Curso de Ci\u00eancias Cont\u00e1beis na Universidade Federal do Esp\u00edrito Santo. &#8220;Eu deixo tudo por amor a Cristo. Quero ser religioso franciscano, para melhor doar-me de corpo e alma \u00e0 causa do Evangelho de Jesus Cristo&#8221;, disse ao ingressar no Semin\u00e1rio.<\/p>\n<p>Sempre muito atencioso e fraterno, Frei Luiz dizia que tinha uma personalidade mais introvertida. Isso n\u00e3o atrapalhava a conviv\u00eancia fraterna: \u201cA vida fraterna n\u00e3o \u00e9 t\u00e3o dif\u00edcil, pois depende de como encaramos os nossos confrades. Cada um tem o seu tipo e um modo de ser. Eu procuro conhec\u00ea-los para viver bem&#8221;, ensinava. Para seus confrades, era dedicado, atencioso, humano e se relacionava bem com todos.<\/p>\n<p>Gostava de um bom livro, m\u00fasica popular e cl\u00e1ssica, futebol e praia. Tinha especial predile\u00e7\u00e3o pela liturgia e espiritualidade: &#8220;O estudo me faz aproximar mais do Criador&#8221;, dizia.<\/p>\n<p>Disciplinado nos compromissos religiosos da Fraternidade e no trabalho pastoral, mas procurava reservar sempre um tempo para se dedicar \u00e0 ora\u00e7\u00e3o pessoal. &#8220;O trabalho \u00e9 primordial na minha vida, pois s\u00f3 atrav\u00e9s dele posso ganhar o meu sustento, mas a ora\u00e7\u00e3o alimenta minha alma&#8221;.<\/p>\n<p>O lema de sua ordena\u00e7\u00e3o presbiteral foi: &#8220;Como o Pai me enviou, assim tamb\u00e9m eu vos envio&#8221; (Jo 20,21)<\/p>\n<p>Que o Senhor o acolha em sua morada definitiva, para o descanso eterno junto \u00a0\u00c0quele que, em vida, Frei Luiz procurou servir.<\/p>\n","protected":false},"excerpt":{"rendered":"<p>Prov\u00edncia de Luto<\/p>\n","protected":false},"author":3,"featured_media":231490,"comment_status":"open","ping_status":"open","sticky":false,"template":"","format":"standard","meta":[],"categories":[1],"tags":[1160],"acf":[],"yoast_head":"<!-- This site is optimized with the Yoast SEO plugin v19.2 - https:\/\/yoast.com\/wordpress\/plugins\/seo\/ -->\n<title>Falece Frei Luiz Fl\u00e1vio Loureiro aos 72 anos - Not\u00edcias - Franciscanos<\/title>\n<meta name=\"robots\" content=\"index, follow, max-snippet:-1, max-image-preview:large, max-video-preview:-1\" \/>\n<link rel=\"canonical\" href=\"https:\/\/franciscanos.org.br\/noticias\/falece-frei-luiz-flavio-loureiro-aos-72-anos.html\" \/>\n<meta property=\"og:locale\" content=\"pt_BR\" \/>\n<meta property=\"og:type\" content=\"article\" \/>\n<meta property=\"og:title\" content=\"Falece Frei Luiz Fl\u00e1vio Loureiro aos 72 anos - Not\u00edcias - Franciscanos\" \/>\n<meta property=\"og:description\" content=\"Prov\u00edncia de Luto\" \/>\n<meta property=\"og:url\" content=\"https:\/\/franciscanos.org.br\/noticias\/falece-frei-luiz-flavio-loureiro-aos-72-anos.html\" \/>\n<meta property=\"og:site_name\" content=\"Not\u00edcias - Franciscanos\" \/>\n<meta property=\"article:published_time\" content=\"2021-04-08T13:33:11+00:00\" \/>\n<meta property=\"article:modified_time\" content=\"2021-04-08T14:19:03+00:00\" \/>\n<meta property=\"og:image\" content=\"https:\/\/franciscanos.org.br\/noticias\/wp-content\/uploads\/2021\/04\/luiz_01d.jpg\" \/>\n\t<meta property=\"og:image:width\" content=\"800\" \/>\n\t<meta property=\"og:image:height\" content=\"500\" \/>\n\t<meta property=\"og:image:type\" content=\"image\/jpeg\" \/>\n<meta name=\"author\" content=\"moacir\" \/>\n<meta name=\"twitter:card\" content=\"summary_large_image\" \/>\n<meta name=\"twitter:label1\" content=\"Escrito por\" \/>\n\t<meta name=\"twitter:data1\" content=\"moacir\" \/>\n\t<meta name=\"twitter:label2\" content=\"Est. tempo de leitura\" \/>\n\t<meta name=\"twitter:data2\" content=\"4 minutos\" \/>\n<script type=\"application\/ld+json\" class=\"yoast-schema-graph\">{\"@context\":\"https:\/\/schema.org\",\"@graph\":[{\"@type\":\"WebSite\",\"@id\":\"https:\/\/franciscanos.org.br\/noticias\/#website\",\"url\":\"https:\/\/franciscanos.org.br\/noticias\/\",\"name\":\"Not\u00edcias - Franciscanos\",\"description\":\"Prov\u00edncia Franciscana da Imaculada Concei\u00e7\u00e3o do Brasil - Ordem dos Frades Menores - OFM\",\"potentialAction\":[{\"@type\":\"SearchAction\",\"target\":{\"@type\":\"EntryPoint\",\"urlTemplate\":\"https:\/\/franciscanos.org.br\/noticias\/?s={search_term_string}\"},\"query-input\":\"required name=search_term_string\"}],\"inLanguage\":\"pt-BR\"},{\"@type\":\"ImageObject\",\"inLanguage\":\"pt-BR\",\"@id\":\"https:\/\/franciscanos.org.br\/noticias\/falece-frei-luiz-flavio-loureiro-aos-72-anos.html#primaryimage\",\"url\":\"https:\/\/franciscanos.org.br\/noticias\/wp-content\/uploads\/2021\/04\/luiz_01d.jpg\",\"contentUrl\":\"https:\/\/franciscanos.org.br\/noticias\/wp-content\/uploads\/2021\/04\/luiz_01d.jpg\",\"width\":800,\"height\":500},{\"@type\":\"WebPage\",\"@id\":\"https:\/\/franciscanos.org.br\/noticias\/falece-frei-luiz-flavio-loureiro-aos-72-anos.html#webpage\",\"url\":\"https:\/\/franciscanos.org.br\/noticias\/falece-frei-luiz-flavio-loureiro-aos-72-anos.html\",\"name\":\"Falece Frei Luiz Fl\u00e1vio Loureiro aos 72 anos - Not\u00edcias - Franciscanos\",\"isPartOf\":{\"@id\":\"https:\/\/franciscanos.org.br\/noticias\/#website\"},\"primaryImageOfPage\":{\"@id\":\"https:\/\/franciscanos.org.br\/noticias\/falece-frei-luiz-flavio-loureiro-aos-72-anos.html#primaryimage\"},\"datePublished\":\"2021-04-08T13:33:11+00:00\",\"dateModified\":\"2021-04-08T14:19:03+00:00\",\"author\":{\"@id\":\"https:\/\/franciscanos.org.br\/noticias\/#\/schema\/person\/b5c8cba458c330ccff548b056e95a5d4\"},\"breadcrumb\":{\"@id\":\"https:\/\/franciscanos.org.br\/noticias\/falece-frei-luiz-flavio-loureiro-aos-72-anos.html#breadcrumb\"},\"inLanguage\":\"pt-BR\",\"potentialAction\":[{\"@type\":\"ReadAction\",\"target\":[\"https:\/\/franciscanos.org.br\/noticias\/falece-frei-luiz-flavio-loureiro-aos-72-anos.html\"]}]},{\"@type\":\"BreadcrumbList\",\"@id\":\"https:\/\/franciscanos.org.br\/noticias\/falece-frei-luiz-flavio-loureiro-aos-72-anos.html#breadcrumb\",\"itemListElement\":[{\"@type\":\"ListItem\",\"position\":1,\"name\":\"Home\",\"item\":\"https:\/\/franciscanos.org.br\/noticias\"},{\"@type\":\"ListItem\",\"position\":2,\"name\":\"Falece Frei Luiz Fl\u00e1vio Loureiro aos 72 anos\"}]},{\"@type\":\"Person\",\"@id\":\"https:\/\/franciscanos.org.br\/noticias\/#\/schema\/person\/b5c8cba458c330ccff548b056e95a5d4\",\"name\":\"moacir\",\"image\":{\"@type\":\"ImageObject\",\"inLanguage\":\"pt-BR\",\"@id\":\"https:\/\/franciscanos.org.br\/noticias\/#\/schema\/person\/image\/\",\"url\":\"https:\/\/secure.gravatar.com\/avatar\/d08aa2ce4c8dd416d4479aa8536fcf64?s=96&d=mm&r=g\",\"contentUrl\":\"https:\/\/secure.gravatar.com\/avatar\/d08aa2ce4c8dd416d4479aa8536fcf64?s=96&d=mm&r=g\",\"caption\":\"moacir\"},\"url\":\"https:\/\/franciscanos.org.br\/noticias\/author\/moacir\"}]}<\/script>\n<!-- \/ Yoast SEO plugin. -->","yoast_head_json":{"title":"Falece Frei Luiz Fl\u00e1vio Loureiro aos 72 anos - Not\u00edcias - Franciscanos","robots":{"index":"index","follow":"follow","max-snippet":"max-snippet:-1","max-image-preview":"max-image-preview:large","max-video-preview":"max-video-preview:-1"},"canonical":"https:\/\/franciscanos.org.br\/noticias\/falece-frei-luiz-flavio-loureiro-aos-72-anos.html","og_locale":"pt_BR","og_type":"article","og_title":"Falece Frei Luiz Fl\u00e1vio Loureiro aos 72 anos - Not\u00edcias - Franciscanos","og_description":"Prov\u00edncia de Luto","og_url":"https:\/\/franciscanos.org.br\/noticias\/falece-frei-luiz-flavio-loureiro-aos-72-anos.html","og_site_name":"Not\u00edcias - Franciscanos","article_published_time":"2021-04-08T13:33:11+00:00","article_modified_time":"2021-04-08T14:19:03+00:00","og_image":[{"width":800,"height":500,"url":"https:\/\/franciscanos.org.br\/noticias\/wp-content\/uploads\/2021\/04\/luiz_01d.jpg","type":"image\/jpeg"}],"author":"moacir","twitter_card":"summary_large_image","twitter_misc":{"Escrito por":"moacir","Est. tempo de leitura":"4 minutos"},"schema":{"@context":"https:\/\/schema.org","@graph":[{"@type":"WebSite","@id":"https:\/\/franciscanos.org.br\/noticias\/#website","url":"https:\/\/franciscanos.org.br\/noticias\/","name":"Not\u00edcias - Franciscanos","description":"Prov\u00edncia Franciscana da Imaculada Concei\u00e7\u00e3o do Brasil - Ordem dos Frades Menores - OFM","potentialAction":[{"@type":"SearchAction","target":{"@type":"EntryPoint","urlTemplate":"https:\/\/franciscanos.org.br\/noticias\/?s={search_term_string}"},"query-input":"required name=search_term_string"}],"inLanguage":"pt-BR"},{"@type":"ImageObject","inLanguage":"pt-BR","@id":"https:\/\/franciscanos.org.br\/noticias\/falece-frei-luiz-flavio-loureiro-aos-72-anos.html#primaryimage","url":"https:\/\/franciscanos.org.br\/noticias\/wp-content\/uploads\/2021\/04\/luiz_01d.jpg","contentUrl":"https:\/\/franciscanos.org.br\/noticias\/wp-content\/uploads\/2021\/04\/luiz_01d.jpg","width":800,"height":500},{"@type":"WebPage","@id":"https:\/\/franciscanos.org.br\/noticias\/falece-frei-luiz-flavio-loureiro-aos-72-anos.html#webpage","url":"https:\/\/franciscanos.org.br\/noticias\/falece-frei-luiz-flavio-loureiro-aos-72-anos.html","name":"Falece Frei Luiz Fl\u00e1vio Loureiro aos 72 anos - Not\u00edcias - Franciscanos","isPartOf":{"@id":"https:\/\/franciscanos.org.br\/noticias\/#website"},"primaryImageOfPage":{"@id":"https:\/\/franciscanos.org.br\/noticias\/falece-frei-luiz-flavio-loureiro-aos-72-anos.html#primaryimage"},"datePublished":"2021-04-08T13:33:11+00:00","dateModified":"2021-04-08T14:19:03+00:00","author":{"@id":"https:\/\/franciscanos.org.br\/noticias\/#\/schema\/person\/b5c8cba458c330ccff548b056e95a5d4"},"breadcrumb":{"@id":"https:\/\/franciscanos.org.br\/noticias\/falece-frei-luiz-flavio-loureiro-aos-72-anos.html#breadcrumb"},"inLanguage":"pt-BR","potentialAction":[{"@type":"ReadAction","target":["https:\/\/franciscanos.org.br\/noticias\/falece-frei-luiz-flavio-loureiro-aos-72-anos.html"]}]},{"@type":"BreadcrumbList","@id":"https:\/\/franciscanos.org.br\/noticias\/falece-frei-luiz-flavio-loureiro-aos-72-anos.html#breadcrumb","itemListElement":[{"@type":"ListItem","position":1,"name":"Home","item":"https:\/\/franciscanos.org.br\/noticias"},{"@type":"ListItem","position":2,"name":"Falece Frei Luiz Fl\u00e1vio Loureiro aos 72 anos"}]},{"@type":"Person","@id":"https:\/\/franciscanos.org.br\/noticias\/#\/schema\/person\/b5c8cba458c330ccff548b056e95a5d4","name":"moacir","image":{"@type":"ImageObject","inLanguage":"pt-BR","@id":"https:\/\/franciscanos.org.br\/noticias\/#\/schema\/person\/image\/","url":"https:\/\/secure.gravatar.com\/avatar\/d08aa2ce4c8dd416d4479aa8536fcf64?s=96&d=mm&r=g","contentUrl":"https:\/\/secure.gravatar.com\/avatar\/d08aa2ce4c8dd416d4479aa8536fcf64?s=96&d=mm&r=g","caption":"moacir"},"url":"https:\/\/franciscanos.org.br\/noticias\/author\/moacir"}]}},"_links":{"self":[{"href":"https:\/\/franciscanos.org.br\/noticias\/wp-json\/wp\/v2\/posts\/231487"}],"collection":[{"href":"https:\/\/franciscanos.org.br\/noticias\/wp-json\/wp\/v2\/posts"}],"about":[{"href":"https:\/\/franciscanos.org.br\/noticias\/wp-json\/wp\/v2\/types\/post"}],"author":[{"embeddable":true,"href":"https:\/\/franciscanos.org.br\/noticias\/wp-json\/wp\/v2\/users\/3"}],"replies":[{"embeddable":true,"href":"https:\/\/franciscanos.org.br\/noticias\/wp-json\/wp\/v2\/comments?post=231487"}],"version-history":[{"count":8,"href":"https:\/\/franciscanos.org.br\/noticias\/wp-json\/wp\/v2\/posts\/231487\/revisions"}],"predecessor-version":[{"id":231498,"href":"https:\/\/franciscanos.org.br\/noticias\/wp-json\/wp\/v2\/posts\/231487\/revisions\/231498"}],"wp:featuredmedia":[{"embeddable":true,"href":"https:\/\/franciscanos.org.br\/noticias\/wp-json\/wp\/v2\/media\/231490"}],"wp:attachment":[{"href":"https:\/\/franciscanos.org.br\/noticias\/wp-json\/wp\/v2\/media?parent=231487"}],"wp:term":[{"taxonomy":"category","embeddable":true,"href":"https:\/\/franciscanos.org.br\/noticias\/wp-json\/wp\/v2\/categories?post=231487"},{"taxonomy":"post_tag","embeddable":true,"href":"https:\/\/franciscanos.org.br\/noticias\/wp-json\/wp\/v2\/tags?post=231487"}],"curies":[{"name":"wp","href":"https:\/\/api.w.org\/{rel}","templated":true}]}}