{"id":231475,"date":"2021-04-07T18:35:54","date_gmt":"2021-04-07T21:35:54","guid":{"rendered":"https:\/\/franciscanos.org.br\/noticias\/?p=231475"},"modified":"2021-07-05T19:48:46","modified_gmt":"2021-07-05T22:48:46","slug":"pe-mukabi-nossos-coracoes-tem-que-arder-quando-encontramos-jesus","status":"publish","type":"post","link":"https:\/\/franciscanos.org.br\/noticias\/pe-mukabi-nossos-coracoes-tem-que-arder-quando-encontramos-jesus.html","title":{"rendered":"Pe. Mukabi: &#8220;Nossos cora\u00e7\u00f5es t\u00eam que arder quando encontramos Jesus&#8221;"},"content":{"rendered":"<div id=\"attachment_231476\" style=\"width: 1290px\" class=\"wp-caption alignnone\"><img aria-describedby=\"caption-attachment-231476\" loading=\"lazy\" class=\"wp-image-231476 size-full\" src=\"https:\/\/franciscanos.org.br\/noticias\/wp-content\/uploads\/2021\/04\/convento_02.jpg\" alt=\"\" width=\"1280\" height=\"720\" srcset=\"https:\/\/franciscanos.org.br\/noticias\/wp-content\/uploads\/2021\/04\/convento_02.jpg 1280w, https:\/\/franciscanos.org.br\/noticias\/wp-content\/uploads\/2021\/04\/convento_02-450x253.jpg 450w, https:\/\/franciscanos.org.br\/noticias\/wp-content\/uploads\/2021\/04\/convento_02-1024x576.jpg 1024w, https:\/\/franciscanos.org.br\/noticias\/wp-content\/uploads\/2021\/04\/convento_02-768x432.jpg 768w, https:\/\/franciscanos.org.br\/noticias\/wp-content\/uploads\/2021\/04\/convento_02-150x84.jpg 150w\" sizes=\"(max-width: 1280px) 100vw, 1280px\" \/><p id=\"caption-attachment-231476\" class=\"wp-caption-text\"><em>\u00a0 \u00a0 \u00a0 \u00a0 \u00a0 \u00a0 \u00a0 \u00a0 \u00a0 \u00a0 \u00a0 \u00a0 \u00a0 \u00a0 \u00a0 \u00a0 \u00a0 \u00a0 \u00a0 \u00a0 \u00a0 \u00a0 \u00a0 \u00a0 \u00a0 \u00a0 \u00a0 \u00a0 \u00a0 \u00a0 \u00a0 \u00a0 \u00a0 \u00a0 \u00a0 \u00a0 \u00a0 \u00a0 \u00a0 \u00a0 \u00a0 \u00a0 \u00a0 \u00a0 \u00a0 \u00a0 \u00a0 Imagens: captura de tela das transmiss\u00f5es digitais<\/em><\/p><\/div>\n<p><strong>Vila Velha (ES)<\/strong> &#8211; No quarto dia do Oitav\u00e1rio da 451\u00aa Festa da Penha, a \u00c1rea Pastoral Benevente assumiu a liturgia na primeira Missa, \u00e0s 16 horas. Pe. Ermindo Rapozo de Assis\u00a0e Pe. Mukabi Senga Pierre foram os celebrantes, junto com a Fraternidade do Convento, na hist\u00f3rica e encantadora Capela do Convento da Penha.<\/p>\n<p>O tema escolhido para este dia foi o &#8220;Olhar de cuidado e aten\u00e7\u00e3o&#8221; da M\u00e3e de Deus, a Virgem da Penha. &#8220;\u00c9 sempre uma alegria para n\u00f3s subirmos o Morro e encontrarmos a M\u00e3e, Nossa Senhora da Penha&#8221;, disse o pregador Pe. Mukabi.<\/p>\n<p>Segundo o sacerdote, celebramos a alegria de uma M\u00e3e que nos ofereceu o Filho que \u00e9 Deus. &#8220;No dia de hoje, com esse tema de cuidado, n\u00f3s vemos Jesus Ressuscitado caminhando com seus disc\u00edpulos, como nos mostra o Evangelho de Ema\u00fas. Jesus tem o cuidado de orientar o povo, de caminhar com o povo. De n\u00e3o deixar o povo desesperado e desorientado&#8221;, explicou, lembrando que os dois disc\u00edpulos estavam desanimados e voltando para retomar as suas atividades, a sua vida antiga, que tinham largado pelo seguimento de Jesus.<\/p>\n<div id=\"attachment_231478\" style=\"width: 1290px\" class=\"wp-caption alignnone\"><img aria-describedby=\"caption-attachment-231478\" loading=\"lazy\" class=\"wp-image-231478 size-full\" src=\"https:\/\/franciscanos.org.br\/noticias\/wp-content\/uploads\/2021\/04\/convento_04.jpg\" alt=\"\" width=\"1280\" height=\"720\" srcset=\"https:\/\/franciscanos.org.br\/noticias\/wp-content\/uploads\/2021\/04\/convento_04.jpg 1280w, https:\/\/franciscanos.org.br\/noticias\/wp-content\/uploads\/2021\/04\/convento_04-450x253.jpg 450w, https:\/\/franciscanos.org.br\/noticias\/wp-content\/uploads\/2021\/04\/convento_04-1024x576.jpg 1024w, https:\/\/franciscanos.org.br\/noticias\/wp-content\/uploads\/2021\/04\/convento_04-768x432.jpg 768w, https:\/\/franciscanos.org.br\/noticias\/wp-content\/uploads\/2021\/04\/convento_04-150x84.jpg 150w\" sizes=\"(max-width: 1280px) 100vw, 1280px\" \/><p id=\"caption-attachment-231478\" class=\"wp-caption-text\">\u00a0 \u00a0 \u00a0 \u00a0 \u00a0 \u00a0 \u00a0 \u00a0<em> \u00a0 \u00a0 \u00a0 \u00a0O pregador Pe. Mukabi Senga Pierre<\/em><\/p><\/div>\n<p>&#8220;E Jesus quer resgatar esses disc\u00edpulos, quer recoloc\u00e1-los no caminho. A miss\u00e3o n\u00e3o parou com a morte, mas h\u00e1 vida nova em Cristo Jesus&#8221;, destacou.<\/p>\n<p>A Escritura, segundo o pregador, \u00e9 o primeiro passo para se colocar novamente no caminho da f\u00e9. &#8220;Hoje, Jesus fala conosco atrav\u00e9s das escrituras. E n\u00f3s reconhecemos Jesus atrav\u00e9s das Escrituras. Ele continua conosco, ele caminha conosco, ele n\u00e3o nos abandona&#8221;, disse.<\/p>\n<p>Mas segundo o sacerdote, Ele faz com que n\u00f3s possamos agir em nome Dele. E citou a primeira leitura, dos Atos dos Ap\u00f3stolos, quando Pedro \u00e9 abordado por um paral\u00edtico e diz: &#8220;N\u00e3o tenho nem ouro nem prata, mas o que tenho eu te dou: em nome de Jesus Cristo Nazareno, levanta-te e anda!&#8221;.<\/p>\n<p>&#8220;\u00c9 o cuidado de Deus para conosco, atrav\u00e9s da Igreja, atrav\u00e9s de cada um que se faz Igreja. Aqueles ap\u00f3stolos estavam ali em nome de Jesus, no seguimento de Jesus. \u00c9 um ensinamento. Muitas vezes precisamos dar a m\u00e3o para que pessoas ca\u00eddas se levantem. N\u00f3s precisamos ajudar para que as pessoas caminhem por conta pr\u00f3pria. Ter o cuidado com o nosso irm\u00e3o, com a nossa irm\u00e3, para que n\u00e3o viva sempre na depend\u00eancia. \u00c9 a liberta\u00e7\u00e3o da pris\u00e3o, da mis\u00e9ria, que muitas vezes assola todas as nossas popula\u00e7\u00f5es&#8221;, disse.<\/p>\n<p><img loading=\"lazy\" class=\"alignnone wp-image-231479 size-full\" src=\"https:\/\/franciscanos.org.br\/noticias\/wp-content\/uploads\/2021\/04\/penha_06.jpg\" alt=\"\" width=\"1280\" height=\"720\" srcset=\"https:\/\/franciscanos.org.br\/noticias\/wp-content\/uploads\/2021\/04\/penha_06.jpg 1280w, https:\/\/franciscanos.org.br\/noticias\/wp-content\/uploads\/2021\/04\/penha_06-450x253.jpg 450w, https:\/\/franciscanos.org.br\/noticias\/wp-content\/uploads\/2021\/04\/penha_06-1024x576.jpg 1024w, https:\/\/franciscanos.org.br\/noticias\/wp-content\/uploads\/2021\/04\/penha_06-768x432.jpg 768w, https:\/\/franciscanos.org.br\/noticias\/wp-content\/uploads\/2021\/04\/penha_06-150x84.jpg 150w\" sizes=\"(max-width: 1280px) 100vw, 1280px\" \/><\/p>\n<p>&#8220;O que os ap\u00f3stolos fizeram em nome de Jesus \u00e9 o que precisamos fazer. Olhamos as nossas par\u00f3quias, olhamos as nossas comunidades, nossos bairros, quantas pessoas pedem cestas b\u00e1sicas, pedem ajuda nesta pandemia. N\u00f3s precisamos ajudar, mas se conseguirmos encaminhar para um servi\u00e7o, para que a pessoa caminhe por conta pr\u00f3pria, \u00e9 libertador&#8221;, ensinou.<\/p>\n<p>Segundo o pregador a Palavra de Deus sempre \u00e9 base de nossa vida. &#8220;Vamos buscar encontrar Deus na Palavra. E quando encontrar esse Deus atrav\u00e9s das Escrituras, precisamos colocar esse Jesus no nosso dia a dia&#8221;, enfatizou, pedindo que se partilhe, que se comungue, com nossos irm\u00e3os.<\/p>\n<p>A Eucaristia tamb\u00e9m vai resgatar esses disc\u00edpulos que estavam desanimados. Jesus caminhou com os dois disc\u00edpulos de Ema\u00fas at\u00e9 chegar no povoado. J\u00e1 estava tarde. Jesus fez de conta que ia mais adiante, mas os dois disc\u00edpulos ent\u00e3o pediram: &#8220;Fica conosco, \u00e9 tarde. A noite vem caindo&#8221;. E O convidaram para cear juntos. Ent\u00e3o o Senhor, \u201csentado \u00e0 mesa com eles, tomou o p\u00e3o, aben\u00e7oou-o, partiu-o e deu a eles. Ent\u00e3o, eles O reconheceram\u201d. Mas Ele desapareceu. &#8220;Sendo acolhido, Jesus partilha o p\u00e3o, se mostra e se faz reconhecer. Ele se fez conhecer pela Palavra e agora vai se fazer conhecer ao romper o p\u00e3o, que n\u00f3s fazemos em todas as Missas. \u00c9 o pr\u00f3prio Cristo Jesus que, no meio de n\u00f3s, faz a ceia acontecer&#8221;, observou.<\/p>\n<p><img loading=\"lazy\" class=\"alignnone wp-image-231480 size-full\" src=\"https:\/\/franciscanos.org.br\/noticias\/wp-content\/uploads\/2021\/04\/penha_05.jpg\" alt=\"\" width=\"1280\" height=\"720\" srcset=\"https:\/\/franciscanos.org.br\/noticias\/wp-content\/uploads\/2021\/04\/penha_05.jpg 1280w, https:\/\/franciscanos.org.br\/noticias\/wp-content\/uploads\/2021\/04\/penha_05-450x253.jpg 450w, https:\/\/franciscanos.org.br\/noticias\/wp-content\/uploads\/2021\/04\/penha_05-1024x576.jpg 1024w, https:\/\/franciscanos.org.br\/noticias\/wp-content\/uploads\/2021\/04\/penha_05-768x432.jpg 768w, https:\/\/franciscanos.org.br\/noticias\/wp-content\/uploads\/2021\/04\/penha_05-150x84.jpg 150w\" sizes=\"(max-width: 1280px) 100vw, 1280px\" \/><\/p>\n<p>Para o Pe. Mukabi, quando Jesus aparece na nossa vida, quando Jesus vem se mostrar e dar sinais, nada mais pode nos impedir de ir al\u00e9m. &#8220;Seja noite, seja dia, n\u00f3s somos animados a ir adiante. Quando reconheceram Jesus, no mesmo instante voltaram at\u00e9 Jerusal\u00e9m com o cora\u00e7\u00e3o ardendo. Os nossos cora\u00e7\u00f5es t\u00eam que arder quando encontramos Jesus. Seja Jesus na Palavra, seja Jesus na Eucaristia, seja Jesus nos pobres, nos humildes&#8221;, sublinhou.<\/p>\n<p>&#8220;Celebrando essa festividade de Nossa Senhora da Penha, n\u00f3s queremos sempre voltar o nosso olhar para M\u00e3e de Deus e dizer: n\u00f3s temos a M\u00e3e que nos deu um filho e esse filho \u00e9 Deus. E n\u00f3s n\u00e3o ter\u00edamos tanta gra\u00e7a se n\u00e3o fosse por ela. E sabemos, irm\u00e3os e irm\u00e3s, aquele que se curva diante da M\u00e3e de Deus, com tantas dificuldades que seja, sempre \u00e9 atendido. E a M\u00e3e de Deus nunca nos deixa desamparados, porque ela vai pedir ao seu filho que derrame gra\u00e7as e b\u00ean\u00e7\u00e3os nas nossas vidas&#8221;, disse, pedindo prote\u00e7\u00e3o \u00e0 M\u00e3e de Deus: &#8220;Que voc\u00ea irm\u00e3o, irm\u00e3, onde quer que esteja, que o manto da M\u00e3e de Deus te cubra e te proteja!&#8221;, completou.<\/p>\n<p>Frei Pedro Oliveira lembrou que o quinto dia do Oitav\u00e1rio da Festa da Penha, neste 8 de abril, come\u00e7a com a B\u00ean\u00e7\u00e3o do dia pela TV Gazeta. Ao meio-dia, o p\u00fablico ser\u00e1 convidado a uma grande corrente de ora\u00e7\u00e3o atrav\u00e9s do Ter\u00e7o Franciscano, que ser\u00e1 transmitido ao vivo nas redes do Convento da Penha. A primeira Missa do Oitav\u00e1rio, \u00e0s 16 horas, ser\u00e1 presidida por Pe. Jones e Pe. Enivaldo, da \u00c1rea Pastoral Serra-Fund\u00e3o \u00c0s 18 horas, o Programa \u201cSalve M\u00e3e das Alegrias\u201d ter\u00e1 a participa\u00e7\u00e3o cantor Rafael Morais, terminando o dia com a segunda Missa do Oitav\u00e1rio, \u00e0s 20 horas, presidida pelo Pe. Edgar, Reitor do Semin\u00e1rio da Diocese de Colatina.<\/p>\n<hr \/>\n<p><em>Moacir Beggo<\/em><\/p>\n","protected":false},"excerpt":{"rendered":"<p>Quarto dia do Oitav\u00e1rio da Festa da Penha<\/p>\n","protected":false},"author":3,"featured_media":231477,"comment_status":"open","ping_status":"open","sticky":false,"template":"","format":"standard","meta":[],"categories":[1],"tags":[245],"acf":[],"yoast_head":"<!-- This site is optimized with the Yoast SEO plugin v19.2 - https:\/\/yoast.com\/wordpress\/plugins\/seo\/ -->\n<title>Pe. Mukabi: &quot;Nossos cora\u00e7\u00f5es t\u00eam que arder quando encontramos Jesus&quot; - Not\u00edcias - Franciscanos<\/title>\n<meta name=\"robots\" content=\"index, follow, max-snippet:-1, max-image-preview:large, max-video-preview:-1\" \/>\n<link rel=\"canonical\" href=\"https:\/\/franciscanos.org.br\/noticias\/pe-mukabi-nossos-coracoes-tem-que-arder-quando-encontramos-jesus.html\" \/>\n<meta property=\"og:locale\" content=\"pt_BR\" \/>\n<meta property=\"og:type\" content=\"article\" \/>\n<meta property=\"og:title\" content=\"Pe. Mukabi: &quot;Nossos cora\u00e7\u00f5es t\u00eam que arder quando encontramos Jesus&quot; - Not\u00edcias - Franciscanos\" \/>\n<meta property=\"og:description\" content=\"Quarto dia do Oitav\u00e1rio da Festa da Penha\" \/>\n<meta property=\"og:url\" content=\"https:\/\/franciscanos.org.br\/noticias\/pe-mukabi-nossos-coracoes-tem-que-arder-quando-encontramos-jesus.html\" \/>\n<meta property=\"og:site_name\" content=\"Not\u00edcias - Franciscanos\" \/>\n<meta property=\"article:published_time\" content=\"2021-04-07T21:35:54+00:00\" \/>\n<meta property=\"article:modified_time\" content=\"2021-07-05T22:48:46+00:00\" \/>\n<meta property=\"og:image\" content=\"https:\/\/franciscanos.org.br\/noticias\/wp-content\/uploads\/2021\/04\/convento_01d.jpg\" \/>\n\t<meta property=\"og:image:width\" content=\"800\" \/>\n\t<meta property=\"og:image:height\" content=\"550\" \/>\n\t<meta property=\"og:image:type\" content=\"image\/jpeg\" \/>\n<meta name=\"author\" content=\"moacir\" \/>\n<meta name=\"twitter:card\" content=\"summary_large_image\" \/>\n<meta name=\"twitter:label1\" content=\"Escrito por\" \/>\n\t<meta name=\"twitter:data1\" content=\"moacir\" \/>\n\t<meta name=\"twitter:label2\" content=\"Est. tempo de leitura\" \/>\n\t<meta name=\"twitter:data2\" content=\"5 minutos\" \/>\n<script type=\"application\/ld+json\" class=\"yoast-schema-graph\">{\"@context\":\"https:\/\/schema.org\",\"@graph\":[{\"@type\":\"WebSite\",\"@id\":\"https:\/\/franciscanos.org.br\/noticias\/#website\",\"url\":\"https:\/\/franciscanos.org.br\/noticias\/\",\"name\":\"Not\u00edcias - Franciscanos\",\"description\":\"Prov\u00edncia Franciscana da Imaculada Concei\u00e7\u00e3o do Brasil - Ordem dos Frades Menores - OFM\",\"potentialAction\":[{\"@type\":\"SearchAction\",\"target\":{\"@type\":\"EntryPoint\",\"urlTemplate\":\"https:\/\/franciscanos.org.br\/noticias\/?s={search_term_string}\"},\"query-input\":\"required name=search_term_string\"}],\"inLanguage\":\"pt-BR\"},{\"@type\":\"ImageObject\",\"inLanguage\":\"pt-BR\",\"@id\":\"https:\/\/franciscanos.org.br\/noticias\/pe-mukabi-nossos-coracoes-tem-que-arder-quando-encontramos-jesus.html#primaryimage\",\"url\":\"https:\/\/franciscanos.org.br\/noticias\/wp-content\/uploads\/2021\/04\/convento_01d.jpg\",\"contentUrl\":\"https:\/\/franciscanos.org.br\/noticias\/wp-content\/uploads\/2021\/04\/convento_01d.jpg\",\"width\":800,\"height\":550},{\"@type\":\"WebPage\",\"@id\":\"https:\/\/franciscanos.org.br\/noticias\/pe-mukabi-nossos-coracoes-tem-que-arder-quando-encontramos-jesus.html#webpage\",\"url\":\"https:\/\/franciscanos.org.br\/noticias\/pe-mukabi-nossos-coracoes-tem-que-arder-quando-encontramos-jesus.html\",\"name\":\"Pe. Mukabi: \\\"Nossos cora\u00e7\u00f5es t\u00eam que arder quando encontramos Jesus\\\" - Not\u00edcias - Franciscanos\",\"isPartOf\":{\"@id\":\"https:\/\/franciscanos.org.br\/noticias\/#website\"},\"primaryImageOfPage\":{\"@id\":\"https:\/\/franciscanos.org.br\/noticias\/pe-mukabi-nossos-coracoes-tem-que-arder-quando-encontramos-jesus.html#primaryimage\"},\"datePublished\":\"2021-04-07T21:35:54+00:00\",\"dateModified\":\"2021-07-05T22:48:46+00:00\",\"author\":{\"@id\":\"https:\/\/franciscanos.org.br\/noticias\/#\/schema\/person\/b5c8cba458c330ccff548b056e95a5d4\"},\"breadcrumb\":{\"@id\":\"https:\/\/franciscanos.org.br\/noticias\/pe-mukabi-nossos-coracoes-tem-que-arder-quando-encontramos-jesus.html#breadcrumb\"},\"inLanguage\":\"pt-BR\",\"potentialAction\":[{\"@type\":\"ReadAction\",\"target\":[\"https:\/\/franciscanos.org.br\/noticias\/pe-mukabi-nossos-coracoes-tem-que-arder-quando-encontramos-jesus.html\"]}]},{\"@type\":\"BreadcrumbList\",\"@id\":\"https:\/\/franciscanos.org.br\/noticias\/pe-mukabi-nossos-coracoes-tem-que-arder-quando-encontramos-jesus.html#breadcrumb\",\"itemListElement\":[{\"@type\":\"ListItem\",\"position\":1,\"name\":\"Home\",\"item\":\"https:\/\/franciscanos.org.br\/noticias\"},{\"@type\":\"ListItem\",\"position\":2,\"name\":\"Pe. Mukabi: &#8220;Nossos cora\u00e7\u00f5es t\u00eam que arder quando encontramos Jesus&#8221;\"}]},{\"@type\":\"Person\",\"@id\":\"https:\/\/franciscanos.org.br\/noticias\/#\/schema\/person\/b5c8cba458c330ccff548b056e95a5d4\",\"name\":\"moacir\",\"image\":{\"@type\":\"ImageObject\",\"inLanguage\":\"pt-BR\",\"@id\":\"https:\/\/franciscanos.org.br\/noticias\/#\/schema\/person\/image\/\",\"url\":\"https:\/\/secure.gravatar.com\/avatar\/d08aa2ce4c8dd416d4479aa8536fcf64?s=96&d=mm&r=g\",\"contentUrl\":\"https:\/\/secure.gravatar.com\/avatar\/d08aa2ce4c8dd416d4479aa8536fcf64?s=96&d=mm&r=g\",\"caption\":\"moacir\"},\"url\":\"https:\/\/franciscanos.org.br\/noticias\/author\/moacir\"}]}<\/script>\n<!-- \/ Yoast SEO plugin. -->","yoast_head_json":{"title":"Pe. Mukabi: \"Nossos cora\u00e7\u00f5es t\u00eam que arder quando encontramos Jesus\" - Not\u00edcias - Franciscanos","robots":{"index":"index","follow":"follow","max-snippet":"max-snippet:-1","max-image-preview":"max-image-preview:large","max-video-preview":"max-video-preview:-1"},"canonical":"https:\/\/franciscanos.org.br\/noticias\/pe-mukabi-nossos-coracoes-tem-que-arder-quando-encontramos-jesus.html","og_locale":"pt_BR","og_type":"article","og_title":"Pe. Mukabi: \"Nossos cora\u00e7\u00f5es t\u00eam que arder quando encontramos Jesus\" - Not\u00edcias - Franciscanos","og_description":"Quarto dia do Oitav\u00e1rio da Festa da Penha","og_url":"https:\/\/franciscanos.org.br\/noticias\/pe-mukabi-nossos-coracoes-tem-que-arder-quando-encontramos-jesus.html","og_site_name":"Not\u00edcias - Franciscanos","article_published_time":"2021-04-07T21:35:54+00:00","article_modified_time":"2021-07-05T22:48:46+00:00","og_image":[{"width":800,"height":550,"url":"https:\/\/franciscanos.org.br\/noticias\/wp-content\/uploads\/2021\/04\/convento_01d.jpg","type":"image\/jpeg"}],"author":"moacir","twitter_card":"summary_large_image","twitter_misc":{"Escrito por":"moacir","Est. tempo de leitura":"5 minutos"},"schema":{"@context":"https:\/\/schema.org","@graph":[{"@type":"WebSite","@id":"https:\/\/franciscanos.org.br\/noticias\/#website","url":"https:\/\/franciscanos.org.br\/noticias\/","name":"Not\u00edcias - Franciscanos","description":"Prov\u00edncia Franciscana da Imaculada Concei\u00e7\u00e3o do Brasil - Ordem dos Frades Menores - OFM","potentialAction":[{"@type":"SearchAction","target":{"@type":"EntryPoint","urlTemplate":"https:\/\/franciscanos.org.br\/noticias\/?s={search_term_string}"},"query-input":"required name=search_term_string"}],"inLanguage":"pt-BR"},{"@type":"ImageObject","inLanguage":"pt-BR","@id":"https:\/\/franciscanos.org.br\/noticias\/pe-mukabi-nossos-coracoes-tem-que-arder-quando-encontramos-jesus.html#primaryimage","url":"https:\/\/franciscanos.org.br\/noticias\/wp-content\/uploads\/2021\/04\/convento_01d.jpg","contentUrl":"https:\/\/franciscanos.org.br\/noticias\/wp-content\/uploads\/2021\/04\/convento_01d.jpg","width":800,"height":550},{"@type":"WebPage","@id":"https:\/\/franciscanos.org.br\/noticias\/pe-mukabi-nossos-coracoes-tem-que-arder-quando-encontramos-jesus.html#webpage","url":"https:\/\/franciscanos.org.br\/noticias\/pe-mukabi-nossos-coracoes-tem-que-arder-quando-encontramos-jesus.html","name":"Pe. Mukabi: \"Nossos cora\u00e7\u00f5es t\u00eam que arder quando encontramos Jesus\" - Not\u00edcias - Franciscanos","isPartOf":{"@id":"https:\/\/franciscanos.org.br\/noticias\/#website"},"primaryImageOfPage":{"@id":"https:\/\/franciscanos.org.br\/noticias\/pe-mukabi-nossos-coracoes-tem-que-arder-quando-encontramos-jesus.html#primaryimage"},"datePublished":"2021-04-07T21:35:54+00:00","dateModified":"2021-07-05T22:48:46+00:00","author":{"@id":"https:\/\/franciscanos.org.br\/noticias\/#\/schema\/person\/b5c8cba458c330ccff548b056e95a5d4"},"breadcrumb":{"@id":"https:\/\/franciscanos.org.br\/noticias\/pe-mukabi-nossos-coracoes-tem-que-arder-quando-encontramos-jesus.html#breadcrumb"},"inLanguage":"pt-BR","potentialAction":[{"@type":"ReadAction","target":["https:\/\/franciscanos.org.br\/noticias\/pe-mukabi-nossos-coracoes-tem-que-arder-quando-encontramos-jesus.html"]}]},{"@type":"BreadcrumbList","@id":"https:\/\/franciscanos.org.br\/noticias\/pe-mukabi-nossos-coracoes-tem-que-arder-quando-encontramos-jesus.html#breadcrumb","itemListElement":[{"@type":"ListItem","position":1,"name":"Home","item":"https:\/\/franciscanos.org.br\/noticias"},{"@type":"ListItem","position":2,"name":"Pe. Mukabi: &#8220;Nossos cora\u00e7\u00f5es t\u00eam que arder quando encontramos Jesus&#8221;"}]},{"@type":"Person","@id":"https:\/\/franciscanos.org.br\/noticias\/#\/schema\/person\/b5c8cba458c330ccff548b056e95a5d4","name":"moacir","image":{"@type":"ImageObject","inLanguage":"pt-BR","@id":"https:\/\/franciscanos.org.br\/noticias\/#\/schema\/person\/image\/","url":"https:\/\/secure.gravatar.com\/avatar\/d08aa2ce4c8dd416d4479aa8536fcf64?s=96&d=mm&r=g","contentUrl":"https:\/\/secure.gravatar.com\/avatar\/d08aa2ce4c8dd416d4479aa8536fcf64?s=96&d=mm&r=g","caption":"moacir"},"url":"https:\/\/franciscanos.org.br\/noticias\/author\/moacir"}]}},"_links":{"self":[{"href":"https:\/\/franciscanos.org.br\/noticias\/wp-json\/wp\/v2\/posts\/231475"}],"collection":[{"href":"https:\/\/franciscanos.org.br\/noticias\/wp-json\/wp\/v2\/posts"}],"about":[{"href":"https:\/\/franciscanos.org.br\/noticias\/wp-json\/wp\/v2\/types\/post"}],"author":[{"embeddable":true,"href":"https:\/\/franciscanos.org.br\/noticias\/wp-json\/wp\/v2\/users\/3"}],"replies":[{"embeddable":true,"href":"https:\/\/franciscanos.org.br\/noticias\/wp-json\/wp\/v2\/comments?post=231475"}],"version-history":[{"count":2,"href":"https:\/\/franciscanos.org.br\/noticias\/wp-json\/wp\/v2\/posts\/231475\/revisions"}],"predecessor-version":[{"id":231482,"href":"https:\/\/franciscanos.org.br\/noticias\/wp-json\/wp\/v2\/posts\/231475\/revisions\/231482"}],"wp:featuredmedia":[{"embeddable":true,"href":"https:\/\/franciscanos.org.br\/noticias\/wp-json\/wp\/v2\/media\/231477"}],"wp:attachment":[{"href":"https:\/\/franciscanos.org.br\/noticias\/wp-json\/wp\/v2\/media?parent=231475"}],"wp:term":[{"taxonomy":"category","embeddable":true,"href":"https:\/\/franciscanos.org.br\/noticias\/wp-json\/wp\/v2\/categories?post=231475"},{"taxonomy":"post_tag","embeddable":true,"href":"https:\/\/franciscanos.org.br\/noticias\/wp-json\/wp\/v2\/tags?post=231475"}],"curies":[{"name":"wp","href":"https:\/\/api.w.org\/{rel}","templated":true}]}}