{"id":231457,"date":"2021-04-07T06:31:45","date_gmt":"2021-04-07T09:31:45","guid":{"rendered":"https:\/\/franciscanos.org.br\/noticias\/?p=231457"},"modified":"2021-04-07T06:31:45","modified_gmt":"2021-04-07T09:31:45","slug":"papa-os-santos-nos-lembram-que-a-santidade-pode-florescer-em-nossas-vidas","status":"publish","type":"post","link":"https:\/\/franciscanos.org.br\/noticias\/papa-os-santos-nos-lembram-que-a-santidade-pode-florescer-em-nossas-vidas.html","title":{"rendered":"Papa: os santos nos lembram que a santidade pode florescer em nossas vidas"},"content":{"rendered":"<div id=\"attachment_231458\" style=\"width: 1290px\" class=\"wp-caption alignnone\"><img aria-describedby=\"caption-attachment-231458\" loading=\"lazy\" class=\"wp-image-231458 size-full\" src=\"https:\/\/franciscanos.org.br\/noticias\/wp-content\/uploads\/2021\/04\/audiencia_07.jpg\" alt=\"\" width=\"1280\" height=\"720\" srcset=\"https:\/\/franciscanos.org.br\/noticias\/wp-content\/uploads\/2021\/04\/audiencia_07.jpg 1280w, https:\/\/franciscanos.org.br\/noticias\/wp-content\/uploads\/2021\/04\/audiencia_07-450x253.jpg 450w, https:\/\/franciscanos.org.br\/noticias\/wp-content\/uploads\/2021\/04\/audiencia_07-1024x576.jpg 1024w, https:\/\/franciscanos.org.br\/noticias\/wp-content\/uploads\/2021\/04\/audiencia_07-768x432.jpg 768w, https:\/\/franciscanos.org.br\/noticias\/wp-content\/uploads\/2021\/04\/audiencia_07-150x84.jpg 150w\" sizes=\"(max-width: 1280px) 100vw, 1280px\" \/><p id=\"caption-attachment-231458\" class=\"wp-caption-text\">\u00a0 \u00a0 \u00a0 \u00a0 \u00a0 \u00a0 \u00a0 \u00a0 \u00a0 \u00a0 \u00a0 \u00a0 \u00a0 \u00a0 \u00a0 \u00a0 \u00a0 \u00a0 \u00a0 \u00a0 \u00a0 \u00a0 \u00a0 \u00a0 \u00a0 \u00a0 \u00a0 \u00a0 \u00a0 \u00a0 \u00a0 \u00a0 \u00a0 \u00a0 \u00a0 \u00a0 \u00a0 \u00a0 \u00a0 \u00a0 \u00a0 \u00a0 \u00a0 \u00a0 \u00a0 \u00a0 \u00a0 \u00a0 \u00a0 \u00a0 \u00a0 \u00a0 \u00a0 \u00a0 \u00a0 \u00a0 \u00a0 \u00a0 \u00a0 \u00a0 \u00a0<em> \u00a0 \u00a0 Imagem: Vatican Media<\/em><\/p><\/div>\n<p>&#8220;Rezar em comunh\u00e3o com os santos&#8221; foi o tema da catequese do Papa Francisco na Audi\u00eancia Geral, desta quarta-feira (07\/04), realizada na Biblioteca do Pal\u00e1cio Apost\u00f3lico.<\/p>\n<p>&#8220;Quando rezamos, nunca o fazemos sozinhos: mesmo que n\u00e3o pensemos nisso, estamos imersos num rio majestoso de invoca\u00e7\u00f5es que nos precede e continua depois de n\u00f3s. Nas ora\u00e7\u00f5es que encontramos na B\u00edblia, e que muitas vezes ressoam na liturgia, h\u00e1 um vest\u00edgio de hist\u00f3rias antigas, de liberta\u00e7\u00f5es prodigiosas, de deporta\u00e7\u00f5es e de tristes ex\u00edlios, de retornos comoventes, de louvores que fluem diante das maravilhas da cria\u00e7\u00e3o. Estas vozes s\u00e3o transmitidas de gera\u00e7\u00e3o em gera\u00e7\u00e3o, num entrela\u00e7amento cont\u00ednuo entre a experi\u00eancia pessoal e a do povo e da humanidade a que pertencemos&#8221;, frisou o Pont\u00edfice.<\/p>\n<p>As ora\u00e7\u00f5es, as boas, se difundem, como todos os bons, se propagam continuamente, com ou sem mensagens nas &#8220;redes sociais&#8221;: das enfermarias dos hospitais, dos momentos de encontro festivo, assim como daqueles em que se sofre em sil\u00eancio. A dor de cada pessoa \u00e9 a dor de todos, e a felicidade de um \u00e9 transferida para a alma de outros. A dor e a felicidade! Uma hist\u00f3ria que se torna hist\u00f3ria na pr\u00f3pria vida, se revive a hist\u00f3ria com as pr\u00f3prias palavras, mas a experi\u00eancia \u00e9 a mesma.<\/p>\n<p>&#8220;As ora\u00e7\u00f5es renascem sempre: cada vez que juntamos as m\u00e3os e abrimos o cora\u00e7\u00e3o a Deus, nos encontramos na companhia de santos an\u00f4nimos e santos reconhecidos que rezam conosco, e que intercedem por n\u00f3s, como irm\u00e3os e irm\u00e3s mais velhos que passaram por nossa mesma aventura humana&#8221;, disse ainda o Papa.<\/p>\n<p>&#8220;Na Igreja n\u00e3o h\u00e1 luto que permane\u00e7a solit\u00e1rio, n\u00e3o h\u00e1 l\u00e1grimas que sejam derramadas no esquecimento, porque tudo respira e participa de uma gra\u00e7a comum. N\u00e3o \u00e9 por acaso que nas igrejas antigas as sepulturas eram no jardim ao redor do edif\u00edcio sagrado, como se dissesse que em cada Eucaristia a multid\u00e3o dos que nos precederam participa de alguma forma. H\u00e1 os nossos pais e os nossos av\u00f3s, h\u00e1 os padrinhos e madrinhas, h\u00e1 os catequistas e outros educadores. Aquela f\u00e9 transmitida que n\u00f3s recebemos e que com a f\u00e9 foi transmitida a maneira de rezar, a ora\u00e7\u00e3o&#8221;, frisou o Pont\u00edfice, acrescentando:<\/p>\n<p>Os santos ainda est\u00e3o aqui, n\u00e3o muito longe de n\u00f3s; e suas representa\u00e7\u00f5es nas igrejas evocam aquela &#8220;nuvem de testemunhas&#8221; que sempre nos circunda. S\u00e3o testemunhas que n\u00e3o adoramos &#8211; claro, n\u00e3o adoramos estes santos, mas que veneramos e que de mil maneiras diferentes nos remetem a Jesus Cristo, o \u00fanico Senhor e Mediador entre Deus e o homem. Um santo, entre v\u00edrgulas, digamos assim, que n\u00e3o nos remete a Jesus Cristo, n\u00e3o \u00e9 um santo e nem mesmo crist\u00e3o. O santo recorda Jesus Cristo, pois ele percorreu o caminho de viver como crist\u00e3o. Os santos nos lembram que mesmo em nossas vidas, embora fr\u00e1geis e marcadas pelo pecado, a santidade pode florescer. De fato, at\u00e9 no \u00faltimo momento.<\/p>\n<p>Segundo Francisco, &#8220;n\u00e3o \u00e9 por acaso que lemos nos Evangelhos que o primeiro santo canonizado foi um ladr\u00e3o e n\u00e3o canonizado por um Papa, mas por Jesus. A santidade \u00e9 um percurso de vida, de encontro com Jesus, seja longo ou breve, seja em um instante. Mas \u00e9 sempre um testemunho, um santo \u00e9 uma testemunha, de um homem, de uma mulher que encontrou Jesus e que seguiu Jesus. Em Cristo existe uma misteriosa solidariedade entre aqueles que passaram para a outra vida e n\u00f3s, peregrinos nesta: nossos queridos defuntos, do c\u00e9u, continuam cuidando de n\u00f3s. Eles rezam por n\u00f3s e n\u00f3s rezamos com eles. E nos rezamos por eles, e rezamos com eles&#8221;.<\/p>\n<p>Para o Papa, &#8220;este v\u00ednculo de ora\u00e7\u00e3o entre n\u00f3s e os santos, j\u00e1 o experimentamos aqui, na vida terrena: rezamos uns pelos outros, pedimos e oferecemos ora\u00e7\u00f5es. A primeira maneira de rezar por algu\u00e9m \u00e9 falar com Deus sobre ele ou ela. Se fizermos isso frequentemente, todos os dias, nosso cora\u00e7\u00e3o n\u00e3o se fecha, permanece aberto aos nossos irm\u00e3os e irm\u00e3s. Rezar pelos outros \u00e9 a primeira maneira de am\u00e1-los, e isso nos impulsiona \u00e1 proximidade concreta&#8221;.<\/p>\n<p>Mesmo em momentos de conflito, uma maneira de dissolver o conflito, de ameniz\u00e1-lo, \u00e9 rezar pela pessoa com quem estou em conflito. E algo muda com a ora\u00e7\u00e3o. A primeira coisa que muda \u00e9 o meu cora\u00e7\u00e3o; \u00e9 a minha atitude. O Senhor o muda para tornar poss\u00edvel um encontro, um novo encontro e evitar que o conflito se torne uma guerra sem fim.<\/p>\n<p>&#8220;A primeira maneira de enfrentar um momento de ang\u00fastia \u00e9 pedir aos nossos irm\u00e3os e aos santos sobretudo, que rezem por n\u00f3s. O nome que nos \u00e9 dado no Batismo n\u00e3o \u00e9 uma etiqueta ou uma decora\u00e7\u00e3o! Geralmente \u00e9 o nome da Virgem, uma santa ou um santo, que est\u00e1 esperando para &#8220;nos dar uma m\u00e3o&#8221; na vida para obter de Deus as gra\u00e7as de que mais precisamos&#8221;, concluiu o Papa, recordando que n\u00f3s &#8220;sabemos que aqui na terra existem pessoas santas, homens e mulheres santos que vivem na santidade. Eles n\u00e3o sabem, n\u00f3s tamb\u00e9m n\u00e3o sabemos, mas existem os santos, os santos de todos os dias, os santos escondidos ou, como eu gosto de dizer, os &#8220;santos da porta ao lado&#8221;, aqueles que convivem conosco na vida, que trabalham conosco e levam uma vida de santidade&#8221;.<\/p>\n<hr \/>\n<p><em>Fonte: Vatican News<\/em><\/p>\n","protected":false},"excerpt":{"rendered":"<p>Audi\u00eancia Geral<\/p>\n","protected":false},"author":3,"featured_media":231459,"comment_status":"open","ping_status":"open","sticky":false,"template":"","format":"standard","meta":[],"categories":[1428],"tags":[487],"acf":[],"yoast_head":"<!-- This site is optimized with the Yoast SEO plugin v19.2 - https:\/\/yoast.com\/wordpress\/plugins\/seo\/ -->\n<title>Papa: os santos nos lembram que a santidade pode florescer em nossas vidas - Not\u00edcias - Franciscanos<\/title>\n<meta name=\"robots\" content=\"index, follow, max-snippet:-1, max-image-preview:large, max-video-preview:-1\" \/>\n<link rel=\"canonical\" href=\"https:\/\/franciscanos.org.br\/noticias\/papa-os-santos-nos-lembram-que-a-santidade-pode-florescer-em-nossas-vidas.html\" \/>\n<meta property=\"og:locale\" content=\"pt_BR\" \/>\n<meta property=\"og:type\" content=\"article\" \/>\n<meta property=\"og:title\" content=\"Papa: os santos nos lembram que a santidade pode florescer em nossas vidas - Not\u00edcias - Franciscanos\" \/>\n<meta property=\"og:description\" content=\"Audi\u00eancia Geral\" \/>\n<meta property=\"og:url\" content=\"https:\/\/franciscanos.org.br\/noticias\/papa-os-santos-nos-lembram-que-a-santidade-pode-florescer-em-nossas-vidas.html\" \/>\n<meta property=\"og:site_name\" content=\"Not\u00edcias - Franciscanos\" \/>\n<meta property=\"article:published_time\" content=\"2021-04-07T09:31:45+00:00\" \/>\n<meta property=\"og:image\" content=\"https:\/\/franciscanos.org.br\/noticias\/wp-content\/uploads\/2021\/04\/audiencia_07d.jpg\" \/>\n\t<meta property=\"og:image:width\" content=\"800\" \/>\n\t<meta property=\"og:image:height\" content=\"550\" \/>\n\t<meta property=\"og:image:type\" content=\"image\/jpeg\" \/>\n<meta name=\"author\" content=\"moacir\" \/>\n<meta name=\"twitter:card\" content=\"summary_large_image\" \/>\n<meta name=\"twitter:label1\" content=\"Escrito por\" \/>\n\t<meta name=\"twitter:data1\" content=\"moacir\" \/>\n\t<meta name=\"twitter:label2\" content=\"Est. tempo de leitura\" \/>\n\t<meta name=\"twitter:data2\" content=\"5 minutos\" \/>\n<script type=\"application\/ld+json\" class=\"yoast-schema-graph\">{\"@context\":\"https:\/\/schema.org\",\"@graph\":[{\"@type\":\"WebSite\",\"@id\":\"https:\/\/franciscanos.org.br\/noticias\/#website\",\"url\":\"https:\/\/franciscanos.org.br\/noticias\/\",\"name\":\"Not\u00edcias - Franciscanos\",\"description\":\"Prov\u00edncia Franciscana da Imaculada Concei\u00e7\u00e3o do Brasil - Ordem dos Frades Menores - OFM\",\"potentialAction\":[{\"@type\":\"SearchAction\",\"target\":{\"@type\":\"EntryPoint\",\"urlTemplate\":\"https:\/\/franciscanos.org.br\/noticias\/?s={search_term_string}\"},\"query-input\":\"required name=search_term_string\"}],\"inLanguage\":\"pt-BR\"},{\"@type\":\"ImageObject\",\"inLanguage\":\"pt-BR\",\"@id\":\"https:\/\/franciscanos.org.br\/noticias\/papa-os-santos-nos-lembram-que-a-santidade-pode-florescer-em-nossas-vidas.html#primaryimage\",\"url\":\"https:\/\/franciscanos.org.br\/noticias\/wp-content\/uploads\/2021\/04\/audiencia_07d.jpg\",\"contentUrl\":\"https:\/\/franciscanos.org.br\/noticias\/wp-content\/uploads\/2021\/04\/audiencia_07d.jpg\",\"width\":800,\"height\":550},{\"@type\":\"WebPage\",\"@id\":\"https:\/\/franciscanos.org.br\/noticias\/papa-os-santos-nos-lembram-que-a-santidade-pode-florescer-em-nossas-vidas.html#webpage\",\"url\":\"https:\/\/franciscanos.org.br\/noticias\/papa-os-santos-nos-lembram-que-a-santidade-pode-florescer-em-nossas-vidas.html\",\"name\":\"Papa: os santos nos lembram que a santidade pode florescer em nossas vidas - Not\u00edcias - Franciscanos\",\"isPartOf\":{\"@id\":\"https:\/\/franciscanos.org.br\/noticias\/#website\"},\"primaryImageOfPage\":{\"@id\":\"https:\/\/franciscanos.org.br\/noticias\/papa-os-santos-nos-lembram-que-a-santidade-pode-florescer-em-nossas-vidas.html#primaryimage\"},\"datePublished\":\"2021-04-07T09:31:45+00:00\",\"dateModified\":\"2021-04-07T09:31:45+00:00\",\"author\":{\"@id\":\"https:\/\/franciscanos.org.br\/noticias\/#\/schema\/person\/b5c8cba458c330ccff548b056e95a5d4\"},\"breadcrumb\":{\"@id\":\"https:\/\/franciscanos.org.br\/noticias\/papa-os-santos-nos-lembram-que-a-santidade-pode-florescer-em-nossas-vidas.html#breadcrumb\"},\"inLanguage\":\"pt-BR\",\"potentialAction\":[{\"@type\":\"ReadAction\",\"target\":[\"https:\/\/franciscanos.org.br\/noticias\/papa-os-santos-nos-lembram-que-a-santidade-pode-florescer-em-nossas-vidas.html\"]}]},{\"@type\":\"BreadcrumbList\",\"@id\":\"https:\/\/franciscanos.org.br\/noticias\/papa-os-santos-nos-lembram-que-a-santidade-pode-florescer-em-nossas-vidas.html#breadcrumb\",\"itemListElement\":[{\"@type\":\"ListItem\",\"position\":1,\"name\":\"Home\",\"item\":\"https:\/\/franciscanos.org.br\/noticias\"},{\"@type\":\"ListItem\",\"position\":2,\"name\":\"Papa: os santos nos lembram que a santidade pode florescer em nossas vidas\"}]},{\"@type\":\"Person\",\"@id\":\"https:\/\/franciscanos.org.br\/noticias\/#\/schema\/person\/b5c8cba458c330ccff548b056e95a5d4\",\"name\":\"moacir\",\"image\":{\"@type\":\"ImageObject\",\"inLanguage\":\"pt-BR\",\"@id\":\"https:\/\/franciscanos.org.br\/noticias\/#\/schema\/person\/image\/\",\"url\":\"https:\/\/secure.gravatar.com\/avatar\/d08aa2ce4c8dd416d4479aa8536fcf64?s=96&d=mm&r=g\",\"contentUrl\":\"https:\/\/secure.gravatar.com\/avatar\/d08aa2ce4c8dd416d4479aa8536fcf64?s=96&d=mm&r=g\",\"caption\":\"moacir\"},\"url\":\"https:\/\/franciscanos.org.br\/noticias\/author\/moacir\"}]}<\/script>\n<!-- \/ Yoast SEO plugin. -->","yoast_head_json":{"title":"Papa: os santos nos lembram que a santidade pode florescer em nossas vidas - Not\u00edcias - Franciscanos","robots":{"index":"index","follow":"follow","max-snippet":"max-snippet:-1","max-image-preview":"max-image-preview:large","max-video-preview":"max-video-preview:-1"},"canonical":"https:\/\/franciscanos.org.br\/noticias\/papa-os-santos-nos-lembram-que-a-santidade-pode-florescer-em-nossas-vidas.html","og_locale":"pt_BR","og_type":"article","og_title":"Papa: os santos nos lembram que a santidade pode florescer em nossas vidas - Not\u00edcias - Franciscanos","og_description":"Audi\u00eancia Geral","og_url":"https:\/\/franciscanos.org.br\/noticias\/papa-os-santos-nos-lembram-que-a-santidade-pode-florescer-em-nossas-vidas.html","og_site_name":"Not\u00edcias - Franciscanos","article_published_time":"2021-04-07T09:31:45+00:00","og_image":[{"width":800,"height":550,"url":"https:\/\/franciscanos.org.br\/noticias\/wp-content\/uploads\/2021\/04\/audiencia_07d.jpg","type":"image\/jpeg"}],"author":"moacir","twitter_card":"summary_large_image","twitter_misc":{"Escrito por":"moacir","Est. tempo de leitura":"5 minutos"},"schema":{"@context":"https:\/\/schema.org","@graph":[{"@type":"WebSite","@id":"https:\/\/franciscanos.org.br\/noticias\/#website","url":"https:\/\/franciscanos.org.br\/noticias\/","name":"Not\u00edcias - Franciscanos","description":"Prov\u00edncia Franciscana da Imaculada Concei\u00e7\u00e3o do Brasil - Ordem dos Frades Menores - OFM","potentialAction":[{"@type":"SearchAction","target":{"@type":"EntryPoint","urlTemplate":"https:\/\/franciscanos.org.br\/noticias\/?s={search_term_string}"},"query-input":"required name=search_term_string"}],"inLanguage":"pt-BR"},{"@type":"ImageObject","inLanguage":"pt-BR","@id":"https:\/\/franciscanos.org.br\/noticias\/papa-os-santos-nos-lembram-que-a-santidade-pode-florescer-em-nossas-vidas.html#primaryimage","url":"https:\/\/franciscanos.org.br\/noticias\/wp-content\/uploads\/2021\/04\/audiencia_07d.jpg","contentUrl":"https:\/\/franciscanos.org.br\/noticias\/wp-content\/uploads\/2021\/04\/audiencia_07d.jpg","width":800,"height":550},{"@type":"WebPage","@id":"https:\/\/franciscanos.org.br\/noticias\/papa-os-santos-nos-lembram-que-a-santidade-pode-florescer-em-nossas-vidas.html#webpage","url":"https:\/\/franciscanos.org.br\/noticias\/papa-os-santos-nos-lembram-que-a-santidade-pode-florescer-em-nossas-vidas.html","name":"Papa: os santos nos lembram que a santidade pode florescer em nossas vidas - Not\u00edcias - Franciscanos","isPartOf":{"@id":"https:\/\/franciscanos.org.br\/noticias\/#website"},"primaryImageOfPage":{"@id":"https:\/\/franciscanos.org.br\/noticias\/papa-os-santos-nos-lembram-que-a-santidade-pode-florescer-em-nossas-vidas.html#primaryimage"},"datePublished":"2021-04-07T09:31:45+00:00","dateModified":"2021-04-07T09:31:45+00:00","author":{"@id":"https:\/\/franciscanos.org.br\/noticias\/#\/schema\/person\/b5c8cba458c330ccff548b056e95a5d4"},"breadcrumb":{"@id":"https:\/\/franciscanos.org.br\/noticias\/papa-os-santos-nos-lembram-que-a-santidade-pode-florescer-em-nossas-vidas.html#breadcrumb"},"inLanguage":"pt-BR","potentialAction":[{"@type":"ReadAction","target":["https:\/\/franciscanos.org.br\/noticias\/papa-os-santos-nos-lembram-que-a-santidade-pode-florescer-em-nossas-vidas.html"]}]},{"@type":"BreadcrumbList","@id":"https:\/\/franciscanos.org.br\/noticias\/papa-os-santos-nos-lembram-que-a-santidade-pode-florescer-em-nossas-vidas.html#breadcrumb","itemListElement":[{"@type":"ListItem","position":1,"name":"Home","item":"https:\/\/franciscanos.org.br\/noticias"},{"@type":"ListItem","position":2,"name":"Papa: os santos nos lembram que a santidade pode florescer em nossas vidas"}]},{"@type":"Person","@id":"https:\/\/franciscanos.org.br\/noticias\/#\/schema\/person\/b5c8cba458c330ccff548b056e95a5d4","name":"moacir","image":{"@type":"ImageObject","inLanguage":"pt-BR","@id":"https:\/\/franciscanos.org.br\/noticias\/#\/schema\/person\/image\/","url":"https:\/\/secure.gravatar.com\/avatar\/d08aa2ce4c8dd416d4479aa8536fcf64?s=96&d=mm&r=g","contentUrl":"https:\/\/secure.gravatar.com\/avatar\/d08aa2ce4c8dd416d4479aa8536fcf64?s=96&d=mm&r=g","caption":"moacir"},"url":"https:\/\/franciscanos.org.br\/noticias\/author\/moacir"}]}},"_links":{"self":[{"href":"https:\/\/franciscanos.org.br\/noticias\/wp-json\/wp\/v2\/posts\/231457"}],"collection":[{"href":"https:\/\/franciscanos.org.br\/noticias\/wp-json\/wp\/v2\/posts"}],"about":[{"href":"https:\/\/franciscanos.org.br\/noticias\/wp-json\/wp\/v2\/types\/post"}],"author":[{"embeddable":true,"href":"https:\/\/franciscanos.org.br\/noticias\/wp-json\/wp\/v2\/users\/3"}],"replies":[{"embeddable":true,"href":"https:\/\/franciscanos.org.br\/noticias\/wp-json\/wp\/v2\/comments?post=231457"}],"version-history":[{"count":1,"href":"https:\/\/franciscanos.org.br\/noticias\/wp-json\/wp\/v2\/posts\/231457\/revisions"}],"predecessor-version":[{"id":231460,"href":"https:\/\/franciscanos.org.br\/noticias\/wp-json\/wp\/v2\/posts\/231457\/revisions\/231460"}],"wp:featuredmedia":[{"embeddable":true,"href":"https:\/\/franciscanos.org.br\/noticias\/wp-json\/wp\/v2\/media\/231459"}],"wp:attachment":[{"href":"https:\/\/franciscanos.org.br\/noticias\/wp-json\/wp\/v2\/media?parent=231457"}],"wp:term":[{"taxonomy":"category","embeddable":true,"href":"https:\/\/franciscanos.org.br\/noticias\/wp-json\/wp\/v2\/categories?post=231457"},{"taxonomy":"post_tag","embeddable":true,"href":"https:\/\/franciscanos.org.br\/noticias\/wp-json\/wp\/v2\/tags?post=231457"}],"curies":[{"name":"wp","href":"https:\/\/api.w.org\/{rel}","templated":true}]}}