{"id":231448,"date":"2021-04-06T18:56:42","date_gmt":"2021-04-06T21:56:42","guid":{"rendered":"https:\/\/franciscanos.org.br\/noticias\/?p=231448"},"modified":"2021-04-06T19:01:34","modified_gmt":"2021-04-06T22:01:34","slug":"pe-hadeleon-maria-sabe-a-dor-que-esta-no-nosso-coracao","status":"publish","type":"post","link":"https:\/\/franciscanos.org.br\/noticias\/pe-hadeleon-maria-sabe-a-dor-que-esta-no-nosso-coracao.html","title":{"rendered":"Pe. Hadeleon: &#8220;Maria sabe a dor que est\u00e1 no nosso cora\u00e7\u00e3o&#8221;"},"content":{"rendered":"<div id=\"attachment_231449\" style=\"width: 1290px\" class=\"wp-caption alignnone\"><img aria-describedby=\"caption-attachment-231449\" loading=\"lazy\" class=\"wp-image-231449 size-full\" src=\"https:\/\/franciscanos.org.br\/noticias\/wp-content\/uploads\/2021\/04\/oitavio_04.jpg\" alt=\"\" width=\"1280\" height=\"720\" srcset=\"https:\/\/franciscanos.org.br\/noticias\/wp-content\/uploads\/2021\/04\/oitavio_04.jpg 1280w, https:\/\/franciscanos.org.br\/noticias\/wp-content\/uploads\/2021\/04\/oitavio_04-450x253.jpg 450w, https:\/\/franciscanos.org.br\/noticias\/wp-content\/uploads\/2021\/04\/oitavio_04-1024x576.jpg 1024w, https:\/\/franciscanos.org.br\/noticias\/wp-content\/uploads\/2021\/04\/oitavio_04-768x432.jpg 768w, https:\/\/franciscanos.org.br\/noticias\/wp-content\/uploads\/2021\/04\/oitavio_04-150x84.jpg 150w\" sizes=\"(max-width: 1280px) 100vw, 1280px\" \/><p id=\"caption-attachment-231449\" class=\"wp-caption-text\">\u00a0 \u00a0 \u00a0 \u00a0 \u00a0 \u00a0 \u00a0 \u00a0 \u00a0 \u00a0 \u00a0 \u00a0 \u00a0 \u00a0 \u00a0 \u00a0 \u00a0 \u00a0 \u00a0 \u00a0 \u00a0 \u00a0 \u00a0 \u00a0 \u00a0 \u00a0 \u00a0 \u00a0 \u00a0 \u00a0 \u00a0 \u00a0 \u00a0 \u00a0 \u00a0 \u00a0 \u00a0 <em>\u00a0 \u00a0 \u00a0 Imagens: captura de tela das transmiss\u00f5es do Convento da Penha<\/em><\/p><\/div>\n<p><strong>Vila Velha (ES)<\/strong> &#8211; &#8220;Ser\u00e1 que voc\u00ea \u00e9 algu\u00e9m que tem deixado o Ressuscitado transformar o seu modo de olhar? Ser\u00e1 que o seu olhar \u00e9 um olhar compassivo?&#8221;. Esses questionamentos fizeram parte da reflex\u00e3o da Santa Missa no terceiro dia do Oitav\u00e1rio da Festa da Penha, \u00e0s 16 horas, que teve como tema o &#8220;Olhar Compassivo&#8221; da M\u00e3e de Deus e Virgem da Penha. Pe. Ronaldo Rosa de Oliveira presidiu a Celebra\u00e7\u00e3o Eucar\u00edstica e Pe. Hadeleon Santana foi o pregador e concelebrante, junto com a Fraternidade do Convento da Penha.<\/p>\n<p>Pe. Hadeleon dirigiu-se ao povo pelas m\u00eddias sociais lembrando que a casa de cada um, nesta Eucaristia, \u00e9 um pedacinho deste Santu\u00e1rio, deste lugar aben\u00e7oado, a Casa da Nossa M\u00e3e, a Senhora da Penha. &#8220;Sim, porque quando n\u00f3s celebramos a Eucaristia, a gra\u00e7a de Deus nos re\u00fane e d\u00e1 pelo seu esp\u00edrito a comunh\u00e3o. Sinta-se agraciado nesta hora porque voc\u00ea tamb\u00e9m est\u00e1 aqui conosco, n\u00e3o fisicamente mas espiritualmente. Comungamos do mesmo amor, comungamos da mesma f\u00e9 e, junto de Nossa Senhora, Nossa M\u00e3e Querida, sob o seu olhar, n\u00f3s queremos nesta tarde ganharmos de Jesus a gra\u00e7a que ele nos traz por meio da Eucaristia, por meio deste sacrif\u00edcio que agora estamos celebrando&#8221;, animou.<\/p>\n<p>Referindo-se ao tema do dia, disse: &#8220;Certamente, \u00e9 de Maria que Jesus aprendeu como homem a ganhar esse olhar compassivo&#8221;, observou. O pregador falou da for\u00e7a do olhar compassivo, lembrando que a transforma\u00e7\u00e3o na vida de Maria Madalena come\u00e7ou com esse olhar. &#8220;Lembra quem era Maria Madalena? Uma mulher que aos olhos dos homens de sua \u00e9poca j\u00e1 deveria estar morta. Mas n\u00e3o. Quem \u00e9 Maria Madalena agora? Maria Madalena agora ela \u00e9 ap\u00f3stola. Ela \u00e9 mensageira. Ela anuncia a boa not\u00edcia. E o que aconteceu? Tudo come\u00e7ou com um olhar. Os homens olhavam para conden\u00e1-la. O olhar de Jesus era cheio de compaix\u00e3o&#8221;, recordou.<\/p>\n<div id=\"attachment_231451\" style=\"width: 1930px\" class=\"wp-caption alignnone\"><img aria-describedby=\"caption-attachment-231451\" loading=\"lazy\" class=\"wp-image-231451 size-full\" src=\"https:\/\/franciscanos.org.br\/noticias\/wp-content\/uploads\/2021\/04\/oitavario_05.jpg\" alt=\"\" width=\"1920\" height=\"1080\" srcset=\"https:\/\/franciscanos.org.br\/noticias\/wp-content\/uploads\/2021\/04\/oitavario_05.jpg 1920w, https:\/\/franciscanos.org.br\/noticias\/wp-content\/uploads\/2021\/04\/oitavario_05-450x253.jpg 450w, https:\/\/franciscanos.org.br\/noticias\/wp-content\/uploads\/2021\/04\/oitavario_05-1024x576.jpg 1024w, https:\/\/franciscanos.org.br\/noticias\/wp-content\/uploads\/2021\/04\/oitavario_05-768x432.jpg 768w, https:\/\/franciscanos.org.br\/noticias\/wp-content\/uploads\/2021\/04\/oitavario_05-1536x864.jpg 1536w, https:\/\/franciscanos.org.br\/noticias\/wp-content\/uploads\/2021\/04\/oitavario_05-150x84.jpg 150w\" sizes=\"(max-width: 1920px) 100vw, 1920px\" \/><p id=\"caption-attachment-231451\" class=\"wp-caption-text\"><em>Pe. Hadeleon Santana foi o pregador do terceiro dia da Festa da Penha<\/em><\/p><\/div>\n<p>Segundo o pregador, quando este olhar vem sobre n\u00f3s, a nossa vida \u00e9 transformada. &#8220;N\u00f3s n\u00e3o mudamos de vida por for\u00e7a da lei, n\u00e3o mudamos de vida por for\u00e7a de ideias. N\u00f3s s\u00f3 conseguimos mudar de vida quando sabemos que tem algu\u00e9m por n\u00f3s. Agora, sabe a boa not\u00edcia desta tarde? N\u00f3s temos algu\u00e9m por n\u00f3s. Por isso estamos aqui junto de Nossa Senhora. Ela nos assegura o olhar dela sobre n\u00f3s. D\u00e1 para n\u00f3s essa certeza: Voc\u00ea n\u00e3o est\u00e1 sozinho&#8221;, disse.<\/p>\n<p>A exemplo de Maria Madalena, que \u00e9 vista ali no t\u00famulo vazio, chorando a morte do seu Senhor, Pe. Hadeleon trouxe a reflex\u00e3o para os nossos dias. &#8220;Talvez essa seja seja a experi\u00eancia do seu cora\u00e7\u00e3o. Talvez no seu cora\u00e7\u00e3o, a sua alma est\u00e1 em l\u00e1grimas, em prantos por causa da morte, porque tiraram da sua casa, tiraram do seu conv\u00edvio algu\u00e9m que \u00e9 importante para voc\u00ea. Mas aten\u00e7\u00e3o: O amor de Deus n\u00e3o nos deixa entregues \u00e0s l\u00e1grimas&#8221;, confortou.<\/p>\n<p>E Nossa Senhora tamb\u00e9m tem um olhar compassivo para todos: n\u00e3o julga, n\u00e3o condena, ela \u00e9 M\u00e3e, ela sabe o que acontece com cada um. &#8220;Ela sabe o que cada um de n\u00f3s estamos enfrentando, mesmo diante da insensibilidade de tantas pessoas, \u00e0s vezes at\u00e9 daqueles que comungam conosco, que est\u00e3o do nosso lado, dizendo: &#8216;\u00c9 besteira, n\u00e3o precisa de nada disso&#8221;. Nossa Senhora n\u00e3o nos condena. Ela sabe a dor que est\u00e1 no nosso cora\u00e7\u00e3o&#8221;, ensinou.<\/p>\n<p><img loading=\"lazy\" class=\"alignnone wp-image-231450 size-full\" src=\"https:\/\/franciscanos.org.br\/noticias\/wp-content\/uploads\/2021\/04\/oitavio_03.jpg\" alt=\"\" width=\"1280\" height=\"720\" srcset=\"https:\/\/franciscanos.org.br\/noticias\/wp-content\/uploads\/2021\/04\/oitavio_03.jpg 1280w, https:\/\/franciscanos.org.br\/noticias\/wp-content\/uploads\/2021\/04\/oitavio_03-450x253.jpg 450w, https:\/\/franciscanos.org.br\/noticias\/wp-content\/uploads\/2021\/04\/oitavio_03-1024x576.jpg 1024w, https:\/\/franciscanos.org.br\/noticias\/wp-content\/uploads\/2021\/04\/oitavio_03-768x432.jpg 768w, https:\/\/franciscanos.org.br\/noticias\/wp-content\/uploads\/2021\/04\/oitavio_03-150x84.jpg 150w\" sizes=\"(max-width: 1280px) 100vw, 1280px\" \/><\/p>\n<p>Para o sacerdote, quando Nossa Senhora derrama sobre n\u00f3s o seu olhar compassivo, ela nos leva imediatamente a Jesus. &#8220;E \u00e9 Dele que temos necessidade. Talvez na hist\u00f3ria da humanidade nunca se fez t\u00e3o necess\u00e1rio o olhar de Deus sobre n\u00f3s, como nesse tempo da hist\u00f3ria, onde tudo est\u00e1 t\u00e3o inseguro, onde tudo est\u00e1 t\u00e3o incerto&#8221;, constatou.<\/p>\n<p>&#8220;Mas aten\u00e7\u00e3o: nem est\u00e1 tudo perdido. Deus conhece voc\u00ea, ele sabe o seu nome, sabe a sua hist\u00f3ria, sabe o que est\u00e1 passando e, ao pronunciar o seu nome, ele est\u00e1 te chamando para vida. Quando Maria Madalena ouve o seu nome, ela reconhece que n\u00e3o est\u00e1 mais sozinha, que o amor est\u00e1 ali. Esta \u00e9 a certeza do amor: quem ama ainda que veja a morte, o vazio, n\u00e3o est\u00e1 sozinho. Porque o amor n\u00e3o decepciona&#8221;, enfatizou.<\/p>\n<p>Para o pregador, nesse tempo de pandemia, a face das pessoas est\u00e1 escondida por m\u00e1scaras e s\u00f3 o olhar fica \u00e0 mostra. &#8220;Eu pergunto a voc\u00ea, meu irm\u00e3o e minha irm\u00e3: como tem sido o seu olhar? Ser\u00e1 que o seu olhar \u00e9 um olhar compassivo? Ser\u00e1 que voc\u00ea \u00e9 algu\u00e9m que tem deixado o Ressuscitado transformar o seu modo de olhar? N\u00e3o \u00e9 porque somos de Deus que somos poupados das doen\u00e7as, da morte, do sofrimento. Maria Madalena n\u00e3o est\u00e1 isenta disso. Ela viu o t\u00famulo, ela viu a cruz, mas ela perseverou ali. O amor faz perseverar. N\u00e3o desiste, n\u00e3o se desespera. E na perseveran\u00e7a do olhar, agora ela diz: &#8216;Eu vi o Senhor!&#8217; S\u00f3 depende da abertura do nosso cora\u00e7\u00e3o&#8221;, explicou.<\/p>\n<p><img loading=\"lazy\" class=\"alignnone wp-image-231452 size-full\" src=\"https:\/\/franciscanos.org.br\/noticias\/wp-content\/uploads\/2021\/04\/oitavio_05.jpg\" alt=\"\" width=\"1280\" height=\"720\" srcset=\"https:\/\/franciscanos.org.br\/noticias\/wp-content\/uploads\/2021\/04\/oitavio_05.jpg 1280w, https:\/\/franciscanos.org.br\/noticias\/wp-content\/uploads\/2021\/04\/oitavio_05-450x253.jpg 450w, https:\/\/franciscanos.org.br\/noticias\/wp-content\/uploads\/2021\/04\/oitavio_05-1024x576.jpg 1024w, https:\/\/franciscanos.org.br\/noticias\/wp-content\/uploads\/2021\/04\/oitavio_05-768x432.jpg 768w, https:\/\/franciscanos.org.br\/noticias\/wp-content\/uploads\/2021\/04\/oitavio_05-150x84.jpg 150w\" sizes=\"(max-width: 1280px) 100vw, 1280px\" \/><\/p>\n<p>&#8220;O Senhor hoje, atrav\u00e9s dessa M\u00e3e querida, quer tamb\u00e9m transformar o nosso modo de olhar. E nesse tempo da pandemia, onde estamos impedidos de tocar, de abra\u00e7ar, n\u00e3o estamos impedidos de olhar. Que o nosso olhar seja como o olhar de Nossa Senhora, como o olhar de Jesus, um olhar compassivo&#8221;, pediu. Segundo ele, s\u00f3 o olhar compassivo pode nos imunizar do indiferentismo que deixa o outro para escanteio. &#8220;Pe\u00e7amos esse milagre a Nossa Senhora: M\u00e3e, sob o seu olhar compassivo, ajudai-me tamb\u00e9m a olhar para os meus irm\u00e3os. S\u00ea este olhar compassivo para os meus irm\u00e3os!&#8221;.<\/p>\n<p>Frei Pedro Oliveira lembrou que o quarto dia do Oitav\u00e1rio da Festa da Penha, neste 7 de abril, come\u00e7a com a B\u00ean\u00e7\u00e3o do dia pela TV Gazeta. Ao meio-dia, o p\u00fablico ser\u00e1 convidado a uma grande corrente de ora\u00e7\u00e3o atrav\u00e9s do Ter\u00e7o Franciscano, que ser\u00e1 transmitido ao vivo nas redes do Convento da Penha. A primeira Missa do Oitav\u00e1rio, \u00e0s 16 horas, ser\u00e1 presidida por Pe. Hermindo e Pe. Pierre, da \u00e1rea pastoral Benevente. \u00c0s 18 horas, o Programa \u201cSalve M\u00e3e das Alegrias\u201d ter\u00e1 a participa\u00e7\u00e3o do cantor Diego Lyra, terminando o dia com a segunda Missa do Oitav\u00e1rio, \u00e0s 20 horas, presidida por Dom D\u00e9cio Sossai Zandonade, bispo em\u00e9rito da diocese de Colatina.<\/p>\n<hr \/>\n<p><em>Moacir Beggo<\/em><\/p>\n","protected":false},"excerpt":{"rendered":"<p>Terceiro dia do Oitav\u00e1rio da Festa da Penha<\/p>\n","protected":false},"author":3,"featured_media":231453,"comment_status":"open","ping_status":"open","sticky":false,"template":"","format":"standard","meta":[],"categories":[1],"tags":[245],"acf":[],"yoast_head":"<!-- This site is optimized with the Yoast SEO plugin v19.2 - https:\/\/yoast.com\/wordpress\/plugins\/seo\/ -->\n<title>Pe. Hadeleon: &quot;Maria sabe a dor que est\u00e1 no nosso cora\u00e7\u00e3o&quot; - Not\u00edcias - Franciscanos<\/title>\n<meta name=\"robots\" content=\"index, follow, max-snippet:-1, max-image-preview:large, max-video-preview:-1\" \/>\n<link rel=\"canonical\" href=\"https:\/\/franciscanos.org.br\/noticias\/pe-hadeleon-maria-sabe-a-dor-que-esta-no-nosso-coracao.html\" \/>\n<meta property=\"og:locale\" content=\"pt_BR\" \/>\n<meta property=\"og:type\" content=\"article\" \/>\n<meta property=\"og:title\" content=\"Pe. Hadeleon: &quot;Maria sabe a dor que est\u00e1 no nosso cora\u00e7\u00e3o&quot; - Not\u00edcias - Franciscanos\" \/>\n<meta property=\"og:description\" content=\"Terceiro dia do Oitav\u00e1rio da Festa da Penha\" \/>\n<meta property=\"og:url\" content=\"https:\/\/franciscanos.org.br\/noticias\/pe-hadeleon-maria-sabe-a-dor-que-esta-no-nosso-coracao.html\" \/>\n<meta property=\"og:site_name\" content=\"Not\u00edcias - Franciscanos\" \/>\n<meta property=\"article:published_time\" content=\"2021-04-06T21:56:42+00:00\" \/>\n<meta property=\"article:modified_time\" content=\"2021-04-06T22:01:34+00:00\" \/>\n<meta property=\"og:image\" content=\"https:\/\/franciscanos.org.br\/noticias\/wp-content\/uploads\/2021\/04\/oitavio_04d.jpg\" \/>\n\t<meta property=\"og:image:width\" content=\"800\" \/>\n\t<meta property=\"og:image:height\" content=\"550\" \/>\n\t<meta property=\"og:image:type\" content=\"image\/jpeg\" \/>\n<meta name=\"author\" content=\"moacir\" \/>\n<meta name=\"twitter:card\" content=\"summary_large_image\" \/>\n<meta name=\"twitter:label1\" content=\"Escrito por\" \/>\n\t<meta name=\"twitter:data1\" content=\"moacir\" \/>\n\t<meta name=\"twitter:label2\" content=\"Est. tempo de leitura\" \/>\n\t<meta name=\"twitter:data2\" content=\"6 minutos\" \/>\n<script type=\"application\/ld+json\" class=\"yoast-schema-graph\">{\"@context\":\"https:\/\/schema.org\",\"@graph\":[{\"@type\":\"WebSite\",\"@id\":\"https:\/\/franciscanos.org.br\/noticias\/#website\",\"url\":\"https:\/\/franciscanos.org.br\/noticias\/\",\"name\":\"Not\u00edcias - Franciscanos\",\"description\":\"Prov\u00edncia Franciscana da Imaculada Concei\u00e7\u00e3o do Brasil - Ordem dos Frades Menores - OFM\",\"potentialAction\":[{\"@type\":\"SearchAction\",\"target\":{\"@type\":\"EntryPoint\",\"urlTemplate\":\"https:\/\/franciscanos.org.br\/noticias\/?s={search_term_string}\"},\"query-input\":\"required name=search_term_string\"}],\"inLanguage\":\"pt-BR\"},{\"@type\":\"ImageObject\",\"inLanguage\":\"pt-BR\",\"@id\":\"https:\/\/franciscanos.org.br\/noticias\/pe-hadeleon-maria-sabe-a-dor-que-esta-no-nosso-coracao.html#primaryimage\",\"url\":\"https:\/\/franciscanos.org.br\/noticias\/wp-content\/uploads\/2021\/04\/oitavio_04d.jpg\",\"contentUrl\":\"https:\/\/franciscanos.org.br\/noticias\/wp-content\/uploads\/2021\/04\/oitavio_04d.jpg\",\"width\":800,\"height\":550},{\"@type\":\"WebPage\",\"@id\":\"https:\/\/franciscanos.org.br\/noticias\/pe-hadeleon-maria-sabe-a-dor-que-esta-no-nosso-coracao.html#webpage\",\"url\":\"https:\/\/franciscanos.org.br\/noticias\/pe-hadeleon-maria-sabe-a-dor-que-esta-no-nosso-coracao.html\",\"name\":\"Pe. Hadeleon: \\\"Maria sabe a dor que est\u00e1 no nosso cora\u00e7\u00e3o\\\" - Not\u00edcias - Franciscanos\",\"isPartOf\":{\"@id\":\"https:\/\/franciscanos.org.br\/noticias\/#website\"},\"primaryImageOfPage\":{\"@id\":\"https:\/\/franciscanos.org.br\/noticias\/pe-hadeleon-maria-sabe-a-dor-que-esta-no-nosso-coracao.html#primaryimage\"},\"datePublished\":\"2021-04-06T21:56:42+00:00\",\"dateModified\":\"2021-04-06T22:01:34+00:00\",\"author\":{\"@id\":\"https:\/\/franciscanos.org.br\/noticias\/#\/schema\/person\/b5c8cba458c330ccff548b056e95a5d4\"},\"breadcrumb\":{\"@id\":\"https:\/\/franciscanos.org.br\/noticias\/pe-hadeleon-maria-sabe-a-dor-que-esta-no-nosso-coracao.html#breadcrumb\"},\"inLanguage\":\"pt-BR\",\"potentialAction\":[{\"@type\":\"ReadAction\",\"target\":[\"https:\/\/franciscanos.org.br\/noticias\/pe-hadeleon-maria-sabe-a-dor-que-esta-no-nosso-coracao.html\"]}]},{\"@type\":\"BreadcrumbList\",\"@id\":\"https:\/\/franciscanos.org.br\/noticias\/pe-hadeleon-maria-sabe-a-dor-que-esta-no-nosso-coracao.html#breadcrumb\",\"itemListElement\":[{\"@type\":\"ListItem\",\"position\":1,\"name\":\"Home\",\"item\":\"https:\/\/franciscanos.org.br\/noticias\"},{\"@type\":\"ListItem\",\"position\":2,\"name\":\"Pe. Hadeleon: &#8220;Maria sabe a dor que est\u00e1 no nosso cora\u00e7\u00e3o&#8221;\"}]},{\"@type\":\"Person\",\"@id\":\"https:\/\/franciscanos.org.br\/noticias\/#\/schema\/person\/b5c8cba458c330ccff548b056e95a5d4\",\"name\":\"moacir\",\"image\":{\"@type\":\"ImageObject\",\"inLanguage\":\"pt-BR\",\"@id\":\"https:\/\/franciscanos.org.br\/noticias\/#\/schema\/person\/image\/\",\"url\":\"https:\/\/secure.gravatar.com\/avatar\/d08aa2ce4c8dd416d4479aa8536fcf64?s=96&d=mm&r=g\",\"contentUrl\":\"https:\/\/secure.gravatar.com\/avatar\/d08aa2ce4c8dd416d4479aa8536fcf64?s=96&d=mm&r=g\",\"caption\":\"moacir\"},\"url\":\"https:\/\/franciscanos.org.br\/noticias\/author\/moacir\"}]}<\/script>\n<!-- \/ Yoast SEO plugin. -->","yoast_head_json":{"title":"Pe. Hadeleon: \"Maria sabe a dor que est\u00e1 no nosso cora\u00e7\u00e3o\" - Not\u00edcias - Franciscanos","robots":{"index":"index","follow":"follow","max-snippet":"max-snippet:-1","max-image-preview":"max-image-preview:large","max-video-preview":"max-video-preview:-1"},"canonical":"https:\/\/franciscanos.org.br\/noticias\/pe-hadeleon-maria-sabe-a-dor-que-esta-no-nosso-coracao.html","og_locale":"pt_BR","og_type":"article","og_title":"Pe. Hadeleon: \"Maria sabe a dor que est\u00e1 no nosso cora\u00e7\u00e3o\" - Not\u00edcias - Franciscanos","og_description":"Terceiro dia do Oitav\u00e1rio da Festa da Penha","og_url":"https:\/\/franciscanos.org.br\/noticias\/pe-hadeleon-maria-sabe-a-dor-que-esta-no-nosso-coracao.html","og_site_name":"Not\u00edcias - Franciscanos","article_published_time":"2021-04-06T21:56:42+00:00","article_modified_time":"2021-04-06T22:01:34+00:00","og_image":[{"width":800,"height":550,"url":"https:\/\/franciscanos.org.br\/noticias\/wp-content\/uploads\/2021\/04\/oitavio_04d.jpg","type":"image\/jpeg"}],"author":"moacir","twitter_card":"summary_large_image","twitter_misc":{"Escrito por":"moacir","Est. tempo de leitura":"6 minutos"},"schema":{"@context":"https:\/\/schema.org","@graph":[{"@type":"WebSite","@id":"https:\/\/franciscanos.org.br\/noticias\/#website","url":"https:\/\/franciscanos.org.br\/noticias\/","name":"Not\u00edcias - Franciscanos","description":"Prov\u00edncia Franciscana da Imaculada Concei\u00e7\u00e3o do Brasil - Ordem dos Frades Menores - OFM","potentialAction":[{"@type":"SearchAction","target":{"@type":"EntryPoint","urlTemplate":"https:\/\/franciscanos.org.br\/noticias\/?s={search_term_string}"},"query-input":"required name=search_term_string"}],"inLanguage":"pt-BR"},{"@type":"ImageObject","inLanguage":"pt-BR","@id":"https:\/\/franciscanos.org.br\/noticias\/pe-hadeleon-maria-sabe-a-dor-que-esta-no-nosso-coracao.html#primaryimage","url":"https:\/\/franciscanos.org.br\/noticias\/wp-content\/uploads\/2021\/04\/oitavio_04d.jpg","contentUrl":"https:\/\/franciscanos.org.br\/noticias\/wp-content\/uploads\/2021\/04\/oitavio_04d.jpg","width":800,"height":550},{"@type":"WebPage","@id":"https:\/\/franciscanos.org.br\/noticias\/pe-hadeleon-maria-sabe-a-dor-que-esta-no-nosso-coracao.html#webpage","url":"https:\/\/franciscanos.org.br\/noticias\/pe-hadeleon-maria-sabe-a-dor-que-esta-no-nosso-coracao.html","name":"Pe. Hadeleon: \"Maria sabe a dor que est\u00e1 no nosso cora\u00e7\u00e3o\" - Not\u00edcias - Franciscanos","isPartOf":{"@id":"https:\/\/franciscanos.org.br\/noticias\/#website"},"primaryImageOfPage":{"@id":"https:\/\/franciscanos.org.br\/noticias\/pe-hadeleon-maria-sabe-a-dor-que-esta-no-nosso-coracao.html#primaryimage"},"datePublished":"2021-04-06T21:56:42+00:00","dateModified":"2021-04-06T22:01:34+00:00","author":{"@id":"https:\/\/franciscanos.org.br\/noticias\/#\/schema\/person\/b5c8cba458c330ccff548b056e95a5d4"},"breadcrumb":{"@id":"https:\/\/franciscanos.org.br\/noticias\/pe-hadeleon-maria-sabe-a-dor-que-esta-no-nosso-coracao.html#breadcrumb"},"inLanguage":"pt-BR","potentialAction":[{"@type":"ReadAction","target":["https:\/\/franciscanos.org.br\/noticias\/pe-hadeleon-maria-sabe-a-dor-que-esta-no-nosso-coracao.html"]}]},{"@type":"BreadcrumbList","@id":"https:\/\/franciscanos.org.br\/noticias\/pe-hadeleon-maria-sabe-a-dor-que-esta-no-nosso-coracao.html#breadcrumb","itemListElement":[{"@type":"ListItem","position":1,"name":"Home","item":"https:\/\/franciscanos.org.br\/noticias"},{"@type":"ListItem","position":2,"name":"Pe. Hadeleon: &#8220;Maria sabe a dor que est\u00e1 no nosso cora\u00e7\u00e3o&#8221;"}]},{"@type":"Person","@id":"https:\/\/franciscanos.org.br\/noticias\/#\/schema\/person\/b5c8cba458c330ccff548b056e95a5d4","name":"moacir","image":{"@type":"ImageObject","inLanguage":"pt-BR","@id":"https:\/\/franciscanos.org.br\/noticias\/#\/schema\/person\/image\/","url":"https:\/\/secure.gravatar.com\/avatar\/d08aa2ce4c8dd416d4479aa8536fcf64?s=96&d=mm&r=g","contentUrl":"https:\/\/secure.gravatar.com\/avatar\/d08aa2ce4c8dd416d4479aa8536fcf64?s=96&d=mm&r=g","caption":"moacir"},"url":"https:\/\/franciscanos.org.br\/noticias\/author\/moacir"}]}},"_links":{"self":[{"href":"https:\/\/franciscanos.org.br\/noticias\/wp-json\/wp\/v2\/posts\/231448"}],"collection":[{"href":"https:\/\/franciscanos.org.br\/noticias\/wp-json\/wp\/v2\/posts"}],"about":[{"href":"https:\/\/franciscanos.org.br\/noticias\/wp-json\/wp\/v2\/types\/post"}],"author":[{"embeddable":true,"href":"https:\/\/franciscanos.org.br\/noticias\/wp-json\/wp\/v2\/users\/3"}],"replies":[{"embeddable":true,"href":"https:\/\/franciscanos.org.br\/noticias\/wp-json\/wp\/v2\/comments?post=231448"}],"version-history":[{"count":3,"href":"https:\/\/franciscanos.org.br\/noticias\/wp-json\/wp\/v2\/posts\/231448\/revisions"}],"predecessor-version":[{"id":231456,"href":"https:\/\/franciscanos.org.br\/noticias\/wp-json\/wp\/v2\/posts\/231448\/revisions\/231456"}],"wp:featuredmedia":[{"embeddable":true,"href":"https:\/\/franciscanos.org.br\/noticias\/wp-json\/wp\/v2\/media\/231453"}],"wp:attachment":[{"href":"https:\/\/franciscanos.org.br\/noticias\/wp-json\/wp\/v2\/media?parent=231448"}],"wp:term":[{"taxonomy":"category","embeddable":true,"href":"https:\/\/franciscanos.org.br\/noticias\/wp-json\/wp\/v2\/categories?post=231448"},{"taxonomy":"post_tag","embeddable":true,"href":"https:\/\/franciscanos.org.br\/noticias\/wp-json\/wp\/v2\/tags?post=231448"}],"curies":[{"name":"wp","href":"https:\/\/api.w.org\/{rel}","templated":true}]}}