{"id":231437,"date":"2021-04-07T10:21:41","date_gmt":"2021-04-07T13:21:41","guid":{"rendered":"https:\/\/franciscanos.org.br\/noticias\/?p=231437"},"modified":"2021-04-07T10:41:59","modified_gmt":"2021-04-07T13:41:59","slug":"novafraternidade","status":"publish","type":"post","link":"https:\/\/franciscanos.org.br\/noticias\/novafraternidade.html","title":{"rendered":"Nova Fraternidade assume o Santu\u00e1rio Frei Galv\u00e3o neste domingo"},"content":{"rendered":"<p><img loading=\"lazy\" class=\"alignnone wp-image-231470 size-full\" src=\"https:\/\/franciscanos.org.br\/noticias\/wp-content\/uploads\/2021\/04\/santuario_01.jpg\" alt=\"\" width=\"1280\" height=\"720\" srcset=\"https:\/\/franciscanos.org.br\/noticias\/wp-content\/uploads\/2021\/04\/santuario_01.jpg 1280w, https:\/\/franciscanos.org.br\/noticias\/wp-content\/uploads\/2021\/04\/santuario_01-450x253.jpg 450w, https:\/\/franciscanos.org.br\/noticias\/wp-content\/uploads\/2021\/04\/santuario_01-1024x576.jpg 1024w, https:\/\/franciscanos.org.br\/noticias\/wp-content\/uploads\/2021\/04\/santuario_01-768x432.jpg 768w, https:\/\/franciscanos.org.br\/noticias\/wp-content\/uploads\/2021\/04\/santuario_01-150x84.jpg 150w\" sizes=\"(max-width: 1280px) 100vw, 1280px\" \/><\/p>\n<p>A Prov\u00edncia Franciscana da Imaculada Concei\u00e7\u00e3o escrever\u00e1, no dia 11 de abril de 2021, mais um cap\u00edtulo na sua hist\u00f3ria de 345 anos. Os frades franciscanos estar\u00e3o assumindo o Santu\u00e1rio Frei Galv\u00e3o, em Guaratinguet\u00e1, a terra do santo frade franciscano. Esse momento hist\u00f3rico marcar\u00e1 a posse dos frades com a assinatura do conv\u00eanio, com dura\u00e7\u00e3o de 30 anos, pelo Ministro Provincial Frei C\u00e9sar K\u00fclkamp e pelo Arcebispo Dom Orlando Brandes, representando a Arquidiocese de Aparecida.<\/p>\n<p>Esta Santa Missa, \u00e0s 18 horas (com transmiss\u00e3o pela TV Aparecida), marcar\u00e1 a posse de Frei Diego Melo, Frei Roberto Ishara e Frei Leandro Costa Santos, frades que praticamente h\u00e1 seis meses est\u00e3o ajudando diariamente nas confiss\u00f5es, aconselhamento, acolhimento do povo e celebra\u00e7\u00f5es.<\/p>\n<p>Para marcar esta data, o novo reitor do Santu\u00e1rio, Frei Diego, conta que a celebra\u00e7\u00e3o de posse come\u00e7ar\u00e1 mais cedo, \u00e0s 8h30, com a b\u00ean\u00e7\u00e3o de envio dos frades e postulantes pela Fraternidade do Semin\u00e1rio Frei Galv\u00e3o, onde Frei Diego e Frei Roberto Ishara residem.<\/p>\n<p>Dali, frades e alguns fi\u00e9is devotos, respeitando as normas sanit\u00e1rias, far\u00e3o uma peregrina\u00e7\u00e3o at\u00e9 o Santu\u00e1rio Frei Galv\u00e3o. \u201cVamos recordar um gesto t\u00e3o parecido com o que Frei Galv\u00e3o fazia nas suas longas caminhadas\u201d, explica Frei Diego.<\/p>\n<p><img loading=\"lazy\" class=\"alignnone wp-image-231468 size-full\" src=\"https:\/\/franciscanos.org.br\/noticias\/wp-content\/uploads\/2021\/04\/santuario_02.jpg\" alt=\"\" width=\"1200\" height=\"1363\" srcset=\"https:\/\/franciscanos.org.br\/noticias\/wp-content\/uploads\/2021\/04\/santuario_02.jpg 1200w, https:\/\/franciscanos.org.br\/noticias\/wp-content\/uploads\/2021\/04\/santuario_02-396x450.jpg 396w, https:\/\/franciscanos.org.br\/noticias\/wp-content\/uploads\/2021\/04\/santuario_02-902x1024.jpg 902w, https:\/\/franciscanos.org.br\/noticias\/wp-content\/uploads\/2021\/04\/santuario_02-768x872.jpg 768w, https:\/\/franciscanos.org.br\/noticias\/wp-content\/uploads\/2021\/04\/santuario_02-150x170.jpg 150w\" sizes=\"(max-width: 1200px) 100vw, 1200px\" \/><\/p>\n<p>\u201cNesta caminhada faremos umas paradas significativas: uma delas \u00e9 na Casa Frei Galv\u00e3o. Assim como Frei Galv\u00e3o, quando jovem pediu a b\u00ean\u00e7\u00e3o de sua fam\u00edlia para iniciar a caminhada vocacional, n\u00f3s faremos uma primeira parada na sua casa, atual museu, pedindo aos seus familiares a b\u00ean\u00e7\u00e3o e demonstrando essa comunh\u00e3o que queremos ter com essa fam\u00edlia que nos deu este irm\u00e3o para a Prov\u00edncia, para a Ordem para a Igreja. Este irm\u00e3o que \u00e9 santo\u201d, acrescentou o frade.<\/p>\n<p>Na sequ\u00eancia, a peregrina\u00e7\u00e3o far\u00e1 outra parada na Igreja Santo Ant\u00f4nio, a Igreja Matriz de Guaratinguet\u00e1 onde Frei Galv\u00e3o foi batizado e rezou a sua primeira Missa, demonstrando essa comunh\u00e3o a partir do batismo com a Igreja local. \u201cL\u00e1 estar\u00e3o alguns padres diocesanos que tamb\u00e9m dar\u00e3o a b\u00ean\u00e7\u00e3o de envio, evidenciando essa eclesialidade, essa comunh\u00e3o que queremos ter com a Igreja local, at\u00e9 porque este \u00e9 um Santu\u00e1rio Diocesano\u201d, recorda Frei Diego.<\/p>\n<table border=\"0\" width=\"450\" cellspacing=\"3\" cellpadding=\"3\" align=\"right\">\n<tbody>\n<tr>\n<td bgcolor=\"#CCCCCC\">\n<h4>Trajeto da Caminhada: 7,8 km<\/h4>\n<p style=\"padding-left: 40px;\"><strong>08h30<\/strong> &#8211; B\u00ean\u00e7\u00e3o de Envio no Semin\u00e1rio<br \/>\n<strong>08h45<\/strong> &#8211; In\u00edcio da Caminhada at\u00e9 a Casa de Frei Galv\u00e3o<br \/>\n<strong>09h30<\/strong> &#8211; Acolhida na Casa de Frei Galv\u00e3o<br \/>\n<strong>10h00<\/strong> &#8211; B\u00ean\u00e7\u00e3o dos Padres Diocesanos na Igreja Matriz de Santo Ant\u00f4nio<br \/>\n<strong>10h30<\/strong> &#8211; Encontro com os moradores em situa\u00e7\u00e3o de rua no cal\u00e7ad\u00e3o<br \/>\n<strong>11h00<\/strong> &#8211; Encontro com o Prefeito de Guaratinguet\u00e1 e o Secret\u00e1rio de Turismo (em frente ao F\u00f3rum)<br \/>\n<strong>12h00<\/strong> &#8211; Chegada ao Santu\u00e1rio Frei Galv\u00e3o e b\u00ean\u00e7\u00e3o da nova fraternidade<br \/>\n<strong>13h00<\/strong> &#8211; Almo\u00e7o no Semin\u00e1rio Frei Galv\u00e3o<br \/>\n<strong>18h00<\/strong> &#8211; Missa de Posse<\/p>\n<\/td>\n<\/tr>\n<\/tbody>\n<\/table>\n<p>Seguindo a caminhada, haver\u00e1 um encontro com o prefeito e o secret\u00e1rio de turismo, uma vez que Guaratinguet\u00e1 \u00e9 uma inst\u00e2ncia religiosa e tur\u00edstica. \u201cN\u00f3s sabemos que a chegada dos franciscanos ao Santu\u00e1rio Frei Galv\u00e3o era algo desejado e esperado por muita gente dessa cidade. Tamb\u00e9m temos consci\u00eancia da import\u00e2ncia dessa devo\u00e7\u00e3o para todo o mun\u00edcipio. Assim, queremos demonstrar nosso apre\u00e7o e amizade a todo o povo de Guaratinguet\u00e1 representado pelo seu prefeito Marcus Soliva\u201d, situou o novo reitor.<\/p>\n<p>Nesse trajeto, segundo Frei Diego, n\u00e3o se poderia esquecer dos mais pobres. \u201cFaremos uma parada no cal\u00e7ad\u00e3o de Guaratinguet\u00e1, onde todas as sextas-feiras, n\u00f3s como fraternidade franciscana, ajudamos a Pastoral do Povo em Situa\u00e7\u00e3o de Rua da Par\u00f3quia da Gl\u00f3ria, uma antiga Par\u00f3quia franciscana. Toda sexta-feira Frei Ruan, eu e mais dois postulantes vamos distribuir quentinhas para a popula\u00e7\u00e3o em situa\u00e7\u00e3o de rua. Queremos mostrar que um santu\u00e1rio franciscano precisa ter esse olhar para os mais pobres. Ali, pediremos a b\u00ean\u00e7\u00e3o daqueles que s\u00e3o nossos mestres, daqueles pelos quais Frei Galv\u00e3o tamb\u00e9m teve um carinho especial e que hoje s\u00e3o representados por esses irm\u00e3os e irm\u00e3s que est\u00e3o em situa\u00e7\u00e3o de rua\u201d, adiantou o frade.<\/p>\n<p>A peregrina\u00e7\u00e3o chega, ent\u00e3o, ao Santu\u00e1rio, onde o Ministro Provincial Frei C\u00e9sar dar\u00e1 a b\u00ean\u00e7\u00e3o \u00e0 nova resid\u00eancia dos frades, \u00e0 nova Fraternidade da Prov\u00edncia. No final do dia, \u00e0s 18h, celebra\u00e7\u00e3o a missa de posse, presidida por D. Orlando Brandes, concelebrada pelos demais confrades e na qual nos ser\u00e1 dada a posse oficial do Santu\u00e1rio Frei Galv\u00e3o, confiando os cuidados pastorais e administrativos \u00e0 nossa Prov\u00edncia.<\/p>\n<h3 style=\"text-align: center;\">CONHE\u00c7A A NOVA FRATERNIDADE<\/h3>\n<div id=\"attachment_231469\" style=\"width: 1290px\" class=\"wp-caption alignnone\"><img aria-describedby=\"caption-attachment-231469\" loading=\"lazy\" class=\"wp-image-231469 size-full\" src=\"https:\/\/franciscanos.org.br\/noticias\/wp-content\/uploads\/2021\/04\/sntuario_03.jpg\" alt=\"\" width=\"1280\" height=\"596\" srcset=\"https:\/\/franciscanos.org.br\/noticias\/wp-content\/uploads\/2021\/04\/sntuario_03.jpg 1280w, https:\/\/franciscanos.org.br\/noticias\/wp-content\/uploads\/2021\/04\/sntuario_03-450x210.jpg 450w, https:\/\/franciscanos.org.br\/noticias\/wp-content\/uploads\/2021\/04\/sntuario_03-1024x477.jpg 1024w, https:\/\/franciscanos.org.br\/noticias\/wp-content\/uploads\/2021\/04\/sntuario_03-768x358.jpg 768w, https:\/\/franciscanos.org.br\/noticias\/wp-content\/uploads\/2021\/04\/sntuario_03-150x70.jpg 150w\" sizes=\"(max-width: 1280px) 100vw, 1280px\" \/><p id=\"caption-attachment-231469\" class=\"wp-caption-text\"><em>Da esq. para dir.: Frei Diego, Frei Leandro e Frei Robert<\/em>o<\/p><\/div>\n<p><strong>FREI DIEGO ATALINO DE MELO<\/strong><\/p>\n<p>Filho de Roselei Maria e Alfredo Adenir Melo, Frei Diego nasceu no dia 26 de agosto de 1983 em Lages, Santa Catarina. \u00c9 nesta cidade que foi ordenado presb\u00edtero no dia 11 de fevereiro 2012. A primeira etapa na forma\u00e7\u00e3o religiosa franciscana de Frei Diego foi o Aspirantando de Ituporanga, em 2002. No ano seguinte, foi para o Postulantado e recebeu o h\u00e1bito franciscano em 2004, na cidade de Rodeio. Concluiu o Curso de Filosofia (Curitiba) no ano de 2007 e, em 2011, terminou o Curso de Teologia no Instituto Teol\u00f3gico Franciscano de Petr\u00f3polis (RJ). Professou solenemente na Ordem Franciscana no dia 5 de novembro de 2009 e foi ordenado di\u00e1cono no dia 4 de dezembro de 2010. Desde sua ordena\u00e7\u00e3o, Frei Diego se dedicou \u00e0 anima\u00e7\u00e3o vocacional na Prov\u00edncia da Imaculada, onde se destacou no trabalho com juventudes, levando \u00e0 cria\u00e7\u00e3o do Conselho Provincial de Juventudes, da Prov\u00edncia Franciscana da Imaculada Concei\u00e7\u00e3o. Agora, tem pela frente a grande miss\u00e3o de animar o Santu\u00e1rio Frei Galv\u00e3o como reitor.<\/p>\n<p>Para ele, ser franciscano \u201c\u00e9 uma proposta para quem de fato \u00e9 corajoso, para quem n\u00e3o \u00e9 med\u00edocre e aceita viver um grande desafio a cada dia\u201d.<\/p>\n<p><strong>FREI ROBERTO ISHARA<\/strong><\/p>\n<p>Frei Roberto Ishara nasceu no dia 3 de janeiro de 1970. \u00c9 filho de Yuko Ishara e Nely Eiko Ishara e tem quatro irm\u00e3os:\u00a0 Sidnei, Sandra, Marcelo e Claudinei. \u201cSou o pen\u00faltimo\u201d, conta. Seu discernimento vocacional aflorou quando morava no Jap\u00e3o trabalhando como dekassegui, onde leu toda a Sagrada Escritura. Segundo ele, desde crian\u00e7a queria ser padre. Quando retornou \u00a0ao Brasil, tomou a decis\u00e3o de ser padre. Escolheu ser religioso franciscano e ingressou na Ordem Franciscana por esta Prov\u00edncia, quando vestiu o h\u00e1bito em 2004 e fez a profiss\u00e3o solene em 5 de novembro de 2009. Desde que foi ordenado presb\u00edtero, em 20 de outubro de 2012, trabalhou na Par\u00f3quia S\u00e3o Francisco de Assis, na Vila Clementino (SP), foi mission\u00e1rio em Angola, trabalhou na Par\u00f3quia Nossa Senhora da Boa Viagem, na Rocinha (RJ) e no Santu\u00e1rio Frei Galv\u00e3o, em Guaratinguet\u00e1 (SP), onde vai dedicar mais ao atendimento das confiss\u00f5es . Na sua ordena\u00e7\u00e3o disse: &#8220;Na pessoa de Francisco vemos que \u00e9 poss\u00edvel a viv\u00eancia do Santo Evangelho. No carisma de Francisco temos uma linguagem universal e, por isso, uma diversidade de atua\u00e7\u00f5es no apostolado&#8221;.<\/p>\n<p><strong>FREI LEANDRO COSTA DOS SANTOS<\/strong><\/p>\n<p>Filho de Francisca e Francisco Mois\u00e9s dos Santos, Frei Leandro nasceu na capital paulista e \u00e9 o terceiro dos seis filhos. Ingressou no Semin\u00e1rio de Agudos em 2005 e vestiu o h\u00e1bito franciscano em 2009. Cursou em seguida Filosofia e Teologia e, em 2017, foi ordenado di\u00e1cono no Santu\u00e1rio Divino Esp\u00edrito Santo, em Vila Velha (ES), onde residiu antes de assumir, neste ano, o trabalho no Pr\u00f3-Voca\u00e7\u00f5es e Miss\u00f5es Franciscanas (PVF), em S\u00e3o Paulo.<\/p>\n<p>Do seu per\u00edodo de forma\u00e7\u00e3o, destaca a forte experi\u00eancia vivida entre os anos de 2014-2015 em Duque de Caxias, na Par\u00f3quia S\u00e3o Francisco. \u201cA Igreja de Caxias, na minha hist\u00f3ria pessoal, \u00e9 uma refer\u00eancia marcante em termos de igreja engajada e participativa\u201d, diz o frade. Em 2016, concluiu os estudos teol\u00f3gicos. Foi ordenado presb\u00edtero no dia 9 de fevereiro de 2019, residindo e trabalhando no Convento e Santu\u00e1rio S\u00e3o Francisco, especialmente no servi\u00e7o de anima\u00e7\u00e3o vocacional. Agora, no Santu\u00e1rio, vai se dedicar mais \u00e0 comunica\u00e7\u00e3o. \u00a0Sobre sua miss\u00e3o como sacerdote, lembra Frei Leandro: \u201cAcredito tamb\u00e9m que o contato com o povo, al\u00e9m de ser um exerc\u00edcio ministerial, \u00e9 uma fonte da qual me abaste\u00e7o por inteiro&#8221;.<\/p>\n<hr \/>\n<h3><strong>LEIA TAMB\u00c9M:\u00a0<\/strong><a href=\"https:\/\/franciscanos.org.br\/noticias\/provincia-da-imaculada-assume-o-santuario-frei-galvao-no-dia-11-de-abril.html#gsc.tab=0\">Prov\u00edncia da Imaculada assume o Santu\u00e1rio\u00a0<\/a><a href=\"https:\/\/franciscanos.org.br\/noticias\/provincia-da-imaculada-assume-o-santuario-frei-galvao-no-dia-11-de-abril.html#gsc.tab=0\"> Frei Galv\u00e3o no dia 11 de abril<\/a><\/h3>\n<p style=\"padding-left: 40px;\">\n","protected":false},"excerpt":{"rendered":"<p>Santu\u00e1rio Frei Galv\u00e3o<\/p>\n","protected":false},"author":7,"featured_media":231471,"comment_status":"open","ping_status":"open","sticky":false,"template":"","format":"standard","meta":[],"categories":[1],"tags":[1821],"acf":[],"yoast_head":"<!-- This site is optimized with the Yoast SEO plugin v19.2 - https:\/\/yoast.com\/wordpress\/plugins\/seo\/ -->\n<title>Nova Fraternidade assume o Santu\u00e1rio Frei Galv\u00e3o neste domingo - Not\u00edcias - Franciscanos<\/title>\n<meta name=\"robots\" content=\"index, follow, max-snippet:-1, max-image-preview:large, max-video-preview:-1\" \/>\n<link rel=\"canonical\" href=\"https:\/\/franciscanos.org.br\/noticias\/novafraternidade.html\" \/>\n<meta property=\"og:locale\" content=\"pt_BR\" \/>\n<meta property=\"og:type\" content=\"article\" \/>\n<meta property=\"og:title\" content=\"Nova Fraternidade assume o Santu\u00e1rio Frei Galv\u00e3o neste domingo - Not\u00edcias - Franciscanos\" \/>\n<meta property=\"og:description\" content=\"Santu\u00e1rio Frei Galv\u00e3o\" \/>\n<meta property=\"og:url\" content=\"https:\/\/franciscanos.org.br\/noticias\/novafraternidade.html\" \/>\n<meta property=\"og:site_name\" content=\"Not\u00edcias - Franciscanos\" \/>\n<meta property=\"article:published_time\" content=\"2021-04-07T13:21:41+00:00\" \/>\n<meta property=\"article:modified_time\" content=\"2021-04-07T13:41:59+00:00\" \/>\n<meta property=\"og:image\" content=\"https:\/\/franciscanos.org.br\/noticias\/wp-content\/uploads\/2021\/04\/santuario_01d.jpg\" \/>\n\t<meta property=\"og:image:width\" content=\"800\" \/>\n\t<meta property=\"og:image:height\" content=\"550\" \/>\n\t<meta property=\"og:image:type\" content=\"image\/jpeg\" \/>\n<meta name=\"author\" content=\"jovenal\" \/>\n<meta name=\"twitter:card\" content=\"summary_large_image\" \/>\n<meta name=\"twitter:label1\" content=\"Escrito por\" \/>\n\t<meta name=\"twitter:data1\" content=\"jovenal\" \/>\n\t<meta name=\"twitter:label2\" content=\"Est. tempo de leitura\" \/>\n\t<meta name=\"twitter:data2\" content=\"7 minutos\" \/>\n<script type=\"application\/ld+json\" class=\"yoast-schema-graph\">{\"@context\":\"https:\/\/schema.org\",\"@graph\":[{\"@type\":\"WebSite\",\"@id\":\"https:\/\/franciscanos.org.br\/noticias\/#website\",\"url\":\"https:\/\/franciscanos.org.br\/noticias\/\",\"name\":\"Not\u00edcias - Franciscanos\",\"description\":\"Prov\u00edncia Franciscana da Imaculada Concei\u00e7\u00e3o do Brasil - Ordem dos Frades Menores - OFM\",\"potentialAction\":[{\"@type\":\"SearchAction\",\"target\":{\"@type\":\"EntryPoint\",\"urlTemplate\":\"https:\/\/franciscanos.org.br\/noticias\/?s={search_term_string}\"},\"query-input\":\"required name=search_term_string\"}],\"inLanguage\":\"pt-BR\"},{\"@type\":\"ImageObject\",\"inLanguage\":\"pt-BR\",\"@id\":\"https:\/\/franciscanos.org.br\/noticias\/novafraternidade.html#primaryimage\",\"url\":\"https:\/\/franciscanos.org.br\/noticias\/wp-content\/uploads\/2021\/04\/santuario_01d.jpg\",\"contentUrl\":\"https:\/\/franciscanos.org.br\/noticias\/wp-content\/uploads\/2021\/04\/santuario_01d.jpg\",\"width\":800,\"height\":550},{\"@type\":\"WebPage\",\"@id\":\"https:\/\/franciscanos.org.br\/noticias\/novafraternidade.html#webpage\",\"url\":\"https:\/\/franciscanos.org.br\/noticias\/novafraternidade.html\",\"name\":\"Nova Fraternidade assume o Santu\u00e1rio Frei Galv\u00e3o neste domingo - Not\u00edcias - Franciscanos\",\"isPartOf\":{\"@id\":\"https:\/\/franciscanos.org.br\/noticias\/#website\"},\"primaryImageOfPage\":{\"@id\":\"https:\/\/franciscanos.org.br\/noticias\/novafraternidade.html#primaryimage\"},\"datePublished\":\"2021-04-07T13:21:41+00:00\",\"dateModified\":\"2021-04-07T13:41:59+00:00\",\"author\":{\"@id\":\"https:\/\/franciscanos.org.br\/noticias\/#\/schema\/person\/c3a26b08313dd1772495ce300ab257cc\"},\"breadcrumb\":{\"@id\":\"https:\/\/franciscanos.org.br\/noticias\/novafraternidade.html#breadcrumb\"},\"inLanguage\":\"pt-BR\",\"potentialAction\":[{\"@type\":\"ReadAction\",\"target\":[\"https:\/\/franciscanos.org.br\/noticias\/novafraternidade.html\"]}]},{\"@type\":\"BreadcrumbList\",\"@id\":\"https:\/\/franciscanos.org.br\/noticias\/novafraternidade.html#breadcrumb\",\"itemListElement\":[{\"@type\":\"ListItem\",\"position\":1,\"name\":\"Home\",\"item\":\"https:\/\/franciscanos.org.br\/noticias\"},{\"@type\":\"ListItem\",\"position\":2,\"name\":\"Nova Fraternidade assume o Santu\u00e1rio Frei Galv\u00e3o neste domingo\"}]},{\"@type\":\"Person\",\"@id\":\"https:\/\/franciscanos.org.br\/noticias\/#\/schema\/person\/c3a26b08313dd1772495ce300ab257cc\",\"name\":\"jovenal\",\"image\":{\"@type\":\"ImageObject\",\"inLanguage\":\"pt-BR\",\"@id\":\"https:\/\/franciscanos.org.br\/noticias\/#\/schema\/person\/image\/\",\"url\":\"https:\/\/secure.gravatar.com\/avatar\/e94509f531086e2eaf97e72f29ea00f9?s=96&d=mm&r=g\",\"contentUrl\":\"https:\/\/secure.gravatar.com\/avatar\/e94509f531086e2eaf97e72f29ea00f9?s=96&d=mm&r=g\",\"caption\":\"jovenal\"},\"url\":\"https:\/\/franciscanos.org.br\/noticias\/author\/jovenal\"}]}<\/script>\n<!-- \/ Yoast SEO plugin. -->","yoast_head_json":{"title":"Nova Fraternidade assume o Santu\u00e1rio Frei Galv\u00e3o neste domingo - Not\u00edcias - Franciscanos","robots":{"index":"index","follow":"follow","max-snippet":"max-snippet:-1","max-image-preview":"max-image-preview:large","max-video-preview":"max-video-preview:-1"},"canonical":"https:\/\/franciscanos.org.br\/noticias\/novafraternidade.html","og_locale":"pt_BR","og_type":"article","og_title":"Nova Fraternidade assume o Santu\u00e1rio Frei Galv\u00e3o neste domingo - Not\u00edcias - Franciscanos","og_description":"Santu\u00e1rio Frei Galv\u00e3o","og_url":"https:\/\/franciscanos.org.br\/noticias\/novafraternidade.html","og_site_name":"Not\u00edcias - Franciscanos","article_published_time":"2021-04-07T13:21:41+00:00","article_modified_time":"2021-04-07T13:41:59+00:00","og_image":[{"width":800,"height":550,"url":"https:\/\/franciscanos.org.br\/noticias\/wp-content\/uploads\/2021\/04\/santuario_01d.jpg","type":"image\/jpeg"}],"author":"jovenal","twitter_card":"summary_large_image","twitter_misc":{"Escrito por":"jovenal","Est. tempo de leitura":"7 minutos"},"schema":{"@context":"https:\/\/schema.org","@graph":[{"@type":"WebSite","@id":"https:\/\/franciscanos.org.br\/noticias\/#website","url":"https:\/\/franciscanos.org.br\/noticias\/","name":"Not\u00edcias - Franciscanos","description":"Prov\u00edncia Franciscana da Imaculada Concei\u00e7\u00e3o do Brasil - Ordem dos Frades Menores - OFM","potentialAction":[{"@type":"SearchAction","target":{"@type":"EntryPoint","urlTemplate":"https:\/\/franciscanos.org.br\/noticias\/?s={search_term_string}"},"query-input":"required name=search_term_string"}],"inLanguage":"pt-BR"},{"@type":"ImageObject","inLanguage":"pt-BR","@id":"https:\/\/franciscanos.org.br\/noticias\/novafraternidade.html#primaryimage","url":"https:\/\/franciscanos.org.br\/noticias\/wp-content\/uploads\/2021\/04\/santuario_01d.jpg","contentUrl":"https:\/\/franciscanos.org.br\/noticias\/wp-content\/uploads\/2021\/04\/santuario_01d.jpg","width":800,"height":550},{"@type":"WebPage","@id":"https:\/\/franciscanos.org.br\/noticias\/novafraternidade.html#webpage","url":"https:\/\/franciscanos.org.br\/noticias\/novafraternidade.html","name":"Nova Fraternidade assume o Santu\u00e1rio Frei Galv\u00e3o neste domingo - Not\u00edcias - Franciscanos","isPartOf":{"@id":"https:\/\/franciscanos.org.br\/noticias\/#website"},"primaryImageOfPage":{"@id":"https:\/\/franciscanos.org.br\/noticias\/novafraternidade.html#primaryimage"},"datePublished":"2021-04-07T13:21:41+00:00","dateModified":"2021-04-07T13:41:59+00:00","author":{"@id":"https:\/\/franciscanos.org.br\/noticias\/#\/schema\/person\/c3a26b08313dd1772495ce300ab257cc"},"breadcrumb":{"@id":"https:\/\/franciscanos.org.br\/noticias\/novafraternidade.html#breadcrumb"},"inLanguage":"pt-BR","potentialAction":[{"@type":"ReadAction","target":["https:\/\/franciscanos.org.br\/noticias\/novafraternidade.html"]}]},{"@type":"BreadcrumbList","@id":"https:\/\/franciscanos.org.br\/noticias\/novafraternidade.html#breadcrumb","itemListElement":[{"@type":"ListItem","position":1,"name":"Home","item":"https:\/\/franciscanos.org.br\/noticias"},{"@type":"ListItem","position":2,"name":"Nova Fraternidade assume o Santu\u00e1rio Frei Galv\u00e3o neste domingo"}]},{"@type":"Person","@id":"https:\/\/franciscanos.org.br\/noticias\/#\/schema\/person\/c3a26b08313dd1772495ce300ab257cc","name":"jovenal","image":{"@type":"ImageObject","inLanguage":"pt-BR","@id":"https:\/\/franciscanos.org.br\/noticias\/#\/schema\/person\/image\/","url":"https:\/\/secure.gravatar.com\/avatar\/e94509f531086e2eaf97e72f29ea00f9?s=96&d=mm&r=g","contentUrl":"https:\/\/secure.gravatar.com\/avatar\/e94509f531086e2eaf97e72f29ea00f9?s=96&d=mm&r=g","caption":"jovenal"},"url":"https:\/\/franciscanos.org.br\/noticias\/author\/jovenal"}]}},"_links":{"self":[{"href":"https:\/\/franciscanos.org.br\/noticias\/wp-json\/wp\/v2\/posts\/231437"}],"collection":[{"href":"https:\/\/franciscanos.org.br\/noticias\/wp-json\/wp\/v2\/posts"}],"about":[{"href":"https:\/\/franciscanos.org.br\/noticias\/wp-json\/wp\/v2\/types\/post"}],"author":[{"embeddable":true,"href":"https:\/\/franciscanos.org.br\/noticias\/wp-json\/wp\/v2\/users\/7"}],"replies":[{"embeddable":true,"href":"https:\/\/franciscanos.org.br\/noticias\/wp-json\/wp\/v2\/comments?post=231437"}],"version-history":[{"count":10,"href":"https:\/\/franciscanos.org.br\/noticias\/wp-json\/wp\/v2\/posts\/231437\/revisions"}],"predecessor-version":[{"id":231474,"href":"https:\/\/franciscanos.org.br\/noticias\/wp-json\/wp\/v2\/posts\/231437\/revisions\/231474"}],"wp:featuredmedia":[{"embeddable":true,"href":"https:\/\/franciscanos.org.br\/noticias\/wp-json\/wp\/v2\/media\/231471"}],"wp:attachment":[{"href":"https:\/\/franciscanos.org.br\/noticias\/wp-json\/wp\/v2\/media?parent=231437"}],"wp:term":[{"taxonomy":"category","embeddable":true,"href":"https:\/\/franciscanos.org.br\/noticias\/wp-json\/wp\/v2\/categories?post=231437"},{"taxonomy":"post_tag","embeddable":true,"href":"https:\/\/franciscanos.org.br\/noticias\/wp-json\/wp\/v2\/tags?post=231437"}],"curies":[{"name":"wp","href":"https:\/\/api.w.org\/{rel}","templated":true}]}}