{"id":231429,"date":"2021-04-06T06:39:00","date_gmt":"2021-04-06T09:39:00","guid":{"rendered":"https:\/\/franciscanos.org.br\/noticias\/?p=231429"},"modified":"2021-04-06T06:43:52","modified_gmt":"2021-04-06T09:43:52","slug":"frei-joao-reinert-lanca-os-livros-paroquia-casa-da-iniciacao-e-comunidade-de-sujeitos-eclesiais-e-trindade-misterio-de-relacao","status":"publish","type":"post","link":"https:\/\/franciscanos.org.br\/noticias\/frei-joao-reinert-lanca-os-livros-paroquia-casa-da-iniciacao-e-comunidade-de-sujeitos-eclesiais-e-trindade-misterio-de-relacao.html","title":{"rendered":"Frei Jo\u00e3o lan\u00e7a os livros: &#8220;Par\u00f3quia: casa da inicia\u00e7\u00e3o e comunidade de sujeitos eclesiais&#8221; e &#8220;Trindade: mist\u00e9rio de rela\u00e7\u00e3o&#8221;"},"content":{"rendered":"<p>\u2018Comunidade de comunidades\u2019, \u2018sujeitos eclesiais\u2019 e \u2018inicia\u00e7\u00e3o \u00e0 vida crist\u00e3 de inspira\u00e7\u00e3o catecumenal\u2019: a princ\u00edpio pode se ter a impress\u00e3o de estarmos diante de tr\u00eas temas paralelos, com pouco ou nenhuma rela\u00e7\u00e3o entre si. Contudo, esse modo de pensar pouco diz sobre a l\u00f3gica dialogante que impulsiona essas realidades pastorais. O fio condutor dos tr\u00eas temas aqui estudados \u00e9 a relacionalidade.<\/p>\n<p><img loading=\"lazy\" class=\"size-full wp-image-231430 alignleft\" src=\"https:\/\/franciscanos.org.br\/noticias\/wp-content\/uploads\/2021\/04\/reinert.jpg\" alt=\"\" width=\"450\" height=\"405\" srcset=\"https:\/\/franciscanos.org.br\/noticias\/wp-content\/uploads\/2021\/04\/reinert.jpg 450w, https:\/\/franciscanos.org.br\/noticias\/wp-content\/uploads\/2021\/04\/reinert-150x135.jpg 150w\" sizes=\"(max-width: 450px) 100vw, 450px\" \/>Esses temas est\u00e3o no livro &#8220;Par\u00f3quia &#8211; Casa de inicia\u00e7\u00e3o e comunidade de sujeitos eclesiais&#8221; lan\u00e7ado pelo mestre e doutor em Teologia Jo\u00e3o Fernandes Reinert, OFM, frade desta Prov\u00edncia da Imaculada Concei\u00e7\u00e3o.<\/p>\n<p>Segundo Frei Jo\u00e3o, renovar a par\u00f3quia significar repensar com aud\u00e1cia as rela\u00e7\u00f5es entre os v\u00e1rios sujeitos\/protagonistas que a comp\u00f5e. A relacionalidade \u00e9, sem d\u00favida, o lugar teol\u00f3gico e eclesial para a concretiza\u00e7\u00e3o de uma estrutura eclesial que pretende ser comunidade de comunidades, comunidade de rela\u00e7\u00f5es, carismas e servi\u00e7os.<\/p>\n<p>&#8220;Se as rela\u00e7\u00f5es fazem a comunidade, o mesmo se pode dizer dos sujeitos eclesiais. N\u00e3o h\u00e1 outro \u2018lugar\u2019 mais prop\u00edcio para se tornar sujeito do que nas rela\u00e7\u00f5es eclesiais aut\u00eanticas, horizontais, sem dom\u00ednio&#8221;, diz Frei Jo\u00e3o .<\/p>\n<p>O mesmo se pode dizer do novo modelo de inicia\u00e7\u00e3o \u00e0 vida crist\u00e3 de inspira\u00e7\u00e3o catecumenal, cujo paradigma est\u00e1 centrado na dimens\u00e3o relacional, no encontro pessoal com Jesus Cristo e na inser\u00e7\u00e3o eclesial.<\/p>\n<p><strong>&#8220;Trindade: mist\u00e9rio de rela\u00e7\u00e3o&#8221;<\/strong><\/p>\n<p><img loading=\"lazy\" class=\"size-medium wp-image-231431 alignright\" src=\"https:\/\/franciscanos.org.br\/noticias\/wp-content\/uploads\/2021\/04\/livro_01-314x450.jpg\" alt=\"\" width=\"314\" height=\"450\" srcset=\"https:\/\/franciscanos.org.br\/noticias\/wp-content\/uploads\/2021\/04\/livro_01-314x450.jpg 314w, https:\/\/franciscanos.org.br\/noticias\/wp-content\/uploads\/2021\/04\/livro_01-150x215.jpg 150w, https:\/\/franciscanos.org.br\/noticias\/wp-content\/uploads\/2021\/04\/livro_01.jpg 450w\" sizes=\"(max-width: 314px) 100vw, 314px\" \/> <img loading=\"lazy\" class=\"size-medium wp-image-231432 alignright\" src=\"https:\/\/franciscanos.org.br\/noticias\/wp-content\/uploads\/2021\/04\/livro_02-314x450.jpg\" alt=\"\" width=\"314\" height=\"450\" srcset=\"https:\/\/franciscanos.org.br\/noticias\/wp-content\/uploads\/2021\/04\/livro_02-314x450.jpg 314w, https:\/\/franciscanos.org.br\/noticias\/wp-content\/uploads\/2021\/04\/livro_02-150x215.jpg 150w, https:\/\/franciscanos.org.br\/noticias\/wp-content\/uploads\/2021\/04\/livro_02.jpg 450w\" sizes=\"(max-width: 314px) 100vw, 314px\" \/>\u00c9 o t\u00edtulo de outro lan\u00e7amento do frade. &#8220;Aventurar-se na reflex\u00e3o sobre o mist\u00e9rio do Deus Trindade nunca consistiu tarefa f\u00e1cil para a teologia&#8221;, observa o te\u00f3logo.<\/p>\n<p>&#8220;Mesmo ciente da complexidade e da ousadia em faz\u00ea-lo, ela n\u00e3o pode esquivar-se de, em cada tempo e lugar, continuar a miss\u00e3o iniciada nos primeiros s\u00e9culos do cristianismo de dar raz\u00f5es de nossa esperan\u00e7a e aprofundar o n\u00facleo central da f\u00e9 crist\u00e3&#8221;, argumenta.<\/p>\n<p>Para Frei Jo\u00e3o, t\u00e3o importante quanto conhecer, ainda que limitadamente, o verdadeiro rosto trino de Deus \u00e9 permitir que a Trindade seja inspira\u00e7\u00e3o permanente de vida, refer\u00eancia para novos relacionamentos humanos, fonte de inspira\u00e7\u00e3o no empenho de lutar contra todo tipo de individualismo e opress\u00e3o.<\/p>\n<p>&#8220;Novos paradigmas em todos os \u00e2mbitos surgem da f\u00e9 na Trindade. Em outras palavras, do desejo de assimilar aquilo que se cr\u00ea, Deus Pai, Filho e Esp\u00edrito Santo, brotam inspira\u00e7\u00f5es inesgot\u00e1veis para a vida pessoal, social e eclesial rumo a uma nova humanidade&#8221;, indica o frade, que \u00e9 \u00e9 mestre e doutor em Teologia.<\/p>\n<p>Natural de Gaspar (SC) \u00e9 p\u00e1roco na par\u00f3quia Santa clara de Assis, em Duque de Caxias (RJ), e professor do Instituto Teol\u00f3gico Franciscano em Petr\u00f3polis. Possui mestrado e doutado em Teologica Sistem\u00e1tico-Pastoral pela Pontif\u00edcia Universidade Cat\u00f3lica RJ. Atua em cursos e semin\u00e1rios sobre eclesiologia e pastoral urbana.<\/p>\n<p>Al\u00e9m desses lan\u00e7amentos, Frei Jo\u00e3o \u00e9 tamb\u00e9m autor dos livros: &#8220;Par\u00f3quia e inicia\u00e7\u00e3o crist\u00e3 &#8211; A interdepend\u00eancia entre renova\u00e7\u00e3o paroquial e mistagogia catecumenal&#8221;; &#8220;Pode Hoje a Par\u00f3quia Ser uma Comunidade Eclesial?&#8221;; e &#8220;Inspira\u00e7\u00e3o catecumenal e convers\u00e3o pastoral&#8221;.<\/p>\n","protected":false},"excerpt":{"rendered":"<p>Lan\u00e7amentos<\/p>\n","protected":false},"author":3,"featured_media":231436,"comment_status":"open","ping_status":"open","sticky":false,"template":"","format":"standard","meta":[],"categories":[1],"tags":[238,1840,646],"acf":[],"yoast_head":"<!-- This site is optimized with the Yoast SEO plugin v19.2 - https:\/\/yoast.com\/wordpress\/plugins\/seo\/ -->\n<title>Frei Jo\u00e3o lan\u00e7a os livros: &quot;Par\u00f3quia: casa da inicia\u00e7\u00e3o e comunidade de sujeitos eclesiais&quot; e &quot;Trindade: mist\u00e9rio de rela\u00e7\u00e3o&quot; - Not\u00edcias - Franciscanos<\/title>\n<meta name=\"robots\" content=\"index, follow, max-snippet:-1, max-image-preview:large, max-video-preview:-1\" \/>\n<link rel=\"canonical\" href=\"https:\/\/franciscanos.org.br\/noticias\/frei-joao-reinert-lanca-os-livros-paroquia-casa-da-iniciacao-e-comunidade-de-sujeitos-eclesiais-e-trindade-misterio-de-relacao.html\" \/>\n<meta property=\"og:locale\" content=\"pt_BR\" \/>\n<meta property=\"og:type\" content=\"article\" \/>\n<meta property=\"og:title\" content=\"Frei Jo\u00e3o lan\u00e7a os livros: &quot;Par\u00f3quia: casa da inicia\u00e7\u00e3o e comunidade de sujeitos eclesiais&quot; e &quot;Trindade: mist\u00e9rio de rela\u00e7\u00e3o&quot; - Not\u00edcias - Franciscanos\" \/>\n<meta property=\"og:description\" content=\"Lan\u00e7amentos\" \/>\n<meta property=\"og:url\" content=\"https:\/\/franciscanos.org.br\/noticias\/frei-joao-reinert-lanca-os-livros-paroquia-casa-da-iniciacao-e-comunidade-de-sujeitos-eclesiais-e-trindade-misterio-de-relacao.html\" \/>\n<meta property=\"og:site_name\" content=\"Not\u00edcias - Franciscanos\" \/>\n<meta property=\"article:published_time\" content=\"2021-04-06T09:39:00+00:00\" \/>\n<meta property=\"article:modified_time\" content=\"2021-04-06T09:43:52+00:00\" \/>\n<meta property=\"og:image\" content=\"https:\/\/franciscanos.org.br\/noticias\/wp-content\/uploads\/2021\/04\/livros_joao.jpg\" \/>\n\t<meta property=\"og:image:width\" content=\"800\" \/>\n\t<meta property=\"og:image:height\" content=\"550\" \/>\n\t<meta property=\"og:image:type\" content=\"image\/jpeg\" \/>\n<meta name=\"author\" content=\"moacir\" \/>\n<meta name=\"twitter:card\" content=\"summary_large_image\" \/>\n<meta name=\"twitter:label1\" content=\"Escrito por\" \/>\n\t<meta name=\"twitter:data1\" content=\"moacir\" \/>\n\t<meta name=\"twitter:label2\" content=\"Est. tempo de leitura\" \/>\n\t<meta name=\"twitter:data2\" content=\"3 minutos\" \/>\n<script type=\"application\/ld+json\" class=\"yoast-schema-graph\">{\"@context\":\"https:\/\/schema.org\",\"@graph\":[{\"@type\":\"WebSite\",\"@id\":\"https:\/\/franciscanos.org.br\/noticias\/#website\",\"url\":\"https:\/\/franciscanos.org.br\/noticias\/\",\"name\":\"Not\u00edcias - Franciscanos\",\"description\":\"Prov\u00edncia Franciscana da Imaculada Concei\u00e7\u00e3o do Brasil - Ordem dos Frades Menores - OFM\",\"potentialAction\":[{\"@type\":\"SearchAction\",\"target\":{\"@type\":\"EntryPoint\",\"urlTemplate\":\"https:\/\/franciscanos.org.br\/noticias\/?s={search_term_string}\"},\"query-input\":\"required name=search_term_string\"}],\"inLanguage\":\"pt-BR\"},{\"@type\":\"ImageObject\",\"inLanguage\":\"pt-BR\",\"@id\":\"https:\/\/franciscanos.org.br\/noticias\/frei-joao-reinert-lanca-os-livros-paroquia-casa-da-iniciacao-e-comunidade-de-sujeitos-eclesiais-e-trindade-misterio-de-relacao.html#primaryimage\",\"url\":\"https:\/\/franciscanos.org.br\/noticias\/wp-content\/uploads\/2021\/04\/livros_joao.jpg\",\"contentUrl\":\"https:\/\/franciscanos.org.br\/noticias\/wp-content\/uploads\/2021\/04\/livros_joao.jpg\",\"width\":800,\"height\":550},{\"@type\":\"WebPage\",\"@id\":\"https:\/\/franciscanos.org.br\/noticias\/frei-joao-reinert-lanca-os-livros-paroquia-casa-da-iniciacao-e-comunidade-de-sujeitos-eclesiais-e-trindade-misterio-de-relacao.html#webpage\",\"url\":\"https:\/\/franciscanos.org.br\/noticias\/frei-joao-reinert-lanca-os-livros-paroquia-casa-da-iniciacao-e-comunidade-de-sujeitos-eclesiais-e-trindade-misterio-de-relacao.html\",\"name\":\"Frei Jo\u00e3o lan\u00e7a os livros: \\\"Par\u00f3quia: casa da inicia\u00e7\u00e3o e comunidade de sujeitos eclesiais\\\" e \\\"Trindade: mist\u00e9rio de rela\u00e7\u00e3o\\\" - Not\u00edcias - Franciscanos\",\"isPartOf\":{\"@id\":\"https:\/\/franciscanos.org.br\/noticias\/#website\"},\"primaryImageOfPage\":{\"@id\":\"https:\/\/franciscanos.org.br\/noticias\/frei-joao-reinert-lanca-os-livros-paroquia-casa-da-iniciacao-e-comunidade-de-sujeitos-eclesiais-e-trindade-misterio-de-relacao.html#primaryimage\"},\"datePublished\":\"2021-04-06T09:39:00+00:00\",\"dateModified\":\"2021-04-06T09:43:52+00:00\",\"author\":{\"@id\":\"https:\/\/franciscanos.org.br\/noticias\/#\/schema\/person\/b5c8cba458c330ccff548b056e95a5d4\"},\"breadcrumb\":{\"@id\":\"https:\/\/franciscanos.org.br\/noticias\/frei-joao-reinert-lanca-os-livros-paroquia-casa-da-iniciacao-e-comunidade-de-sujeitos-eclesiais-e-trindade-misterio-de-relacao.html#breadcrumb\"},\"inLanguage\":\"pt-BR\",\"potentialAction\":[{\"@type\":\"ReadAction\",\"target\":[\"https:\/\/franciscanos.org.br\/noticias\/frei-joao-reinert-lanca-os-livros-paroquia-casa-da-iniciacao-e-comunidade-de-sujeitos-eclesiais-e-trindade-misterio-de-relacao.html\"]}]},{\"@type\":\"BreadcrumbList\",\"@id\":\"https:\/\/franciscanos.org.br\/noticias\/frei-joao-reinert-lanca-os-livros-paroquia-casa-da-iniciacao-e-comunidade-de-sujeitos-eclesiais-e-trindade-misterio-de-relacao.html#breadcrumb\",\"itemListElement\":[{\"@type\":\"ListItem\",\"position\":1,\"name\":\"Home\",\"item\":\"https:\/\/franciscanos.org.br\/noticias\"},{\"@type\":\"ListItem\",\"position\":2,\"name\":\"Frei Jo\u00e3o lan\u00e7a os livros: &#8220;Par\u00f3quia: casa da inicia\u00e7\u00e3o e comunidade de sujeitos eclesiais&#8221; e &#8220;Trindade: mist\u00e9rio de rela\u00e7\u00e3o&#8221;\"}]},{\"@type\":\"Person\",\"@id\":\"https:\/\/franciscanos.org.br\/noticias\/#\/schema\/person\/b5c8cba458c330ccff548b056e95a5d4\",\"name\":\"moacir\",\"image\":{\"@type\":\"ImageObject\",\"inLanguage\":\"pt-BR\",\"@id\":\"https:\/\/franciscanos.org.br\/noticias\/#\/schema\/person\/image\/\",\"url\":\"https:\/\/secure.gravatar.com\/avatar\/d08aa2ce4c8dd416d4479aa8536fcf64?s=96&d=mm&r=g\",\"contentUrl\":\"https:\/\/secure.gravatar.com\/avatar\/d08aa2ce4c8dd416d4479aa8536fcf64?s=96&d=mm&r=g\",\"caption\":\"moacir\"},\"url\":\"https:\/\/franciscanos.org.br\/noticias\/author\/moacir\"}]}<\/script>\n<!-- \/ Yoast SEO plugin. -->","yoast_head_json":{"title":"Frei Jo\u00e3o lan\u00e7a os livros: \"Par\u00f3quia: casa da inicia\u00e7\u00e3o e comunidade de sujeitos eclesiais\" e \"Trindade: mist\u00e9rio de rela\u00e7\u00e3o\" - Not\u00edcias - Franciscanos","robots":{"index":"index","follow":"follow","max-snippet":"max-snippet:-1","max-image-preview":"max-image-preview:large","max-video-preview":"max-video-preview:-1"},"canonical":"https:\/\/franciscanos.org.br\/noticias\/frei-joao-reinert-lanca-os-livros-paroquia-casa-da-iniciacao-e-comunidade-de-sujeitos-eclesiais-e-trindade-misterio-de-relacao.html","og_locale":"pt_BR","og_type":"article","og_title":"Frei Jo\u00e3o lan\u00e7a os livros: \"Par\u00f3quia: casa da inicia\u00e7\u00e3o e comunidade de sujeitos eclesiais\" e \"Trindade: mist\u00e9rio de rela\u00e7\u00e3o\" - Not\u00edcias - Franciscanos","og_description":"Lan\u00e7amentos","og_url":"https:\/\/franciscanos.org.br\/noticias\/frei-joao-reinert-lanca-os-livros-paroquia-casa-da-iniciacao-e-comunidade-de-sujeitos-eclesiais-e-trindade-misterio-de-relacao.html","og_site_name":"Not\u00edcias - Franciscanos","article_published_time":"2021-04-06T09:39:00+00:00","article_modified_time":"2021-04-06T09:43:52+00:00","og_image":[{"width":800,"height":550,"url":"https:\/\/franciscanos.org.br\/noticias\/wp-content\/uploads\/2021\/04\/livros_joao.jpg","type":"image\/jpeg"}],"author":"moacir","twitter_card":"summary_large_image","twitter_misc":{"Escrito por":"moacir","Est. tempo de leitura":"3 minutos"},"schema":{"@context":"https:\/\/schema.org","@graph":[{"@type":"WebSite","@id":"https:\/\/franciscanos.org.br\/noticias\/#website","url":"https:\/\/franciscanos.org.br\/noticias\/","name":"Not\u00edcias - Franciscanos","description":"Prov\u00edncia Franciscana da Imaculada Concei\u00e7\u00e3o do Brasil - Ordem dos Frades Menores - OFM","potentialAction":[{"@type":"SearchAction","target":{"@type":"EntryPoint","urlTemplate":"https:\/\/franciscanos.org.br\/noticias\/?s={search_term_string}"},"query-input":"required name=search_term_string"}],"inLanguage":"pt-BR"},{"@type":"ImageObject","inLanguage":"pt-BR","@id":"https:\/\/franciscanos.org.br\/noticias\/frei-joao-reinert-lanca-os-livros-paroquia-casa-da-iniciacao-e-comunidade-de-sujeitos-eclesiais-e-trindade-misterio-de-relacao.html#primaryimage","url":"https:\/\/franciscanos.org.br\/noticias\/wp-content\/uploads\/2021\/04\/livros_joao.jpg","contentUrl":"https:\/\/franciscanos.org.br\/noticias\/wp-content\/uploads\/2021\/04\/livros_joao.jpg","width":800,"height":550},{"@type":"WebPage","@id":"https:\/\/franciscanos.org.br\/noticias\/frei-joao-reinert-lanca-os-livros-paroquia-casa-da-iniciacao-e-comunidade-de-sujeitos-eclesiais-e-trindade-misterio-de-relacao.html#webpage","url":"https:\/\/franciscanos.org.br\/noticias\/frei-joao-reinert-lanca-os-livros-paroquia-casa-da-iniciacao-e-comunidade-de-sujeitos-eclesiais-e-trindade-misterio-de-relacao.html","name":"Frei Jo\u00e3o lan\u00e7a os livros: \"Par\u00f3quia: casa da inicia\u00e7\u00e3o e comunidade de sujeitos eclesiais\" e \"Trindade: mist\u00e9rio de rela\u00e7\u00e3o\" - Not\u00edcias - Franciscanos","isPartOf":{"@id":"https:\/\/franciscanos.org.br\/noticias\/#website"},"primaryImageOfPage":{"@id":"https:\/\/franciscanos.org.br\/noticias\/frei-joao-reinert-lanca-os-livros-paroquia-casa-da-iniciacao-e-comunidade-de-sujeitos-eclesiais-e-trindade-misterio-de-relacao.html#primaryimage"},"datePublished":"2021-04-06T09:39:00+00:00","dateModified":"2021-04-06T09:43:52+00:00","author":{"@id":"https:\/\/franciscanos.org.br\/noticias\/#\/schema\/person\/b5c8cba458c330ccff548b056e95a5d4"},"breadcrumb":{"@id":"https:\/\/franciscanos.org.br\/noticias\/frei-joao-reinert-lanca-os-livros-paroquia-casa-da-iniciacao-e-comunidade-de-sujeitos-eclesiais-e-trindade-misterio-de-relacao.html#breadcrumb"},"inLanguage":"pt-BR","potentialAction":[{"@type":"ReadAction","target":["https:\/\/franciscanos.org.br\/noticias\/frei-joao-reinert-lanca-os-livros-paroquia-casa-da-iniciacao-e-comunidade-de-sujeitos-eclesiais-e-trindade-misterio-de-relacao.html"]}]},{"@type":"BreadcrumbList","@id":"https:\/\/franciscanos.org.br\/noticias\/frei-joao-reinert-lanca-os-livros-paroquia-casa-da-iniciacao-e-comunidade-de-sujeitos-eclesiais-e-trindade-misterio-de-relacao.html#breadcrumb","itemListElement":[{"@type":"ListItem","position":1,"name":"Home","item":"https:\/\/franciscanos.org.br\/noticias"},{"@type":"ListItem","position":2,"name":"Frei Jo\u00e3o lan\u00e7a os livros: &#8220;Par\u00f3quia: casa da inicia\u00e7\u00e3o e comunidade de sujeitos eclesiais&#8221; e &#8220;Trindade: mist\u00e9rio de rela\u00e7\u00e3o&#8221;"}]},{"@type":"Person","@id":"https:\/\/franciscanos.org.br\/noticias\/#\/schema\/person\/b5c8cba458c330ccff548b056e95a5d4","name":"moacir","image":{"@type":"ImageObject","inLanguage":"pt-BR","@id":"https:\/\/franciscanos.org.br\/noticias\/#\/schema\/person\/image\/","url":"https:\/\/secure.gravatar.com\/avatar\/d08aa2ce4c8dd416d4479aa8536fcf64?s=96&d=mm&r=g","contentUrl":"https:\/\/secure.gravatar.com\/avatar\/d08aa2ce4c8dd416d4479aa8536fcf64?s=96&d=mm&r=g","caption":"moacir"},"url":"https:\/\/franciscanos.org.br\/noticias\/author\/moacir"}]}},"_links":{"self":[{"href":"https:\/\/franciscanos.org.br\/noticias\/wp-json\/wp\/v2\/posts\/231429"}],"collection":[{"href":"https:\/\/franciscanos.org.br\/noticias\/wp-json\/wp\/v2\/posts"}],"about":[{"href":"https:\/\/franciscanos.org.br\/noticias\/wp-json\/wp\/v2\/types\/post"}],"author":[{"embeddable":true,"href":"https:\/\/franciscanos.org.br\/noticias\/wp-json\/wp\/v2\/users\/3"}],"replies":[{"embeddable":true,"href":"https:\/\/franciscanos.org.br\/noticias\/wp-json\/wp\/v2\/comments?post=231429"}],"version-history":[{"count":3,"href":"https:\/\/franciscanos.org.br\/noticias\/wp-json\/wp\/v2\/posts\/231429\/revisions"}],"predecessor-version":[{"id":231435,"href":"https:\/\/franciscanos.org.br\/noticias\/wp-json\/wp\/v2\/posts\/231429\/revisions\/231435"}],"wp:featuredmedia":[{"embeddable":true,"href":"https:\/\/franciscanos.org.br\/noticias\/wp-json\/wp\/v2\/media\/231436"}],"wp:attachment":[{"href":"https:\/\/franciscanos.org.br\/noticias\/wp-json\/wp\/v2\/media?parent=231429"}],"wp:term":[{"taxonomy":"category","embeddable":true,"href":"https:\/\/franciscanos.org.br\/noticias\/wp-json\/wp\/v2\/categories?post=231429"},{"taxonomy":"post_tag","embeddable":true,"href":"https:\/\/franciscanos.org.br\/noticias\/wp-json\/wp\/v2\/tags?post=231429"}],"curies":[{"name":"wp","href":"https:\/\/api.w.org\/{rel}","templated":true}]}}