{"id":231423,"date":"2021-04-05T17:40:53","date_gmt":"2021-04-05T20:40:53","guid":{"rendered":"https:\/\/franciscanos.org.br\/noticias\/?p=231423"},"modified":"2021-07-05T19:48:51","modified_gmt":"2021-07-05T22:48:51","slug":"pe-anderson-nao-nos-sintamos-sozinhos-em-nossa-dor","status":"publish","type":"post","link":"https:\/\/franciscanos.org.br\/noticias\/pe-anderson-nao-nos-sintamos-sozinhos-em-nossa-dor.html","title":{"rendered":"Pe. Anderson: &#8220;N\u00e3o nos sintamos sozinhos em nossa dor&#8221;"},"content":{"rendered":"<div id=\"attachment_231424\" style=\"width: 1290px\" class=\"wp-caption alignnone\"><img aria-describedby=\"caption-attachment-231424\" loading=\"lazy\" class=\"wp-image-231424 size-full\" src=\"https:\/\/franciscanos.org.br\/noticias\/wp-content\/uploads\/2021\/04\/penha_02.jpg\" alt=\"\" width=\"1280\" height=\"720\" srcset=\"https:\/\/franciscanos.org.br\/noticias\/wp-content\/uploads\/2021\/04\/penha_02.jpg 1280w, https:\/\/franciscanos.org.br\/noticias\/wp-content\/uploads\/2021\/04\/penha_02-450x253.jpg 450w, https:\/\/franciscanos.org.br\/noticias\/wp-content\/uploads\/2021\/04\/penha_02-1024x576.jpg 1024w, https:\/\/franciscanos.org.br\/noticias\/wp-content\/uploads\/2021\/04\/penha_02-768x432.jpg 768w, https:\/\/franciscanos.org.br\/noticias\/wp-content\/uploads\/2021\/04\/penha_02-150x84.jpg 150w\" sizes=\"(max-width: 1280px) 100vw, 1280px\" \/><p id=\"caption-attachment-231424\" class=\"wp-caption-text\">\u00a0 \u00a0 \u00a0 \u00a0 \u00a0 \u00a0 \u00a0 \u00a0 \u00a0 \u00a0 \u00a0 \u00a0 \u00a0 \u00a0 \u00a0 \u00a0 \u00a0 \u00a0 \u00a0 \u00a0 \u00a0 \u00a0 \u00a0 \u00a0 \u00a0 \u00a0 \u00a0 \u00a0 \u00a0 \u00a0 \u00a0 \u00a0 \u00a0 \u00a0 \u00a0 \u00a0 \u00a0 \u00a0 \u00a0 \u00a0 \u00a0 \u00a0 \u00a0 \u00a0 \u00a0 \u00a0 \u00a0 \u00a0 \u00a0 \u00a0 \u00a0 \u00a0 \u00a0 \u00a0 \u00a0 \u00a0 \u00a0<em> \u00a0 \u00a0 Imagens: captura de tela das transmiss\u00f5es digitais<\/em><\/p><\/div>\n<p><strong>Vila Velha (ES)<\/strong> &#8211; No segundo dia do Oitav\u00e1rio da 451\u00aa edi\u00e7\u00e3o da Festa da Penha, Pe. Anderson Teixeira, representando a \u00c1rea Pastoral Vila Velha, presidiu a Celebra\u00e7\u00e3o Eucar\u00edstica, \u00e0s 16 horas, na aconchegante e hist\u00f3rica capela do Convento. A Santa Missa foi transmitida pelas redes sociais, emissoras de TV e r\u00e1dio.<\/p>\n<p>Pe. Anderson, que \u00e9 p\u00e1roco da Par\u00f3quia Santa Rita de C\u00e1ssia, em Vila Velha, focou sua homilia no tema para este dia: &#8220;O olhar comprometido com a transforma\u00e7\u00e3o da realidade&#8221;. O tema geral da Festa \u00e9 &#8220;Vosso olhar a nos volvei&#8221;, tirado da Salve Rainha.<\/p>\n<p>Segundo o celebrante, o olhar humano, como o olhar de Maria, se volta para Jesus, porque \u00e9 ele a raz\u00e3o da nossa esperan\u00e7a. &#8220;E na vit\u00f3ria de Cristo vencemos tamb\u00e9m as adversidades de cada dia. N\u00e3o nos sintamos sozinhos em nossa dor. N\u00e3o nos sintamos abatidos e desanimados e, sobretudo, sozinhos nas ang\u00fastias que passamos. Sintamos a presen\u00e7a transformadora, animadora, do pr\u00f3prio Cristo, que caminha conosco, que vem ao nosso encontro atrav\u00e9s da Eucaristia, atrav\u00e9s da sua Palavra e atrav\u00e9s da sua ora\u00e7\u00e3o silenciosa, que muitas vezes fazemos em nossa casa nesse tempo de pandemia&#8221;, animou Pe. Anderson.<\/p>\n<p><img loading=\"lazy\" class=\"alignnone wp-image-231426 size-full\" src=\"https:\/\/franciscanos.org.br\/noticias\/wp-content\/uploads\/2021\/04\/penha_01.jpg\" alt=\"\" width=\"1280\" height=\"720\" srcset=\"https:\/\/franciscanos.org.br\/noticias\/wp-content\/uploads\/2021\/04\/penha_01.jpg 1280w, https:\/\/franciscanos.org.br\/noticias\/wp-content\/uploads\/2021\/04\/penha_01-450x253.jpg 450w, https:\/\/franciscanos.org.br\/noticias\/wp-content\/uploads\/2021\/04\/penha_01-1024x576.jpg 1024w, https:\/\/franciscanos.org.br\/noticias\/wp-content\/uploads\/2021\/04\/penha_01-768x432.jpg 768w, https:\/\/franciscanos.org.br\/noticias\/wp-content\/uploads\/2021\/04\/penha_01-150x84.jpg 150w\" sizes=\"(max-width: 1280px) 100vw, 1280px\" \/><\/p>\n<p>&#8220;Subimos hoje ao Convento da Penha nesse tempo diferente da nossa realidade. Trazemos nossas vidas, trazemos a realidade que nos cerca e pedimos que nossa Senhora nos ajude a transformar o nosso olhar sobre o mundo. Toda a transforma\u00e7\u00e3o da realidade passa transforma\u00e7\u00e3o da maneira com que enxergamos a realidade. Se olhamos a realidade com olhar pessimista, se olhamos a realidade a partir do mal, a partir da morte, n\u00f3s vemos o caos que est\u00e1 instalado. Quando olhamos a realidade a partir da nossa f\u00e9, a partir da nossa esperan\u00e7a, a partir das possibilidades que temos, de maneira criativa, de amenizar o sofrimento dos mais necessitados, n\u00f3s vemos a realidade com a possibilidade de mudan\u00e7a&#8221;, explicou o celebrante.<\/p>\n<p>Segundo ele, \u00e9 nesse que se celebra o mist\u00e9rio da salva\u00e7\u00e3o. &#8220;A celebra\u00e7\u00e3o eucar\u00edstica, presen\u00e7a real do Cristo Ressuscitado, deve nos levar ao novo olhar. E olhando e meditando sobre Maria, tamb\u00e9m ela nos inspira a este novo olhar da realidade e \u00e0 necessidade de transform\u00e1-la. A nossa f\u00e9 tem um poder enorme. A nossa maneira de crer tem um poder enorme. A alegria que nasce da experi\u00eancia com Cristo tem o poder enorme de transformar e de renovar os nossos cora\u00e7\u00f5es&#8221;, enfatizou.<\/p>\n<p><img loading=\"lazy\" class=\"alignnone wp-image-231427 size-full\" src=\"https:\/\/franciscanos.org.br\/noticias\/wp-content\/uploads\/2021\/04\/penha_03-1.jpg\" alt=\"\" width=\"1280\" height=\"720\" srcset=\"https:\/\/franciscanos.org.br\/noticias\/wp-content\/uploads\/2021\/04\/penha_03-1.jpg 1280w, https:\/\/franciscanos.org.br\/noticias\/wp-content\/uploads\/2021\/04\/penha_03-1-450x253.jpg 450w, https:\/\/franciscanos.org.br\/noticias\/wp-content\/uploads\/2021\/04\/penha_03-1-1024x576.jpg 1024w, https:\/\/franciscanos.org.br\/noticias\/wp-content\/uploads\/2021\/04\/penha_03-1-768x432.jpg 768w, https:\/\/franciscanos.org.br\/noticias\/wp-content\/uploads\/2021\/04\/penha_03-1-150x84.jpg 150w\" sizes=\"(max-width: 1280px) 100vw, 1280px\" \/><\/p>\n<p>&#8220;Por isso, pedindo a intercess\u00e3o da m\u00e3e de Jesus, pedindo a intercess\u00e3o da Virgem da Penha, busquemos aqui, neste Santu\u00e1rio, for\u00e7a, luz, b\u00ean\u00e7\u00e3os e gra\u00e7as para vencermos essa pandemia e vencermos todas as adversidades que assolam e comprometem a vida do nosso povo&#8221;, recomendou.<\/p>\n<p>&#8220;Nossa Senhora da Penha seja sempre um ref\u00fagio para aqueles que esperam em Deus para que possamos ser neste mundo sinal da presen\u00e7a de Cristo, que alegra, que coloca de p\u00e9, que caminha com todos aqueles que sofrem&#8221;, concluiu.<\/p>\n<p>O terceiro dia do Oitav\u00e1rio, 6 de abril, come\u00e7a com a B\u00ean\u00e7\u00e3o do dia pela TV Gazeta. Ao meio-dia, o p\u00fablico ser\u00e1 convidado a uma grande corrente de ora\u00e7\u00e3o atrav\u00e9s do Ter\u00e7o Franciscano, que ser\u00e1 transmitido ao vivo nas redes do Convento da Penha. A primeira Missa do Oitav\u00e1rio, \u00e0s 16 horas, ser\u00e1 presidida Pe. Ronaldo e Pe. Hadeleon, \u00e1rea pastoral Cariacica-Viana. \u00c0s 18 horas, o Programa &#8220;Salve M\u00e3e das Alegrias&#8221; ter\u00e1 a participa\u00e7\u00e3o do cantor Manfredo, terminando o dia com a segunda Missa, \u00e0s 20 horas, presidida por Dom Luiz Fernando Lisboa, bispo da Diocese de Cachoeiro de Itapemirim.<\/p>\n<hr \/>\n<p><em>Moacir Beggo<\/em><\/p>\n","protected":false},"excerpt":{"rendered":"<p>2\u00ba Dia do Oitav\u00e1rio da Festa da Penha<\/p>\n","protected":false},"author":3,"featured_media":231425,"comment_status":"open","ping_status":"open","sticky":false,"template":"","format":"standard","meta":[],"categories":[1],"tags":[245],"acf":[],"yoast_head":"<!-- This site is optimized with the Yoast SEO plugin v19.2 - https:\/\/yoast.com\/wordpress\/plugins\/seo\/ -->\n<title>Pe. Anderson: &quot;N\u00e3o nos sintamos sozinhos em nossa dor&quot; - Not\u00edcias - Franciscanos<\/title>\n<meta name=\"robots\" content=\"index, follow, max-snippet:-1, max-image-preview:large, max-video-preview:-1\" \/>\n<link rel=\"canonical\" href=\"https:\/\/franciscanos.org.br\/noticias\/pe-anderson-nao-nos-sintamos-sozinhos-em-nossa-dor.html\" \/>\n<meta property=\"og:locale\" content=\"pt_BR\" \/>\n<meta property=\"og:type\" content=\"article\" \/>\n<meta property=\"og:title\" content=\"Pe. Anderson: &quot;N\u00e3o nos sintamos sozinhos em nossa dor&quot; - Not\u00edcias - Franciscanos\" \/>\n<meta property=\"og:description\" content=\"2\u00ba Dia do Oitav\u00e1rio da Festa da Penha\" \/>\n<meta property=\"og:url\" content=\"https:\/\/franciscanos.org.br\/noticias\/pe-anderson-nao-nos-sintamos-sozinhos-em-nossa-dor.html\" \/>\n<meta property=\"og:site_name\" content=\"Not\u00edcias - Franciscanos\" \/>\n<meta property=\"article:published_time\" content=\"2021-04-05T20:40:53+00:00\" \/>\n<meta property=\"article:modified_time\" content=\"2021-07-05T22:48:51+00:00\" \/>\n<meta property=\"og:image\" content=\"https:\/\/franciscanos.org.br\/noticias\/wp-content\/uploads\/2021\/04\/penha_02d.jpg\" \/>\n\t<meta property=\"og:image:width\" content=\"800\" \/>\n\t<meta property=\"og:image:height\" content=\"550\" \/>\n\t<meta property=\"og:image:type\" content=\"image\/jpeg\" \/>\n<meta name=\"author\" content=\"moacir\" \/>\n<meta name=\"twitter:card\" content=\"summary_large_image\" \/>\n<meta name=\"twitter:label1\" content=\"Escrito por\" \/>\n\t<meta name=\"twitter:data1\" content=\"moacir\" \/>\n\t<meta name=\"twitter:label2\" content=\"Est. tempo de leitura\" \/>\n\t<meta name=\"twitter:data2\" content=\"3 minutos\" \/>\n<script type=\"application\/ld+json\" class=\"yoast-schema-graph\">{\"@context\":\"https:\/\/schema.org\",\"@graph\":[{\"@type\":\"WebSite\",\"@id\":\"https:\/\/franciscanos.org.br\/noticias\/#website\",\"url\":\"https:\/\/franciscanos.org.br\/noticias\/\",\"name\":\"Not\u00edcias - Franciscanos\",\"description\":\"Prov\u00edncia Franciscana da Imaculada Concei\u00e7\u00e3o do Brasil - Ordem dos Frades Menores - OFM\",\"potentialAction\":[{\"@type\":\"SearchAction\",\"target\":{\"@type\":\"EntryPoint\",\"urlTemplate\":\"https:\/\/franciscanos.org.br\/noticias\/?s={search_term_string}\"},\"query-input\":\"required name=search_term_string\"}],\"inLanguage\":\"pt-BR\"},{\"@type\":\"ImageObject\",\"inLanguage\":\"pt-BR\",\"@id\":\"https:\/\/franciscanos.org.br\/noticias\/pe-anderson-nao-nos-sintamos-sozinhos-em-nossa-dor.html#primaryimage\",\"url\":\"https:\/\/franciscanos.org.br\/noticias\/wp-content\/uploads\/2021\/04\/penha_02d.jpg\",\"contentUrl\":\"https:\/\/franciscanos.org.br\/noticias\/wp-content\/uploads\/2021\/04\/penha_02d.jpg\",\"width\":800,\"height\":550},{\"@type\":\"WebPage\",\"@id\":\"https:\/\/franciscanos.org.br\/noticias\/pe-anderson-nao-nos-sintamos-sozinhos-em-nossa-dor.html#webpage\",\"url\":\"https:\/\/franciscanos.org.br\/noticias\/pe-anderson-nao-nos-sintamos-sozinhos-em-nossa-dor.html\",\"name\":\"Pe. Anderson: \\\"N\u00e3o nos sintamos sozinhos em nossa dor\\\" - Not\u00edcias - Franciscanos\",\"isPartOf\":{\"@id\":\"https:\/\/franciscanos.org.br\/noticias\/#website\"},\"primaryImageOfPage\":{\"@id\":\"https:\/\/franciscanos.org.br\/noticias\/pe-anderson-nao-nos-sintamos-sozinhos-em-nossa-dor.html#primaryimage\"},\"datePublished\":\"2021-04-05T20:40:53+00:00\",\"dateModified\":\"2021-07-05T22:48:51+00:00\",\"author\":{\"@id\":\"https:\/\/franciscanos.org.br\/noticias\/#\/schema\/person\/b5c8cba458c330ccff548b056e95a5d4\"},\"breadcrumb\":{\"@id\":\"https:\/\/franciscanos.org.br\/noticias\/pe-anderson-nao-nos-sintamos-sozinhos-em-nossa-dor.html#breadcrumb\"},\"inLanguage\":\"pt-BR\",\"potentialAction\":[{\"@type\":\"ReadAction\",\"target\":[\"https:\/\/franciscanos.org.br\/noticias\/pe-anderson-nao-nos-sintamos-sozinhos-em-nossa-dor.html\"]}]},{\"@type\":\"BreadcrumbList\",\"@id\":\"https:\/\/franciscanos.org.br\/noticias\/pe-anderson-nao-nos-sintamos-sozinhos-em-nossa-dor.html#breadcrumb\",\"itemListElement\":[{\"@type\":\"ListItem\",\"position\":1,\"name\":\"Home\",\"item\":\"https:\/\/franciscanos.org.br\/noticias\"},{\"@type\":\"ListItem\",\"position\":2,\"name\":\"Pe. Anderson: &#8220;N\u00e3o nos sintamos sozinhos em nossa dor&#8221;\"}]},{\"@type\":\"Person\",\"@id\":\"https:\/\/franciscanos.org.br\/noticias\/#\/schema\/person\/b5c8cba458c330ccff548b056e95a5d4\",\"name\":\"moacir\",\"image\":{\"@type\":\"ImageObject\",\"inLanguage\":\"pt-BR\",\"@id\":\"https:\/\/franciscanos.org.br\/noticias\/#\/schema\/person\/image\/\",\"url\":\"https:\/\/secure.gravatar.com\/avatar\/d08aa2ce4c8dd416d4479aa8536fcf64?s=96&d=mm&r=g\",\"contentUrl\":\"https:\/\/secure.gravatar.com\/avatar\/d08aa2ce4c8dd416d4479aa8536fcf64?s=96&d=mm&r=g\",\"caption\":\"moacir\"},\"url\":\"https:\/\/franciscanos.org.br\/noticias\/author\/moacir\"}]}<\/script>\n<!-- \/ Yoast SEO plugin. -->","yoast_head_json":{"title":"Pe. Anderson: \"N\u00e3o nos sintamos sozinhos em nossa dor\" - Not\u00edcias - Franciscanos","robots":{"index":"index","follow":"follow","max-snippet":"max-snippet:-1","max-image-preview":"max-image-preview:large","max-video-preview":"max-video-preview:-1"},"canonical":"https:\/\/franciscanos.org.br\/noticias\/pe-anderson-nao-nos-sintamos-sozinhos-em-nossa-dor.html","og_locale":"pt_BR","og_type":"article","og_title":"Pe. Anderson: \"N\u00e3o nos sintamos sozinhos em nossa dor\" - Not\u00edcias - Franciscanos","og_description":"2\u00ba Dia do Oitav\u00e1rio da Festa da Penha","og_url":"https:\/\/franciscanos.org.br\/noticias\/pe-anderson-nao-nos-sintamos-sozinhos-em-nossa-dor.html","og_site_name":"Not\u00edcias - Franciscanos","article_published_time":"2021-04-05T20:40:53+00:00","article_modified_time":"2021-07-05T22:48:51+00:00","og_image":[{"width":800,"height":550,"url":"https:\/\/franciscanos.org.br\/noticias\/wp-content\/uploads\/2021\/04\/penha_02d.jpg","type":"image\/jpeg"}],"author":"moacir","twitter_card":"summary_large_image","twitter_misc":{"Escrito por":"moacir","Est. tempo de leitura":"3 minutos"},"schema":{"@context":"https:\/\/schema.org","@graph":[{"@type":"WebSite","@id":"https:\/\/franciscanos.org.br\/noticias\/#website","url":"https:\/\/franciscanos.org.br\/noticias\/","name":"Not\u00edcias - Franciscanos","description":"Prov\u00edncia Franciscana da Imaculada Concei\u00e7\u00e3o do Brasil - Ordem dos Frades Menores - OFM","potentialAction":[{"@type":"SearchAction","target":{"@type":"EntryPoint","urlTemplate":"https:\/\/franciscanos.org.br\/noticias\/?s={search_term_string}"},"query-input":"required name=search_term_string"}],"inLanguage":"pt-BR"},{"@type":"ImageObject","inLanguage":"pt-BR","@id":"https:\/\/franciscanos.org.br\/noticias\/pe-anderson-nao-nos-sintamos-sozinhos-em-nossa-dor.html#primaryimage","url":"https:\/\/franciscanos.org.br\/noticias\/wp-content\/uploads\/2021\/04\/penha_02d.jpg","contentUrl":"https:\/\/franciscanos.org.br\/noticias\/wp-content\/uploads\/2021\/04\/penha_02d.jpg","width":800,"height":550},{"@type":"WebPage","@id":"https:\/\/franciscanos.org.br\/noticias\/pe-anderson-nao-nos-sintamos-sozinhos-em-nossa-dor.html#webpage","url":"https:\/\/franciscanos.org.br\/noticias\/pe-anderson-nao-nos-sintamos-sozinhos-em-nossa-dor.html","name":"Pe. Anderson: \"N\u00e3o nos sintamos sozinhos em nossa dor\" - Not\u00edcias - Franciscanos","isPartOf":{"@id":"https:\/\/franciscanos.org.br\/noticias\/#website"},"primaryImageOfPage":{"@id":"https:\/\/franciscanos.org.br\/noticias\/pe-anderson-nao-nos-sintamos-sozinhos-em-nossa-dor.html#primaryimage"},"datePublished":"2021-04-05T20:40:53+00:00","dateModified":"2021-07-05T22:48:51+00:00","author":{"@id":"https:\/\/franciscanos.org.br\/noticias\/#\/schema\/person\/b5c8cba458c330ccff548b056e95a5d4"},"breadcrumb":{"@id":"https:\/\/franciscanos.org.br\/noticias\/pe-anderson-nao-nos-sintamos-sozinhos-em-nossa-dor.html#breadcrumb"},"inLanguage":"pt-BR","potentialAction":[{"@type":"ReadAction","target":["https:\/\/franciscanos.org.br\/noticias\/pe-anderson-nao-nos-sintamos-sozinhos-em-nossa-dor.html"]}]},{"@type":"BreadcrumbList","@id":"https:\/\/franciscanos.org.br\/noticias\/pe-anderson-nao-nos-sintamos-sozinhos-em-nossa-dor.html#breadcrumb","itemListElement":[{"@type":"ListItem","position":1,"name":"Home","item":"https:\/\/franciscanos.org.br\/noticias"},{"@type":"ListItem","position":2,"name":"Pe. Anderson: &#8220;N\u00e3o nos sintamos sozinhos em nossa dor&#8221;"}]},{"@type":"Person","@id":"https:\/\/franciscanos.org.br\/noticias\/#\/schema\/person\/b5c8cba458c330ccff548b056e95a5d4","name":"moacir","image":{"@type":"ImageObject","inLanguage":"pt-BR","@id":"https:\/\/franciscanos.org.br\/noticias\/#\/schema\/person\/image\/","url":"https:\/\/secure.gravatar.com\/avatar\/d08aa2ce4c8dd416d4479aa8536fcf64?s=96&d=mm&r=g","contentUrl":"https:\/\/secure.gravatar.com\/avatar\/d08aa2ce4c8dd416d4479aa8536fcf64?s=96&d=mm&r=g","caption":"moacir"},"url":"https:\/\/franciscanos.org.br\/noticias\/author\/moacir"}]}},"_links":{"self":[{"href":"https:\/\/franciscanos.org.br\/noticias\/wp-json\/wp\/v2\/posts\/231423"}],"collection":[{"href":"https:\/\/franciscanos.org.br\/noticias\/wp-json\/wp\/v2\/posts"}],"about":[{"href":"https:\/\/franciscanos.org.br\/noticias\/wp-json\/wp\/v2\/types\/post"}],"author":[{"embeddable":true,"href":"https:\/\/franciscanos.org.br\/noticias\/wp-json\/wp\/v2\/users\/3"}],"replies":[{"embeddable":true,"href":"https:\/\/franciscanos.org.br\/noticias\/wp-json\/wp\/v2\/comments?post=231423"}],"version-history":[{"count":1,"href":"https:\/\/franciscanos.org.br\/noticias\/wp-json\/wp\/v2\/posts\/231423\/revisions"}],"predecessor-version":[{"id":231428,"href":"https:\/\/franciscanos.org.br\/noticias\/wp-json\/wp\/v2\/posts\/231423\/revisions\/231428"}],"wp:featuredmedia":[{"embeddable":true,"href":"https:\/\/franciscanos.org.br\/noticias\/wp-json\/wp\/v2\/media\/231425"}],"wp:attachment":[{"href":"https:\/\/franciscanos.org.br\/noticias\/wp-json\/wp\/v2\/media?parent=231423"}],"wp:term":[{"taxonomy":"category","embeddable":true,"href":"https:\/\/franciscanos.org.br\/noticias\/wp-json\/wp\/v2\/categories?post=231423"},{"taxonomy":"post_tag","embeddable":true,"href":"https:\/\/franciscanos.org.br\/noticias\/wp-json\/wp\/v2\/tags?post=231423"}],"curies":[{"name":"wp","href":"https:\/\/api.w.org\/{rel}","templated":true}]}}