{"id":231419,"date":"2021-04-05T10:50:52","date_gmt":"2021-04-05T13:50:52","guid":{"rendered":"https:\/\/franciscanos.org.br\/noticias\/?p=231419"},"modified":"2021-04-05T10:50:52","modified_gmt":"2021-04-05T13:50:52","slug":"a-presenca-franciscana-na-terra-santa-a-custodia-em-numeros","status":"publish","type":"post","link":"https:\/\/franciscanos.org.br\/noticias\/a-presenca-franciscana-na-terra-santa-a-custodia-em-numeros.html","title":{"rendered":"A presen\u00e7a franciscana na Terra Santa: a Cust\u00f3dia em n\u00fameros"},"content":{"rendered":"<div id=\"attachment_231420\" style=\"width: 1214px\" class=\"wp-caption alignnone\"><img aria-describedby=\"caption-attachment-231420\" loading=\"lazy\" class=\"wp-image-231420 size-full\" src=\"https:\/\/franciscanos.org.br\/noticias\/wp-content\/uploads\/2021\/04\/terrasanta_01.jpg\" alt=\"\" width=\"1204\" height=\"678\" srcset=\"https:\/\/franciscanos.org.br\/noticias\/wp-content\/uploads\/2021\/04\/terrasanta_01.jpg 1204w, https:\/\/franciscanos.org.br\/noticias\/wp-content\/uploads\/2021\/04\/terrasanta_01-450x253.jpg 450w, https:\/\/franciscanos.org.br\/noticias\/wp-content\/uploads\/2021\/04\/terrasanta_01-1024x577.jpg 1024w, https:\/\/franciscanos.org.br\/noticias\/wp-content\/uploads\/2021\/04\/terrasanta_01-768x432.jpg 768w, https:\/\/franciscanos.org.br\/noticias\/wp-content\/uploads\/2021\/04\/terrasanta_01-150x84.jpg 150w\" sizes=\"(max-width: 1204px) 100vw, 1204px\" \/><p id=\"caption-attachment-231420\" class=\"wp-caption-text\">\u00a0 \u00a0 \u00a0 \u00a0 \u00a0 \u00a0 \u00a0 \u00a0 \u00a0 \u00a0 \u00a0 \u00a0 \u00a0 \u00a0 \u00a0 \u00a0 \u00a0 \u00a0 \u00a0 \u00a0 \u00a0 \u00a0 \u00a0 \u00a0 \u00a0 \u00a0 \u00a0 \u00a0 \u00a0 \u00a0 \u00a0 \u00a0 \u00a0 \u00a0 \u00a0 \u00a0 \u00a0 \u00a0 \u00a0 \u00a0 \u00a0 \u00a0 \u00a0 \u00a0 \u00a0 \u00a0 \u00a0 \u00a0 \u00a0 \u00a0 \u00a0 \u00a0 \u00a0 \u00a0 \u00a0 \u00a0 <em>\u00a0 \u00a0 \u00a0 \u00a0 \u00a0 \u00a0 \u00a0 \u00a0 Imagem: Vatican News<\/em><\/p><\/div>\n<p>Hist\u00f3ria, ra\u00edzes, mem\u00f3ria: as da Cust\u00f3dia da Terra Santa remontam h\u00e1 mais de 800 anos. Quando S\u00e3o Francisco de Assis enviou seus frades para estabelecer a &#8220;Prov\u00edncia de Al\u00e9m Mar&#8221;. Pouco depois, eles mesmos receberiam um mandato claro: guardar &#8211; em nome da Igreja Cat\u00f3lica &#8211; os Lugares Santos, testemunhas da vida, morte e Ressurrei\u00e7\u00e3o de Jesus.<\/p>\n<p>No arquivo custodial encontramos documentos muito preciosos: da bula de 1342 com a qual o Papa Clemente VI instituiu a Cust\u00f3dia da Terra Santa a outros documentos.<\/p>\n<p>800 anos de presen\u00e7a franciscana na Terra Santa. Mem\u00f3ria, hist\u00f3ria e ra\u00edzes que, para Frei Francesco Patton, s\u00e3o fundamentais. Eis a Cust\u00f3dia da Terra Santa em n\u00fameros:<\/p>\n<p><b>Fr. FRANCESCO PATTON, ofm &#8211; Cust\u00f3dio da Terra Santa<\/b><\/p>\n<p><i>300 mission\u00e1rios, 80 santu\u00e1rios, 25 par\u00f3quias, 18 escolas, 5 lares para enfermos e \u00f3rf\u00e3os, 6 lares para peregrinos, 3 institutos acad\u00eamicos, 2 editoras, 1.074 postos de trabalho, 630 unidades habitacionais para fam\u00edlias carentes, mais de 500 bolsas anuais para estudantes universit\u00e1rios, 1.470 casas reconstru\u00eddas na S\u00edria.<\/i><\/p>\n<p>A educa\u00e7\u00e3o e o crescimento das novas gera\u00e7\u00f5es s\u00e3o alguns dos campos aos quais a Cust\u00f3dia da Terra Santa dedica maior aten\u00e7\u00e3o. Uma atividade di\u00e1ria que se concretiza nas 15 escolas que mant\u00e9m em 5 pa\u00edses, frequentadas por 11.000 alunos e 1.100 professores.<\/p>\n<p><iframe loading=\"lazy\" title=\"Comissariado da Terra Santa | A Cust\u00f3dia em n\u00fameros\" width=\"500\" height=\"281\" src=\"https:\/\/www.youtube.com\/embed\/DQFsz8IaKz0?feature=oembed\" frameborder=\"0\" allow=\"accelerometer; autoplay; clipboard-write; encrypted-media; gyroscope; picture-in-picture\" allowfullscreen><\/iframe><\/p>\n<p><b>Fr. IBRAHIM FALTAS, ofm &#8211; Diretor das Escolas Terra Santa<\/b><\/p>\n<p><i>H\u00e1 uma bela conviv\u00eancia e um belo di\u00e1logo ecum\u00eanico em nossas escolas. Vivemos essa conviv\u00eancia praticamente todos os dias.<\/i><\/p>\n<p><b>Fr. FRANCESCO PATTON, ofm &#8211; Cust\u00f3dio da Terra Santa<\/b><\/p>\n<p><i>Entre as escolas existe uma, a escola de m\u00fasica &#8220;Magnificat&#8221;, que tem a particularidade de ver judeus, crist\u00e3os e mu\u00e7ulmanos juntos.<\/i><\/p>\n<p><b>Fr. ALBERTO PARI, ofm &#8211; Diretor da escola de m\u00fasica \u201cMagnificat\u201d<\/b><\/p>\n<p><i>\u00c9 um grande projeto da Cust\u00f3dia da Terra Santa, e \u00e9 uma escola aberta a todos: a maioria dos alunos \u00e9 crist\u00e3, mas tamb\u00e9m h\u00e1 mu\u00e7ulmanos e judeus. Temos a grande esperan\u00e7a de formar uma gera\u00e7\u00e3o de m\u00fasicos sem fronteiras.<\/i><\/p>\n<p>A Cust\u00f3dia da Terra Santa oferece mais de 582 casas em Jerusal\u00e9m &#8211; distribu\u00eddas dentro e fora da cidade antiga \u2013 al\u00e9m de 72 casas em Bel\u00e9m, abrigando aproximadamente 2.050 pessoas no total.<\/p>\n<p><b>GRAZIELLA QAMAR &#8211; Moradora da Cidade Antiga de Jerusal\u00e9m<\/b><\/p>\n<p><i>Esta casa \u00e9 toda a minha vida. \u00c9 um lugar especial para mim e nunca poderia deix\u00e1-la. Meu filho Musa tentou v\u00e1rias vezes me persuadir a ir morar fora do pa\u00eds, mas sempre respondi com uma recusa absoluta.<\/i><\/p>\n<p>At\u00e9 o momento, os pedidos de moradia atingiram mais de 700, dos quais pelo menos 250 s\u00e3o urgentes.<\/p>\n<p>Na S\u00edria, desde 2017, a Cust\u00f3dia ajuda a popula\u00e7\u00e3o local a reconstruir ou reformar as pr\u00f3prias casas afetadas pela longa guerra iniciada em 2011. Ajuda chega nas pequenas cidades atrav\u00e9s dos p\u00e1rocos, e em particular em Alepo, em colabora\u00e7\u00e3o com a Associa\u00e7\u00e3o Pr\u00f3 Terra Santa, j\u00e1 foram reconstru\u00eddas 700 casas.<\/p>\n<p>Mas a primeira e principal miss\u00e3o para os franciscanos permanece sempre a mesma: guardar os Lugares Santos. S\u00e3o 80 santu\u00e1rios presentes nas atuais fronteiras de Israel, Palestina, Jord\u00e2nia e S\u00edria.<\/p>\n<p>Do Monte Nebo, lugar de onde Mois\u00e9s contemplou a Terra Prometida&#8230;aos santu\u00e1rios da vida, paix\u00e3o e morte de Jesus. Jerusal\u00e9m \u00e9 considerada o cora\u00e7\u00e3o da Terra Santa.<\/p>\n<p>No Monte das Oliveiras, os Santu\u00e1rios da Paix\u00e3o: o pranto e o lamento de Jesus sobre Jerusal\u00e9m s\u00e3o celebrados na igreja de Dominus Flevit, que oferece uma das vistas mais significativas da Cidade Santa.<\/p>\n<p>Poucos metros abaixo, ao lado do jardim das oliveiras, est\u00e1 a Bas\u00edlica do Gets\u00eamani, local onde Jesus rezou na noite da Quinta-feira Santa, antes de ser preso.<\/p>\n<p>Dentro das Muralhas de Jerusal\u00e9m, os peregrinos refazem as XIV esta\u00e7\u00f5es da Via-Sacra. Uma pr\u00e1tica iniciada pelos franciscanos em 1600 e que se repete todas as sextas-feiras at\u00e9 hoje.<\/p>\n<p>Mas Jerusal\u00e9m tem um cora\u00e7\u00e3o para os crist\u00e3os: a Bas\u00edlica do Santo Sepulcro, onde se encontram o Calv\u00e1rio e o T\u00famulo de Jesus.<\/p>\n<p><b>Fr. FRANCESCO PATTON, ofm &#8211; Cust\u00f3dio da Terra Santa<\/b><\/p>\n<p><i>Por isso, todos os anos pedimos ajuda, tamb\u00e9m no sentido econ\u00f4mico, de todos os crist\u00e3os do mundo, e agradecemos tudo o que os crist\u00e3os de todo o mundo nos d\u00e3o como express\u00e3o de sua proximidade, sua solidariedade e seu amor.<\/i><\/p>\n<hr \/>\n<p><em>Vatican News\u00a0 com Lurdinha Nunes do Cristian Media Center.<\/em><\/p>\n","protected":false},"excerpt":{"rendered":"<p>Cust\u00f3dia Franciscana da Terra Santa<\/p>\n","protected":false},"author":3,"featured_media":231421,"comment_status":"open","ping_status":"open","sticky":false,"template":"","format":"standard","meta":[],"categories":[1],"tags":[1429],"acf":[],"yoast_head":"<!-- This site is optimized with the Yoast SEO plugin v19.2 - https:\/\/yoast.com\/wordpress\/plugins\/seo\/ -->\n<title>A presen\u00e7a franciscana na Terra Santa: a Cust\u00f3dia em n\u00fameros - Not\u00edcias - Franciscanos<\/title>\n<meta name=\"robots\" content=\"index, follow, max-snippet:-1, max-image-preview:large, max-video-preview:-1\" \/>\n<link rel=\"canonical\" href=\"https:\/\/franciscanos.org.br\/noticias\/a-presenca-franciscana-na-terra-santa-a-custodia-em-numeros.html\" \/>\n<meta property=\"og:locale\" content=\"pt_BR\" \/>\n<meta property=\"og:type\" content=\"article\" \/>\n<meta property=\"og:title\" content=\"A presen\u00e7a franciscana na Terra Santa: a Cust\u00f3dia em n\u00fameros - Not\u00edcias - Franciscanos\" \/>\n<meta property=\"og:description\" content=\"Cust\u00f3dia Franciscana da Terra Santa\" \/>\n<meta property=\"og:url\" content=\"https:\/\/franciscanos.org.br\/noticias\/a-presenca-franciscana-na-terra-santa-a-custodia-em-numeros.html\" \/>\n<meta property=\"og:site_name\" content=\"Not\u00edcias - Franciscanos\" \/>\n<meta property=\"article:published_time\" content=\"2021-04-05T13:50:52+00:00\" \/>\n<meta property=\"og:image\" content=\"https:\/\/franciscanos.org.br\/noticias\/wp-content\/uploads\/2021\/04\/terrasanta_01d.jpg\" \/>\n\t<meta property=\"og:image:width\" content=\"800\" \/>\n\t<meta property=\"og:image:height\" content=\"550\" \/>\n\t<meta property=\"og:image:type\" content=\"image\/jpeg\" \/>\n<meta name=\"author\" content=\"moacir\" \/>\n<meta name=\"twitter:card\" content=\"summary_large_image\" \/>\n<meta name=\"twitter:label1\" content=\"Escrito por\" \/>\n\t<meta name=\"twitter:data1\" content=\"moacir\" \/>\n\t<meta name=\"twitter:label2\" content=\"Est. tempo de leitura\" \/>\n\t<meta name=\"twitter:data2\" content=\"4 minutos\" \/>\n<script type=\"application\/ld+json\" class=\"yoast-schema-graph\">{\"@context\":\"https:\/\/schema.org\",\"@graph\":[{\"@type\":\"WebSite\",\"@id\":\"https:\/\/franciscanos.org.br\/noticias\/#website\",\"url\":\"https:\/\/franciscanos.org.br\/noticias\/\",\"name\":\"Not\u00edcias - Franciscanos\",\"description\":\"Prov\u00edncia Franciscana da Imaculada Concei\u00e7\u00e3o do Brasil - Ordem dos Frades Menores - OFM\",\"potentialAction\":[{\"@type\":\"SearchAction\",\"target\":{\"@type\":\"EntryPoint\",\"urlTemplate\":\"https:\/\/franciscanos.org.br\/noticias\/?s={search_term_string}\"},\"query-input\":\"required name=search_term_string\"}],\"inLanguage\":\"pt-BR\"},{\"@type\":\"ImageObject\",\"inLanguage\":\"pt-BR\",\"@id\":\"https:\/\/franciscanos.org.br\/noticias\/a-presenca-franciscana-na-terra-santa-a-custodia-em-numeros.html#primaryimage\",\"url\":\"https:\/\/franciscanos.org.br\/noticias\/wp-content\/uploads\/2021\/04\/terrasanta_01d.jpg\",\"contentUrl\":\"https:\/\/franciscanos.org.br\/noticias\/wp-content\/uploads\/2021\/04\/terrasanta_01d.jpg\",\"width\":800,\"height\":550},{\"@type\":\"WebPage\",\"@id\":\"https:\/\/franciscanos.org.br\/noticias\/a-presenca-franciscana-na-terra-santa-a-custodia-em-numeros.html#webpage\",\"url\":\"https:\/\/franciscanos.org.br\/noticias\/a-presenca-franciscana-na-terra-santa-a-custodia-em-numeros.html\",\"name\":\"A presen\u00e7a franciscana na Terra Santa: a Cust\u00f3dia em n\u00fameros - Not\u00edcias - Franciscanos\",\"isPartOf\":{\"@id\":\"https:\/\/franciscanos.org.br\/noticias\/#website\"},\"primaryImageOfPage\":{\"@id\":\"https:\/\/franciscanos.org.br\/noticias\/a-presenca-franciscana-na-terra-santa-a-custodia-em-numeros.html#primaryimage\"},\"datePublished\":\"2021-04-05T13:50:52+00:00\",\"dateModified\":\"2021-04-05T13:50:52+00:00\",\"author\":{\"@id\":\"https:\/\/franciscanos.org.br\/noticias\/#\/schema\/person\/b5c8cba458c330ccff548b056e95a5d4\"},\"breadcrumb\":{\"@id\":\"https:\/\/franciscanos.org.br\/noticias\/a-presenca-franciscana-na-terra-santa-a-custodia-em-numeros.html#breadcrumb\"},\"inLanguage\":\"pt-BR\",\"potentialAction\":[{\"@type\":\"ReadAction\",\"target\":[\"https:\/\/franciscanos.org.br\/noticias\/a-presenca-franciscana-na-terra-santa-a-custodia-em-numeros.html\"]}]},{\"@type\":\"BreadcrumbList\",\"@id\":\"https:\/\/franciscanos.org.br\/noticias\/a-presenca-franciscana-na-terra-santa-a-custodia-em-numeros.html#breadcrumb\",\"itemListElement\":[{\"@type\":\"ListItem\",\"position\":1,\"name\":\"Home\",\"item\":\"https:\/\/franciscanos.org.br\/noticias\"},{\"@type\":\"ListItem\",\"position\":2,\"name\":\"A presen\u00e7a franciscana na Terra Santa: a Cust\u00f3dia em n\u00fameros\"}]},{\"@type\":\"Person\",\"@id\":\"https:\/\/franciscanos.org.br\/noticias\/#\/schema\/person\/b5c8cba458c330ccff548b056e95a5d4\",\"name\":\"moacir\",\"image\":{\"@type\":\"ImageObject\",\"inLanguage\":\"pt-BR\",\"@id\":\"https:\/\/franciscanos.org.br\/noticias\/#\/schema\/person\/image\/\",\"url\":\"https:\/\/secure.gravatar.com\/avatar\/d08aa2ce4c8dd416d4479aa8536fcf64?s=96&d=mm&r=g\",\"contentUrl\":\"https:\/\/secure.gravatar.com\/avatar\/d08aa2ce4c8dd416d4479aa8536fcf64?s=96&d=mm&r=g\",\"caption\":\"moacir\"},\"url\":\"https:\/\/franciscanos.org.br\/noticias\/author\/moacir\"}]}<\/script>\n<!-- \/ Yoast SEO plugin. -->","yoast_head_json":{"title":"A presen\u00e7a franciscana na Terra Santa: a Cust\u00f3dia em n\u00fameros - Not\u00edcias - Franciscanos","robots":{"index":"index","follow":"follow","max-snippet":"max-snippet:-1","max-image-preview":"max-image-preview:large","max-video-preview":"max-video-preview:-1"},"canonical":"https:\/\/franciscanos.org.br\/noticias\/a-presenca-franciscana-na-terra-santa-a-custodia-em-numeros.html","og_locale":"pt_BR","og_type":"article","og_title":"A presen\u00e7a franciscana na Terra Santa: a Cust\u00f3dia em n\u00fameros - Not\u00edcias - Franciscanos","og_description":"Cust\u00f3dia Franciscana da Terra Santa","og_url":"https:\/\/franciscanos.org.br\/noticias\/a-presenca-franciscana-na-terra-santa-a-custodia-em-numeros.html","og_site_name":"Not\u00edcias - Franciscanos","article_published_time":"2021-04-05T13:50:52+00:00","og_image":[{"width":800,"height":550,"url":"https:\/\/franciscanos.org.br\/noticias\/wp-content\/uploads\/2021\/04\/terrasanta_01d.jpg","type":"image\/jpeg"}],"author":"moacir","twitter_card":"summary_large_image","twitter_misc":{"Escrito por":"moacir","Est. tempo de leitura":"4 minutos"},"schema":{"@context":"https:\/\/schema.org","@graph":[{"@type":"WebSite","@id":"https:\/\/franciscanos.org.br\/noticias\/#website","url":"https:\/\/franciscanos.org.br\/noticias\/","name":"Not\u00edcias - Franciscanos","description":"Prov\u00edncia Franciscana da Imaculada Concei\u00e7\u00e3o do Brasil - Ordem dos Frades Menores - OFM","potentialAction":[{"@type":"SearchAction","target":{"@type":"EntryPoint","urlTemplate":"https:\/\/franciscanos.org.br\/noticias\/?s={search_term_string}"},"query-input":"required name=search_term_string"}],"inLanguage":"pt-BR"},{"@type":"ImageObject","inLanguage":"pt-BR","@id":"https:\/\/franciscanos.org.br\/noticias\/a-presenca-franciscana-na-terra-santa-a-custodia-em-numeros.html#primaryimage","url":"https:\/\/franciscanos.org.br\/noticias\/wp-content\/uploads\/2021\/04\/terrasanta_01d.jpg","contentUrl":"https:\/\/franciscanos.org.br\/noticias\/wp-content\/uploads\/2021\/04\/terrasanta_01d.jpg","width":800,"height":550},{"@type":"WebPage","@id":"https:\/\/franciscanos.org.br\/noticias\/a-presenca-franciscana-na-terra-santa-a-custodia-em-numeros.html#webpage","url":"https:\/\/franciscanos.org.br\/noticias\/a-presenca-franciscana-na-terra-santa-a-custodia-em-numeros.html","name":"A presen\u00e7a franciscana na Terra Santa: a Cust\u00f3dia em n\u00fameros - Not\u00edcias - Franciscanos","isPartOf":{"@id":"https:\/\/franciscanos.org.br\/noticias\/#website"},"primaryImageOfPage":{"@id":"https:\/\/franciscanos.org.br\/noticias\/a-presenca-franciscana-na-terra-santa-a-custodia-em-numeros.html#primaryimage"},"datePublished":"2021-04-05T13:50:52+00:00","dateModified":"2021-04-05T13:50:52+00:00","author":{"@id":"https:\/\/franciscanos.org.br\/noticias\/#\/schema\/person\/b5c8cba458c330ccff548b056e95a5d4"},"breadcrumb":{"@id":"https:\/\/franciscanos.org.br\/noticias\/a-presenca-franciscana-na-terra-santa-a-custodia-em-numeros.html#breadcrumb"},"inLanguage":"pt-BR","potentialAction":[{"@type":"ReadAction","target":["https:\/\/franciscanos.org.br\/noticias\/a-presenca-franciscana-na-terra-santa-a-custodia-em-numeros.html"]}]},{"@type":"BreadcrumbList","@id":"https:\/\/franciscanos.org.br\/noticias\/a-presenca-franciscana-na-terra-santa-a-custodia-em-numeros.html#breadcrumb","itemListElement":[{"@type":"ListItem","position":1,"name":"Home","item":"https:\/\/franciscanos.org.br\/noticias"},{"@type":"ListItem","position":2,"name":"A presen\u00e7a franciscana na Terra Santa: a Cust\u00f3dia em n\u00fameros"}]},{"@type":"Person","@id":"https:\/\/franciscanos.org.br\/noticias\/#\/schema\/person\/b5c8cba458c330ccff548b056e95a5d4","name":"moacir","image":{"@type":"ImageObject","inLanguage":"pt-BR","@id":"https:\/\/franciscanos.org.br\/noticias\/#\/schema\/person\/image\/","url":"https:\/\/secure.gravatar.com\/avatar\/d08aa2ce4c8dd416d4479aa8536fcf64?s=96&d=mm&r=g","contentUrl":"https:\/\/secure.gravatar.com\/avatar\/d08aa2ce4c8dd416d4479aa8536fcf64?s=96&d=mm&r=g","caption":"moacir"},"url":"https:\/\/franciscanos.org.br\/noticias\/author\/moacir"}]}},"_links":{"self":[{"href":"https:\/\/franciscanos.org.br\/noticias\/wp-json\/wp\/v2\/posts\/231419"}],"collection":[{"href":"https:\/\/franciscanos.org.br\/noticias\/wp-json\/wp\/v2\/posts"}],"about":[{"href":"https:\/\/franciscanos.org.br\/noticias\/wp-json\/wp\/v2\/types\/post"}],"author":[{"embeddable":true,"href":"https:\/\/franciscanos.org.br\/noticias\/wp-json\/wp\/v2\/users\/3"}],"replies":[{"embeddable":true,"href":"https:\/\/franciscanos.org.br\/noticias\/wp-json\/wp\/v2\/comments?post=231419"}],"version-history":[{"count":1,"href":"https:\/\/franciscanos.org.br\/noticias\/wp-json\/wp\/v2\/posts\/231419\/revisions"}],"predecessor-version":[{"id":231422,"href":"https:\/\/franciscanos.org.br\/noticias\/wp-json\/wp\/v2\/posts\/231419\/revisions\/231422"}],"wp:featuredmedia":[{"embeddable":true,"href":"https:\/\/franciscanos.org.br\/noticias\/wp-json\/wp\/v2\/media\/231421"}],"wp:attachment":[{"href":"https:\/\/franciscanos.org.br\/noticias\/wp-json\/wp\/v2\/media?parent=231419"}],"wp:term":[{"taxonomy":"category","embeddable":true,"href":"https:\/\/franciscanos.org.br\/noticias\/wp-json\/wp\/v2\/categories?post=231419"},{"taxonomy":"post_tag","embeddable":true,"href":"https:\/\/franciscanos.org.br\/noticias\/wp-json\/wp\/v2\/tags?post=231419"}],"curies":[{"name":"wp","href":"https:\/\/api.w.org\/{rel}","templated":true}]}}