{"id":231415,"date":"2021-04-05T08:19:52","date_gmt":"2021-04-05T11:19:52","guid":{"rendered":"https:\/\/franciscanos.org.br\/noticias\/?p=231415"},"modified":"2021-04-05T08:19:52","modified_gmt":"2021-04-05T11:19:52","slug":"papa-na-segunda-feira-do-anjo-encontrar-cristo-significa-descobrir-a-paz-do-coracao","status":"publish","type":"post","link":"https:\/\/franciscanos.org.br\/noticias\/papa-na-segunda-feira-do-anjo-encontrar-cristo-significa-descobrir-a-paz-do-coracao.html","title":{"rendered":"Papa na &#8216;Segunda-feira do Anjo&#8217;: encontrar Cristo significa descobrir a paz do cora\u00e7\u00e3o"},"content":{"rendered":"<div id=\"attachment_231416\" style=\"width: 1290px\" class=\"wp-caption alignnone\"><img aria-describedby=\"caption-attachment-231416\" loading=\"lazy\" class=\"wp-image-231416 size-full\" src=\"https:\/\/franciscanos.org.br\/noticias\/wp-content\/uploads\/2021\/04\/audiencia_05.jpg\" alt=\"\" width=\"1280\" height=\"720\" srcset=\"https:\/\/franciscanos.org.br\/noticias\/wp-content\/uploads\/2021\/04\/audiencia_05.jpg 1280w, https:\/\/franciscanos.org.br\/noticias\/wp-content\/uploads\/2021\/04\/audiencia_05-450x253.jpg 450w, https:\/\/franciscanos.org.br\/noticias\/wp-content\/uploads\/2021\/04\/audiencia_05-1024x576.jpg 1024w, https:\/\/franciscanos.org.br\/noticias\/wp-content\/uploads\/2021\/04\/audiencia_05-768x432.jpg 768w, https:\/\/franciscanos.org.br\/noticias\/wp-content\/uploads\/2021\/04\/audiencia_05-150x84.jpg 150w\" sizes=\"(max-width: 1280px) 100vw, 1280px\" \/><p id=\"caption-attachment-231416\" class=\"wp-caption-text\">\u00a0 \u00a0 \u00a0 \u00a0 \u00a0 \u00a0 \u00a0 \u00a0 \u00a0 \u00a0 \u00a0 \u00a0 \u00a0 \u00a0 \u00a0 \u00a0 \u00a0 \u00a0 \u00a0 \u00a0 \u00a0 \u00a0 \u00a0 \u00a0 \u00a0 \u00a0 \u00a0 \u00a0 \u00a0 \u00a0 \u00a0 \u00a0 \u00a0 \u00a0 \u00a0 \u00a0 \u00a0 \u00a0 \u00a0 \u00a0 \u00a0 \u00a0 \u00a0 \u00a0 \u00a0 \u00a0 \u00a0 \u00a0 \u00a0 \u00a0 \u00a0 \u00a0 \u00a0 \u00a0 \u00a0 \u00a0 \u00a0 \u00a0 \u00a0 \u00a0 \u00a0 \u00a0 \u00a0 \u00a0 \u00a0 \u00a0 <em>\u00a0 \u00a0 \u00a0 \u00a0 Imagem: Vatican Media<\/em><\/p><\/div>\n<p>O Papa Francisco rezou a ora\u00e7\u00e3o mariana do Regina Coeli da Biblioteca do Pal\u00e1cio Apost\u00f3lico, nesta segunda-feira da Oitava da P\u00e1scoa (05\/04), tamb\u00e9m conhecida como &#8220;Segunda-feira do Anjo&#8221;.<\/p>\n<p>&#8220;A segunda-feira ap\u00f3s a P\u00e1scoa tamb\u00e9m \u00e9 chamada Segunda-feira do Anjo, porque recordamos o encontro do anjo com as mulheres que foram ao t\u00famulo de Jesus&#8221;, disse o Pont\u00edfice no in\u00edcio de sua alocu\u00e7\u00e3o.<\/p>\n<p>Para elas o anjo disse: &#8220;Sei que procurais Jesus, o crucificado&#8221;. Ele n\u00e3o est\u00e1 aqui. Ele ressuscitou&#8221;. Esta express\u00e3o &#8220;Ele ressuscitou&#8221; est\u00e1 al\u00e9m das capacidades humanas. Tamb\u00e9m as mulheres que foram ao t\u00famulo e o encontraram aberto e vazio, n\u00e3o podiam afirmar: &#8220;Ele ressuscitou&#8221;, mas apenas que o t\u00famulo estava vazio. Que Jesus havia ressuscitado podia dizer somente um anjo, assim como um anjo pode dizer a Maria: &#8220;Conceber\u00e1s e dar\u00e1s \u00e0 luz um filho [&#8230;] e ele ser\u00e1 chamado Filho do Alt\u00edssimo&#8221;.<\/p>\n<p>&#8220;O evangelista Mateus relata que naquela manh\u00e3 de P\u00e1scoa &#8220;houve um grande terremoto&#8221;. Pois um anjo do Senhor, de fato, desceu do c\u00e9u, se aproximou, rolou a pedra e sentou-se sobre ela&#8221;, disse ainda Francisco.<\/p>\n<p>Essa grande pedra, que deveria ter sido o selo da vit\u00f3ria do mal e da morte, foi colocada sob os p\u00e9s, tornou-se o banquinho do anjo do Senhor. Todos os planos e defesas dos inimigos e perseguidores de Jesus foram v\u00e3os. A imagem do anjo sentado na pedra do sepulcro \u00e9 a manifesta\u00e7\u00e3o concreta e vis\u00edvel da vit\u00f3ria de Deus sobre o mal, da vit\u00f3ria de Cristo sobre o pr\u00edncipe deste mundo, da luz sobre as trevas. O t\u00famulo de Jesus n\u00e3o foi aberto por um fen\u00f4meno f\u00edsico, mas pela interven\u00e7\u00e3o do Senhor.<\/p>\n<p>A apar\u00eancia do anjo, acrescenta Mateus, &#8220;era como um rel\u00e2mpago, e suas vestes, brancas como a neve&#8221;. &#8220;Estes detalhes s\u00e3o s\u00edmbolos que afirmam a interven\u00e7\u00e3o do pr\u00f3prio Deus, portador de uma era nova, dos \u00faltimos tempos da hist\u00f3ria&#8221;, frisou o Papa.<\/p>\n<p>Segundo Francisco, &#8220;diante desta interven\u00e7\u00e3o de Deus, h\u00e1 uma dupla rea\u00e7\u00e3o. A dos guardas, que s\u00e3o incapazes de enfrentar o poder esmagador de Deus e s\u00e3o abalados por um terremoto interior: ficaram atordoados. O poder da Ressurrei\u00e7\u00e3o derruba aqueles que haviam sido utilizados para garantir a aparente vit\u00f3ria da morte. A rea\u00e7\u00e3o das mulheres \u00e9 bem diferente, pois elas s\u00e3o expressamente convidadas pelo anjo do Senhor a n\u00e3o temerem: &#8220;N\u00e3o tenham medo!&#8221; e a n\u00e3o procurar Jesus no t\u00famulo&#8221;.<\/p>\n<p>Das palavras do anjo, podemos colher um ensinamento precioso: n\u00e3o nos cansemos jamais de buscar o Cristo ressuscitado, que d\u00e1 vida em abund\u00e2ncia \u00e0queles que o encontram. Encontrar Cristo significa descobrir a paz do cora\u00e7\u00e3o. As mesmas mulheres do Evangelho, ap\u00f3s a ang\u00fastia inicial, experimentam uma grande alegria em encontrar o Mestre vivo. Nesta P\u00e1scoa, desejo a todos que fa\u00e7am a mesma experi\u00eancia espiritual, acolhendo em seus cora\u00e7\u00f5es, lares e fam\u00edlias o alegre an\u00fancio da P\u00e1scoa: &#8220;Cristo ressuscitado n\u00e3o morre mais, a morte n\u00e3o tem mais poder sobre ele&#8221;.<\/p>\n<p>&#8220;Esta certeza nos leva a rezar, hoje e durante o per\u00edodo pascal: &#8220;Regina Caeli, laetare &#8211; Rainha dos C\u00e9us, alegrai-Vos&#8221;. O anjo Gabriel saudou-a desta forma pela primeira vez: &#8220;Alegrai-vos, cheia de gra\u00e7a! Agora a alegria de Maria \u00e9 plena: Jesus vive, o Amor venceu. Que seja tamb\u00e9m a nossa alegria!&#8221;, concluiu o Papa.<\/p>\n<p>Ap\u00f3s a ora\u00e7\u00e3o mariana do <em>Regina Coeli,<\/em> no clima pascal que caracteriza o dia de hoje, o Papa saudou com afeto todas as pessoas que participaram &#8220;deste momento de ora\u00e7\u00e3o atrav\u00e9s dos meios de comunica\u00e7\u00e3o social&#8221;.<\/p>\n<p>Francisco saudou de modo particular os idosos, os doentes, conectados de suas casas ou das casas de repouso e lares de idosos. &#8220;Envio-lhes uma palavra de encorajamento e gratid\u00e3o pelo seu testemunho: estou pr\u00f3ximo a voc\u00eas&#8221;, disse o Pont\u00edfice.<\/p>\n<p>A seguir, &#8220;desejou que todos passem estes dias da Oitava da P\u00e1scoa com f\u00e9, nos quais se prolonga a mem\u00f3ria da Ressurrei\u00e7\u00e3o de Cristo&#8221;. &#8220;Aproveitem todas as boas ocasi\u00f5es para serem testemunhas da alegria e da paz do Senhor Ressuscitado. Uma Feliz, serena e Santa P\u00e1scoa a todos!&#8221;, concluiu.<\/p>\n<hr \/>\n<p><em>Fonte: Vatican News (texto de Mariangela Jaguraba\/Silvonei Jos\u00e9)<\/em><\/p>\n","protected":false},"excerpt":{"rendered":"<p>Regina Coeli<\/p>\n","protected":false},"author":3,"featured_media":231417,"comment_status":"open","ping_status":"open","sticky":false,"template":"","format":"standard","meta":[],"categories":[1428],"tags":[564],"acf":[],"yoast_head":"<!-- This site is optimized with the Yoast SEO plugin v19.2 - https:\/\/yoast.com\/wordpress\/plugins\/seo\/ -->\n<title>Papa na &#039;Segunda-feira do Anjo&#039;: encontrar Cristo significa descobrir a paz do cora\u00e7\u00e3o - Not\u00edcias - Franciscanos<\/title>\n<meta name=\"robots\" content=\"index, follow, max-snippet:-1, max-image-preview:large, max-video-preview:-1\" \/>\n<link rel=\"canonical\" href=\"https:\/\/franciscanos.org.br\/noticias\/papa-na-segunda-feira-do-anjo-encontrar-cristo-significa-descobrir-a-paz-do-coracao.html\" \/>\n<meta property=\"og:locale\" content=\"pt_BR\" \/>\n<meta property=\"og:type\" content=\"article\" \/>\n<meta property=\"og:title\" content=\"Papa na &#039;Segunda-feira do Anjo&#039;: encontrar Cristo significa descobrir a paz do cora\u00e7\u00e3o - Not\u00edcias - Franciscanos\" \/>\n<meta property=\"og:description\" content=\"Regina Coeli\" \/>\n<meta property=\"og:url\" content=\"https:\/\/franciscanos.org.br\/noticias\/papa-na-segunda-feira-do-anjo-encontrar-cristo-significa-descobrir-a-paz-do-coracao.html\" \/>\n<meta property=\"og:site_name\" content=\"Not\u00edcias - Franciscanos\" \/>\n<meta property=\"article:published_time\" content=\"2021-04-05T11:19:52+00:00\" \/>\n<meta property=\"og:image\" content=\"https:\/\/franciscanos.org.br\/noticias\/wp-content\/uploads\/2021\/04\/audiencia_05d.jpg\" \/>\n\t<meta property=\"og:image:width\" content=\"800\" \/>\n\t<meta property=\"og:image:height\" content=\"550\" \/>\n\t<meta property=\"og:image:type\" content=\"image\/jpeg\" \/>\n<meta name=\"author\" content=\"moacir\" \/>\n<meta name=\"twitter:card\" content=\"summary_large_image\" \/>\n<meta name=\"twitter:label1\" content=\"Escrito por\" \/>\n\t<meta name=\"twitter:data1\" content=\"moacir\" \/>\n\t<meta name=\"twitter:label2\" content=\"Est. tempo de leitura\" \/>\n\t<meta name=\"twitter:data2\" content=\"4 minutos\" \/>\n<script type=\"application\/ld+json\" class=\"yoast-schema-graph\">{\"@context\":\"https:\/\/schema.org\",\"@graph\":[{\"@type\":\"WebSite\",\"@id\":\"https:\/\/franciscanos.org.br\/noticias\/#website\",\"url\":\"https:\/\/franciscanos.org.br\/noticias\/\",\"name\":\"Not\u00edcias - Franciscanos\",\"description\":\"Prov\u00edncia Franciscana da Imaculada Concei\u00e7\u00e3o do Brasil - Ordem dos Frades Menores - OFM\",\"potentialAction\":[{\"@type\":\"SearchAction\",\"target\":{\"@type\":\"EntryPoint\",\"urlTemplate\":\"https:\/\/franciscanos.org.br\/noticias\/?s={search_term_string}\"},\"query-input\":\"required name=search_term_string\"}],\"inLanguage\":\"pt-BR\"},{\"@type\":\"ImageObject\",\"inLanguage\":\"pt-BR\",\"@id\":\"https:\/\/franciscanos.org.br\/noticias\/papa-na-segunda-feira-do-anjo-encontrar-cristo-significa-descobrir-a-paz-do-coracao.html#primaryimage\",\"url\":\"https:\/\/franciscanos.org.br\/noticias\/wp-content\/uploads\/2021\/04\/audiencia_05d.jpg\",\"contentUrl\":\"https:\/\/franciscanos.org.br\/noticias\/wp-content\/uploads\/2021\/04\/audiencia_05d.jpg\",\"width\":800,\"height\":550},{\"@type\":\"WebPage\",\"@id\":\"https:\/\/franciscanos.org.br\/noticias\/papa-na-segunda-feira-do-anjo-encontrar-cristo-significa-descobrir-a-paz-do-coracao.html#webpage\",\"url\":\"https:\/\/franciscanos.org.br\/noticias\/papa-na-segunda-feira-do-anjo-encontrar-cristo-significa-descobrir-a-paz-do-coracao.html\",\"name\":\"Papa na 'Segunda-feira do Anjo': encontrar Cristo significa descobrir a paz do cora\u00e7\u00e3o - Not\u00edcias - Franciscanos\",\"isPartOf\":{\"@id\":\"https:\/\/franciscanos.org.br\/noticias\/#website\"},\"primaryImageOfPage\":{\"@id\":\"https:\/\/franciscanos.org.br\/noticias\/papa-na-segunda-feira-do-anjo-encontrar-cristo-significa-descobrir-a-paz-do-coracao.html#primaryimage\"},\"datePublished\":\"2021-04-05T11:19:52+00:00\",\"dateModified\":\"2021-04-05T11:19:52+00:00\",\"author\":{\"@id\":\"https:\/\/franciscanos.org.br\/noticias\/#\/schema\/person\/b5c8cba458c330ccff548b056e95a5d4\"},\"breadcrumb\":{\"@id\":\"https:\/\/franciscanos.org.br\/noticias\/papa-na-segunda-feira-do-anjo-encontrar-cristo-significa-descobrir-a-paz-do-coracao.html#breadcrumb\"},\"inLanguage\":\"pt-BR\",\"potentialAction\":[{\"@type\":\"ReadAction\",\"target\":[\"https:\/\/franciscanos.org.br\/noticias\/papa-na-segunda-feira-do-anjo-encontrar-cristo-significa-descobrir-a-paz-do-coracao.html\"]}]},{\"@type\":\"BreadcrumbList\",\"@id\":\"https:\/\/franciscanos.org.br\/noticias\/papa-na-segunda-feira-do-anjo-encontrar-cristo-significa-descobrir-a-paz-do-coracao.html#breadcrumb\",\"itemListElement\":[{\"@type\":\"ListItem\",\"position\":1,\"name\":\"Home\",\"item\":\"https:\/\/franciscanos.org.br\/noticias\"},{\"@type\":\"ListItem\",\"position\":2,\"name\":\"Papa na &#8216;Segunda-feira do Anjo&#8217;: encontrar Cristo significa descobrir a paz do cora\u00e7\u00e3o\"}]},{\"@type\":\"Person\",\"@id\":\"https:\/\/franciscanos.org.br\/noticias\/#\/schema\/person\/b5c8cba458c330ccff548b056e95a5d4\",\"name\":\"moacir\",\"image\":{\"@type\":\"ImageObject\",\"inLanguage\":\"pt-BR\",\"@id\":\"https:\/\/franciscanos.org.br\/noticias\/#\/schema\/person\/image\/\",\"url\":\"https:\/\/secure.gravatar.com\/avatar\/d08aa2ce4c8dd416d4479aa8536fcf64?s=96&d=mm&r=g\",\"contentUrl\":\"https:\/\/secure.gravatar.com\/avatar\/d08aa2ce4c8dd416d4479aa8536fcf64?s=96&d=mm&r=g\",\"caption\":\"moacir\"},\"url\":\"https:\/\/franciscanos.org.br\/noticias\/author\/moacir\"}]}<\/script>\n<!-- \/ Yoast SEO plugin. -->","yoast_head_json":{"title":"Papa na 'Segunda-feira do Anjo': encontrar Cristo significa descobrir a paz do cora\u00e7\u00e3o - Not\u00edcias - Franciscanos","robots":{"index":"index","follow":"follow","max-snippet":"max-snippet:-1","max-image-preview":"max-image-preview:large","max-video-preview":"max-video-preview:-1"},"canonical":"https:\/\/franciscanos.org.br\/noticias\/papa-na-segunda-feira-do-anjo-encontrar-cristo-significa-descobrir-a-paz-do-coracao.html","og_locale":"pt_BR","og_type":"article","og_title":"Papa na 'Segunda-feira do Anjo': encontrar Cristo significa descobrir a paz do cora\u00e7\u00e3o - Not\u00edcias - Franciscanos","og_description":"Regina Coeli","og_url":"https:\/\/franciscanos.org.br\/noticias\/papa-na-segunda-feira-do-anjo-encontrar-cristo-significa-descobrir-a-paz-do-coracao.html","og_site_name":"Not\u00edcias - Franciscanos","article_published_time":"2021-04-05T11:19:52+00:00","og_image":[{"width":800,"height":550,"url":"https:\/\/franciscanos.org.br\/noticias\/wp-content\/uploads\/2021\/04\/audiencia_05d.jpg","type":"image\/jpeg"}],"author":"moacir","twitter_card":"summary_large_image","twitter_misc":{"Escrito por":"moacir","Est. tempo de leitura":"4 minutos"},"schema":{"@context":"https:\/\/schema.org","@graph":[{"@type":"WebSite","@id":"https:\/\/franciscanos.org.br\/noticias\/#website","url":"https:\/\/franciscanos.org.br\/noticias\/","name":"Not\u00edcias - Franciscanos","description":"Prov\u00edncia Franciscana da Imaculada Concei\u00e7\u00e3o do Brasil - Ordem dos Frades Menores - OFM","potentialAction":[{"@type":"SearchAction","target":{"@type":"EntryPoint","urlTemplate":"https:\/\/franciscanos.org.br\/noticias\/?s={search_term_string}"},"query-input":"required name=search_term_string"}],"inLanguage":"pt-BR"},{"@type":"ImageObject","inLanguage":"pt-BR","@id":"https:\/\/franciscanos.org.br\/noticias\/papa-na-segunda-feira-do-anjo-encontrar-cristo-significa-descobrir-a-paz-do-coracao.html#primaryimage","url":"https:\/\/franciscanos.org.br\/noticias\/wp-content\/uploads\/2021\/04\/audiencia_05d.jpg","contentUrl":"https:\/\/franciscanos.org.br\/noticias\/wp-content\/uploads\/2021\/04\/audiencia_05d.jpg","width":800,"height":550},{"@type":"WebPage","@id":"https:\/\/franciscanos.org.br\/noticias\/papa-na-segunda-feira-do-anjo-encontrar-cristo-significa-descobrir-a-paz-do-coracao.html#webpage","url":"https:\/\/franciscanos.org.br\/noticias\/papa-na-segunda-feira-do-anjo-encontrar-cristo-significa-descobrir-a-paz-do-coracao.html","name":"Papa na 'Segunda-feira do Anjo': encontrar Cristo significa descobrir a paz do cora\u00e7\u00e3o - Not\u00edcias - Franciscanos","isPartOf":{"@id":"https:\/\/franciscanos.org.br\/noticias\/#website"},"primaryImageOfPage":{"@id":"https:\/\/franciscanos.org.br\/noticias\/papa-na-segunda-feira-do-anjo-encontrar-cristo-significa-descobrir-a-paz-do-coracao.html#primaryimage"},"datePublished":"2021-04-05T11:19:52+00:00","dateModified":"2021-04-05T11:19:52+00:00","author":{"@id":"https:\/\/franciscanos.org.br\/noticias\/#\/schema\/person\/b5c8cba458c330ccff548b056e95a5d4"},"breadcrumb":{"@id":"https:\/\/franciscanos.org.br\/noticias\/papa-na-segunda-feira-do-anjo-encontrar-cristo-significa-descobrir-a-paz-do-coracao.html#breadcrumb"},"inLanguage":"pt-BR","potentialAction":[{"@type":"ReadAction","target":["https:\/\/franciscanos.org.br\/noticias\/papa-na-segunda-feira-do-anjo-encontrar-cristo-significa-descobrir-a-paz-do-coracao.html"]}]},{"@type":"BreadcrumbList","@id":"https:\/\/franciscanos.org.br\/noticias\/papa-na-segunda-feira-do-anjo-encontrar-cristo-significa-descobrir-a-paz-do-coracao.html#breadcrumb","itemListElement":[{"@type":"ListItem","position":1,"name":"Home","item":"https:\/\/franciscanos.org.br\/noticias"},{"@type":"ListItem","position":2,"name":"Papa na &#8216;Segunda-feira do Anjo&#8217;: encontrar Cristo significa descobrir a paz do cora\u00e7\u00e3o"}]},{"@type":"Person","@id":"https:\/\/franciscanos.org.br\/noticias\/#\/schema\/person\/b5c8cba458c330ccff548b056e95a5d4","name":"moacir","image":{"@type":"ImageObject","inLanguage":"pt-BR","@id":"https:\/\/franciscanos.org.br\/noticias\/#\/schema\/person\/image\/","url":"https:\/\/secure.gravatar.com\/avatar\/d08aa2ce4c8dd416d4479aa8536fcf64?s=96&d=mm&r=g","contentUrl":"https:\/\/secure.gravatar.com\/avatar\/d08aa2ce4c8dd416d4479aa8536fcf64?s=96&d=mm&r=g","caption":"moacir"},"url":"https:\/\/franciscanos.org.br\/noticias\/author\/moacir"}]}},"_links":{"self":[{"href":"https:\/\/franciscanos.org.br\/noticias\/wp-json\/wp\/v2\/posts\/231415"}],"collection":[{"href":"https:\/\/franciscanos.org.br\/noticias\/wp-json\/wp\/v2\/posts"}],"about":[{"href":"https:\/\/franciscanos.org.br\/noticias\/wp-json\/wp\/v2\/types\/post"}],"author":[{"embeddable":true,"href":"https:\/\/franciscanos.org.br\/noticias\/wp-json\/wp\/v2\/users\/3"}],"replies":[{"embeddable":true,"href":"https:\/\/franciscanos.org.br\/noticias\/wp-json\/wp\/v2\/comments?post=231415"}],"version-history":[{"count":1,"href":"https:\/\/franciscanos.org.br\/noticias\/wp-json\/wp\/v2\/posts\/231415\/revisions"}],"predecessor-version":[{"id":231418,"href":"https:\/\/franciscanos.org.br\/noticias\/wp-json\/wp\/v2\/posts\/231415\/revisions\/231418"}],"wp:featuredmedia":[{"embeddable":true,"href":"https:\/\/franciscanos.org.br\/noticias\/wp-json\/wp\/v2\/media\/231417"}],"wp:attachment":[{"href":"https:\/\/franciscanos.org.br\/noticias\/wp-json\/wp\/v2\/media?parent=231415"}],"wp:term":[{"taxonomy":"category","embeddable":true,"href":"https:\/\/franciscanos.org.br\/noticias\/wp-json\/wp\/v2\/categories?post=231415"},{"taxonomy":"post_tag","embeddable":true,"href":"https:\/\/franciscanos.org.br\/noticias\/wp-json\/wp\/v2\/tags?post=231415"}],"curies":[{"name":"wp","href":"https:\/\/api.w.org\/{rel}","templated":true}]}}