{"id":231401,"date":"2021-04-04T18:58:32","date_gmt":"2021-04-04T21:58:32","guid":{"rendered":"https:\/\/franciscanos.org.br\/noticias\/?p=231401"},"modified":"2021-07-05T19:33:02","modified_gmt":"2021-07-05T22:33:02","slug":"frei-medella-abre-a-festa-da-penha-pedindo-compaixao","status":"publish","type":"post","link":"https:\/\/franciscanos.org.br\/noticias\/frei-medella-abre-a-festa-da-penha-pedindo-compaixao.html","title":{"rendered":"Frei Medella abre a Festa da Penha pedindo compaix\u00e3o"},"content":{"rendered":"<div id=\"attachment_231402\" style=\"width: 1290px\" class=\"wp-caption alignnone\"><img aria-describedby=\"caption-attachment-231402\" loading=\"lazy\" class=\"wp-image-231402 size-full\" src=\"https:\/\/franciscanos.org.br\/noticias\/wp-content\/uploads\/2021\/04\/festapenha_04.jpg\" alt=\"\" width=\"1280\" height=\"720\" srcset=\"https:\/\/franciscanos.org.br\/noticias\/wp-content\/uploads\/2021\/04\/festapenha_04.jpg 1280w, https:\/\/franciscanos.org.br\/noticias\/wp-content\/uploads\/2021\/04\/festapenha_04-450x253.jpg 450w, https:\/\/franciscanos.org.br\/noticias\/wp-content\/uploads\/2021\/04\/festapenha_04-1024x576.jpg 1024w, https:\/\/franciscanos.org.br\/noticias\/wp-content\/uploads\/2021\/04\/festapenha_04-768x432.jpg 768w, https:\/\/franciscanos.org.br\/noticias\/wp-content\/uploads\/2021\/04\/festapenha_04-150x84.jpg 150w\" sizes=\"(max-width: 1280px) 100vw, 1280px\" \/><p id=\"caption-attachment-231402\" class=\"wp-caption-text\"><em>\u00a0 \u00a0 \u00a0 \u00a0 \u00a0 \u00a0 \u00a0 \u00a0 \u00a0 \u00a0 \u00a0 \u00a0 \u00a0 \u00a0 \u00a0 \u00a0 \u00a0 \u00a0 \u00a0 \u00a0 \u00a0 \u00a0 \u00a0 \u00a0 \u00a0 \u00a0 \u00a0 \u00a0 \u00a0 \u00a0 \u00a0 \u00a0 \u00a0 \u00a0 \u00a0 \u00a0 \u00a0 \u00a0 \u00a0 \u00a0 \u00a0Imagens: captura de tela das transmiss\u00f5es digitais<\/em><\/p><\/div>\n<p><strong>Vila Velha (ES)<\/strong> &#8211; O Vig\u00e1rio Provincial da Prov\u00edncia Franciscana da Imaculada Concei\u00e7\u00e3o, Frei Gustavo Medella, presidiu neste domingo de P\u00e1scoa (4\/4), a Missa de Abertura do Oitav\u00e1rio da Festa da Penha e foi enf\u00e1tico: &#8220;A \u00fanica sa\u00edda para esta crise que estamos vivendo passa pelo caminho da compaix\u00e3o&#8221;. \u00a0Pela segunda vez consecutiva, a pandemia obrigou a tradicional Festa da Penha, que neste ano chega \u00e0 451\u00aa edi\u00e7\u00e3o, a ser virtual.<\/p>\n<p>Frei Medella concelebrou com os frades do Convento da Penha e disse que era desnecess\u00e1rio dizer que o &#8220;nosso sonho, nosso desejo, do profundo do cora\u00e7\u00e3o, era estarmos todos juntos, unidos, preenchendo o Campinho do Convento de cora\u00e7\u00f5es desejosos a manifestar a exulta\u00e7\u00e3o da alegria da P\u00e1scoa&#8221;.<\/p>\n<p>&#8220;Como ainda n\u00e3o temos esta oportunidade por conta das raz\u00f5es que todos n\u00f3s sabemos, gra\u00e7as a Deus temos a possibilidade tecnol\u00f3gica de estarmos juntos ainda que corporalmente distanciados&#8221;, disse, saudando a todos, em nome da Fraternidade do Convento, dos frades da Prov\u00edncia da Imaculada, do Ministro Provincial Frei C\u00e9sar k\u00fclkamp e da Arquidiocese de Vit\u00f3ria.<\/p>\n<p>Neste ano, o tema da festa \u00e9 &#8220;Vosso olhar a n\u00f3s volvei&#8221;, retirado da Ora\u00e7\u00e3o Salve Rainha, a sauda\u00e7\u00e3o a Nossa Senhora. Segundo o Vig\u00e1rio Provincial, o tema quer manifestar essa for\u00e7a, essa pot\u00eancia do olhar em transmitir aquilo que temos de melhor: a alegria, o entusiasmo, a vontade de viver e de lutar pela vida que Maria nos ensina. &#8220;\u00c9 neste esp\u00edrito que queremos celebrar, \u00e9 nesta comunh\u00e3o fraterna que n\u00f3s queremos render louvor ao Cristo Ressuscitado, o Filho de Deus que coloca a supremacia da vida sobre a morte&#8221;, sublinhou Frei Medella.<\/p>\n<p><img loading=\"lazy\" class=\"alignnone size-full wp-image-231403\" src=\"https:\/\/franciscanos.org.br\/noticias\/wp-content\/uploads\/2021\/04\/festapenha_07.jpg\" alt=\"\" width=\"1280\" height=\"720\" srcset=\"https:\/\/franciscanos.org.br\/noticias\/wp-content\/uploads\/2021\/04\/festapenha_07.jpg 1280w, https:\/\/franciscanos.org.br\/noticias\/wp-content\/uploads\/2021\/04\/festapenha_07-450x253.jpg 450w, https:\/\/franciscanos.org.br\/noticias\/wp-content\/uploads\/2021\/04\/festapenha_07-1024x576.jpg 1024w, https:\/\/franciscanos.org.br\/noticias\/wp-content\/uploads\/2021\/04\/festapenha_07-768x432.jpg 768w, https:\/\/franciscanos.org.br\/noticias\/wp-content\/uploads\/2021\/04\/festapenha_07-150x84.jpg 150w\" sizes=\"(max-width: 1280px) 100vw, 1280px\" \/><\/p>\n<p>O celebrante lembrou que na abertura do Oitav\u00e1rio da Festa da Penha do ano passado, o Arcebispo Dario Campos, OFM, presidiu a Missa citando o n\u00famero de 1.230 pessoas falecidas pela pandemia. Nesta Pascoa de 2021, menos de um ano, s\u00e3o 330 mil pessoas, cujas vidas foram ceifadas pela covid-19. S\u00f3 no Esp\u00edrito Santo s\u00e3o 7.639 mortes. &#8220;Diante deste fato que nos machuca, que nos inquieta, que nos preocupa, nossa solidariedade silenciosa aos familiares que perderam seus entes queridos e a cada um de n\u00f3s. O terreno da dor humana \u00e9 um terreno sagrado, diante do qual n\u00f3s devemos nos portar com rever\u00eancia e respeito.<\/p>\n<p><strong>Por isso, eu convido todos a fazer um instante de ora\u00e7\u00e3o silenciosa por essas 330 mil v\u00edtimas fatais no Brasil (7.639 no ES)&#8221;, pediu o frade.<\/strong><\/p>\n<p>Segundo ele, em rela\u00e7\u00e3o \u00e0 Festa da P\u00e1scoa que \u00e9 celebrada junto com a abertura do Oit\u00e1vario, destacou tr\u00eas temas que apareceram nas leituras e tamb\u00e9m no salmo.<\/p>\n<p>O primeiro, segundo o frade, \u00e9 a for\u00e7a de Cristo. &#8220;A pedra que tampava o sepulcro onde estava o corpo de Jesus, era uma pedra extremamente pesada, dif\u00edcil para ser removida \u00e0 custa de muita for\u00e7a e muita gente ao mesmo tempo. E por isso foi um espanto para Maria Madalena perceber que a pedra tinha sido removida. Tanto que ela logo atribuiu a algu\u00e9m. E, por isso, ela disse aos disc\u00edpulos: &#8216;tiraram o Senhor do t\u00famulo&#8217;. No entanto, pela f\u00e9 n\u00f3s sabemos que ningu\u00e9m tirou o Senhor do t\u00famulo e ningu\u00e9m rolou aquela pedra, a n\u00e3o ser o Cristo mesmo pela sua for\u00e7a. Agora poder\u00edamos nos perguntar, que for\u00e7a sobre-humana \u00e9 essa?&#8221;, questionou.<\/p>\n<p><img loading=\"lazy\" class=\"alignnone size-full wp-image-231406\" src=\"https:\/\/franciscanos.org.br\/noticias\/wp-content\/uploads\/2021\/04\/festapenha_03.jpg\" alt=\"\" width=\"1280\" height=\"720\" srcset=\"https:\/\/franciscanos.org.br\/noticias\/wp-content\/uploads\/2021\/04\/festapenha_03.jpg 1280w, https:\/\/franciscanos.org.br\/noticias\/wp-content\/uploads\/2021\/04\/festapenha_03-450x253.jpg 450w, https:\/\/franciscanos.org.br\/noticias\/wp-content\/uploads\/2021\/04\/festapenha_03-1024x576.jpg 1024w, https:\/\/franciscanos.org.br\/noticias\/wp-content\/uploads\/2021\/04\/festapenha_03-768x432.jpg 768w, https:\/\/franciscanos.org.br\/noticias\/wp-content\/uploads\/2021\/04\/festapenha_03-150x84.jpg 150w\" sizes=\"(max-width: 1280px) 100vw, 1280px\" \/><\/p>\n<p>Para o celebrante, uma pista importante \u00e9 dada por S\u00e3o Pedro na primeira leitura, no discurso que narra o livro dos Atos dos Ap\u00f3stolos: Jesus andou por toda a parte fazendo o bem. &#8220;Fazendo o bem. A for\u00e7a de Jesus \u00e9 a for\u00e7a do bem, a for\u00e7a do amor. \u00c9 pelo amor que ele age, \u00e9 pelo amor que ele remove aquela pedra, \u00e9 pelo amor que a m\u00e3o de Deus trabalha em seu favor conforme ouvimos no salmo. A m\u00e3o direita fez maravilhas, a m\u00e3o direita do Senhor nos libertou. \u00c9 uma m\u00e3o que age amorosamente. A for\u00e7a do bem t\u00e3o necess\u00e1ria nesta pandemia. A for\u00e7a da compaix\u00e3o&#8221;, ressaltou o frade.<\/p>\n<p>&#8220;N\u00e3o precisamos ter d\u00favida e podemos apostar toda nossa certeza: a \u00fanica sa\u00edda para esta crise que estamos vivendo passa pelo caminho da compaix\u00e3o. \u00c9 pela compaix\u00e3o que n\u00f3s vamos vencer. E a compaix\u00e3o produz desdobramentos pr\u00e1ticos na realidade, gestos muitos concretos de cuidado, de solidariedade, de responsabilidade. Todos eles nascendo pela compaix\u00e3o&#8221;, ressaltou.<\/p>\n<p>Mas diante do cen\u00e1rio obscuro que vivemos, Frei Medella subiu o tom: &#8220;N\u00e3o \u00e9 a for\u00e7a econ\u00f4mica, n\u00e3o \u00e9 a for\u00e7a do dinheiro, n\u00e3o \u00e9 o poderio das armas, nada disso pode nos tirar desta crise, apenas a compaix\u00e3o, nem sempre compreendida, nem sempre praticada, mas sempre proposta por Jesus Cristo, afinal foi essa for\u00e7a que removeu aquela pedra e o tirou do t\u00famulo. A compaix\u00e3o \u00e9 o caminho para vencermos essa grave crise que nos assola. Em todos n\u00edveis: pessoal, comunit\u00e1rio, social, pol\u00edtico, religioso. Compaix\u00e3o sempre&#8221;, enfatizou.<\/p>\n<p><img loading=\"lazy\" class=\"alignnone size-full wp-image-231407\" src=\"https:\/\/franciscanos.org.br\/noticias\/wp-content\/uploads\/2021\/04\/festapenha_06.jpg\" alt=\"\" width=\"1280\" height=\"720\" srcset=\"https:\/\/franciscanos.org.br\/noticias\/wp-content\/uploads\/2021\/04\/festapenha_06.jpg 1280w, https:\/\/franciscanos.org.br\/noticias\/wp-content\/uploads\/2021\/04\/festapenha_06-450x253.jpg 450w, https:\/\/franciscanos.org.br\/noticias\/wp-content\/uploads\/2021\/04\/festapenha_06-1024x576.jpg 1024w, https:\/\/franciscanos.org.br\/noticias\/wp-content\/uploads\/2021\/04\/festapenha_06-768x432.jpg 768w, https:\/\/franciscanos.org.br\/noticias\/wp-content\/uploads\/2021\/04\/festapenha_06-150x84.jpg 150w\" sizes=\"(max-width: 1280px) 100vw, 1280px\" \/><\/p>\n<p>O segundo tema, relacionado ao primeiro, \u00e9 o tema da pedra. &#8220;Pedra que atravanca, atrapalha, que prende, dificulta. 330 mil mortos \u00e9 pedra pesada que estamos carregando. Perdas dif\u00edceis que tantos estamos vivendo em diferentes n\u00edveis. Pedra dif\u00edcil de ser removida. Sonhos desfeitos. Projetos frustrados, expectativas despeda\u00e7adas. Como podemos vencer esse peso, esta pedra?&#8221;, interrogou.<\/p>\n<p>Novamente, Frei Medella, deu um \u00fanico caminho: a for\u00e7a da compaix\u00e3o e da f\u00e9. Mas, segundo o frade, uma f\u00e9 encarnada e comprometida, que nada tem a ver com aliena\u00e7\u00e3o, com prepot\u00eancia, nem com inconsequ\u00eancia. &#8220;Dizer: &#8216;ah, eu n\u00e3o vou tomar nenhum cuidado; eu n\u00e3o vou usar m\u00e1scara; eu vou a todos os eventos, porque Deus me protege&#8217;. Isso n\u00e3o \u00e9 f\u00e9. Isto \u00e9 aliena\u00e7\u00e3o, inconsequ\u00eancia e irresponsabilidade. A verdadeira f\u00e9 nos conecta com o concreto da realidade. E uma realidade dura e dif\u00edcil, exige de n\u00f3s respostas \u00e0 altura de cuidado, de carinho, de solidariedade. Esta f\u00e9, uma f\u00e9 encarnada, solid\u00e1ria, comprometida, consoladora e dialogal&#8221;, salientou.<\/p>\n<p><img loading=\"lazy\" class=\"alignnone size-full wp-image-231408\" src=\"https:\/\/franciscanos.org.br\/noticias\/wp-content\/uploads\/2021\/04\/festa_penha_08.jpg\" alt=\"\" width=\"1280\" height=\"720\" srcset=\"https:\/\/franciscanos.org.br\/noticias\/wp-content\/uploads\/2021\/04\/festa_penha_08.jpg 1280w, https:\/\/franciscanos.org.br\/noticias\/wp-content\/uploads\/2021\/04\/festa_penha_08-450x253.jpg 450w, https:\/\/franciscanos.org.br\/noticias\/wp-content\/uploads\/2021\/04\/festa_penha_08-1024x576.jpg 1024w, https:\/\/franciscanos.org.br\/noticias\/wp-content\/uploads\/2021\/04\/festa_penha_08-768x432.jpg 768w, https:\/\/franciscanos.org.br\/noticias\/wp-content\/uploads\/2021\/04\/festa_penha_08-150x84.jpg 150w\" sizes=\"(max-width: 1280px) 100vw, 1280px\" \/><\/p>\n<p>Segundo Frei Medella, este tema nos remete \u00e0 pedra em que est\u00e1 encravado o Convento da Penha. &#8220;Penha significa pedra. A pedra da f\u00e9 de Nossa Senhora em acreditar que at\u00e9 nas cenas mais dif\u00edceis e duras que ela presenciou, a vida deveria ter a \u00faltima palavra vencedora. Maria acreditou at\u00e9 o fim. Maria sabia que o fim do seu filho n\u00e3o seria naquela sepultura gelada, escura e fria. Mas que ele, pela for\u00e7a do amor, pela for\u00e7a do bem, venceria pela compaix\u00e3o&#8221;, frisou.<\/p>\n<p>Por \u00faltimo, o tema do olhar. &#8220;O Olhar misericordioso e amoroso da M\u00e3e para n\u00f3s. Muitas pessoas dizem: &#8216;Minha m\u00e3e, s\u00f3 de olhar j\u00e1 sabia o que ela queria de mim&#8217;. Que n\u00f3s tamb\u00e9m tenhamos essa intimidade com Maria e que olhemos nos olhos dela sempre dispostos a aprender o que ela tem a nos ensinar. O cuidado de uma m\u00e3e que se desdobra em amor por seus filhos e filhas, por causa de seu filho Jesus Cristo, aquele nos ensina a vencer a morte&#8221;, indicou.<\/p>\n<p><img loading=\"lazy\" class=\"alignnone size-full wp-image-231409\" src=\"https:\/\/franciscanos.org.br\/noticias\/wp-content\/uploads\/2021\/04\/festa_penha_07.jpg\" alt=\"\" width=\"1280\" height=\"720\" srcset=\"https:\/\/franciscanos.org.br\/noticias\/wp-content\/uploads\/2021\/04\/festa_penha_07.jpg 1280w, https:\/\/franciscanos.org.br\/noticias\/wp-content\/uploads\/2021\/04\/festa_penha_07-450x253.jpg 450w, https:\/\/franciscanos.org.br\/noticias\/wp-content\/uploads\/2021\/04\/festa_penha_07-1024x576.jpg 1024w, https:\/\/franciscanos.org.br\/noticias\/wp-content\/uploads\/2021\/04\/festa_penha_07-768x432.jpg 768w, https:\/\/franciscanos.org.br\/noticias\/wp-content\/uploads\/2021\/04\/festa_penha_07-150x84.jpg 150w\" sizes=\"(max-width: 1280px) 100vw, 1280px\" \/><\/p>\n<p>Ao concluir, repetiu: Compaix\u00e3o, f\u00e9, cuidado, esperan\u00e7a. &#8220;Que todas essas posturas e essas virtudes nos acompanhe nesse Oitav\u00e1rio. Que possamos sentir no profundo do nosso ser o olhar amoroso e atencioso da M\u00e3e. &#8216;Vosso olhar a nos volvei, o Santa M\u00e3e de Deus&#8217;. Tenhamos todos uma Festa da Penha aben\u00e7oada. Feliz P\u00e1scoa. A certeza da vida seja nossa fonte de esperan\u00e7a, sem nos esquecermos da compaix\u00e3o!&#8221;, completou.<\/p>\n<p>&nbsp;<\/p>\n<p>O segundo dia do Oitav\u00e1rio come\u00e7a com a B\u00ean\u00e7\u00e3o do dia pela TV Gazeta. Ao meio-dia, o p\u00fablico ser\u00e1 convidado a uma grande corrente de ora\u00e7\u00e3o atrav\u00e9s do Ter\u00e7o Franciscano, que ser\u00e1 transmitido ao vivo nas redes do Convento da Penha. A primeira Missa do Oitav\u00e1rio, \u00e0s 16 horas, ser\u00e1 presidida pelo Pe. Anderson Teixeira, da \u00c1rea Pastoral Vila Velha. \u00c0s 18 horas, o Programa Salve M\u00e3e das Alegrias ter\u00e1 a participa\u00e7\u00e3o do instrumentista Elias Belmiro, terminando o dia com a segunda Missa, \u00e0s 20 horas, presidida por Dom Paulo Bosi Dal\u2019B\u00f3, bispo da Diocese S\u00e3o Mateus.<\/p>\n<hr \/>\n<p><em>Moacir Beggo<\/em><\/p>\n<p><img loading=\"lazy\" class=\"alignnone size-full wp-image-231404\" src=\"https:\/\/franciscanos.org.br\/noticias\/wp-content\/uploads\/2021\/04\/festapenha_01.jpg\" alt=\"\" width=\"1280\" height=\"720\" srcset=\"https:\/\/franciscanos.org.br\/noticias\/wp-content\/uploads\/2021\/04\/festapenha_01.jpg 1280w, https:\/\/franciscanos.org.br\/noticias\/wp-content\/uploads\/2021\/04\/festapenha_01-450x253.jpg 450w, https:\/\/franciscanos.org.br\/noticias\/wp-content\/uploads\/2021\/04\/festapenha_01-1024x576.jpg 1024w, https:\/\/franciscanos.org.br\/noticias\/wp-content\/uploads\/2021\/04\/festapenha_01-768x432.jpg 768w, https:\/\/franciscanos.org.br\/noticias\/wp-content\/uploads\/2021\/04\/festapenha_01-150x84.jpg 150w\" sizes=\"(max-width: 1280px) 100vw, 1280px\" \/><\/p>\n","protected":false},"excerpt":{"rendered":"<p>Festa da Penha 2021<\/p>\n","protected":false},"author":3,"featured_media":231410,"comment_status":"open","ping_status":"open","sticky":false,"template":"","format":"standard","meta":[],"categories":[1],"tags":[245],"acf":[],"yoast_head":"<!-- This site is optimized with the Yoast SEO plugin v19.2 - https:\/\/yoast.com\/wordpress\/plugins\/seo\/ -->\n<title>Frei Medella abre a Festa da Penha pedindo compaix\u00e3o - Not\u00edcias - Franciscanos<\/title>\n<meta name=\"robots\" content=\"index, follow, max-snippet:-1, max-image-preview:large, max-video-preview:-1\" \/>\n<link rel=\"canonical\" href=\"https:\/\/franciscanos.org.br\/noticias\/frei-medella-abre-a-festa-da-penha-pedindo-compaixao.html\" \/>\n<meta property=\"og:locale\" content=\"pt_BR\" \/>\n<meta property=\"og:type\" content=\"article\" \/>\n<meta property=\"og:title\" content=\"Frei Medella abre a Festa da Penha pedindo compaix\u00e3o - Not\u00edcias - Franciscanos\" \/>\n<meta property=\"og:description\" content=\"Festa da Penha 2021\" \/>\n<meta property=\"og:url\" content=\"https:\/\/franciscanos.org.br\/noticias\/frei-medella-abre-a-festa-da-penha-pedindo-compaixao.html\" \/>\n<meta property=\"og:site_name\" content=\"Not\u00edcias - Franciscanos\" \/>\n<meta property=\"article:published_time\" content=\"2021-04-04T21:58:32+00:00\" \/>\n<meta property=\"article:modified_time\" content=\"2021-07-05T22:33:02+00:00\" \/>\n<meta property=\"og:image\" content=\"https:\/\/franciscanos.org.br\/noticias\/wp-content\/uploads\/2021\/04\/festapenha_01d.jpg\" \/>\n\t<meta property=\"og:image:width\" content=\"800\" \/>\n\t<meta property=\"og:image:height\" content=\"550\" \/>\n\t<meta property=\"og:image:type\" content=\"image\/jpeg\" \/>\n<meta name=\"author\" content=\"moacir\" \/>\n<meta name=\"twitter:card\" content=\"summary_large_image\" \/>\n<meta name=\"twitter:label1\" content=\"Escrito por\" \/>\n\t<meta name=\"twitter:data1\" content=\"moacir\" \/>\n\t<meta name=\"twitter:label2\" content=\"Est. tempo de leitura\" \/>\n\t<meta name=\"twitter:data2\" content=\"7 minutos\" \/>\n<script type=\"application\/ld+json\" class=\"yoast-schema-graph\">{\"@context\":\"https:\/\/schema.org\",\"@graph\":[{\"@type\":\"WebSite\",\"@id\":\"https:\/\/franciscanos.org.br\/noticias\/#website\",\"url\":\"https:\/\/franciscanos.org.br\/noticias\/\",\"name\":\"Not\u00edcias - Franciscanos\",\"description\":\"Prov\u00edncia Franciscana da Imaculada Concei\u00e7\u00e3o do Brasil - Ordem dos Frades Menores - OFM\",\"potentialAction\":[{\"@type\":\"SearchAction\",\"target\":{\"@type\":\"EntryPoint\",\"urlTemplate\":\"https:\/\/franciscanos.org.br\/noticias\/?s={search_term_string}\"},\"query-input\":\"required name=search_term_string\"}],\"inLanguage\":\"pt-BR\"},{\"@type\":\"ImageObject\",\"inLanguage\":\"pt-BR\",\"@id\":\"https:\/\/franciscanos.org.br\/noticias\/frei-medella-abre-a-festa-da-penha-pedindo-compaixao.html#primaryimage\",\"url\":\"https:\/\/franciscanos.org.br\/noticias\/wp-content\/uploads\/2021\/04\/festapenha_01d.jpg\",\"contentUrl\":\"https:\/\/franciscanos.org.br\/noticias\/wp-content\/uploads\/2021\/04\/festapenha_01d.jpg\",\"width\":800,\"height\":550},{\"@type\":\"WebPage\",\"@id\":\"https:\/\/franciscanos.org.br\/noticias\/frei-medella-abre-a-festa-da-penha-pedindo-compaixao.html#webpage\",\"url\":\"https:\/\/franciscanos.org.br\/noticias\/frei-medella-abre-a-festa-da-penha-pedindo-compaixao.html\",\"name\":\"Frei Medella abre a Festa da Penha pedindo compaix\u00e3o - Not\u00edcias - Franciscanos\",\"isPartOf\":{\"@id\":\"https:\/\/franciscanos.org.br\/noticias\/#website\"},\"primaryImageOfPage\":{\"@id\":\"https:\/\/franciscanos.org.br\/noticias\/frei-medella-abre-a-festa-da-penha-pedindo-compaixao.html#primaryimage\"},\"datePublished\":\"2021-04-04T21:58:32+00:00\",\"dateModified\":\"2021-07-05T22:33:02+00:00\",\"author\":{\"@id\":\"https:\/\/franciscanos.org.br\/noticias\/#\/schema\/person\/b5c8cba458c330ccff548b056e95a5d4\"},\"breadcrumb\":{\"@id\":\"https:\/\/franciscanos.org.br\/noticias\/frei-medella-abre-a-festa-da-penha-pedindo-compaixao.html#breadcrumb\"},\"inLanguage\":\"pt-BR\",\"potentialAction\":[{\"@type\":\"ReadAction\",\"target\":[\"https:\/\/franciscanos.org.br\/noticias\/frei-medella-abre-a-festa-da-penha-pedindo-compaixao.html\"]}]},{\"@type\":\"BreadcrumbList\",\"@id\":\"https:\/\/franciscanos.org.br\/noticias\/frei-medella-abre-a-festa-da-penha-pedindo-compaixao.html#breadcrumb\",\"itemListElement\":[{\"@type\":\"ListItem\",\"position\":1,\"name\":\"Home\",\"item\":\"https:\/\/franciscanos.org.br\/noticias\"},{\"@type\":\"ListItem\",\"position\":2,\"name\":\"Frei Medella abre a Festa da Penha pedindo compaix\u00e3o\"}]},{\"@type\":\"Person\",\"@id\":\"https:\/\/franciscanos.org.br\/noticias\/#\/schema\/person\/b5c8cba458c330ccff548b056e95a5d4\",\"name\":\"moacir\",\"image\":{\"@type\":\"ImageObject\",\"inLanguage\":\"pt-BR\",\"@id\":\"https:\/\/franciscanos.org.br\/noticias\/#\/schema\/person\/image\/\",\"url\":\"https:\/\/secure.gravatar.com\/avatar\/d08aa2ce4c8dd416d4479aa8536fcf64?s=96&d=mm&r=g\",\"contentUrl\":\"https:\/\/secure.gravatar.com\/avatar\/d08aa2ce4c8dd416d4479aa8536fcf64?s=96&d=mm&r=g\",\"caption\":\"moacir\"},\"url\":\"https:\/\/franciscanos.org.br\/noticias\/author\/moacir\"}]}<\/script>\n<!-- \/ Yoast SEO plugin. -->","yoast_head_json":{"title":"Frei Medella abre a Festa da Penha pedindo compaix\u00e3o - Not\u00edcias - Franciscanos","robots":{"index":"index","follow":"follow","max-snippet":"max-snippet:-1","max-image-preview":"max-image-preview:large","max-video-preview":"max-video-preview:-1"},"canonical":"https:\/\/franciscanos.org.br\/noticias\/frei-medella-abre-a-festa-da-penha-pedindo-compaixao.html","og_locale":"pt_BR","og_type":"article","og_title":"Frei Medella abre a Festa da Penha pedindo compaix\u00e3o - Not\u00edcias - Franciscanos","og_description":"Festa da Penha 2021","og_url":"https:\/\/franciscanos.org.br\/noticias\/frei-medella-abre-a-festa-da-penha-pedindo-compaixao.html","og_site_name":"Not\u00edcias - Franciscanos","article_published_time":"2021-04-04T21:58:32+00:00","article_modified_time":"2021-07-05T22:33:02+00:00","og_image":[{"width":800,"height":550,"url":"https:\/\/franciscanos.org.br\/noticias\/wp-content\/uploads\/2021\/04\/festapenha_01d.jpg","type":"image\/jpeg"}],"author":"moacir","twitter_card":"summary_large_image","twitter_misc":{"Escrito por":"moacir","Est. tempo de leitura":"7 minutos"},"schema":{"@context":"https:\/\/schema.org","@graph":[{"@type":"WebSite","@id":"https:\/\/franciscanos.org.br\/noticias\/#website","url":"https:\/\/franciscanos.org.br\/noticias\/","name":"Not\u00edcias - Franciscanos","description":"Prov\u00edncia Franciscana da Imaculada Concei\u00e7\u00e3o do Brasil - Ordem dos Frades Menores - OFM","potentialAction":[{"@type":"SearchAction","target":{"@type":"EntryPoint","urlTemplate":"https:\/\/franciscanos.org.br\/noticias\/?s={search_term_string}"},"query-input":"required name=search_term_string"}],"inLanguage":"pt-BR"},{"@type":"ImageObject","inLanguage":"pt-BR","@id":"https:\/\/franciscanos.org.br\/noticias\/frei-medella-abre-a-festa-da-penha-pedindo-compaixao.html#primaryimage","url":"https:\/\/franciscanos.org.br\/noticias\/wp-content\/uploads\/2021\/04\/festapenha_01d.jpg","contentUrl":"https:\/\/franciscanos.org.br\/noticias\/wp-content\/uploads\/2021\/04\/festapenha_01d.jpg","width":800,"height":550},{"@type":"WebPage","@id":"https:\/\/franciscanos.org.br\/noticias\/frei-medella-abre-a-festa-da-penha-pedindo-compaixao.html#webpage","url":"https:\/\/franciscanos.org.br\/noticias\/frei-medella-abre-a-festa-da-penha-pedindo-compaixao.html","name":"Frei Medella abre a Festa da Penha pedindo compaix\u00e3o - Not\u00edcias - Franciscanos","isPartOf":{"@id":"https:\/\/franciscanos.org.br\/noticias\/#website"},"primaryImageOfPage":{"@id":"https:\/\/franciscanos.org.br\/noticias\/frei-medella-abre-a-festa-da-penha-pedindo-compaixao.html#primaryimage"},"datePublished":"2021-04-04T21:58:32+00:00","dateModified":"2021-07-05T22:33:02+00:00","author":{"@id":"https:\/\/franciscanos.org.br\/noticias\/#\/schema\/person\/b5c8cba458c330ccff548b056e95a5d4"},"breadcrumb":{"@id":"https:\/\/franciscanos.org.br\/noticias\/frei-medella-abre-a-festa-da-penha-pedindo-compaixao.html#breadcrumb"},"inLanguage":"pt-BR","potentialAction":[{"@type":"ReadAction","target":["https:\/\/franciscanos.org.br\/noticias\/frei-medella-abre-a-festa-da-penha-pedindo-compaixao.html"]}]},{"@type":"BreadcrumbList","@id":"https:\/\/franciscanos.org.br\/noticias\/frei-medella-abre-a-festa-da-penha-pedindo-compaixao.html#breadcrumb","itemListElement":[{"@type":"ListItem","position":1,"name":"Home","item":"https:\/\/franciscanos.org.br\/noticias"},{"@type":"ListItem","position":2,"name":"Frei Medella abre a Festa da Penha pedindo compaix\u00e3o"}]},{"@type":"Person","@id":"https:\/\/franciscanos.org.br\/noticias\/#\/schema\/person\/b5c8cba458c330ccff548b056e95a5d4","name":"moacir","image":{"@type":"ImageObject","inLanguage":"pt-BR","@id":"https:\/\/franciscanos.org.br\/noticias\/#\/schema\/person\/image\/","url":"https:\/\/secure.gravatar.com\/avatar\/d08aa2ce4c8dd416d4479aa8536fcf64?s=96&d=mm&r=g","contentUrl":"https:\/\/secure.gravatar.com\/avatar\/d08aa2ce4c8dd416d4479aa8536fcf64?s=96&d=mm&r=g","caption":"moacir"},"url":"https:\/\/franciscanos.org.br\/noticias\/author\/moacir"}]}},"_links":{"self":[{"href":"https:\/\/franciscanos.org.br\/noticias\/wp-json\/wp\/v2\/posts\/231401"}],"collection":[{"href":"https:\/\/franciscanos.org.br\/noticias\/wp-json\/wp\/v2\/posts"}],"about":[{"href":"https:\/\/franciscanos.org.br\/noticias\/wp-json\/wp\/v2\/types\/post"}],"author":[{"embeddable":true,"href":"https:\/\/franciscanos.org.br\/noticias\/wp-json\/wp\/v2\/users\/3"}],"replies":[{"embeddable":true,"href":"https:\/\/franciscanos.org.br\/noticias\/wp-json\/wp\/v2\/comments?post=231401"}],"version-history":[{"count":4,"href":"https:\/\/franciscanos.org.br\/noticias\/wp-json\/wp\/v2\/posts\/231401\/revisions"}],"predecessor-version":[{"id":231414,"href":"https:\/\/franciscanos.org.br\/noticias\/wp-json\/wp\/v2\/posts\/231401\/revisions\/231414"}],"wp:featuredmedia":[{"embeddable":true,"href":"https:\/\/franciscanos.org.br\/noticias\/wp-json\/wp\/v2\/media\/231410"}],"wp:attachment":[{"href":"https:\/\/franciscanos.org.br\/noticias\/wp-json\/wp\/v2\/media?parent=231401"}],"wp:term":[{"taxonomy":"category","embeddable":true,"href":"https:\/\/franciscanos.org.br\/noticias\/wp-json\/wp\/v2\/categories?post=231401"},{"taxonomy":"post_tag","embeddable":true,"href":"https:\/\/franciscanos.org.br\/noticias\/wp-json\/wp\/v2\/tags?post=231401"}],"curies":[{"name":"wp","href":"https:\/\/api.w.org\/{rel}","templated":true}]}}