{"id":231394,"date":"2021-04-04T13:09:27","date_gmt":"2021-04-04T16:09:27","guid":{"rendered":"https:\/\/franciscanos.org.br\/noticias\/?p=231394"},"modified":"2021-04-04T13:09:27","modified_gmt":"2021-04-04T16:09:27","slug":"frei-cesar-o-criterio-para-encontrar-jesus-vivo-e-ressuscitado-e-o-amor","status":"publish","type":"post","link":"https:\/\/franciscanos.org.br\/noticias\/frei-cesar-o-criterio-para-encontrar-jesus-vivo-e-ressuscitado-e-o-amor.html","title":{"rendered":"Frei C\u00e9sar: &#8220;O crit\u00e9rio para encontrar Jesus vivo e ressuscitado \u00e9 o amor&#8221;"},"content":{"rendered":"<p><img loading=\"lazy\" class=\"alignnone wp-image-231396 size-full\" src=\"https:\/\/franciscanos.org.br\/noticias\/wp-content\/uploads\/2021\/04\/vila_02.jpg\" alt=\"\" width=\"1280\" height=\"720\" srcset=\"https:\/\/franciscanos.org.br\/noticias\/wp-content\/uploads\/2021\/04\/vila_02.jpg 1280w, https:\/\/franciscanos.org.br\/noticias\/wp-content\/uploads\/2021\/04\/vila_02-450x253.jpg 450w, https:\/\/franciscanos.org.br\/noticias\/wp-content\/uploads\/2021\/04\/vila_02-1024x576.jpg 1024w, https:\/\/franciscanos.org.br\/noticias\/wp-content\/uploads\/2021\/04\/vila_02-768x432.jpg 768w, https:\/\/franciscanos.org.br\/noticias\/wp-content\/uploads\/2021\/04\/vila_02-150x84.jpg 150w\" sizes=\"(max-width: 1280px) 100vw, 1280px\" \/><\/p>\n<p>O Ministro Provincial da Prov\u00edncia da Imaculada Concei\u00e7\u00e3o, Frei C\u00e9sar K\u00fclkamp, e toda a Fraternidade da Sede Provincial, em S\u00e3o Paulo, celebraram a Missa da P\u00e1scoa do Senhor \u00e0s 10 horas deste domingo (4\/4), com transmiss\u00e3o pelas redes sociais da Par\u00f3quia S\u00e3o Francisco de Assis, na Vila Clementino. Foram concelebrantes o p\u00e1roco Frei Valdecir Schwambach, Frei Raimundo de Oliveira Castro, Frei Carlos Nunes Corr\u00eaa e Frei Robson Luiz Scudela.<\/p>\n<p>Frei C\u00e9sar saudou a todos com &#8220;Paz e Bem&#8221; e desejou Feliz P\u00e1scoa. &#8220;Sim, hoje, \u00e9 P\u00e1scoa e P\u00e1scoa \u00e9 todo dia, como n\u00f3s cantamos, pois a P\u00e1scoa \u00e9 t\u00e3o importante que ela ecoa n\u00e3o somente hoje, mas em cinquenta dias na liturgia. E \u00e9 Santo Atan\u00e1sio que nos afirma: &#8216;Os 50 dias, entre o domingo da Ressurrei\u00e7\u00e3o e o domingo de Pentecostes, sejam celebrados com alegria e exulta\u00e7\u00e3o, como se fossem um s\u00f3 dia de festa. Ou melhor, como um grande domingo'&#8221;, citou o Ministro Provincial.<\/p>\n<p>Segundo, podemos dizer &#8220;n\u00e3o apenas nesses 50 dias, mas em todos os domingos&#8221;, pois cada domingo \u00e9 celebra\u00e7\u00e3o da P\u00e1scoa da Ressurrei\u00e7\u00e3o do Senhor. &#8220;E podemos dizer em todos os dias da vida da Igreja e da nossa vida. Todas as demais celebra\u00e7\u00f5es, os sacramentos, as celebra\u00e7\u00f5es dos mist\u00e9rios da vida de Jesus, eles est\u00e3o fundados na sua ressurrei\u00e7\u00e3o. Todos os acontecimentos da nossa vida, os sofrimentos, as dificuldades, recebem um sentido novo a partir da P\u00e1scoa de Jesus, que \u00e9 tamb\u00e9m nossa P\u00e1scoa&#8221;, ressaltou Frei C\u00e9sar.<\/p>\n<p><img loading=\"lazy\" class=\"alignnone wp-image-231397 size-full\" src=\"https:\/\/franciscanos.org.br\/noticias\/wp-content\/uploads\/2021\/04\/vila_03.jpg\" alt=\"\" width=\"1214\" height=\"834\" srcset=\"https:\/\/franciscanos.org.br\/noticias\/wp-content\/uploads\/2021\/04\/vila_03.jpg 1214w, https:\/\/franciscanos.org.br\/noticias\/wp-content\/uploads\/2021\/04\/vila_03-450x309.jpg 450w, https:\/\/franciscanos.org.br\/noticias\/wp-content\/uploads\/2021\/04\/vila_03-1024x703.jpg 1024w, https:\/\/franciscanos.org.br\/noticias\/wp-content\/uploads\/2021\/04\/vila_03-768x528.jpg 768w, https:\/\/franciscanos.org.br\/noticias\/wp-content\/uploads\/2021\/04\/vila_03-150x103.jpg 150w, https:\/\/franciscanos.org.br\/noticias\/wp-content\/uploads\/2021\/04\/vila_03-320x220.jpg 320w\" sizes=\"(max-width: 1214px) 100vw, 1214px\" \/><\/p>\n<p><strong>Somos chamados ao amor<\/strong><\/p>\n<p>Referindo-se ao Evangelho e \u00e0 passagem de S\u00e3o Jo\u00e3o, Frei C\u00e9sar descreveu o cen\u00e1rio de sil\u00eancio, escurid\u00e3o, e de uma mulher, Maria Madalena, que se esgueira pelos caminhos para ir ao encontro do t\u00famulo, onde puseram o seu amado. Mas ela o encontra vazio. A partir desse momento, segundo Frei C\u00e9sar, o Evangelho provoca uma explos\u00e3o de movimentos: Ela saiu correndo pelas vias principais, os disc\u00edpulos tamb\u00e9m correm e de pressa, nos diz o texto, o mundo silencioso e escuro, desperta. Dois disc\u00edpulos chegam ao t\u00famulo: um o v\u00ea vazio, mas o disc\u00edpulo chamado &#8220;o Amado&#8221;, percebe a vit\u00f3ria da vida. Viu e acreditou. &#8220;O Evangelho indica, ent\u00e3o, que o crit\u00e9rio para encontrar Jesus vivo e ressuscitado \u00e9 o amor. \u00c9 o que se d\u00e1 com Maria Madalena, \u00e9 o que se d\u00e1 com esse disc\u00edpulo amado. E nesse disc\u00edpulo que n\u00e3o aparece o nome em v\u00e1rias partes da narrativa de S\u00e3o Jo\u00e3o, a gente pode identificar o pr\u00f3prio ap\u00f3stolo Jo\u00e3o. Mas ao escrever o Evangelho, ele nos faz uma catequese e nos leva a incluir nesse disc\u00edpulo amado a pessoa de cada ouvinte do Evangelho, de cada crist\u00e3o, o nosso nome. Somos chamados tamb\u00e9m ao amor para que possamos ver e acreditar&#8221;, explicou o Ministro Provincial.<\/p>\n<p>Segundo o celebrante, depois dessa descoberta de que o Senhor est\u00e1 vivo, os disc\u00edpulos j\u00e1 n\u00e3o s\u00e3o mais os mesmos. &#8220;Esses encontros com Jesus, que v\u00e3o se dando na sequ\u00eancia do Evangelho, cheios de vida, depois daquela dolorosa e sofrida execu\u00e7\u00e3o, transformou-os totalmente. Eles O veem de uma maneira totalmente nova. Com sua morte e ressurrei\u00e7\u00e3o, Jesus d\u00e1 a revela\u00e7\u00e3o da face do Pai, aquilo que anunciou durante toda a sua vida, mas como uma experi\u00eancia concreta. Ele \u00e9 o Deus da vida. O Deus que ressuscitou. E agora n\u00e3o resta d\u00favida para aquilo que ele tinha dito: Deus n\u00e3o \u00e9 um Deus dos mortos mas do vivos. Agora, ele o comprovou&#8221;, enfatizou.<\/p>\n<p>&#8220;Os humanos poder\u00e3o destruir a vida de mil maneiras, mas se Deus ressuscitou Jesus, isto significa que ele quer a vida tamb\u00e9m para os seus filhos. N\u00e3o estamos mais s\u00f3s, nem perdidos diante da morte. Se Deus ressuscitou Jesus, isso significa, ali para os seus ap\u00f3stolos, que a \u00faltima palavra n\u00e3o \u00e9 para do imperador Tib\u00e9rio, nem de Pilatos, o governador; a \u00faltima decis\u00e3o n\u00e3o \u00e9 de nem de Caif\u00e1s, nem de An\u00e1s. Deus tem a palavra final e definitiva. Ele reagiu diante da injusti\u00e7a dos que crucificaram Jesus e ele quer introduzir justi\u00e7a diante de tanto abuso e crueldade que se comete no mundo. Deus n\u00e3o est\u00e1 do lado dos que crucificaram, mas dos crucificados&#8221;, acrescentou Frei C\u00e9sar.<\/p>\n<p><img loading=\"lazy\" class=\"alignnone wp-image-231395 size-full\" src=\"https:\/\/franciscanos.org.br\/noticias\/wp-content\/uploads\/2021\/04\/vila_01.jpg\" alt=\"\" width=\"1280\" height=\"720\" srcset=\"https:\/\/franciscanos.org.br\/noticias\/wp-content\/uploads\/2021\/04\/vila_01.jpg 1280w, https:\/\/franciscanos.org.br\/noticias\/wp-content\/uploads\/2021\/04\/vila_01-450x253.jpg 450w, https:\/\/franciscanos.org.br\/noticias\/wp-content\/uploads\/2021\/04\/vila_01-1024x576.jpg 1024w, https:\/\/franciscanos.org.br\/noticias\/wp-content\/uploads\/2021\/04\/vila_01-768x432.jpg 768w, https:\/\/franciscanos.org.br\/noticias\/wp-content\/uploads\/2021\/04\/vila_01-150x84.jpg 150w\" sizes=\"(max-width: 1280px) 100vw, 1280px\" \/><\/p>\n<p><strong>&#8220;Deus esmagou a injusti\u00e7a e todo mal&#8221;.<\/strong><\/p>\n<p>Frei C\u00e9sar disse, ent\u00e3o, que para imit\u00e1-Lo devemos estar com os que sofrem. &#8220;Esta \u00e9 a resposta da nossa f\u00e9 e da nossa esperan\u00e7a. Para os crist\u00e3os, os sinais de morte n\u00e3o prevalecem mais. Deus esmagou a injusti\u00e7a e todo mal. E o crist\u00e3o, ele n\u00e3o \u00e9 mais derrotado pelo des\u00e2nimo, pelo medo, pelo conformismo. Antes, ele precisa se colocar em movimento, correr como aqueles ap\u00f3stolos aos seus irm\u00e3os, para dizer que Cristo vive e que ele nos convida a ressuscitarmos com Ele para uma vida nova&#8221;, mencionou.<\/p>\n<p>Para Frei C\u00e9sar, \u00e9 o que os disc\u00edpulos fazem no Livro dos Ap\u00f3stolos, quando estavam amedrontados e escondidos, v\u00e3o para as pra\u00e7as e falam movidos pela coragem e d\u00e3o testemunho de Cristo. &#8220;Eles O mataram pregando numa cruz, mas Deus O ressuscitou e n\u00f3s somos testemunhas de tudo o que Jesus fez. E Jesus mandou pregar ao povo e testemunhar. \u00c9 a partir dessa f\u00e9 e desse testemunho que nasce essa Igreja&#8221;, recordou<\/p>\n<p>Na Carta aos Colossenses, lembra o Ministro Provincial, S\u00e3o Paulo fala justamente dessa miss\u00e3o da Igreja que nasce do Ressuscitado. &#8220;Ela n\u00e3o \u00e9 uma comunidade de pessoas olhando para o ch\u00e3o do aqui e agora. Ela contempla o alto, onde est\u00e1 Cristo vivo. \u00c9 para l\u00e1 que ela caminha. N\u00e3o vive mais apegada ao que esta terra pode oferecer. N\u00e3o se apega \u00e0s gl\u00f3rias passageiras, ao poder e ao dinheiro. Quer as coisas celestes, que \u00e9 o caminho apontado por Jesus. E aqui estamos n\u00f3s, irm\u00e3os e irm\u00e3s, recebendo do pr\u00f3prio Cristo, que caminha com a sua pr\u00f3pria Igreja. Antes da ressurrei\u00e7\u00e3o, as pessoas viviam amedrontadas pela morte e at\u00e9 hoje a morte \u00e9 o maior inimigo da humanidade. Ela significa o fim, a perda das pessoas e de tudo aquilo que se conquista. Assim, a vida n\u00e3o faz sentido ou \u00e9 preciso viver todas as possibilidades enquanto aqui estamos. E isso, sim, \u00e9 uma vida sem esperan\u00e7a&#8221;, ensinou.<\/p>\n<p>&#8220;Assim, irm\u00e3os, celebrar a P\u00e1scoa \u00e9 despertar para uma vida de ressuscitados. N\u00e3o precisamos mais ser vencidos pela ang\u00fastia e pelo medo da morte. Existe muito mais al\u00e9m dela. Podemos viver com confian\u00e7a, sem tristeza diante do envelhecimento, sem pessimismo diante de uma doen\u00e7a, sem desespero diante da perda de um ente querido, sem nos agarrarmos ao consumismo ego\u00edsta e a todas as formas vazias de destrui\u00e7\u00e3o. Isso significa viver segundo o esp\u00edrito de Jesus. Ele passou pela vida fazendo o bem. Tamb\u00e9m n\u00f3s passamos pela vida. Fazer o bem \u00e9 o que d\u00e1 sentido a essa passagem&#8221;, exortou Frei C\u00e9sar.<\/p>\n<p><img loading=\"lazy\" class=\"alignnone wp-image-231398 size-full\" src=\"https:\/\/franciscanos.org.br\/noticias\/wp-content\/uploads\/2021\/04\/vila_04.jpg\" alt=\"\" width=\"1602\" height=\"901\" srcset=\"https:\/\/franciscanos.org.br\/noticias\/wp-content\/uploads\/2021\/04\/vila_04.jpg 1602w, https:\/\/franciscanos.org.br\/noticias\/wp-content\/uploads\/2021\/04\/vila_04-450x253.jpg 450w, https:\/\/franciscanos.org.br\/noticias\/wp-content\/uploads\/2021\/04\/vila_04-1024x576.jpg 1024w, https:\/\/franciscanos.org.br\/noticias\/wp-content\/uploads\/2021\/04\/vila_04-768x432.jpg 768w, https:\/\/franciscanos.org.br\/noticias\/wp-content\/uploads\/2021\/04\/vila_04-1536x864.jpg 1536w, https:\/\/franciscanos.org.br\/noticias\/wp-content\/uploads\/2021\/04\/vila_04-150x84.jpg 150w\" sizes=\"(max-width: 1602px) 100vw, 1602px\" \/><\/p>\n<p><strong>O v\u00edrus do des\u00e2nimo e do individualismo<\/strong><\/p>\n<p>Segundo o celebrante, durante a Quaresma foram feitos exerc\u00edcios de convers\u00e3o para sermos humanos e crist\u00e3os melhores. E lembrou, Frei C\u00e9sar, que a Campanha da Fraternidade, que ainda continua neste ano, ensina a buscar o di\u00e1logo contra os sinais de intoler\u00e2ncia com o diferente e com o exclu\u00eddo. &#8220;E foi o que fez Jesus. Ele n\u00e3o viu fronteiras na religi\u00e3o, na classe social, nem mesmo no pecado. Ser disc\u00edpulo hoje significa vencer os sinais de morte, da falta de sensibilidade com o sofrimento dos outros, significa quebrar as correntes da injusti\u00e7a e da explora\u00e7\u00e3o dos mais fracos, como Cristo mesmo fez e continua fazendo atrav\u00e9s de cada um de n\u00f3s. Podemos ser esses instrumentos quando n\u00f3s n\u00e3o nos entregamos ao mal e ao \u00f3dio que divide e quando nos fazemos pr\u00f3ximos das pessoas levando esperan\u00e7a, principalmente aos cansados, aos doentes, aos incapacitados para viver e para se defender&#8221;, animou.<\/p>\n<p>&#8220;Nesse tempo de prolongada pandemia e isolamento social, podemos ser contaminados n\u00e3o apenas por um v\u00edrus, mas pelo des\u00e2nimo e pelo individualismo. O Papa Francisco nos diz: &#8216;Cada dia, no mundo, renasce a beleza, que ressuscita transformada atrav\u00e9s dos dramas da hist\u00f3ria. Na realidade o ser humano renasceu muitas vezes de situa\u00e7\u00f5es que pareciam irrevers\u00edveis. Esta \u00e9 a for\u00e7a da ressurrei\u00e7\u00e3o, e cada evangelizador \u00e9 um instrumento deste dinamismo&#8217;. A\u00ed est\u00e1 o nosso compromisso e, gra\u00e7as a Deus, vemos muitos gestos bonitos e generosos de aten\u00e7\u00e3o, de cuidado, de solidariedade aos que mais sofrem. S\u00e3o sinais da P\u00e1scoa. A alegria pascal do crist\u00e3o est\u00e1 em crer na vida nova, que \u00e9 a vida eterna, aquela que come\u00e7a j\u00e1 desde agora. O sofrimento dessa pandemia vai passar e todos os outros da nossa vida tamb\u00e9m, porque o Senhor ressuscitado n\u00e3o nos abandona, caminha conosco. \u00c9 P\u00e1scoa! A morte foi vencida pela cruz e ressurrei\u00e7\u00e3o do Senhor, que \u00e9 o Senhor da vida. Feliz P\u00e1scoa. Paz e bem!&#8221;, concluiu Frei C\u00e9sar.<\/p>\n","protected":false},"excerpt":{"rendered":"<p>Celebra\u00e7\u00e3o Eucar\u00edstica da P\u00e1scoa na Sede Provincial<\/p>\n","protected":false},"author":3,"featured_media":231399,"comment_status":"open","ping_status":"open","sticky":false,"template":"","format":"standard","meta":[],"categories":[1],"tags":[454],"acf":[],"yoast_head":"<!-- This site is optimized with the Yoast SEO plugin v19.2 - https:\/\/yoast.com\/wordpress\/plugins\/seo\/ -->\n<title>Frei C\u00e9sar: &quot;O crit\u00e9rio para encontrar Jesus vivo e ressuscitado \u00e9 o amor&quot; - Not\u00edcias - Franciscanos<\/title>\n<meta name=\"robots\" content=\"index, follow, max-snippet:-1, max-image-preview:large, max-video-preview:-1\" \/>\n<link rel=\"canonical\" href=\"https:\/\/franciscanos.org.br\/noticias\/frei-cesar-o-criterio-para-encontrar-jesus-vivo-e-ressuscitado-e-o-amor.html\" \/>\n<meta property=\"og:locale\" content=\"pt_BR\" \/>\n<meta property=\"og:type\" content=\"article\" \/>\n<meta property=\"og:title\" content=\"Frei C\u00e9sar: &quot;O crit\u00e9rio para encontrar Jesus vivo e ressuscitado \u00e9 o amor&quot; - Not\u00edcias - Franciscanos\" \/>\n<meta property=\"og:description\" content=\"Celebra\u00e7\u00e3o Eucar\u00edstica da P\u00e1scoa na Sede Provincial\" \/>\n<meta property=\"og:url\" content=\"https:\/\/franciscanos.org.br\/noticias\/frei-cesar-o-criterio-para-encontrar-jesus-vivo-e-ressuscitado-e-o-amor.html\" \/>\n<meta property=\"og:site_name\" content=\"Not\u00edcias - Franciscanos\" \/>\n<meta property=\"article:published_time\" content=\"2021-04-04T16:09:27+00:00\" \/>\n<meta property=\"og:image\" content=\"https:\/\/franciscanos.org.br\/noticias\/wp-content\/uploads\/2021\/04\/vila_01d.jpg\" \/>\n\t<meta property=\"og:image:width\" content=\"800\" \/>\n\t<meta property=\"og:image:height\" content=\"550\" \/>\n\t<meta property=\"og:image:type\" content=\"image\/jpeg\" \/>\n<meta name=\"author\" content=\"moacir\" \/>\n<meta name=\"twitter:card\" content=\"summary_large_image\" \/>\n<meta name=\"twitter:label1\" content=\"Escrito por\" \/>\n\t<meta name=\"twitter:data1\" content=\"moacir\" \/>\n\t<meta name=\"twitter:label2\" content=\"Est. tempo de leitura\" \/>\n\t<meta name=\"twitter:data2\" content=\"8 minutos\" \/>\n<script type=\"application\/ld+json\" class=\"yoast-schema-graph\">{\"@context\":\"https:\/\/schema.org\",\"@graph\":[{\"@type\":\"WebSite\",\"@id\":\"https:\/\/franciscanos.org.br\/noticias\/#website\",\"url\":\"https:\/\/franciscanos.org.br\/noticias\/\",\"name\":\"Not\u00edcias - Franciscanos\",\"description\":\"Prov\u00edncia Franciscana da Imaculada Concei\u00e7\u00e3o do Brasil - Ordem dos Frades Menores - OFM\",\"potentialAction\":[{\"@type\":\"SearchAction\",\"target\":{\"@type\":\"EntryPoint\",\"urlTemplate\":\"https:\/\/franciscanos.org.br\/noticias\/?s={search_term_string}\"},\"query-input\":\"required name=search_term_string\"}],\"inLanguage\":\"pt-BR\"},{\"@type\":\"ImageObject\",\"inLanguage\":\"pt-BR\",\"@id\":\"https:\/\/franciscanos.org.br\/noticias\/frei-cesar-o-criterio-para-encontrar-jesus-vivo-e-ressuscitado-e-o-amor.html#primaryimage\",\"url\":\"https:\/\/franciscanos.org.br\/noticias\/wp-content\/uploads\/2021\/04\/vila_01d.jpg\",\"contentUrl\":\"https:\/\/franciscanos.org.br\/noticias\/wp-content\/uploads\/2021\/04\/vila_01d.jpg\",\"width\":800,\"height\":550},{\"@type\":\"WebPage\",\"@id\":\"https:\/\/franciscanos.org.br\/noticias\/frei-cesar-o-criterio-para-encontrar-jesus-vivo-e-ressuscitado-e-o-amor.html#webpage\",\"url\":\"https:\/\/franciscanos.org.br\/noticias\/frei-cesar-o-criterio-para-encontrar-jesus-vivo-e-ressuscitado-e-o-amor.html\",\"name\":\"Frei C\u00e9sar: \\\"O crit\u00e9rio para encontrar Jesus vivo e ressuscitado \u00e9 o amor\\\" - Not\u00edcias - Franciscanos\",\"isPartOf\":{\"@id\":\"https:\/\/franciscanos.org.br\/noticias\/#website\"},\"primaryImageOfPage\":{\"@id\":\"https:\/\/franciscanos.org.br\/noticias\/frei-cesar-o-criterio-para-encontrar-jesus-vivo-e-ressuscitado-e-o-amor.html#primaryimage\"},\"datePublished\":\"2021-04-04T16:09:27+00:00\",\"dateModified\":\"2021-04-04T16:09:27+00:00\",\"author\":{\"@id\":\"https:\/\/franciscanos.org.br\/noticias\/#\/schema\/person\/b5c8cba458c330ccff548b056e95a5d4\"},\"breadcrumb\":{\"@id\":\"https:\/\/franciscanos.org.br\/noticias\/frei-cesar-o-criterio-para-encontrar-jesus-vivo-e-ressuscitado-e-o-amor.html#breadcrumb\"},\"inLanguage\":\"pt-BR\",\"potentialAction\":[{\"@type\":\"ReadAction\",\"target\":[\"https:\/\/franciscanos.org.br\/noticias\/frei-cesar-o-criterio-para-encontrar-jesus-vivo-e-ressuscitado-e-o-amor.html\"]}]},{\"@type\":\"BreadcrumbList\",\"@id\":\"https:\/\/franciscanos.org.br\/noticias\/frei-cesar-o-criterio-para-encontrar-jesus-vivo-e-ressuscitado-e-o-amor.html#breadcrumb\",\"itemListElement\":[{\"@type\":\"ListItem\",\"position\":1,\"name\":\"Home\",\"item\":\"https:\/\/franciscanos.org.br\/noticias\"},{\"@type\":\"ListItem\",\"position\":2,\"name\":\"Frei C\u00e9sar: &#8220;O crit\u00e9rio para encontrar Jesus vivo e ressuscitado \u00e9 o amor&#8221;\"}]},{\"@type\":\"Person\",\"@id\":\"https:\/\/franciscanos.org.br\/noticias\/#\/schema\/person\/b5c8cba458c330ccff548b056e95a5d4\",\"name\":\"moacir\",\"image\":{\"@type\":\"ImageObject\",\"inLanguage\":\"pt-BR\",\"@id\":\"https:\/\/franciscanos.org.br\/noticias\/#\/schema\/person\/image\/\",\"url\":\"https:\/\/secure.gravatar.com\/avatar\/d08aa2ce4c8dd416d4479aa8536fcf64?s=96&d=mm&r=g\",\"contentUrl\":\"https:\/\/secure.gravatar.com\/avatar\/d08aa2ce4c8dd416d4479aa8536fcf64?s=96&d=mm&r=g\",\"caption\":\"moacir\"},\"url\":\"https:\/\/franciscanos.org.br\/noticias\/author\/moacir\"}]}<\/script>\n<!-- \/ Yoast SEO plugin. -->","yoast_head_json":{"title":"Frei C\u00e9sar: \"O crit\u00e9rio para encontrar Jesus vivo e ressuscitado \u00e9 o amor\" - Not\u00edcias - Franciscanos","robots":{"index":"index","follow":"follow","max-snippet":"max-snippet:-1","max-image-preview":"max-image-preview:large","max-video-preview":"max-video-preview:-1"},"canonical":"https:\/\/franciscanos.org.br\/noticias\/frei-cesar-o-criterio-para-encontrar-jesus-vivo-e-ressuscitado-e-o-amor.html","og_locale":"pt_BR","og_type":"article","og_title":"Frei C\u00e9sar: \"O crit\u00e9rio para encontrar Jesus vivo e ressuscitado \u00e9 o amor\" - Not\u00edcias - Franciscanos","og_description":"Celebra\u00e7\u00e3o Eucar\u00edstica da P\u00e1scoa na Sede Provincial","og_url":"https:\/\/franciscanos.org.br\/noticias\/frei-cesar-o-criterio-para-encontrar-jesus-vivo-e-ressuscitado-e-o-amor.html","og_site_name":"Not\u00edcias - Franciscanos","article_published_time":"2021-04-04T16:09:27+00:00","og_image":[{"width":800,"height":550,"url":"https:\/\/franciscanos.org.br\/noticias\/wp-content\/uploads\/2021\/04\/vila_01d.jpg","type":"image\/jpeg"}],"author":"moacir","twitter_card":"summary_large_image","twitter_misc":{"Escrito por":"moacir","Est. tempo de leitura":"8 minutos"},"schema":{"@context":"https:\/\/schema.org","@graph":[{"@type":"WebSite","@id":"https:\/\/franciscanos.org.br\/noticias\/#website","url":"https:\/\/franciscanos.org.br\/noticias\/","name":"Not\u00edcias - Franciscanos","description":"Prov\u00edncia Franciscana da Imaculada Concei\u00e7\u00e3o do Brasil - Ordem dos Frades Menores - OFM","potentialAction":[{"@type":"SearchAction","target":{"@type":"EntryPoint","urlTemplate":"https:\/\/franciscanos.org.br\/noticias\/?s={search_term_string}"},"query-input":"required name=search_term_string"}],"inLanguage":"pt-BR"},{"@type":"ImageObject","inLanguage":"pt-BR","@id":"https:\/\/franciscanos.org.br\/noticias\/frei-cesar-o-criterio-para-encontrar-jesus-vivo-e-ressuscitado-e-o-amor.html#primaryimage","url":"https:\/\/franciscanos.org.br\/noticias\/wp-content\/uploads\/2021\/04\/vila_01d.jpg","contentUrl":"https:\/\/franciscanos.org.br\/noticias\/wp-content\/uploads\/2021\/04\/vila_01d.jpg","width":800,"height":550},{"@type":"WebPage","@id":"https:\/\/franciscanos.org.br\/noticias\/frei-cesar-o-criterio-para-encontrar-jesus-vivo-e-ressuscitado-e-o-amor.html#webpage","url":"https:\/\/franciscanos.org.br\/noticias\/frei-cesar-o-criterio-para-encontrar-jesus-vivo-e-ressuscitado-e-o-amor.html","name":"Frei C\u00e9sar: \"O crit\u00e9rio para encontrar Jesus vivo e ressuscitado \u00e9 o amor\" - Not\u00edcias - Franciscanos","isPartOf":{"@id":"https:\/\/franciscanos.org.br\/noticias\/#website"},"primaryImageOfPage":{"@id":"https:\/\/franciscanos.org.br\/noticias\/frei-cesar-o-criterio-para-encontrar-jesus-vivo-e-ressuscitado-e-o-amor.html#primaryimage"},"datePublished":"2021-04-04T16:09:27+00:00","dateModified":"2021-04-04T16:09:27+00:00","author":{"@id":"https:\/\/franciscanos.org.br\/noticias\/#\/schema\/person\/b5c8cba458c330ccff548b056e95a5d4"},"breadcrumb":{"@id":"https:\/\/franciscanos.org.br\/noticias\/frei-cesar-o-criterio-para-encontrar-jesus-vivo-e-ressuscitado-e-o-amor.html#breadcrumb"},"inLanguage":"pt-BR","potentialAction":[{"@type":"ReadAction","target":["https:\/\/franciscanos.org.br\/noticias\/frei-cesar-o-criterio-para-encontrar-jesus-vivo-e-ressuscitado-e-o-amor.html"]}]},{"@type":"BreadcrumbList","@id":"https:\/\/franciscanos.org.br\/noticias\/frei-cesar-o-criterio-para-encontrar-jesus-vivo-e-ressuscitado-e-o-amor.html#breadcrumb","itemListElement":[{"@type":"ListItem","position":1,"name":"Home","item":"https:\/\/franciscanos.org.br\/noticias"},{"@type":"ListItem","position":2,"name":"Frei C\u00e9sar: &#8220;O crit\u00e9rio para encontrar Jesus vivo e ressuscitado \u00e9 o amor&#8221;"}]},{"@type":"Person","@id":"https:\/\/franciscanos.org.br\/noticias\/#\/schema\/person\/b5c8cba458c330ccff548b056e95a5d4","name":"moacir","image":{"@type":"ImageObject","inLanguage":"pt-BR","@id":"https:\/\/franciscanos.org.br\/noticias\/#\/schema\/person\/image\/","url":"https:\/\/secure.gravatar.com\/avatar\/d08aa2ce4c8dd416d4479aa8536fcf64?s=96&d=mm&r=g","contentUrl":"https:\/\/secure.gravatar.com\/avatar\/d08aa2ce4c8dd416d4479aa8536fcf64?s=96&d=mm&r=g","caption":"moacir"},"url":"https:\/\/franciscanos.org.br\/noticias\/author\/moacir"}]}},"_links":{"self":[{"href":"https:\/\/franciscanos.org.br\/noticias\/wp-json\/wp\/v2\/posts\/231394"}],"collection":[{"href":"https:\/\/franciscanos.org.br\/noticias\/wp-json\/wp\/v2\/posts"}],"about":[{"href":"https:\/\/franciscanos.org.br\/noticias\/wp-json\/wp\/v2\/types\/post"}],"author":[{"embeddable":true,"href":"https:\/\/franciscanos.org.br\/noticias\/wp-json\/wp\/v2\/users\/3"}],"replies":[{"embeddable":true,"href":"https:\/\/franciscanos.org.br\/noticias\/wp-json\/wp\/v2\/comments?post=231394"}],"version-history":[{"count":1,"href":"https:\/\/franciscanos.org.br\/noticias\/wp-json\/wp\/v2\/posts\/231394\/revisions"}],"predecessor-version":[{"id":231400,"href":"https:\/\/franciscanos.org.br\/noticias\/wp-json\/wp\/v2\/posts\/231394\/revisions\/231400"}],"wp:featuredmedia":[{"embeddable":true,"href":"https:\/\/franciscanos.org.br\/noticias\/wp-json\/wp\/v2\/media\/231399"}],"wp:attachment":[{"href":"https:\/\/franciscanos.org.br\/noticias\/wp-json\/wp\/v2\/media?parent=231394"}],"wp:term":[{"taxonomy":"category","embeddable":true,"href":"https:\/\/franciscanos.org.br\/noticias\/wp-json\/wp\/v2\/categories?post=231394"},{"taxonomy":"post_tag","embeddable":true,"href":"https:\/\/franciscanos.org.br\/noticias\/wp-json\/wp\/v2\/tags?post=231394"}],"curies":[{"name":"wp","href":"https:\/\/api.w.org\/{rel}","templated":true}]}}