{"id":231386,"date":"2021-04-04T08:01:22","date_gmt":"2021-04-04T11:01:22","guid":{"rendered":"https:\/\/franciscanos.org.br\/noticias\/?p=231386"},"modified":"2021-04-04T09:53:33","modified_gmt":"2021-04-04T12:53:33","slug":"papa-em-meio-a-guerras-e-pandemia-o-ressuscitado-e-a-esperanca","status":"publish","type":"post","link":"https:\/\/franciscanos.org.br\/noticias\/papa-em-meio-a-guerras-e-pandemia-o-ressuscitado-e-a-esperanca.html","title":{"rendered":"Papa: Em meio a guerras e pandemia, o Ressuscitado \u00e9 a esperan\u00e7a"},"content":{"rendered":"<div id=\"attachment_231387\" style=\"width: 1290px\" class=\"wp-caption alignnone\"><img aria-describedby=\"caption-attachment-231387\" loading=\"lazy\" class=\"wp-image-231387 size-full\" src=\"https:\/\/franciscanos.org.br\/noticias\/wp-content\/uploads\/2021\/04\/pascoa_0404.jpg\" alt=\"\" width=\"1280\" height=\"720\" srcset=\"https:\/\/franciscanos.org.br\/noticias\/wp-content\/uploads\/2021\/04\/pascoa_0404.jpg 1280w, https:\/\/franciscanos.org.br\/noticias\/wp-content\/uploads\/2021\/04\/pascoa_0404-450x253.jpg 450w, https:\/\/franciscanos.org.br\/noticias\/wp-content\/uploads\/2021\/04\/pascoa_0404-1024x576.jpg 1024w, https:\/\/franciscanos.org.br\/noticias\/wp-content\/uploads\/2021\/04\/pascoa_0404-768x432.jpg 768w, https:\/\/franciscanos.org.br\/noticias\/wp-content\/uploads\/2021\/04\/pascoa_0404-150x84.jpg 150w\" sizes=\"(max-width: 1280px) 100vw, 1280px\" \/><p id=\"caption-attachment-231387\" class=\"wp-caption-text\"><em> \u00a0 \u00a0 \u00a0 \u00a0 Imagens: Vatican Media<\/em><\/p><\/div>\n<p>Queridos irm\u00e3os e irm\u00e3s, feliz P\u00e1scoa! Hoje ressoa, em todas as partes do mundo, o an\u00fancio da Igreja: \u00abJesus, o crucificado, ressuscitou, como tinha dito. Aleluia\u00bb.<\/p>\n<p>O Papa Francisco presidiu na Bas\u00edlica Vaticana \u00e0 Santa Missa de P\u00e1scoa, com uma limitada presen\u00e7a de fi\u00e9is devido \u00e0s normas anti-Covid. E foi precisamente esta situa\u00e7\u00e3o que conduziu a mensagem Urbi et orbi pronunciada \u00e0 frente do altar da C\u00e1tedra.<\/p>\n<p><strong>Vacinas, instrumentos essencial na luta contra a Covid<\/strong><br \/>\n\u201cA pandemia est\u00e1 ainda em pleno desenvolvimento; a crise social e econ\u00f4mica \u00e9 muito pesada, especialmente para os mais pobres; apesar disso \u2013 e \u00e9 escandaloso \u2013, n\u00e3o cessam os conflitos armados e refor\u00e7am-se os arsenais militares\u201d, disse o Pont\u00edfice<\/p>\n<p>Nesta complexa realidade, o an\u00fancio de P\u00e1scoa encerra em poucas palavras um acontecimento que d\u00e1 a esperan\u00e7a: \u00abO crucificado ressuscitou\u00bb. E as chagas de Jesus \u201cs\u00e3o a chancela perene do seu amor por n\u00f3s\u201d. N\u00e3o se trata de uma miragem.<\/p>\n<p>Cristo ressuscitado \u00e9 esperan\u00e7a para quem sofre devido \u00e0 pandemia, para os doentes e para quem perdeu um ente querido, para os desempregados, para os m\u00e9dicos e enfermeiros.<\/p>\n<p>Um instrumento essencial nesta luta, disse o Papa, s\u00e3o as vacinas. Por isso, exorta toda a comunidade internacional a um empenho comum para superar os atrasos na distribui\u00e7\u00e3o das doses e facilitar a sua partilha, especialmente com os pa\u00edses mais pobres.<\/p>\n<p><img loading=\"lazy\" class=\"alignnone wp-image-231390 size-full\" src=\"https:\/\/franciscanos.org.br\/noticias\/wp-content\/uploads\/2021\/04\/pascoa_0404_2.jpg\" alt=\"\" width=\"900\" height=\"600\" srcset=\"https:\/\/franciscanos.org.br\/noticias\/wp-content\/uploads\/2021\/04\/pascoa_0404_2.jpg 900w, https:\/\/franciscanos.org.br\/noticias\/wp-content\/uploads\/2021\/04\/pascoa_0404_2-450x300.jpg 450w, https:\/\/franciscanos.org.br\/noticias\/wp-content\/uploads\/2021\/04\/pascoa_0404_2-768x512.jpg 768w, https:\/\/franciscanos.org.br\/noticias\/wp-content\/uploads\/2021\/04\/pascoa_0404_2-150x100.jpg 150w\" sizes=\"(max-width: 900px) 100vw, 900px\" \/><\/p>\n<p><strong>Os pa\u00edses sedentos de paz<\/strong><br \/>\nInfelizmente, constatou o Pont\u00edfice, a pandemia elevou de maneira dram\u00e1tica o n\u00famero dos pobres. E o pensamento e encorajamento do Papa foram ao povo haitiano, \u201ca fim de n\u00e3o se deixar vencer pelas dificuldades, mas olhar para o futuro com confian\u00e7a e esperan\u00e7a\u201d.<\/p>\n<p>Jesus ressuscitado \u00e9 esperan\u00e7a tamb\u00e9m para tantos jovens sem ir \u00e0 escola ou \u00e0 universidade. \u201cTodos precisamos de viver rela\u00e7\u00f5es humanas reais e n\u00e3o apenas virtuais.\u201d<\/p>\n<p>De modo especial, o Papa manifestou sua solidariedade aos jovens de Mianmar, \u201cque se empenham pela democracia\u201d.<\/p>\n<p>A mensagem pascal \u00e9 dirigida tamb\u00e9m aos migrantes que fogem da guerra e da mis\u00e9ria. E Francisco agradeceu aos pa\u00edses que acolhem, como Jord\u00e2nia e L\u00edbano, que enfrenta inclusive um \u201cper\u00edodo de dificuldades e incertezas\u201d. O Papa citou ainda a S\u00edria, o I\u00eamen, a L\u00edbia, a Ucr\u00e2nia, o Sahel e a Nig\u00e9ria, bem como a regi\u00e3o de Tigr\u00e9 e Cabo Delgado, em Mo\u00e7ambique.<\/p>\n<p>\u201cA Ressurrei\u00e7\u00e3o leva-nos, naturalmente, a Jerusal\u00e9m. Para ela imploramos do Senhor paz e seguran\u00e7a\u201d, a fim de que israelenses e palestinos convivam lado a lado.<\/p>\n<p>Francisco n\u00e3o poderia deixar de citar o Iraque, pa\u00eds que visitou um m\u00eas atr\u00e1s e \u201cpelo qual rezo a fim de continuar o caminho de pacifica\u00e7\u00e3o\u201d.<\/p>\n<p><img loading=\"lazy\" class=\"alignnone wp-image-231389 size-full\" src=\"https:\/\/franciscanos.org.br\/noticias\/wp-content\/uploads\/2021\/04\/pascoa_0404_1.jpg\" alt=\"\" width=\"900\" height=\"600\" srcset=\"https:\/\/franciscanos.org.br\/noticias\/wp-content\/uploads\/2021\/04\/pascoa_0404_1.jpg 900w, https:\/\/franciscanos.org.br\/noticias\/wp-content\/uploads\/2021\/04\/pascoa_0404_1-450x300.jpg 450w, https:\/\/franciscanos.org.br\/noticias\/wp-content\/uploads\/2021\/04\/pascoa_0404_1-768x512.jpg 768w, https:\/\/franciscanos.org.br\/noticias\/wp-content\/uploads\/2021\/04\/pascoa_0404_1-150x100.jpg 150w\" sizes=\"(max-width: 900px) 100vw, 900px\" \/><\/p>\n<p><strong>Vencer a mentalidade da guerra<\/strong><br \/>\n\u201cNo mundo, h\u00e1 ainda demasiadas guerras, demasiada viol\u00eancia! O Senhor, que \u00e9 a nossa paz, nos ajude a vencer a mentalidade da guerra\u201d, foi o clamor do Papa.<\/p>\n<p>O Santo Padre recordou ainda que neste 4 de abril, celebra-se o Dia Mundial contra as Minas Antipessoais: \u201cComo seria melhor um mundo sem estes instrumentos de morte!\u201d.<\/p>\n<p>Por fim, um pensamento aos muitos crist\u00e3os que sequer podem ir \u00e0s missas por causa da pandemia. \u201cRezemos para que tais limita\u00e7\u00f5es, bem como toda a limita\u00e7\u00e3o \u00e0 liberdade de culto e religi\u00e3o no mundo, sejam removidas e cada um possa livremente rezar e louvar a Deus.\u201d<\/p>\n<p>A mensagem final do Papa foi de esperan\u00e7a: \u201c\u00c0 luz do Ressuscitado, os nossos sofrimentos s\u00e3o transfigurados. Onde havia morte, agora h\u00e1 vida; onde havia luto, agora h\u00e1 consola\u00e7\u00e3o. Ao abra\u00e7ar a Cruz, Jesus deu sentido aos nossos sofrimentos. Feliz P\u00e1scoa para todos!\u201d<\/p>\n<h3>MISSA PASCAL<\/h3>\n<p>O an\u00fancio da derrota da morte volta com for\u00e7a na vida de cada um e na celebra\u00e7\u00e3o presidida pelo Papa Francisco no Altar da C\u00e1tedra, na Bas\u00edlica de S\u00e3o Pedro. Como no ano passado, devido \u00e0 pandemia, a participa\u00e7\u00e3o dos fi\u00e9is na celebra\u00e7\u00e3o \u00e9 em n\u00famero limitado, mas vivida com grande intensidade espiritual.<\/p>\n<p>O Pont\u00edfice parou sob os degraus do presbit\u00e9rio para o Rito da Resurrexit. Dois di\u00e1conos posicionaram-se ao lado do \u00cdcone do Salvador, outro di\u00e1cono cantava o An\u00fancio da P\u00e1scoa, enquanto Francisco incensava o \u00cdcone. O cardeal Giovanni Battista Re e o cardeal Leonardo Sandri foram ao altar para a Ora\u00e7\u00e3o Eucar\u00edstica: colocaram-se nas laterais do altar e n\u00e3o ao lado do Santo Padre.<\/p>\n<p><strong>A certeza pascal<\/strong><\/p>\n<p>Este \u00e9 o domingo em que a promessa se torna certaeza \u201cCristo ressuscitou, ressuscitou verdadeiramente\u201d. O Evangelho assim o diz, nesta festa que representa o momento mais importante do ano lit\u00fargico, e na celebra\u00e7\u00e3o \u00e9 proclamado em latim e em grego. Como em outras celebra\u00e7\u00f5es, as leituras em espanhol e ingl\u00eas ajudaram a expressar o sentido da universalidade da Igreja.<\/p>\n<p><strong>Palavras do Papa na conclus\u00e3o<\/strong><\/p>\n<p>Antes da prociss\u00e3o no final da celebra\u00e7\u00e3o, o Papa dirigiu seu pensamento de &#8220;boas-vindas&#8221; ao cardeal Mauro Gambetti OFM, recordando-o como como \u201cirm\u00e3o\u201d Mauro Gambetti, e um pensamento de agradecimento ao cardeal Comastri que, como recordou Francisco, foi arcipreste da Bas\u00edlica de S\u00e3o Pedro por 16 anos. De fato, em fevereiro deste ano, aceitando a ren\u00fancia do cardeal Comastri por ter atingido o limite de idade, o Santo Padre nomeou o cardeal Mauro Gambetti, que era o guardi\u00e3o do Sagrado Convento de Assis e que \u00e9 tamb\u00e9m o Vig\u00e1rio Geral de Sua Santidade para a Cidade do estado do Vaticano e para as Vilas Pontif\u00edcias de Castel Gandolfo.<\/p>\n<p><strong>Assim se pronunciou Francisco:<\/strong><\/p>\n<p>Gostaria de dar as boas-vindas ao novo arcipreste, o cardeal Fra Mauro Gambetti. Obrigado por sua disponibilidade, irm\u00e3o! Desejo-lhe o melhor no servi\u00e7o desta Igreja t\u00e3o importante para todos os crist\u00e3os. E gostaria tamb\u00e9m de agradecer ao cardeal Angelo Comastri que depois 16 anos como arcipreste e no limiar de 78 anos, deixa o cargo. Muito obrigado, cardeal Comastri, obrigado pelo seu cuidado pastoral, pela sua espiritualidade, pelas suas prega\u00e7\u00f5es, pela sua miseric\u00f3rdia. Que o Senhor recompense todo o seu trabalho.<\/p>\n<p>E ent\u00e3o dirigiu seu pensamento para aqueles que ofereceram sua contribui\u00e7\u00e3o para o bom desenvolvimento das celebra\u00e7\u00f5es:<\/p>\n<p>\u201cE gostaria de agradecer a todos voc\u00eas que trabalharam para que as celebra\u00e7\u00f5es desta Semana Santa fossem dignas, belas, todos, todos! Agrade\u00e7o a todos aqueles que trabalham aqui na Bas\u00edlica de S\u00e3o Pedro, o coral, os coroinhas, os leitores, os di\u00e1conos &#8230; Todos! Muito obrigado.&#8221;<\/p>\n<p><strong>No final da Santa Missa, os concelebrantes participaram da prociss\u00e3o com o Papa Francisco.<\/strong><\/p>\n<p>A cada domingo, com o Credo, renovamos a profiss\u00e3o de f\u00e9 na Ressurrei\u00e7\u00e3o de Cristo. A partir deste grande mist\u00e9rio, tudo se compreende na Igreja e cada Celebra\u00e7\u00e3o Eucar\u00edstica o torna atual. H\u00e1 tamb\u00e9m um tempo lit\u00fargico em que esta realidade central da f\u00e9 crist\u00e3 \u00e9 proposta aos fi\u00e9is de forma mais intensa: \u00e9 o tempo pascal. A cada ano, no &#8220;Sant\u00edssimo Tr\u00edduo de Cristo crucificado, morto e ressuscitado&#8221; &#8211; como o chama Santo Agostinho &#8211; a Igreja repassa as etapas finais da vida terrena de Jesus: a sua condena\u00e7\u00e3o \u00e0 morte, a subida ao Calv\u00e1rio carregando a Cruz, a seu sacrif\u00edcio por nossa salva\u00e7\u00e3o, sua coloca\u00e7\u00e3o no sepulcro. No \u00abterceiro dia\u00bb, portanto, a Igreja revive a sua Ressurrei\u00e7\u00e3o: \u00e9 a P\u00e1scoa, a passagem de Jesus da morte para a vida, na qual as antigas profecias se cumprem em plenitude. Toda a liturgia do Tempo Pascal canta a certeza e a alegria da Ressurrei\u00e7\u00e3o de Cristo.<\/p>\n<hr \/>\n<p><em>Fonte: Vatican News (texto de Bianca Fraccalvieri\u00a0 e Fausta Speranza )<\/em><\/p>\n","protected":false},"excerpt":{"rendered":"<p>Domingo de P\u00e1scoa com o Papa Francisco<\/p>\n","protected":false},"author":3,"featured_media":231388,"comment_status":"open","ping_status":"open","sticky":false,"template":"","format":"standard","meta":[],"categories":[1428],"tags":[1837,55,1439],"acf":[],"yoast_head":"<!-- This site is optimized with the Yoast SEO plugin v19.2 - https:\/\/yoast.com\/wordpress\/plugins\/seo\/ -->\n<title>Papa: Em meio a guerras e pandemia, o Ressuscitado \u00e9 a esperan\u00e7a - Not\u00edcias - Franciscanos<\/title>\n<meta name=\"robots\" content=\"index, follow, max-snippet:-1, max-image-preview:large, max-video-preview:-1\" \/>\n<link rel=\"canonical\" href=\"https:\/\/franciscanos.org.br\/noticias\/papa-em-meio-a-guerras-e-pandemia-o-ressuscitado-e-a-esperanca.html\" \/>\n<meta property=\"og:locale\" content=\"pt_BR\" \/>\n<meta property=\"og:type\" content=\"article\" \/>\n<meta property=\"og:title\" content=\"Papa: Em meio a guerras e pandemia, o Ressuscitado \u00e9 a esperan\u00e7a - Not\u00edcias - Franciscanos\" \/>\n<meta property=\"og:description\" content=\"Domingo de P\u00e1scoa com o Papa Francisco\" \/>\n<meta property=\"og:url\" content=\"https:\/\/franciscanos.org.br\/noticias\/papa-em-meio-a-guerras-e-pandemia-o-ressuscitado-e-a-esperanca.html\" \/>\n<meta property=\"og:site_name\" content=\"Not\u00edcias - Franciscanos\" \/>\n<meta property=\"article:published_time\" content=\"2021-04-04T11:01:22+00:00\" \/>\n<meta property=\"article:modified_time\" content=\"2021-04-04T12:53:33+00:00\" \/>\n<meta property=\"og:image\" content=\"https:\/\/franciscanos.org.br\/noticias\/wp-content\/uploads\/2021\/04\/pascoa_0404d.jpg\" \/>\n\t<meta property=\"og:image:width\" content=\"800\" \/>\n\t<meta property=\"og:image:height\" content=\"600\" \/>\n\t<meta property=\"og:image:type\" content=\"image\/jpeg\" \/>\n<meta name=\"author\" content=\"moacir\" \/>\n<meta name=\"twitter:card\" content=\"summary_large_image\" \/>\n<meta name=\"twitter:label1\" content=\"Escrito por\" \/>\n\t<meta name=\"twitter:data1\" content=\"moacir\" \/>\n\t<meta name=\"twitter:label2\" content=\"Est. tempo de leitura\" \/>\n\t<meta name=\"twitter:data2\" content=\"7 minutos\" \/>\n<script type=\"application\/ld+json\" class=\"yoast-schema-graph\">{\"@context\":\"https:\/\/schema.org\",\"@graph\":[{\"@type\":\"WebSite\",\"@id\":\"https:\/\/franciscanos.org.br\/noticias\/#website\",\"url\":\"https:\/\/franciscanos.org.br\/noticias\/\",\"name\":\"Not\u00edcias - Franciscanos\",\"description\":\"Prov\u00edncia Franciscana da Imaculada Concei\u00e7\u00e3o do Brasil - Ordem dos Frades Menores - OFM\",\"potentialAction\":[{\"@type\":\"SearchAction\",\"target\":{\"@type\":\"EntryPoint\",\"urlTemplate\":\"https:\/\/franciscanos.org.br\/noticias\/?s={search_term_string}\"},\"query-input\":\"required name=search_term_string\"}],\"inLanguage\":\"pt-BR\"},{\"@type\":\"ImageObject\",\"inLanguage\":\"pt-BR\",\"@id\":\"https:\/\/franciscanos.org.br\/noticias\/papa-em-meio-a-guerras-e-pandemia-o-ressuscitado-e-a-esperanca.html#primaryimage\",\"url\":\"https:\/\/franciscanos.org.br\/noticias\/wp-content\/uploads\/2021\/04\/pascoa_0404d.jpg\",\"contentUrl\":\"https:\/\/franciscanos.org.br\/noticias\/wp-content\/uploads\/2021\/04\/pascoa_0404d.jpg\",\"width\":800,\"height\":600},{\"@type\":\"WebPage\",\"@id\":\"https:\/\/franciscanos.org.br\/noticias\/papa-em-meio-a-guerras-e-pandemia-o-ressuscitado-e-a-esperanca.html#webpage\",\"url\":\"https:\/\/franciscanos.org.br\/noticias\/papa-em-meio-a-guerras-e-pandemia-o-ressuscitado-e-a-esperanca.html\",\"name\":\"Papa: Em meio a guerras e pandemia, o Ressuscitado \u00e9 a esperan\u00e7a - Not\u00edcias - Franciscanos\",\"isPartOf\":{\"@id\":\"https:\/\/franciscanos.org.br\/noticias\/#website\"},\"primaryImageOfPage\":{\"@id\":\"https:\/\/franciscanos.org.br\/noticias\/papa-em-meio-a-guerras-e-pandemia-o-ressuscitado-e-a-esperanca.html#primaryimage\"},\"datePublished\":\"2021-04-04T11:01:22+00:00\",\"dateModified\":\"2021-04-04T12:53:33+00:00\",\"author\":{\"@id\":\"https:\/\/franciscanos.org.br\/noticias\/#\/schema\/person\/b5c8cba458c330ccff548b056e95a5d4\"},\"breadcrumb\":{\"@id\":\"https:\/\/franciscanos.org.br\/noticias\/papa-em-meio-a-guerras-e-pandemia-o-ressuscitado-e-a-esperanca.html#breadcrumb\"},\"inLanguage\":\"pt-BR\",\"potentialAction\":[{\"@type\":\"ReadAction\",\"target\":[\"https:\/\/franciscanos.org.br\/noticias\/papa-em-meio-a-guerras-e-pandemia-o-ressuscitado-e-a-esperanca.html\"]}]},{\"@type\":\"BreadcrumbList\",\"@id\":\"https:\/\/franciscanos.org.br\/noticias\/papa-em-meio-a-guerras-e-pandemia-o-ressuscitado-e-a-esperanca.html#breadcrumb\",\"itemListElement\":[{\"@type\":\"ListItem\",\"position\":1,\"name\":\"Home\",\"item\":\"https:\/\/franciscanos.org.br\/noticias\"},{\"@type\":\"ListItem\",\"position\":2,\"name\":\"Papa: Em meio a guerras e pandemia, o Ressuscitado \u00e9 a esperan\u00e7a\"}]},{\"@type\":\"Person\",\"@id\":\"https:\/\/franciscanos.org.br\/noticias\/#\/schema\/person\/b5c8cba458c330ccff548b056e95a5d4\",\"name\":\"moacir\",\"image\":{\"@type\":\"ImageObject\",\"inLanguage\":\"pt-BR\",\"@id\":\"https:\/\/franciscanos.org.br\/noticias\/#\/schema\/person\/image\/\",\"url\":\"https:\/\/secure.gravatar.com\/avatar\/d08aa2ce4c8dd416d4479aa8536fcf64?s=96&d=mm&r=g\",\"contentUrl\":\"https:\/\/secure.gravatar.com\/avatar\/d08aa2ce4c8dd416d4479aa8536fcf64?s=96&d=mm&r=g\",\"caption\":\"moacir\"},\"url\":\"https:\/\/franciscanos.org.br\/noticias\/author\/moacir\"}]}<\/script>\n<!-- \/ Yoast SEO plugin. -->","yoast_head_json":{"title":"Papa: Em meio a guerras e pandemia, o Ressuscitado \u00e9 a esperan\u00e7a - Not\u00edcias - Franciscanos","robots":{"index":"index","follow":"follow","max-snippet":"max-snippet:-1","max-image-preview":"max-image-preview:large","max-video-preview":"max-video-preview:-1"},"canonical":"https:\/\/franciscanos.org.br\/noticias\/papa-em-meio-a-guerras-e-pandemia-o-ressuscitado-e-a-esperanca.html","og_locale":"pt_BR","og_type":"article","og_title":"Papa: Em meio a guerras e pandemia, o Ressuscitado \u00e9 a esperan\u00e7a - Not\u00edcias - Franciscanos","og_description":"Domingo de P\u00e1scoa com o Papa Francisco","og_url":"https:\/\/franciscanos.org.br\/noticias\/papa-em-meio-a-guerras-e-pandemia-o-ressuscitado-e-a-esperanca.html","og_site_name":"Not\u00edcias - Franciscanos","article_published_time":"2021-04-04T11:01:22+00:00","article_modified_time":"2021-04-04T12:53:33+00:00","og_image":[{"width":800,"height":600,"url":"https:\/\/franciscanos.org.br\/noticias\/wp-content\/uploads\/2021\/04\/pascoa_0404d.jpg","type":"image\/jpeg"}],"author":"moacir","twitter_card":"summary_large_image","twitter_misc":{"Escrito por":"moacir","Est. tempo de leitura":"7 minutos"},"schema":{"@context":"https:\/\/schema.org","@graph":[{"@type":"WebSite","@id":"https:\/\/franciscanos.org.br\/noticias\/#website","url":"https:\/\/franciscanos.org.br\/noticias\/","name":"Not\u00edcias - Franciscanos","description":"Prov\u00edncia Franciscana da Imaculada Concei\u00e7\u00e3o do Brasil - Ordem dos Frades Menores - OFM","potentialAction":[{"@type":"SearchAction","target":{"@type":"EntryPoint","urlTemplate":"https:\/\/franciscanos.org.br\/noticias\/?s={search_term_string}"},"query-input":"required name=search_term_string"}],"inLanguage":"pt-BR"},{"@type":"ImageObject","inLanguage":"pt-BR","@id":"https:\/\/franciscanos.org.br\/noticias\/papa-em-meio-a-guerras-e-pandemia-o-ressuscitado-e-a-esperanca.html#primaryimage","url":"https:\/\/franciscanos.org.br\/noticias\/wp-content\/uploads\/2021\/04\/pascoa_0404d.jpg","contentUrl":"https:\/\/franciscanos.org.br\/noticias\/wp-content\/uploads\/2021\/04\/pascoa_0404d.jpg","width":800,"height":600},{"@type":"WebPage","@id":"https:\/\/franciscanos.org.br\/noticias\/papa-em-meio-a-guerras-e-pandemia-o-ressuscitado-e-a-esperanca.html#webpage","url":"https:\/\/franciscanos.org.br\/noticias\/papa-em-meio-a-guerras-e-pandemia-o-ressuscitado-e-a-esperanca.html","name":"Papa: Em meio a guerras e pandemia, o Ressuscitado \u00e9 a esperan\u00e7a - Not\u00edcias - Franciscanos","isPartOf":{"@id":"https:\/\/franciscanos.org.br\/noticias\/#website"},"primaryImageOfPage":{"@id":"https:\/\/franciscanos.org.br\/noticias\/papa-em-meio-a-guerras-e-pandemia-o-ressuscitado-e-a-esperanca.html#primaryimage"},"datePublished":"2021-04-04T11:01:22+00:00","dateModified":"2021-04-04T12:53:33+00:00","author":{"@id":"https:\/\/franciscanos.org.br\/noticias\/#\/schema\/person\/b5c8cba458c330ccff548b056e95a5d4"},"breadcrumb":{"@id":"https:\/\/franciscanos.org.br\/noticias\/papa-em-meio-a-guerras-e-pandemia-o-ressuscitado-e-a-esperanca.html#breadcrumb"},"inLanguage":"pt-BR","potentialAction":[{"@type":"ReadAction","target":["https:\/\/franciscanos.org.br\/noticias\/papa-em-meio-a-guerras-e-pandemia-o-ressuscitado-e-a-esperanca.html"]}]},{"@type":"BreadcrumbList","@id":"https:\/\/franciscanos.org.br\/noticias\/papa-em-meio-a-guerras-e-pandemia-o-ressuscitado-e-a-esperanca.html#breadcrumb","itemListElement":[{"@type":"ListItem","position":1,"name":"Home","item":"https:\/\/franciscanos.org.br\/noticias"},{"@type":"ListItem","position":2,"name":"Papa: Em meio a guerras e pandemia, o Ressuscitado \u00e9 a esperan\u00e7a"}]},{"@type":"Person","@id":"https:\/\/franciscanos.org.br\/noticias\/#\/schema\/person\/b5c8cba458c330ccff548b056e95a5d4","name":"moacir","image":{"@type":"ImageObject","inLanguage":"pt-BR","@id":"https:\/\/franciscanos.org.br\/noticias\/#\/schema\/person\/image\/","url":"https:\/\/secure.gravatar.com\/avatar\/d08aa2ce4c8dd416d4479aa8536fcf64?s=96&d=mm&r=g","contentUrl":"https:\/\/secure.gravatar.com\/avatar\/d08aa2ce4c8dd416d4479aa8536fcf64?s=96&d=mm&r=g","caption":"moacir"},"url":"https:\/\/franciscanos.org.br\/noticias\/author\/moacir"}]}},"_links":{"self":[{"href":"https:\/\/franciscanos.org.br\/noticias\/wp-json\/wp\/v2\/posts\/231386"}],"collection":[{"href":"https:\/\/franciscanos.org.br\/noticias\/wp-json\/wp\/v2\/posts"}],"about":[{"href":"https:\/\/franciscanos.org.br\/noticias\/wp-json\/wp\/v2\/types\/post"}],"author":[{"embeddable":true,"href":"https:\/\/franciscanos.org.br\/noticias\/wp-json\/wp\/v2\/users\/3"}],"replies":[{"embeddable":true,"href":"https:\/\/franciscanos.org.br\/noticias\/wp-json\/wp\/v2\/comments?post=231386"}],"version-history":[{"count":3,"href":"https:\/\/franciscanos.org.br\/noticias\/wp-json\/wp\/v2\/posts\/231386\/revisions"}],"predecessor-version":[{"id":231393,"href":"https:\/\/franciscanos.org.br\/noticias\/wp-json\/wp\/v2\/posts\/231386\/revisions\/231393"}],"wp:featuredmedia":[{"embeddable":true,"href":"https:\/\/franciscanos.org.br\/noticias\/wp-json\/wp\/v2\/media\/231388"}],"wp:attachment":[{"href":"https:\/\/franciscanos.org.br\/noticias\/wp-json\/wp\/v2\/media?parent=231386"}],"wp:term":[{"taxonomy":"category","embeddable":true,"href":"https:\/\/franciscanos.org.br\/noticias\/wp-json\/wp\/v2\/categories?post=231386"},{"taxonomy":"post_tag","embeddable":true,"href":"https:\/\/franciscanos.org.br\/noticias\/wp-json\/wp\/v2\/tags?post=231386"}],"curies":[{"name":"wp","href":"https:\/\/api.w.org\/{rel}","templated":true}]}}