{"id":231381,"date":"2021-04-03T16:15:01","date_gmt":"2021-04-03T19:15:01","guid":{"rendered":"https:\/\/franciscanos.org.br\/noticias\/?p=231381"},"modified":"2021-04-03T16:15:01","modified_gmt":"2021-04-03T19:15:01","slug":"papa-com-jesus-a-vida-muda-com-ele-a-vida-recomeca","status":"publish","type":"post","link":"https:\/\/franciscanos.org.br\/noticias\/papa-com-jesus-a-vida-muda-com-ele-a-vida-recomeca.html","title":{"rendered":"Papa: Com Jesus, a vida muda. Com Ele, a vida recome\u00e7a."},"content":{"rendered":"<p><img loading=\"lazy\" class=\"alignnone size-full wp-image-231382\" src=\"https:\/\/franciscanos.org.br\/noticias\/wp-content\/uploads\/2021\/04\/vigilia_03.jpg\" alt=\"\" width=\"1280\" height=\"720\" srcset=\"https:\/\/franciscanos.org.br\/noticias\/wp-content\/uploads\/2021\/04\/vigilia_03.jpg 1280w, https:\/\/franciscanos.org.br\/noticias\/wp-content\/uploads\/2021\/04\/vigilia_03-450x253.jpg 450w, https:\/\/franciscanos.org.br\/noticias\/wp-content\/uploads\/2021\/04\/vigilia_03-1024x576.jpg 1024w, https:\/\/franciscanos.org.br\/noticias\/wp-content\/uploads\/2021\/04\/vigilia_03-768x432.jpg 768w, https:\/\/franciscanos.org.br\/noticias\/wp-content\/uploads\/2021\/04\/vigilia_03-150x84.jpg 150w\" sizes=\"(max-width: 1280px) 100vw, 1280px\" \/><br \/>\nA M\u00e3e de todas as vig\u00edlias: o c\u00edrio pascal iluminou a Bas\u00edlica de S\u00e3o Pedro, na cerim\u00f4nia presidida pelo Papa Francisco no in\u00edcio da noite.<\/p>\n<p>Devido \u00e0 pandemia, nesta vig\u00edlia pascal n\u00e3o foram administrados batismos, mas foi feita a renova\u00e7\u00e3o das promessas batismais e as leituras tamb\u00e9m reduzidas.<\/p>\n<p>Na homilia, o Papa se concentrou sobre um vers\u00edculo do Evangelho proposto pela liturgia: \u201cEle precede-vos a caminho da Galileia; l\u00e1 O vereis\u201d (16, 7). Para Francisco, aqui se encontra o convite da P\u00e1scoa: &#8220;ir para a Galileia&#8221;.<\/p>\n<p><strong>Recome\u00e7ar<\/strong><br \/>\nIr para a Galileia, explicou o Pont\u00edfice significa, antes de mais nada, recome\u00e7ar.<\/p>\n<p>\u201cAqui est\u00e1 o primeiro an\u00fancio de P\u00e1scoa que gostaria de deixar: \u00e9 poss\u00edvel recome\u00e7ar sempre, porque h\u00e1 uma vida nova que Deus \u00e9 capaz, independentemente de todos os nossos falimentos, de fazer reiniciar em n\u00f3s.\u201d<\/p>\n<p>Deus pode construir uma obra de arte at\u00e9 a partir dos escombros do nosso cora\u00e7\u00e3o; a partir mesmo dos peda\u00e7os arruinados da nossa humanidade, Deus prepara uma nova hist\u00f3ria.<\/p>\n<p>Ele sempre nos precede, afirmou ainda o Papa. E nestes meses sombrios de pandemia, \u201cou\u00e7amos o Senhor ressuscitado que nos convida a recome\u00e7ar, a nunca perder a esperan\u00e7a\u201d.<\/p>\n<p><strong>Novos caminhos<\/strong><br \/>\nIr para a Galileia significa tamb\u00e9m percorrer caminhos novos, \u201c\u00e9 mover-se na dire\u00e7\u00e3o oposta ao t\u00famulo\u201d.<\/p>\n<p>Muitos vivem a \u00abf\u00e9 das recorda\u00e7\u00f5es\u00bb, como se Jesus fosse um personagem do passado, constatou o Papa. Ao contr\u00e1rio, ir para a Galileia significa aprender que a f\u00e9, para estar viva, deve continuar a caminhar. Temos medo das surpresas de Deus, acrescentou o Pont\u00edfice, mas hoje o Senhor nos convida a deixar-nos surpreender.<\/p>\n<p>\u201cJesus n\u00e3o \u00e9 um personagem ultrapassado. Ele est\u00e1 vivo, aqui e agora.\u201d Caminha conosco todos os dias, na situa\u00e7\u00e3o que estamos vivendo, nos sonhos que trazemos dentro de n\u00f3s.<\/p>\n<p><strong>Confins geogr\u00e1ficos e existenciais<\/strong><br \/>\nIr para a Galileia significa, al\u00e9m disso, ir aos confins. Porque a Galileia \u00e9 o lugar mais distante, explicou ainda Francisco, onde Jesus come\u00e7ou a sua miss\u00e3o, dirigindo o an\u00fancio aos exclu\u00eddos.<\/p>\n<p>\u201cE hoje tamb\u00e9m \u00e9 l\u00e1 que o Ressuscitado pede aos seus para irem. \u00c9 o lugar da vida di\u00e1ria, s\u00e3o os caminhos que percorremos todos os dias, s\u00e3o os recantos das nossas cidades onde o Senhor nos precede e Se torna presente.<\/p>\n<p>O convite final do Papa \u00e9 que redescubramos a gra\u00e7a da cotidianidade, reconhecer Jesus nas nossas \u00abgalileias\u00bb, na vida de todos os dias. Com Ele, a vida mudar\u00e1. Com Ele, a vida recome\u00e7a.<\/p>\n<p>\u201cIrm\u00e3, irm\u00e3o, se nesta noite tem no cora\u00e7\u00e3o uma hora escura, um dia que ainda n\u00e3o raiou, uma luz sepultada, um sonho despeda\u00e7ado, abra o cora\u00e7\u00e3o maravilhado ao an\u00fancio da P\u00e1scoa: \u00abN\u00e3o tenha medo, ressuscitou! E o espera na Galileia\u00bb.\u201d<\/p>\n<p><img loading=\"lazy\" class=\"alignnone size-full wp-image-231384\" src=\"https:\/\/franciscanos.org.br\/noticias\/wp-content\/uploads\/2021\/04\/04.jpeg\" alt=\"\" width=\"1500\" height=\"844\" srcset=\"https:\/\/franciscanos.org.br\/noticias\/wp-content\/uploads\/2021\/04\/04.jpeg 1500w, https:\/\/franciscanos.org.br\/noticias\/wp-content\/uploads\/2021\/04\/04-450x253.jpeg 450w, https:\/\/franciscanos.org.br\/noticias\/wp-content\/uploads\/2021\/04\/04-1024x576.jpeg 1024w, https:\/\/franciscanos.org.br\/noticias\/wp-content\/uploads\/2021\/04\/04-768x432.jpeg 768w, https:\/\/franciscanos.org.br\/noticias\/wp-content\/uploads\/2021\/04\/04-150x84.jpeg 150w\" sizes=\"(max-width: 1500px) 100vw, 1500px\" \/><\/p>\n<h1 class=\"article__title\">\u00cdntegra da Homilia do Papa Francisco<\/h1>\n<div class=\"article__subTitle\">A homilia pronunciada pelo Papa Francisco neste S\u00e1bado Santo, na Bas\u00edlica de S\u00e3o Pedro.<\/div>\n<div class=\"title__separator\"><\/div>\n<div class=\"article__text \">\n<p>As mulheres esperavam encontrar o cad\u00e1ver para o ungir; em vez disso, encontraram um t\u00famulo vazio. Foram chorar um morto; em vez disso, escutaram um an\u00fancio de vida. Por isso, como diz o Evangelho, aquelas mulheres \u00abestavam cheias de medo e maravilha\u00bb (<i>Mc<\/i>\u00a016, 8). Maravilha: neste caso, \u00e9 uma mistura de medo e alegria que se apodera dos seus cora\u00e7\u00f5es, ao verem a grande pedra do t\u00famulo rolada para o lado e, dentro, um jovem de t\u00fanica branca. \u00c9 maravilha pelas palavras escutadas: \u00abN\u00e3o vos assusteis! Buscais a Jesus de Nazar\u00e9, o crucificado? Ressuscitou\u00bb (16, 6). E depois por este convite: \u00abEle precede-vos a caminho da Galileia; l\u00e1 O vereis\u00bb (16, 7). Acolhamos, tamb\u00e9m n\u00f3s, este convite,\u00a0<i>o convite de P\u00e1scoa<\/i>: vamos para a Galileia, onde nos precede o Senhor Ressuscitado. Mas, que significa \u00abir para a Galileia\u00bb?<\/p>\n<p>Ir para a Galileia significa, antes de mais nada,\u00a0<i>recome\u00e7ar<\/i>. Para os disc\u00edpulos, \u00e9 voltar ao lugar onde inicialmente o Senhor os procurou e chamou para O seguirem. \u00c9 o lugar do primeiro encontro e do primeiro amor. Desde ent\u00e3o, deixadas as redes, seguiram Jesus, escutando a sua prega\u00e7\u00e3o e assistindo aos prod\u00edgios que realizava. E todavia, apesar de estar sempre com Ele, n\u00e3o O compreendiam totalmente, muitas vezes entenderam mal as suas palavras e, \u00e0 vista da cruz, fugiram deixando-O sozinho. N\u00e3o obstante este falimento, o Senhor Ressuscitado apresenta-Se como Aquele que os precede uma vez mais na Galileia; precede-os, isto \u00e9, est\u00e1 diante deles. Chamara-os para O seguirem, e volta a cham\u00e1-los sem nunca Se cansar. O Ressuscitado est\u00e1 a dizer-lhes: \u00abPartamos donde iniciamos. Recomecemos. Quero-vos de novo comigo, n\u00e3o obstante e para al\u00e9m de todos os falimentos\u00bb. Nesta Galileia, aprendemos a maravilhar-nos com o amor infinito do Senhor, que tra\u00e7a novas sendas nos caminhos das nossas derrotas.<\/p>\n<p>Aqui est\u00e1 o primeiro an\u00fancio de P\u00e1scoa que gostava de vos deixar:\u00a0<i>\u00e9 poss\u00edvel recome\u00e7ar sempre<\/i>, porque h\u00e1 uma vida nova que Deus \u00e9 capaz, independentemente de todos os nossos falimentos, de fazer reiniciar em n\u00f3s. Deus pode construir uma obra de arte at\u00e9 a partir dos escombros do nosso cora\u00e7\u00e3o; a partir mesmo dos peda\u00e7os arruinados da nossa humanidade, Deus prepara uma hist\u00f3ria nova. Ele sempre nos precede: na cruz do sofrimento, da desola\u00e7\u00e3o e da morte, bem como na gl\u00f3ria duma vida que ressurge, duma hist\u00f3ria que muda, duma esperan\u00e7a que renasce. E, nestes meses sombrios de pandemia, ou\u00e7amos o Senhor ressuscitado que nos convida a recome\u00e7ar, a nunca perder a esperan\u00e7a.<\/p>\n<p>Ir para a Galileia significa, em segundo lugar,\u00a0<i>percorrer caminhos novos<\/i>. \u00c9 mover-se na dire\u00e7\u00e3o oposta ao t\u00famulo. As mulheres procuram Jesus no t\u00famulo, isto \u00e9, v\u00e3o recordar o que viveram com Ele e que, agora, se perdeu para sempre. V\u00e3o repassar a sua tristeza. \u00c9 a imagem duma f\u00e9 que se tornou comemora\u00e7\u00e3o duma coisa linda mas que acabou, apenas para se recordar. Muitos vivem a \u00abf\u00e9 das recorda\u00e7\u00f5es\u00bb, como se Jesus fosse um personagem do passado, um amigo da juventude j\u00e1 distante, um facto sucedido h\u00e1 muito tempo quando, ainda crian\u00e7a, frequentava a catequese. Uma f\u00e9 feita de h\u00e1bitos, coisas do passado, belas recorda\u00e7\u00f5es da inf\u00e2ncia, uma f\u00e9 que j\u00e1 n\u00e3o me toca nem interpela. Ao contr\u00e1rio, ir para a Galileia significa aprender que a f\u00e9, para estar viva, deve continuar a caminhar. Deve reavivar cada dia o princ\u00edpio do caminho, a maravilha do primeiro encontro. E depois confiar, sem a presun\u00e7\u00e3o de j\u00e1 saber tudo, mas com a humildade de quem se deixa surpreender pelos caminhos de Deus. Vamos para a Galileia descobrir que Deus n\u00e3o pode ser arrumado entre as recorda\u00e7\u00f5es da inf\u00e2ncia, mas est\u00e1 vivo, sempre surpreende. Ressuscitado, nunca cessa de nos surpreender.<\/p>\n<p>Aqui est\u00e1 o segundo an\u00fancio de P\u00e1scoa: a f\u00e9 n\u00e3o \u00e9 um repert\u00f3rio do passado, Jesus n\u00e3o \u00e9 um personagem ultrapassado. Ele\u00a0<i>est\u00e1 vivo, aqui e agora<\/i>. Caminha contigo todos os dias, na situa\u00e7\u00e3o que est\u00e1s a viver, na prova\u00e7\u00e3o que est\u00e1s a atravessar, nos sonhos que trazes dentro de ti. Abre novos caminhos onde te parece que n\u00e3o existem, impele-te a ir contracorrente relativamente a nostalgias e ao \u00abj\u00e1 visto\u00bb. Mesmo que tudo te pare\u00e7a perdido, abre-te maravilhado \u00e0 sua novidade: surpreender-te-\u00e1.<\/p>\n<p>Ir para a Galileia significa, al\u00e9m disso,\u00a0<i>ir aos confins<\/i>. Porque a Galileia \u00e9 o lugar mais distante: naquela regi\u00e3o composta e diversificada, moram aqueles que est\u00e3o mais longe da pureza ritual de Jerusal\u00e9m. E todavia Jesus come\u00e7ou de l\u00e1 a sua miss\u00e3o, dirigindo o an\u00fancio a quem carrega fadigosamente a vida di\u00e1ria, aos exclu\u00eddos, aos fr\u00e1geis, aos pobres, para ser rosto e presen\u00e7a de Deus que incansavelmente vai \u00e0 procura de quem est\u00e1 desanimado ou perdido, que Se move at\u00e9 aos confins da exist\u00eancia porque, a seus olhos, ningu\u00e9m \u00e9 \u00faltimo, ningu\u00e9m est\u00e1 exclu\u00eddo. E hoje tamb\u00e9m \u00e9 l\u00e1 que o Ressuscitado pede aos seus para irem. \u00c9 o lugar da vida di\u00e1ria, s\u00e3o os caminhos que percorremos todos os dias, s\u00e3o os recantos das nossas cidades onde o Senhor nos precede e Se torna presente, precisamente na vida de quem se encontra ao nosso lado e partilha connosco o tempo, a casa, o trabalho, as fadigas e as esperan\u00e7as. Na Galileia, aprendemos que \u00e9 poss\u00edvel encontrar o Ressuscitado no rosto dos irm\u00e3os, no entusiasmo de quem sonha e na resigna\u00e7\u00e3o de quem est\u00e1 desanimado, nos sorrisos de quem exulta e nas l\u00e1grimas de quem sofre, sobretudo nos pobres e em quem \u00e9 marginalizado. Ficaremos maravilhados ao ver como a grandeza de Deus se revela na pequenez, como a sua beleza resplandece nos simples e nos pobres.<\/p>\n<p>E assim temos o terceiro an\u00fancio de P\u00e1scoa: Jesus, o Ressuscitado, ama-nos sem fronteiras e visita todas as situa\u00e7\u00f5es da nossa vida. Ele plantou a sua presen\u00e7a no cora\u00e7\u00e3o do mundo e convida-nos tamb\u00e9m a n\u00f3s a superar as barreiras, vencer os preconceitos, aproximar-nos de quem est\u00e1 ao nosso lado dia a dia, para redescobrir a\u00a0<i>gra\u00e7a da quotidianidade<\/i>. Reconhe\u00e7amo-Lo presente nas nossas \u00abgalileias\u00bb, na vida de todos os dias. Com Ele, a vida mudar\u00e1. Porque, para al\u00e9m de todas as derrotas, do mal e da viol\u00eancia, para al\u00e9m de todo sofrimento e para al\u00e9m da morte, o Ressuscitado vive e guia a hist\u00f3ria.<\/p>\n<p>Irm\u00e3o, irm\u00e3, se nesta noite tens no cora\u00e7\u00e3o uma hora escura, um dia que ainda n\u00e3o raiou, uma luz sepultada, um sonho despeda\u00e7ado, abre o cora\u00e7\u00e3o maravilhado ao an\u00fancio da P\u00e1scoa: \u00abN\u00e3o tenhas medo, ressuscitou! Espera-te na Galileia\u00bb. Os teus anseios ser\u00e3o realizados, as tuas l\u00e1grimas ser\u00e3o enxugadas, os teus medos ser\u00e3o vencidos pela esperan\u00e7a. Porque o Senhor te precede, caminha \u00e0 tua frente. E, com Ele, a vida recome\u00e7a.<\/p>\n<p>HOMILIA DO SANTO PADRE<\/p>\n<p>MISSA da VIG\u00cdLIA PASCAL<\/p>\n<p>(S\u00e1bado Santo, 3 de abril de 2021)<\/p>\n<hr \/>\n<p><em>Fonte: Vatican News (texto de Bianca Fraccalvieri)<\/em><\/p>\n<\/div>\n","protected":false},"excerpt":{"rendered":"<p>Vig\u00edlia Pascal<\/p>\n","protected":false},"author":3,"featured_media":231383,"comment_status":"open","ping_status":"open","sticky":false,"template":"","format":"standard","meta":[],"categories":[1428],"tags":[1191],"acf":[],"yoast_head":"<!-- This site is optimized with the Yoast SEO plugin v19.2 - https:\/\/yoast.com\/wordpress\/plugins\/seo\/ -->\n<title>Papa: Com Jesus, a vida muda. Com Ele, a vida recome\u00e7a. - Not\u00edcias - Franciscanos<\/title>\n<meta name=\"robots\" content=\"index, follow, max-snippet:-1, max-image-preview:large, max-video-preview:-1\" \/>\n<link rel=\"canonical\" href=\"https:\/\/franciscanos.org.br\/noticias\/papa-com-jesus-a-vida-muda-com-ele-a-vida-recomeca.html\" \/>\n<meta property=\"og:locale\" content=\"pt_BR\" \/>\n<meta property=\"og:type\" content=\"article\" \/>\n<meta property=\"og:title\" content=\"Papa: Com Jesus, a vida muda. Com Ele, a vida recome\u00e7a. - Not\u00edcias - Franciscanos\" \/>\n<meta property=\"og:description\" content=\"Vig\u00edlia Pascal\" \/>\n<meta property=\"og:url\" content=\"https:\/\/franciscanos.org.br\/noticias\/papa-com-jesus-a-vida-muda-com-ele-a-vida-recomeca.html\" \/>\n<meta property=\"og:site_name\" content=\"Not\u00edcias - Franciscanos\" \/>\n<meta property=\"article:published_time\" content=\"2021-04-03T19:15:01+00:00\" \/>\n<meta property=\"og:image\" content=\"https:\/\/franciscanos.org.br\/noticias\/wp-content\/uploads\/2021\/04\/vigilia_03d.jpg\" \/>\n\t<meta property=\"og:image:width\" content=\"800\" \/>\n\t<meta property=\"og:image:height\" content=\"550\" \/>\n\t<meta property=\"og:image:type\" content=\"image\/jpeg\" \/>\n<meta name=\"author\" content=\"moacir\" \/>\n<meta name=\"twitter:card\" content=\"summary_large_image\" \/>\n<meta name=\"twitter:label1\" content=\"Escrito por\" \/>\n\t<meta name=\"twitter:data1\" content=\"moacir\" \/>\n\t<meta name=\"twitter:label2\" content=\"Est. tempo de leitura\" \/>\n\t<meta name=\"twitter:data2\" content=\"9 minutos\" \/>\n<script type=\"application\/ld+json\" class=\"yoast-schema-graph\">{\"@context\":\"https:\/\/schema.org\",\"@graph\":[{\"@type\":\"WebSite\",\"@id\":\"https:\/\/franciscanos.org.br\/noticias\/#website\",\"url\":\"https:\/\/franciscanos.org.br\/noticias\/\",\"name\":\"Not\u00edcias - Franciscanos\",\"description\":\"Prov\u00edncia Franciscana da Imaculada Concei\u00e7\u00e3o do Brasil - Ordem dos Frades Menores - OFM\",\"potentialAction\":[{\"@type\":\"SearchAction\",\"target\":{\"@type\":\"EntryPoint\",\"urlTemplate\":\"https:\/\/franciscanos.org.br\/noticias\/?s={search_term_string}\"},\"query-input\":\"required name=search_term_string\"}],\"inLanguage\":\"pt-BR\"},{\"@type\":\"ImageObject\",\"inLanguage\":\"pt-BR\",\"@id\":\"https:\/\/franciscanos.org.br\/noticias\/papa-com-jesus-a-vida-muda-com-ele-a-vida-recomeca.html#primaryimage\",\"url\":\"https:\/\/franciscanos.org.br\/noticias\/wp-content\/uploads\/2021\/04\/vigilia_03d.jpg\",\"contentUrl\":\"https:\/\/franciscanos.org.br\/noticias\/wp-content\/uploads\/2021\/04\/vigilia_03d.jpg\",\"width\":800,\"height\":550},{\"@type\":\"WebPage\",\"@id\":\"https:\/\/franciscanos.org.br\/noticias\/papa-com-jesus-a-vida-muda-com-ele-a-vida-recomeca.html#webpage\",\"url\":\"https:\/\/franciscanos.org.br\/noticias\/papa-com-jesus-a-vida-muda-com-ele-a-vida-recomeca.html\",\"name\":\"Papa: Com Jesus, a vida muda. Com Ele, a vida recome\u00e7a. - Not\u00edcias - Franciscanos\",\"isPartOf\":{\"@id\":\"https:\/\/franciscanos.org.br\/noticias\/#website\"},\"primaryImageOfPage\":{\"@id\":\"https:\/\/franciscanos.org.br\/noticias\/papa-com-jesus-a-vida-muda-com-ele-a-vida-recomeca.html#primaryimage\"},\"datePublished\":\"2021-04-03T19:15:01+00:00\",\"dateModified\":\"2021-04-03T19:15:01+00:00\",\"author\":{\"@id\":\"https:\/\/franciscanos.org.br\/noticias\/#\/schema\/person\/b5c8cba458c330ccff548b056e95a5d4\"},\"breadcrumb\":{\"@id\":\"https:\/\/franciscanos.org.br\/noticias\/papa-com-jesus-a-vida-muda-com-ele-a-vida-recomeca.html#breadcrumb\"},\"inLanguage\":\"pt-BR\",\"potentialAction\":[{\"@type\":\"ReadAction\",\"target\":[\"https:\/\/franciscanos.org.br\/noticias\/papa-com-jesus-a-vida-muda-com-ele-a-vida-recomeca.html\"]}]},{\"@type\":\"BreadcrumbList\",\"@id\":\"https:\/\/franciscanos.org.br\/noticias\/papa-com-jesus-a-vida-muda-com-ele-a-vida-recomeca.html#breadcrumb\",\"itemListElement\":[{\"@type\":\"ListItem\",\"position\":1,\"name\":\"Home\",\"item\":\"https:\/\/franciscanos.org.br\/noticias\"},{\"@type\":\"ListItem\",\"position\":2,\"name\":\"Papa: Com Jesus, a vida muda. Com Ele, a vida recome\u00e7a.\"}]},{\"@type\":\"Person\",\"@id\":\"https:\/\/franciscanos.org.br\/noticias\/#\/schema\/person\/b5c8cba458c330ccff548b056e95a5d4\",\"name\":\"moacir\",\"image\":{\"@type\":\"ImageObject\",\"inLanguage\":\"pt-BR\",\"@id\":\"https:\/\/franciscanos.org.br\/noticias\/#\/schema\/person\/image\/\",\"url\":\"https:\/\/secure.gravatar.com\/avatar\/d08aa2ce4c8dd416d4479aa8536fcf64?s=96&d=mm&r=g\",\"contentUrl\":\"https:\/\/secure.gravatar.com\/avatar\/d08aa2ce4c8dd416d4479aa8536fcf64?s=96&d=mm&r=g\",\"caption\":\"moacir\"},\"url\":\"https:\/\/franciscanos.org.br\/noticias\/author\/moacir\"}]}<\/script>\n<!-- \/ Yoast SEO plugin. -->","yoast_head_json":{"title":"Papa: Com Jesus, a vida muda. Com Ele, a vida recome\u00e7a. - Not\u00edcias - Franciscanos","robots":{"index":"index","follow":"follow","max-snippet":"max-snippet:-1","max-image-preview":"max-image-preview:large","max-video-preview":"max-video-preview:-1"},"canonical":"https:\/\/franciscanos.org.br\/noticias\/papa-com-jesus-a-vida-muda-com-ele-a-vida-recomeca.html","og_locale":"pt_BR","og_type":"article","og_title":"Papa: Com Jesus, a vida muda. Com Ele, a vida recome\u00e7a. - Not\u00edcias - Franciscanos","og_description":"Vig\u00edlia Pascal","og_url":"https:\/\/franciscanos.org.br\/noticias\/papa-com-jesus-a-vida-muda-com-ele-a-vida-recomeca.html","og_site_name":"Not\u00edcias - Franciscanos","article_published_time":"2021-04-03T19:15:01+00:00","og_image":[{"width":800,"height":550,"url":"https:\/\/franciscanos.org.br\/noticias\/wp-content\/uploads\/2021\/04\/vigilia_03d.jpg","type":"image\/jpeg"}],"author":"moacir","twitter_card":"summary_large_image","twitter_misc":{"Escrito por":"moacir","Est. tempo de leitura":"9 minutos"},"schema":{"@context":"https:\/\/schema.org","@graph":[{"@type":"WebSite","@id":"https:\/\/franciscanos.org.br\/noticias\/#website","url":"https:\/\/franciscanos.org.br\/noticias\/","name":"Not\u00edcias - Franciscanos","description":"Prov\u00edncia Franciscana da Imaculada Concei\u00e7\u00e3o do Brasil - Ordem dos Frades Menores - OFM","potentialAction":[{"@type":"SearchAction","target":{"@type":"EntryPoint","urlTemplate":"https:\/\/franciscanos.org.br\/noticias\/?s={search_term_string}"},"query-input":"required name=search_term_string"}],"inLanguage":"pt-BR"},{"@type":"ImageObject","inLanguage":"pt-BR","@id":"https:\/\/franciscanos.org.br\/noticias\/papa-com-jesus-a-vida-muda-com-ele-a-vida-recomeca.html#primaryimage","url":"https:\/\/franciscanos.org.br\/noticias\/wp-content\/uploads\/2021\/04\/vigilia_03d.jpg","contentUrl":"https:\/\/franciscanos.org.br\/noticias\/wp-content\/uploads\/2021\/04\/vigilia_03d.jpg","width":800,"height":550},{"@type":"WebPage","@id":"https:\/\/franciscanos.org.br\/noticias\/papa-com-jesus-a-vida-muda-com-ele-a-vida-recomeca.html#webpage","url":"https:\/\/franciscanos.org.br\/noticias\/papa-com-jesus-a-vida-muda-com-ele-a-vida-recomeca.html","name":"Papa: Com Jesus, a vida muda. Com Ele, a vida recome\u00e7a. - Not\u00edcias - Franciscanos","isPartOf":{"@id":"https:\/\/franciscanos.org.br\/noticias\/#website"},"primaryImageOfPage":{"@id":"https:\/\/franciscanos.org.br\/noticias\/papa-com-jesus-a-vida-muda-com-ele-a-vida-recomeca.html#primaryimage"},"datePublished":"2021-04-03T19:15:01+00:00","dateModified":"2021-04-03T19:15:01+00:00","author":{"@id":"https:\/\/franciscanos.org.br\/noticias\/#\/schema\/person\/b5c8cba458c330ccff548b056e95a5d4"},"breadcrumb":{"@id":"https:\/\/franciscanos.org.br\/noticias\/papa-com-jesus-a-vida-muda-com-ele-a-vida-recomeca.html#breadcrumb"},"inLanguage":"pt-BR","potentialAction":[{"@type":"ReadAction","target":["https:\/\/franciscanos.org.br\/noticias\/papa-com-jesus-a-vida-muda-com-ele-a-vida-recomeca.html"]}]},{"@type":"BreadcrumbList","@id":"https:\/\/franciscanos.org.br\/noticias\/papa-com-jesus-a-vida-muda-com-ele-a-vida-recomeca.html#breadcrumb","itemListElement":[{"@type":"ListItem","position":1,"name":"Home","item":"https:\/\/franciscanos.org.br\/noticias"},{"@type":"ListItem","position":2,"name":"Papa: Com Jesus, a vida muda. Com Ele, a vida recome\u00e7a."}]},{"@type":"Person","@id":"https:\/\/franciscanos.org.br\/noticias\/#\/schema\/person\/b5c8cba458c330ccff548b056e95a5d4","name":"moacir","image":{"@type":"ImageObject","inLanguage":"pt-BR","@id":"https:\/\/franciscanos.org.br\/noticias\/#\/schema\/person\/image\/","url":"https:\/\/secure.gravatar.com\/avatar\/d08aa2ce4c8dd416d4479aa8536fcf64?s=96&d=mm&r=g","contentUrl":"https:\/\/secure.gravatar.com\/avatar\/d08aa2ce4c8dd416d4479aa8536fcf64?s=96&d=mm&r=g","caption":"moacir"},"url":"https:\/\/franciscanos.org.br\/noticias\/author\/moacir"}]}},"_links":{"self":[{"href":"https:\/\/franciscanos.org.br\/noticias\/wp-json\/wp\/v2\/posts\/231381"}],"collection":[{"href":"https:\/\/franciscanos.org.br\/noticias\/wp-json\/wp\/v2\/posts"}],"about":[{"href":"https:\/\/franciscanos.org.br\/noticias\/wp-json\/wp\/v2\/types\/post"}],"author":[{"embeddable":true,"href":"https:\/\/franciscanos.org.br\/noticias\/wp-json\/wp\/v2\/users\/3"}],"replies":[{"embeddable":true,"href":"https:\/\/franciscanos.org.br\/noticias\/wp-json\/wp\/v2\/comments?post=231381"}],"version-history":[{"count":1,"href":"https:\/\/franciscanos.org.br\/noticias\/wp-json\/wp\/v2\/posts\/231381\/revisions"}],"predecessor-version":[{"id":231385,"href":"https:\/\/franciscanos.org.br\/noticias\/wp-json\/wp\/v2\/posts\/231381\/revisions\/231385"}],"wp:featuredmedia":[{"embeddable":true,"href":"https:\/\/franciscanos.org.br\/noticias\/wp-json\/wp\/v2\/media\/231383"}],"wp:attachment":[{"href":"https:\/\/franciscanos.org.br\/noticias\/wp-json\/wp\/v2\/media?parent=231381"}],"wp:term":[{"taxonomy":"category","embeddable":true,"href":"https:\/\/franciscanos.org.br\/noticias\/wp-json\/wp\/v2\/categories?post=231381"},{"taxonomy":"post_tag","embeddable":true,"href":"https:\/\/franciscanos.org.br\/noticias\/wp-json\/wp\/v2\/tags?post=231381"}],"curies":[{"name":"wp","href":"https:\/\/api.w.org\/{rel}","templated":true}]}}