{"id":231364,"date":"2021-04-02T17:47:31","date_gmt":"2021-04-02T20:47:31","guid":{"rendered":"https:\/\/franciscanos.org.br\/noticias\/?p=231364"},"modified":"2021-04-02T17:47:31","modified_gmt":"2021-04-02T20:47:31","slug":"a-oracao-do-papa-na-via-sacra-com-e-pelas-criancas-do-mundo","status":"publish","type":"post","link":"https:\/\/franciscanos.org.br\/noticias\/a-oracao-do-papa-na-via-sacra-com-e-pelas-criancas-do-mundo.html","title":{"rendered":"A ora\u00e7\u00e3o do Papa na Via-Sacra com e pelas crian\u00e7as do mundo"},"content":{"rendered":"<div id=\"attachment_231365\" style=\"width: 1290px\" class=\"wp-caption alignnone\"><img aria-describedby=\"caption-attachment-231365\" loading=\"lazy\" class=\"wp-image-231365 size-full\" src=\"https:\/\/franciscanos.org.br\/noticias\/wp-content\/uploads\/2021\/04\/sextasanta_04.jpg\" alt=\"\" width=\"1280\" height=\"660\" srcset=\"https:\/\/franciscanos.org.br\/noticias\/wp-content\/uploads\/2021\/04\/sextasanta_04.jpg 1280w, https:\/\/franciscanos.org.br\/noticias\/wp-content\/uploads\/2021\/04\/sextasanta_04-450x232.jpg 450w, https:\/\/franciscanos.org.br\/noticias\/wp-content\/uploads\/2021\/04\/sextasanta_04-1024x528.jpg 1024w, https:\/\/franciscanos.org.br\/noticias\/wp-content\/uploads\/2021\/04\/sextasanta_04-768x396.jpg 768w, https:\/\/franciscanos.org.br\/noticias\/wp-content\/uploads\/2021\/04\/sextasanta_04-150x77.jpg 150w\" sizes=\"(max-width: 1280px) 100vw, 1280px\" \/><p id=\"caption-attachment-231365\" class=\"wp-caption-text\">\u00a0 \u00a0 \u00a0 \u00a0 \u00a0 \u00a0 \u00a0 \u00a0 \u00a0 \u00a0 \u00a0 \u00a0 \u00a0 \u00a0 \u00a0 \u00a0 \u00a0 \u00a0 \u00a0 \u00a0 \u00a0 \u00a0 \u00a0 \u00a0 \u00a0 \u00a0 \u00a0 \u00a0 \u00a0 \u00a0 \u00a0 \u00a0 \u00a0 \u00a0 \u00a0 \u00a0 \u00a0 \u00a0 \u00a0 \u00a0 \u00a0 \u00a0 \u00a0 \u00a0 \u00a0 \u00a0 \u00a0 \u00a0 \u00a0 \u00a0 \u00a0 \u00a0 \u00a0 \u00a0 \u00a0 \u00a0 \u00a0 \u00a0 \u00a0 <em>\u00a0 \u00a0 \u00a0 \u00a0 \u00a0 \u00a0 \u00a0 \u00a0Imagens: Vatican Media<\/em><\/p><\/div>\n<p>As crian\u00e7as e suas cruzes estiveram no centro da Via-Sacra presidida pelo Papa Francisco na noite desta Sexta-feira Santa, realizada pelo segundo ano consecutivo na Pra\u00e7a S\u00e3o Pedro, devido \u00e0 pandemia.<\/p>\n<p>Os autores mirins dos textos foram os mesmos que carregaram a cruz no cen\u00e1rio semideserto no Vaticano.<\/p>\n<p>As 14 esta\u00e7\u00f5es foram colocadas ao redor do obelisco e ao longo do caminho que leva ao adro da Bas\u00edlica. Tochas no ch\u00e3o tra\u00e7aram o caminho, formando uma grande cruz luminosa. A cada etapa do calv\u00e1rio, um desenho e uma ora\u00e7\u00e3o, como esta: &#8220;Jesus, ajudai-nos a n\u00e3o abandonar as nossas ora\u00e7\u00f5es quando sentimos o nosso cora\u00e7\u00e3o pesado frente \u00e0 pedra do vosso sepulcro&#8221;.<\/p>\n<p><img loading=\"lazy\" class=\"alignnone wp-image-231367 size-full\" src=\"https:\/\/franciscanos.org.br\/noticias\/wp-content\/uploads\/2021\/04\/sexta_santa_06.jpg\" alt=\"\" width=\"1280\" height=\"720\" srcset=\"https:\/\/franciscanos.org.br\/noticias\/wp-content\/uploads\/2021\/04\/sexta_santa_06.jpg 1280w, https:\/\/franciscanos.org.br\/noticias\/wp-content\/uploads\/2021\/04\/sexta_santa_06-450x253.jpg 450w, https:\/\/franciscanos.org.br\/noticias\/wp-content\/uploads\/2021\/04\/sexta_santa_06-1024x576.jpg 1024w, https:\/\/franciscanos.org.br\/noticias\/wp-content\/uploads\/2021\/04\/sexta_santa_06-768x432.jpg 768w, https:\/\/franciscanos.org.br\/noticias\/wp-content\/uploads\/2021\/04\/sexta_santa_06-150x84.jpg 150w\" sizes=\"(max-width: 1280px) 100vw, 1280px\" \/><\/p>\n<p>Escoteiros, crismandos, crian\u00e7as que vivem em \u201ccasas-fam\u00edlia\u201d refletiram ang\u00fastias, ansiedades, preocupa\u00e7\u00f5es a cada esta\u00e7\u00e3o. Cenas corriqueiras da inf\u00e2ncia, como uma briga com a m\u00e3e, desentendimentos na escola, uma li\u00e7\u00e3o de casa mal sucedida foram colocados no papel. Tamb\u00e9m h\u00e1 espa\u00e7o para a chegada de um novo amigo migrante e rela\u00e7\u00e3o com os pr\u00f3prios limites e o desafio do amadurecimento. O dia a dia transformado pela pandemia e o luto s\u00e3o externados. As experi\u00eancias negativas d\u00e3o espa\u00e7o \u00e0 solidariedade, \u00e0 inclus\u00e3o, ao superamento e \u00e0 esperan\u00e7a.<\/p>\n<p>Como elas, foi a ora\u00e7\u00e3o final, que o Senhor \u201cajude-nos a nos tornar pequeninos, necessitados de tudo, abertos \u00e0 vida\u201d, reconquistando a pureza do olhar e do cora\u00e7\u00e3o.<\/p>\n<p>\u201cPedimos que o Senhor aben\u00e7oe e proteja todas as crian\u00e7as do mundo, para que possam crescer em idade, sabedoria e gra\u00e7a, a fim de conhecerem e seguirem o projeto bom que o Senhor pensou para cada uma delas.\u201d<\/p>\n<p>Ao final, o Pont\u00edfice saudou os pequenos, sendo rodeado por eles.<\/p>\n<p><img loading=\"lazy\" class=\"alignnone wp-image-231368 size-full\" src=\"https:\/\/franciscanos.org.br\/noticias\/wp-content\/uploads\/2021\/04\/sextasanta_03.jpg\" alt=\"\" width=\"1280\" height=\"658\" srcset=\"https:\/\/franciscanos.org.br\/noticias\/wp-content\/uploads\/2021\/04\/sextasanta_03.jpg 1280w, https:\/\/franciscanos.org.br\/noticias\/wp-content\/uploads\/2021\/04\/sextasanta_03-450x231.jpg 450w, https:\/\/franciscanos.org.br\/noticias\/wp-content\/uploads\/2021\/04\/sextasanta_03-1024x526.jpg 1024w, https:\/\/franciscanos.org.br\/noticias\/wp-content\/uploads\/2021\/04\/sextasanta_03-768x395.jpg 768w, https:\/\/franciscanos.org.br\/noticias\/wp-content\/uploads\/2021\/04\/sextasanta_03-150x77.jpg 150w\" sizes=\"(max-width: 1280px) 100vw, 1280px\" \/><\/p>\n<h3>Via Sacra. A paix\u00e3o de Jesus desenhada pelas crian\u00e7as.<\/h3>\n<p>Jesus coroado de espinhos mas sorridente, e a m\u00e3o de Pilatos que o entrega a seus carrascos para a crucifica\u00e7\u00e3o. \u00c9 a capa do livreto &#8220;Com o cora\u00e7\u00e3o e os olhos das crian\u00e7as&#8221; sobre as medita\u00e7\u00f5es da Via-Sacra que o Papa presidiu nesta Sexta-feira Santa na Pra\u00e7a S\u00e3o Pedro. Desenho feito por Alessandro, um jovem de 18 anos que vive em uma das casas da cooperativa &#8220;Il Tetto Casal Fattoria&#8221; em Roma, uma realidade que acolhe cerca de 100 crian\u00e7as e jovens com dificuldades familiares e trinta deles participaram da proposta de ilustrar a Via-Sacra 2021 presidida por Francisco. Alessandro esteve na Pra\u00e7a com Olivia, 16 anos, de origem russa, que tamb\u00e9m carregou a cruz em algumas esta\u00e7\u00f5es, enquanto que Tiziano de 12 anos e Simone de 9, estiveram entre o p\u00fablico.<\/p>\n<hr \/>\n<h3><img loading=\"lazy\" class=\"alignnone wp-image-231369 size-full\" src=\"https:\/\/franciscanos.org.br\/noticias\/wp-content\/uploads\/2021\/04\/sextasanta_12.jpg\" alt=\"\" width=\"1280\" height=\"683\" srcset=\"https:\/\/franciscanos.org.br\/noticias\/wp-content\/uploads\/2021\/04\/sextasanta_12.jpg 1280w, https:\/\/franciscanos.org.br\/noticias\/wp-content\/uploads\/2021\/04\/sextasanta_12-450x240.jpg 450w, https:\/\/franciscanos.org.br\/noticias\/wp-content\/uploads\/2021\/04\/sextasanta_12-1024x546.jpg 1024w, https:\/\/franciscanos.org.br\/noticias\/wp-content\/uploads\/2021\/04\/sextasanta_12-768x410.jpg 768w, https:\/\/franciscanos.org.br\/noticias\/wp-content\/uploads\/2021\/04\/sextasanta_12-150x80.jpg 150w\" sizes=\"(max-width: 1280px) 100vw, 1280px\" \/><\/h3>\n<h3>Homilia: Jesus, primog\u00eanito entre muitos irm\u00e3os<\/h3>\n<p>A homilia da celebra\u00e7\u00e3o da Paix\u00e3o do Senhor da Sexta-feira Santa 2021 foi feita pelo cardeal Frei Raniero Cantalamessa, o pregador da Casa Pontif\u00edcia. O tema da sua homilia foi centralizado na recente enc\u00edclica sobre a fraternidade do Papa Francisco \u201cFratelli tutti\u201d destacando que em pouco tempo \u201cfez renascer em tantos cora\u00e7\u00f5es a aspira\u00e7\u00e3o quanto a este valor universal, trouxe \u00e0 luz tantas feridas contra ela no mundo de hoje, indicou algumas vias para se chegar a uma verdadeira e justa fraternidade humana\u201d.<\/p>\n<p><strong>Significado de \u201cirm\u00e3o\u201d para o crist\u00e3o<\/strong><br \/>\n\u201cO mist\u00e9rio da cruz que estamos celebrando &#8211; disse o cardeal &#8211; nos obriga a nos concentrarmos justamente neste fundamento cristol\u00f3gico da fraternidade, que foi inaugurado na morte de Cristo\u201d. \u201cNo Novo Testamento\u201d, continua, \u201c\u2018irm\u00e3o\u2019 significa, em sentido primordial, a pessoa nascida do mesmo pai e da mesma m\u00e3e.<br \/>\n\u2018Irm\u00e3os\u2019, em segundo lugar, s\u00e3o chamados os membros do mesmo povo e na\u00e7\u00e3o\u201d. E amplia o conceito: \u201cNeste alargamento de horizonte, chega-se a chamar de irm\u00e3o cada pessoa humana, pelo fato de ser tal. Irm\u00e3o \u00e9 aquele que a B\u00edblia chama de \u201cpr\u00f3ximo\u201d. Ponderando em seguida: \u201cMas, ao lado destes significados antigos e conhecidos, no Novo Testamento a palavra \u201cirm\u00e3o\u201d tende sempre mais a indicar uma categoria particular de pessoas\u201d. (&#8230;) Porque \u201cTodo aquele que faz a vontade do meu Pai, que est\u00e1 nos c\u00e9us, esse \u00e9 meu irm\u00e3o, minha irm\u00e3 e minha m\u00e3e\u201d (Mt 12,48-50).<\/p>\n<p><img loading=\"lazy\" class=\"alignnone wp-image-231370 size-full\" src=\"https:\/\/franciscanos.org.br\/noticias\/wp-content\/uploads\/2021\/04\/sextasanta_07.jpg\" alt=\"\" width=\"1280\" height=\"720\" srcset=\"https:\/\/franciscanos.org.br\/noticias\/wp-content\/uploads\/2021\/04\/sextasanta_07.jpg 1280w, https:\/\/franciscanos.org.br\/noticias\/wp-content\/uploads\/2021\/04\/sextasanta_07-450x253.jpg 450w, https:\/\/franciscanos.org.br\/noticias\/wp-content\/uploads\/2021\/04\/sextasanta_07-1024x576.jpg 1024w, https:\/\/franciscanos.org.br\/noticias\/wp-content\/uploads\/2021\/04\/sextasanta_07-768x432.jpg 768w, https:\/\/franciscanos.org.br\/noticias\/wp-content\/uploads\/2021\/04\/sextasanta_07-150x84.jpg 150w\" sizes=\"(max-width: 1280px) 100vw, 1280px\" \/><\/p>\n<p><strong>Primog\u00eanito entre muitos irm\u00e3os<\/strong><br \/>\n\u201cNesta linha, a P\u00e1scoa marca uma etapa nova e decisiva. Gra\u00e7as a ela, Cristo se torna \u2018o primog\u00eanito entre muitos irm\u00e3os\u2019 (Rm 8,29). Os disc\u00edpulos se tornam irm\u00e3os em sentido novo e profund\u00edssimo: compartilham n\u00e3o apenas o ensinamento de Jesus, mas tamb\u00e9m seu Esp\u00edrito, sua nova vida de ressuscitado\u201d. Frei Cantalamessa esclarece: \u201cDepois da P\u00e1scoa, este \u00e9 o uso mais comum do termo irm\u00e3o; indica o irm\u00e3o de f\u00e9, membro da comunidade crist\u00e3. Irm\u00e3os \u2018de sangue\u2019, tamb\u00e9m neste caso, mas do sangue de Cristo! Isso faz da fraternidade de Cristo algo de \u00fanico e transcendente, em rela\u00e7\u00e3o a qualquer outro g\u00eanero de fraternidade, e deve-se ao fato de que Cristo \u00e9 tamb\u00e9m Deus\u201d. Conclui este pensamento sobre a fraternidade afirmando: &#8220;Ela n\u00e3o se substitui aos demais tipos de fraternidade, baseados em fam\u00edlia, na\u00e7\u00e3o ou ra\u00e7a, mas coroa-os&#8221;.<\/p>\n<p>\u201cSomos irm\u00e3os n\u00e3o apenas a t\u00edtulo de cria\u00e7\u00e3o, mas tamb\u00e9m de reden\u00e7\u00e3o; n\u00e3o s\u00f3 porque todos temos o mesmo Pai, mas porque todos temos o mesmo irm\u00e3o, Cristo, \u2018primog\u00eanito entre muitos irm\u00e3os\u2019\u201d<\/p>\n<p><strong>A fraternidade se constr\u00f3i a partir de n\u00f3s, sem divis\u00f5es<\/strong><br \/>\n&#8220;\u00c0 luz destes conceitos pode-se fazer algumas reflex\u00f5es atuais: A fraternidade se constr\u00f3i (&#8230;) come\u00e7ando de perto, a partir de n\u00f3s, n\u00e3o com grandes esquemas, com metas ambiciosas e abstratas\u201d. E especifica \u201cna Igreja Cat\u00f3lica\u201d. \u201cA fraternidade cat\u00f3lica est\u00e1 dilacerada!\u201d adverte Cantalamessa, \u201ca t\u00fanica de Cristo foi cortada em peda\u00e7os pelas divis\u00f5es entre as Igrejas; (&#8230;) cada peda\u00e7o da t\u00fanica, por sua vez, \u00e9 frequentemente dividido em outros peda\u00e7os.<\/p>\n<p>Naturalmente, falo do elemento humano dela, porque a verdadeira t\u00fanica de Cristo, seu corpo m\u00edstico animado pelo Esp\u00edrito Santo, ningu\u00e9m jamais poder\u00e1 dilacerar\u201d. E continua \u201cIsto, contudo, n\u00e3o desculpa as nossas divis\u00f5es, mas as torna ainda mais culp\u00e1veis e deve nos impulsionar, com mais for\u00e7a, a restaur\u00e1-las\u201d.<\/p>\n<p><img loading=\"lazy\" class=\"alignnone wp-image-231371 size-full\" src=\"https:\/\/franciscanos.org.br\/noticias\/wp-content\/uploads\/2021\/04\/sextasanta_01.jpg\" alt=\"\" width=\"1920\" height=\"984\" srcset=\"https:\/\/franciscanos.org.br\/noticias\/wp-content\/uploads\/2021\/04\/sextasanta_01.jpg 1920w, https:\/\/franciscanos.org.br\/noticias\/wp-content\/uploads\/2021\/04\/sextasanta_01-450x231.jpg 450w, https:\/\/franciscanos.org.br\/noticias\/wp-content\/uploads\/2021\/04\/sextasanta_01-1024x525.jpg 1024w, https:\/\/franciscanos.org.br\/noticias\/wp-content\/uploads\/2021\/04\/sextasanta_01-768x394.jpg 768w, https:\/\/franciscanos.org.br\/noticias\/wp-content\/uploads\/2021\/04\/sextasanta_01-1536x787.jpg 1536w, https:\/\/franciscanos.org.br\/noticias\/wp-content\/uploads\/2021\/04\/sextasanta_01-150x77.jpg 150w\" sizes=\"(max-width: 1920px) 100vw, 1920px\" \/><\/p>\n<p><strong>N\u00e3o sobrepor a pol\u00edtica \u00e0 religi\u00e3o<\/strong><br \/>\n\u201cQual \u00e9 a causa mais comum das divis\u00f5es entre os cat\u00f3licos? \u00c9 a op\u00e7\u00e3o pol\u00edtica, quando ela se sobrep\u00f5e \u00e0 religiosa e eclesial e desposa uma ideologia, esquecendo completamente o sentido e o dever da obedi\u00eancia na Igreja\u201d<\/p>\n<p>&#8220;Isto \u00e9 um pecado, no sentido mais estrito do termo. Significa que o \u2018o reino deste mundo\u2019 se tornou mais importante, no pr\u00f3prio cora\u00e7\u00e3o, do que o Reino de Deus. Creio que sejamos todos chamados a fazer um s\u00e9rio exame de consci\u00eancia sobre isso e a nos convertermos\u201d conclui o cardeal.<\/p>\n<p><strong>Pastores de todo o rebanho<\/strong><br \/>\nE sugere aprender com Jesus no Evangelho quando encontra uma forte polariza\u00e7\u00e3o pol\u00edtica e n\u00e3o fica do lado de nenhum deles. \u201cEste \u00e9 um exemplo\u201d, explica Cantalamessa, \u201csobretudo para os pastores que devem ser pastores de todo o rebanho, n\u00e3o apenas de uma parte dele. S\u00e3o eles, por isso, os primeiros a ter que fazer um s\u00e9rio exame de consci\u00eancia e se perguntar aonde est\u00e3o conduzindo o pr\u00f3prio rebanho: se \u00e0 pr\u00f3pria parte (ou ao pr\u00f3prio \u201cpartido\u201d), ou \u00e0 parte de Jesus.<\/p>\n<p>Por fim, o cardeal recorda \u201cSe h\u00e1 um dom ou carisma pr\u00f3prio que a Igreja Cat\u00f3lica deve cultivar em benef\u00edcio de todas as Igrejas, este \u00e9 a unidade\u201d.<\/p>\n<hr \/>\n<h3><img loading=\"lazy\" class=\"alignnone wp-image-231372 size-full\" src=\"https:\/\/franciscanos.org.br\/noticias\/wp-content\/uploads\/2021\/04\/sextasanta_08.jpg\" alt=\"\" width=\"1280\" height=\"720\" srcset=\"https:\/\/franciscanos.org.br\/noticias\/wp-content\/uploads\/2021\/04\/sextasanta_08.jpg 1280w, https:\/\/franciscanos.org.br\/noticias\/wp-content\/uploads\/2021\/04\/sextasanta_08-450x253.jpg 450w, https:\/\/franciscanos.org.br\/noticias\/wp-content\/uploads\/2021\/04\/sextasanta_08-1024x576.jpg 1024w, https:\/\/franciscanos.org.br\/noticias\/wp-content\/uploads\/2021\/04\/sextasanta_08-768x432.jpg 768w, https:\/\/franciscanos.org.br\/noticias\/wp-content\/uploads\/2021\/04\/sextasanta_08-150x84.jpg 150w\" sizes=\"(max-width: 1280px) 100vw, 1280px\" \/><\/h3>\n<h3><strong>Papa encontra pessoas carentes que recebem vacina no Vaticano<\/strong><\/h3>\n<p>Segundo o comunicado da Sala de Imprensa, \u201cnesta manh\u00e3, Sexta-feira Santa, pouco antes das 10h o Papa Francisco dirigiu-se ao \u00e1trio da Sala Paulo VI, enquanto eram vacinados alguns sem-teto e pessoas em dificuldade, acolhidos e acompanhados por algumas associa\u00e7\u00f5es romanas.<\/p>\n<p>O Papa saudou os m\u00e9dicos e enfermeiras, acompanhou o procedimento de prepara\u00e7\u00e3o das doses de vacina e falou com as pessoas que aguardavam na fila a vacina\u00e7\u00e3o. At\u00e9 o momento, das 1.200 pessoas carentes que receber\u00e3o a vacina cerca de 800 j\u00e1 receberam a primeira dose nesta semana.<\/p>\n<hr \/>\n<p><em>Fonte: Vatican News (textos de Jane Nogara, Alessandro Di Bussolo)<\/em><\/p>\n","protected":false},"excerpt":{"rendered":"<p>Sexta-feira da Paix\u00e3o do Senhor com o Papa Francisco<\/p>\n","protected":false},"author":3,"featured_media":231366,"comment_status":"open","ping_status":"open","sticky":false,"template":"","format":"standard","meta":[],"categories":[1428],"tags":[55,1475],"acf":[],"yoast_head":"<!-- This site is optimized with the Yoast SEO plugin v19.2 - https:\/\/yoast.com\/wordpress\/plugins\/seo\/ -->\n<title>A ora\u00e7\u00e3o do Papa na Via-Sacra com e pelas crian\u00e7as do mundo - Not\u00edcias - Franciscanos<\/title>\n<meta name=\"robots\" content=\"index, follow, max-snippet:-1, max-image-preview:large, max-video-preview:-1\" \/>\n<link rel=\"canonical\" href=\"https:\/\/franciscanos.org.br\/noticias\/a-oracao-do-papa-na-via-sacra-com-e-pelas-criancas-do-mundo.html\" \/>\n<meta property=\"og:locale\" content=\"pt_BR\" \/>\n<meta property=\"og:type\" content=\"article\" \/>\n<meta property=\"og:title\" content=\"A ora\u00e7\u00e3o do Papa na Via-Sacra com e pelas crian\u00e7as do mundo - Not\u00edcias - Franciscanos\" \/>\n<meta property=\"og:description\" content=\"Sexta-feira da Paix\u00e3o do Senhor com o Papa Francisco\" \/>\n<meta property=\"og:url\" content=\"https:\/\/franciscanos.org.br\/noticias\/a-oracao-do-papa-na-via-sacra-com-e-pelas-criancas-do-mundo.html\" \/>\n<meta property=\"og:site_name\" content=\"Not\u00edcias - Franciscanos\" \/>\n<meta property=\"article:published_time\" content=\"2021-04-02T20:47:31+00:00\" \/>\n<meta property=\"og:image\" content=\"https:\/\/franciscanos.org.br\/noticias\/wp-content\/uploads\/2021\/04\/sextasanta_01d.jpg\" \/>\n\t<meta property=\"og:image:width\" content=\"800\" \/>\n\t<meta property=\"og:image:height\" content=\"550\" \/>\n\t<meta property=\"og:image:type\" content=\"image\/jpeg\" \/>\n<meta name=\"author\" content=\"moacir\" \/>\n<meta name=\"twitter:card\" content=\"summary_large_image\" \/>\n<meta name=\"twitter:label1\" content=\"Escrito por\" \/>\n\t<meta name=\"twitter:data1\" content=\"moacir\" \/>\n\t<meta name=\"twitter:label2\" content=\"Est. tempo de leitura\" \/>\n\t<meta name=\"twitter:data2\" content=\"7 minutos\" \/>\n<script type=\"application\/ld+json\" class=\"yoast-schema-graph\">{\"@context\":\"https:\/\/schema.org\",\"@graph\":[{\"@type\":\"WebSite\",\"@id\":\"https:\/\/franciscanos.org.br\/noticias\/#website\",\"url\":\"https:\/\/franciscanos.org.br\/noticias\/\",\"name\":\"Not\u00edcias - Franciscanos\",\"description\":\"Prov\u00edncia Franciscana da Imaculada Concei\u00e7\u00e3o do Brasil - Ordem dos Frades Menores - OFM\",\"potentialAction\":[{\"@type\":\"SearchAction\",\"target\":{\"@type\":\"EntryPoint\",\"urlTemplate\":\"https:\/\/franciscanos.org.br\/noticias\/?s={search_term_string}\"},\"query-input\":\"required name=search_term_string\"}],\"inLanguage\":\"pt-BR\"},{\"@type\":\"ImageObject\",\"inLanguage\":\"pt-BR\",\"@id\":\"https:\/\/franciscanos.org.br\/noticias\/a-oracao-do-papa-na-via-sacra-com-e-pelas-criancas-do-mundo.html#primaryimage\",\"url\":\"https:\/\/franciscanos.org.br\/noticias\/wp-content\/uploads\/2021\/04\/sextasanta_01d.jpg\",\"contentUrl\":\"https:\/\/franciscanos.org.br\/noticias\/wp-content\/uploads\/2021\/04\/sextasanta_01d.jpg\",\"width\":800,\"height\":550},{\"@type\":\"WebPage\",\"@id\":\"https:\/\/franciscanos.org.br\/noticias\/a-oracao-do-papa-na-via-sacra-com-e-pelas-criancas-do-mundo.html#webpage\",\"url\":\"https:\/\/franciscanos.org.br\/noticias\/a-oracao-do-papa-na-via-sacra-com-e-pelas-criancas-do-mundo.html\",\"name\":\"A ora\u00e7\u00e3o do Papa na Via-Sacra com e pelas crian\u00e7as do mundo - Not\u00edcias - Franciscanos\",\"isPartOf\":{\"@id\":\"https:\/\/franciscanos.org.br\/noticias\/#website\"},\"primaryImageOfPage\":{\"@id\":\"https:\/\/franciscanos.org.br\/noticias\/a-oracao-do-papa-na-via-sacra-com-e-pelas-criancas-do-mundo.html#primaryimage\"},\"datePublished\":\"2021-04-02T20:47:31+00:00\",\"dateModified\":\"2021-04-02T20:47:31+00:00\",\"author\":{\"@id\":\"https:\/\/franciscanos.org.br\/noticias\/#\/schema\/person\/b5c8cba458c330ccff548b056e95a5d4\"},\"breadcrumb\":{\"@id\":\"https:\/\/franciscanos.org.br\/noticias\/a-oracao-do-papa-na-via-sacra-com-e-pelas-criancas-do-mundo.html#breadcrumb\"},\"inLanguage\":\"pt-BR\",\"potentialAction\":[{\"@type\":\"ReadAction\",\"target\":[\"https:\/\/franciscanos.org.br\/noticias\/a-oracao-do-papa-na-via-sacra-com-e-pelas-criancas-do-mundo.html\"]}]},{\"@type\":\"BreadcrumbList\",\"@id\":\"https:\/\/franciscanos.org.br\/noticias\/a-oracao-do-papa-na-via-sacra-com-e-pelas-criancas-do-mundo.html#breadcrumb\",\"itemListElement\":[{\"@type\":\"ListItem\",\"position\":1,\"name\":\"Home\",\"item\":\"https:\/\/franciscanos.org.br\/noticias\"},{\"@type\":\"ListItem\",\"position\":2,\"name\":\"A ora\u00e7\u00e3o do Papa na Via-Sacra com e pelas crian\u00e7as do mundo\"}]},{\"@type\":\"Person\",\"@id\":\"https:\/\/franciscanos.org.br\/noticias\/#\/schema\/person\/b5c8cba458c330ccff548b056e95a5d4\",\"name\":\"moacir\",\"image\":{\"@type\":\"ImageObject\",\"inLanguage\":\"pt-BR\",\"@id\":\"https:\/\/franciscanos.org.br\/noticias\/#\/schema\/person\/image\/\",\"url\":\"https:\/\/secure.gravatar.com\/avatar\/d08aa2ce4c8dd416d4479aa8536fcf64?s=96&d=mm&r=g\",\"contentUrl\":\"https:\/\/secure.gravatar.com\/avatar\/d08aa2ce4c8dd416d4479aa8536fcf64?s=96&d=mm&r=g\",\"caption\":\"moacir\"},\"url\":\"https:\/\/franciscanos.org.br\/noticias\/author\/moacir\"}]}<\/script>\n<!-- \/ Yoast SEO plugin. -->","yoast_head_json":{"title":"A ora\u00e7\u00e3o do Papa na Via-Sacra com e pelas crian\u00e7as do mundo - Not\u00edcias - Franciscanos","robots":{"index":"index","follow":"follow","max-snippet":"max-snippet:-1","max-image-preview":"max-image-preview:large","max-video-preview":"max-video-preview:-1"},"canonical":"https:\/\/franciscanos.org.br\/noticias\/a-oracao-do-papa-na-via-sacra-com-e-pelas-criancas-do-mundo.html","og_locale":"pt_BR","og_type":"article","og_title":"A ora\u00e7\u00e3o do Papa na Via-Sacra com e pelas crian\u00e7as do mundo - Not\u00edcias - Franciscanos","og_description":"Sexta-feira da Paix\u00e3o do Senhor com o Papa Francisco","og_url":"https:\/\/franciscanos.org.br\/noticias\/a-oracao-do-papa-na-via-sacra-com-e-pelas-criancas-do-mundo.html","og_site_name":"Not\u00edcias - Franciscanos","article_published_time":"2021-04-02T20:47:31+00:00","og_image":[{"width":800,"height":550,"url":"https:\/\/franciscanos.org.br\/noticias\/wp-content\/uploads\/2021\/04\/sextasanta_01d.jpg","type":"image\/jpeg"}],"author":"moacir","twitter_card":"summary_large_image","twitter_misc":{"Escrito por":"moacir","Est. tempo de leitura":"7 minutos"},"schema":{"@context":"https:\/\/schema.org","@graph":[{"@type":"WebSite","@id":"https:\/\/franciscanos.org.br\/noticias\/#website","url":"https:\/\/franciscanos.org.br\/noticias\/","name":"Not\u00edcias - Franciscanos","description":"Prov\u00edncia Franciscana da Imaculada Concei\u00e7\u00e3o do Brasil - Ordem dos Frades Menores - OFM","potentialAction":[{"@type":"SearchAction","target":{"@type":"EntryPoint","urlTemplate":"https:\/\/franciscanos.org.br\/noticias\/?s={search_term_string}"},"query-input":"required name=search_term_string"}],"inLanguage":"pt-BR"},{"@type":"ImageObject","inLanguage":"pt-BR","@id":"https:\/\/franciscanos.org.br\/noticias\/a-oracao-do-papa-na-via-sacra-com-e-pelas-criancas-do-mundo.html#primaryimage","url":"https:\/\/franciscanos.org.br\/noticias\/wp-content\/uploads\/2021\/04\/sextasanta_01d.jpg","contentUrl":"https:\/\/franciscanos.org.br\/noticias\/wp-content\/uploads\/2021\/04\/sextasanta_01d.jpg","width":800,"height":550},{"@type":"WebPage","@id":"https:\/\/franciscanos.org.br\/noticias\/a-oracao-do-papa-na-via-sacra-com-e-pelas-criancas-do-mundo.html#webpage","url":"https:\/\/franciscanos.org.br\/noticias\/a-oracao-do-papa-na-via-sacra-com-e-pelas-criancas-do-mundo.html","name":"A ora\u00e7\u00e3o do Papa na Via-Sacra com e pelas crian\u00e7as do mundo - Not\u00edcias - Franciscanos","isPartOf":{"@id":"https:\/\/franciscanos.org.br\/noticias\/#website"},"primaryImageOfPage":{"@id":"https:\/\/franciscanos.org.br\/noticias\/a-oracao-do-papa-na-via-sacra-com-e-pelas-criancas-do-mundo.html#primaryimage"},"datePublished":"2021-04-02T20:47:31+00:00","dateModified":"2021-04-02T20:47:31+00:00","author":{"@id":"https:\/\/franciscanos.org.br\/noticias\/#\/schema\/person\/b5c8cba458c330ccff548b056e95a5d4"},"breadcrumb":{"@id":"https:\/\/franciscanos.org.br\/noticias\/a-oracao-do-papa-na-via-sacra-com-e-pelas-criancas-do-mundo.html#breadcrumb"},"inLanguage":"pt-BR","potentialAction":[{"@type":"ReadAction","target":["https:\/\/franciscanos.org.br\/noticias\/a-oracao-do-papa-na-via-sacra-com-e-pelas-criancas-do-mundo.html"]}]},{"@type":"BreadcrumbList","@id":"https:\/\/franciscanos.org.br\/noticias\/a-oracao-do-papa-na-via-sacra-com-e-pelas-criancas-do-mundo.html#breadcrumb","itemListElement":[{"@type":"ListItem","position":1,"name":"Home","item":"https:\/\/franciscanos.org.br\/noticias"},{"@type":"ListItem","position":2,"name":"A ora\u00e7\u00e3o do Papa na Via-Sacra com e pelas crian\u00e7as do mundo"}]},{"@type":"Person","@id":"https:\/\/franciscanos.org.br\/noticias\/#\/schema\/person\/b5c8cba458c330ccff548b056e95a5d4","name":"moacir","image":{"@type":"ImageObject","inLanguage":"pt-BR","@id":"https:\/\/franciscanos.org.br\/noticias\/#\/schema\/person\/image\/","url":"https:\/\/secure.gravatar.com\/avatar\/d08aa2ce4c8dd416d4479aa8536fcf64?s=96&d=mm&r=g","contentUrl":"https:\/\/secure.gravatar.com\/avatar\/d08aa2ce4c8dd416d4479aa8536fcf64?s=96&d=mm&r=g","caption":"moacir"},"url":"https:\/\/franciscanos.org.br\/noticias\/author\/moacir"}]}},"_links":{"self":[{"href":"https:\/\/franciscanos.org.br\/noticias\/wp-json\/wp\/v2\/posts\/231364"}],"collection":[{"href":"https:\/\/franciscanos.org.br\/noticias\/wp-json\/wp\/v2\/posts"}],"about":[{"href":"https:\/\/franciscanos.org.br\/noticias\/wp-json\/wp\/v2\/types\/post"}],"author":[{"embeddable":true,"href":"https:\/\/franciscanos.org.br\/noticias\/wp-json\/wp\/v2\/users\/3"}],"replies":[{"embeddable":true,"href":"https:\/\/franciscanos.org.br\/noticias\/wp-json\/wp\/v2\/comments?post=231364"}],"version-history":[{"count":1,"href":"https:\/\/franciscanos.org.br\/noticias\/wp-json\/wp\/v2\/posts\/231364\/revisions"}],"predecessor-version":[{"id":231373,"href":"https:\/\/franciscanos.org.br\/noticias\/wp-json\/wp\/v2\/posts\/231364\/revisions\/231373"}],"wp:featuredmedia":[{"embeddable":true,"href":"https:\/\/franciscanos.org.br\/noticias\/wp-json\/wp\/v2\/media\/231366"}],"wp:attachment":[{"href":"https:\/\/franciscanos.org.br\/noticias\/wp-json\/wp\/v2\/media?parent=231364"}],"wp:term":[{"taxonomy":"category","embeddable":true,"href":"https:\/\/franciscanos.org.br\/noticias\/wp-json\/wp\/v2\/categories?post=231364"},{"taxonomy":"post_tag","embeddable":true,"href":"https:\/\/franciscanos.org.br\/noticias\/wp-json\/wp\/v2\/tags?post=231364"}],"curies":[{"name":"wp","href":"https:\/\/api.w.org\/{rel}","templated":true}]}}