{"id":231356,"date":"2021-04-02T11:48:00","date_gmt":"2021-04-02T14:48:00","guid":{"rendered":"https:\/\/franciscanos.org.br\/noticias\/?p=231356"},"modified":"2021-04-02T11:48:00","modified_gmt":"2021-04-02T14:48:00","slug":"festadapenha2021-atracoes-diarias-em-mais-de-50-horas-de-programacao","status":"publish","type":"post","link":"https:\/\/franciscanos.org.br\/noticias\/festadapenha2021-atracoes-diarias-em-mais-de-50-horas-de-programacao.html","title":{"rendered":"#FestadaPenha2021 | Atra\u00e7\u00f5es di\u00e1rias em mais de 50 horas de programa\u00e7\u00e3o"},"content":{"rendered":"<p><img loading=\"lazy\" class=\"alignnone wp-image-231357 size-full\" src=\"https:\/\/franciscanos.org.br\/noticias\/wp-content\/uploads\/2021\/04\/penha_03.jpg\" alt=\"\" width=\"1280\" height=\"720\" srcset=\"https:\/\/franciscanos.org.br\/noticias\/wp-content\/uploads\/2021\/04\/penha_03.jpg 1280w, https:\/\/franciscanos.org.br\/noticias\/wp-content\/uploads\/2021\/04\/penha_03-450x253.jpg 450w, https:\/\/franciscanos.org.br\/noticias\/wp-content\/uploads\/2021\/04\/penha_03-1024x576.jpg 1024w, https:\/\/franciscanos.org.br\/noticias\/wp-content\/uploads\/2021\/04\/penha_03-768x432.jpg 768w, https:\/\/franciscanos.org.br\/noticias\/wp-content\/uploads\/2021\/04\/penha_03-150x84.jpg 150w\" sizes=\"(max-width: 1280px) 100vw, 1280px\" \/><\/p>\n<p>A Festa da Penha 2021, totalmente virtual e interativa, come\u00e7a no pr\u00f3ximo domingo (4). A organiza\u00e7\u00e3o do evento divulgou nesta quarta (31) as atra\u00e7\u00f5es di\u00e1rias do evento, que ter\u00e1 mais de 50 horas de programa\u00e7\u00e3o com Missas, ora\u00e7\u00f5es e canais abertos de conversa com o p\u00fablico, al\u00e9m da presen\u00e7a de artistas locais dentro do Programa \u201cSalve M\u00e3e das Alegrias\u201d. O evento ser\u00e1 transmitido pelas redes sociais do Convento da Penha e tamb\u00e9m por ve\u00edculos parceiros.<\/p>\n<p>Diariamente, ao meio-dia, o p\u00fablico ser\u00e1 convidado a uma grande corrente de ora\u00e7\u00e3o atrav\u00e9s do Ter\u00e7o Franciscano, que ser\u00e1 transmitido ao vivo nas redes do Convento da Penha. As missas do Oitav\u00e1rio acontecem \u00e0s 16 horas, de domingo (4) a domingo (11). J\u00e1 a Missa de Encerramento da Festa ser\u00e1 na segunda (12), \u00e0s 17 horas. Na noite de s\u00e1bado (11), ser\u00e1 realizada a j\u00e1 esperada Romaria das Fam\u00edlias, com peregrina\u00e7\u00e3o da imagem de Nossa Senhora da Penha pelas ruas da Grande Vit\u00f3ria. O percurso n\u00e3o est\u00e1 sendo divulgado previamente para evitar aglomera\u00e7\u00f5es, mas haver\u00e1 transmiss\u00e3o pelas redes sociais do Convento e pelo site de <em>A Gazeta.<\/em><\/p>\n<div>\n<p>J\u00e1 o Programa \u201cSalve M\u00e3e das Alegrias\u201d, que foi ao ar pela primeira vez no ano passado, nesta edi\u00e7\u00e3o estar\u00e1 com um est\u00fadio novo, de vidro, mais leve e moderno. Com apresenta\u00e7\u00e3o di\u00e1ria realizada por freis e padres, a atra\u00e7\u00e3o ter\u00e1 muitas ora\u00e7\u00f5es pelas inten\u00e7\u00f5es dos fi\u00e9is que participarem ao vivo da programa\u00e7\u00e3o nas redes e nas mensagens enviadas ao programa. Tamb\u00e9m ter\u00e1 murais virtuais de fotos enviadas pelo p\u00fablico.<\/p>\n<p>As atra\u00e7\u00f5es culturais tamb\u00e9m est\u00e3o garantidas no programa, com artistas cat\u00f3licos e tamb\u00e9m de outras vertentes musicais, como pop, samba e MPB. A banda sertaneja cat\u00f3lica F\u00e9 Maior ir\u00e1 encerrar as atra\u00e7\u00f5es, na segunda, dia 12. Um dos artistas convidados \u00e9 o instrumentista Elias Belmiro, que teve sua hist\u00f3ria de talento e supera\u00e7\u00e3o contada na m\u00eddia local e nacional. Ele estar\u00e1 presente na segunda-feira (5).<\/p>\n<p>A decis\u00e3o de apostar nas plataformas digitais teve in\u00edcio no ano passado e foi mantido esse ano devido ao aumento de casos de Covid durante a pandemia e em apoio \u00e0s orienta\u00e7\u00f5es das autoridades de sa\u00fade. \u201c\u00c9 um momento que precisamos de ora\u00e7\u00e3o e de um olhar cauteloso para com n\u00f3s mesmos e nossos irm\u00e3os. Acreditamos no desejo do capixaba em manifestar seu carinho \u00e0 padroeira do Estado\u201d, disse Frei Paulo Roberto Pereira, Guardi\u00e3o do Convento.<\/p>\n<p>No ano passado o evento virtual teve mais de 1,3 milh\u00e3o de intera\u00e7\u00f5es apenas nas redes sociais do Convento da Penha. A inten\u00e7\u00e3o \u00e9 que o n\u00famero de participa\u00e7\u00f5es seja superado este ano. \u201cFizemos e continuamos a fazer Hist\u00f3ria, mas sem abrir m\u00e3o das nossas responsabilidades com a sa\u00fade da popula\u00e7\u00e3o\u201d, diz o frade.<\/p>\n<p>A Festa da Penha \u00e9 uma realiza\u00e7\u00e3o do Convento da Penha, Arquidiocese de Vit\u00f3ria e da Associa\u00e7\u00e3o de Amigos do Convento da Penha. Tem o patroc\u00ednio do Banestes; Cesan; Instituto Cultural Vale; e ArcelorMittal. Conta ainda com o apoio da Rede Gazeta e apoio institucional da Prefeitura de Vila Velha, Prefeitura de Vit\u00f3ria e Governo do Estado do Esp\u00edrito Santo.<\/p>\n<p><b>Romaria das Fam\u00edlias ter\u00e1 3 horas de dura\u00e7\u00e3o<\/b><\/p>\n<p>Prevista para a noite de s\u00e1bado (11), a segunda edi\u00e7\u00e3o da Romaria das Fam\u00edlias j\u00e1 \u00e9 um evento esperado pelos capixabas. Ela ter\u00e1 tr\u00eas horas de dura\u00e7\u00e3o, nas quais a Imagem de Nossa Senhora da Penha ir\u00e1 percorrer v\u00e1rias ruas da Grande Vit\u00f3ria. Todo trajeto ser\u00e1 transmitido pelo site de A Gazeta e pelas redes sociais do Convento da Penha.<\/p>\n<p>\u201c\u00c9 mais uma adapta\u00e7\u00e3o da edi\u00e7\u00e3o da Festa da Penha desse ano, que precisou ser toda online dado o contexto mais cr\u00edtico da pandemia que estamos sofrendo no nosso Estado e no Pa\u00eds. Vamos repetir a experi\u00eancia do ano passado, que foi um sucesso. Em termos de n\u00fameros, o alcance pelas redes sociais foi surpreendente, ultrapassando a expectativa da Comiss\u00e3o Organizadora\u201d, diz o padre Renato Criste, da Comiss\u00e3o Organizadora da Festa.<\/p>\n<p>A Romaria das Fam\u00edlias acontece no mesmo dia em que aconteceria a tradicional Romaria dos Homens. A inten\u00e7\u00e3o \u00e9 marcar a data e despertar na lembran\u00e7a afetiva dos romeiros esta tradi\u00e7\u00e3o dos capixabas. \u201cEla ir\u00e1 percorrer, neste ano, um trajeto mais curto, por\u00e9m, muito conhecido e significativo. N\u00e3o podemos promover aglomera\u00e7\u00e3o de pessoas, por isso, a decis\u00e3o na escolha do formato e do percurso\u201d, destaca o padre.<\/p>\n<p>Ele ressalta ainda que a sa\u00edda da imagem do Convento para percorrer algumas avenidas, associado ao tema da festa, \u201cVosso olhar a n\u00f3s volvei\u201d, ganha um significado maior. \u201cO olhar da M\u00e3e que est\u00e1 sempre atenta \u00e0s necessidades e sofrimentos dos seus filhos. Nesse momento todos n\u00f3s precisamos sentir amparo e prote\u00e7\u00e3o. Maria volta o seu doce olhar sobre o povo capixaba, n\u00e3o como quem assiste de longe, na condi\u00e7\u00e3o de expectadora ou como quem v\u00ea de cima da multid\u00e3o, mas com muita proximidade como quem olha nos nossos olhos e vem caminhar conosco. Acreditamos que este gesto de f\u00e9 e amor trar\u00e1 um pouco de al\u00edvio e serenidade para o povo capixaba\u201d, avalia.<\/p>\n<p><b>SAIBA MAIS<\/b><\/p>\n<p>Como participar da Festa da Penha?<\/p>\n<p>\u2013 A 451\u00aa Festa da Penha ser\u00e1 entre os dias 4 e 12 de abril, com transmiss\u00e3o ao vivo diariamente nas redes sociais do Convento da Penha, sendo elas:\u00a0<a href=\"https:\/\/www.facebook.com\/penhaconvento\/\">Facebook (acesse aqui)<\/a>, Instagram:\u00a0<a href=\"https:\/\/www.instagram.com\/conventodapenha\/\">@conventodapenha<\/a>, Canal no Youtube:\u00a0<a href=\"https:\/\/www.youtube.com\/channel\/UCur6FpU2tk0IDg6NkTBMqog\" target=\"_blank\" rel=\"nofollow noopener noreferrer\" data-saferedirecturl=\"https:\/\/www.google.com\/url?q=https:\/\/www.youtube.com\/channel\/UCur6FpU2tk0IDg6NkTBMqog&amp;source=gmail&amp;ust=1617317494691000&amp;usg=AFQjCNFU9JlowlGKes7zhXvRQn2v1PLKxg\">https:\/\/www.youtube.com\/<wbr \/>channel\/<wbr \/>UCur6FpU2tk0IDg6NkTBMqog<\/a><\/p>\n<p>\u2013 Al\u00e9m das redes sociais do Convento da Penha, as Dioceses do Estado, parceiros da imprensa e canais cat\u00f3licos tamb\u00e9m poder\u00e3o transmitir algumas atividades da programa\u00e7\u00e3o do evento, entre eles o site A Gazeta, a R\u00e1dio Esp\u00edrito Santo, TV Educativa-ES, R\u00e1dio Am\u00e9rica e outros.<\/p>\n<p>\u2013 Os internautas poder\u00e3o usar em suas redes sociais as hashtags #ConectadosNaF\u00e9 e #FestadaPenha2021. Algumas participa\u00e7\u00f5es poder\u00e3o ser exibidas no Salve M\u00e3e das Alegrias.<\/p>\n<p>\u2013 No Instagram do Convento ser\u00e1 disponibilizado dois filtros para os usu\u00e1rios da rede utilizarem.<\/p>\n<p>\u2013 A partir de s\u00e1bado (03) um n\u00famero de telefone estar\u00e1 dispon\u00edvel para um grupo de informes di\u00e1rios sobre a festa e tamb\u00e9m para receber mensagens do p\u00fablico da festa. Diariamente, os internautas tamb\u00e9m ser\u00e3o estimulados a postarem fotos nas redes para exibi\u00e7\u00e3o de um mural virtual de fi\u00e9is durante o Salve M\u00e3e das Alegrias.<\/p>\n<p>\u2013 No site do Convento da Penha, o internauta poder\u00e1 \u201cacender\u201d uma\u00a0<a href=\"https:\/\/conventodapenha.org.br\/acenda-uma-vela\/\">vela virtual<\/a>\u00a0e escrever suas inten\u00e7\u00f5es. Ao longo da programa\u00e7\u00e3o da Festa da Penha, tanto no programa Salve M\u00e3e das Alegrias quanto nas missas, os apresentadores e celebrantes far\u00e3o ora\u00e7\u00f5es pedindo para que Nossa Senhora da Penha interceda pelas inten\u00e7\u00f5es ali colocadas<\/p>\n<hr \/>\n<p><b>CONFIRA A PROGRAMA\u00c7\u00c3O DA FESTA DA PENHA 451 ANOS \u2013 VIRTUAL E INTERATIVA<\/b><\/p>\n<p><b>DOMINGO \u2013 04 de abril<\/b><\/p>\n<ul>\n<li>12h \u2013 Ter\u00e7o\/Consagra\u00e7\u00e3o<\/li>\n<li>14h \u2013 Programa Salve M\u00e3e das Alegrias<\/li>\n<li>16h \u2013 Missa de Abertura do Oitav\u00e1rio (Fraternidade Franciscana)<\/li>\n<\/ul>\n<p><b>SEGUNDA \u2013 05 de abril<\/b><\/p>\n<ul>\n<li>06h \u2013 B\u00ean\u00e7\u00e3o do dia (TV Gazeta)<\/li>\n<li>12h \u2013 Ter\u00e7o\/Consagra\u00e7\u00e3o<\/li>\n<li>16h \u2013 Missa Segundo Dia Oitav\u00e1rio \u2013 (Pe. Anderson Teixeira, \u00e1rea pastoral Vila Velha)<\/li>\n<li>18h \u2013 Programa Salve M\u00e3e das Alegrias \u2013 participa\u00e7\u00e3o do instrumentista Elias Belmiro<\/li>\n<li>20h \u2013 Missa Segundo Dia Oitav\u00e1rio (Dom Paulo Bosi Dal\u2019B\u00f3, bispo da Diocese S\u00e3o Mateus)<\/li>\n<\/ul>\n<p><b>TER\u00c7A \u2013 06 de abril<\/b><\/p>\n<ul>\n<li>06h \u2013 B\u00ean\u00e7\u00e3o do dia (TV Gazeta)<\/li>\n<li>12h \u2013 Ter\u00e7o\/Consagra\u00e7\u00e3o<\/li>\n<li>16h \u2013 Missa Terceiro Dia Oitav\u00e1rio (Pe. Ronaldo e Pe. Hadeleon, \u00e1rea pastoral Cariacica-Viana)<\/li>\n<li>18h \u2013 Programa Salve M\u00e3e das Alegrias, participa\u00e7\u00e3o do cantor Manfredo<\/li>\n<li>20h \u2013 Missa Terceiro Dia Oitav\u00e1rio (Dom Luiz Fernando Lisboa \u2013 bispo da Diocese de Cachoeiro de Itapemirim)<\/li>\n<\/ul>\n<p><b>QUARTA \u2013 07 de abril<\/b><\/p>\n<ul>\n<li>06h \u2013 B\u00ean\u00e7\u00e3o do dia (TV Gazeta)<\/li>\n<li>12h \u2013 Ter\u00e7o\/Consagra\u00e7\u00e3o<\/li>\n<li>16h \u2013 Missa Quarto Dia Oitav\u00e1rio \u2013 (Pe. Hermindo e Pe. Pierre, \u00e1rea pastoral Benevente)<\/li>\n<li>18h \u2013 Programa Salve M\u00e3e das Alegrias, participa\u00e7\u00e3o do cantor Diego Lyra<\/li>\n<li>20h \u2013 Missa Quarto Dia Oitav\u00e1rio (Dom D\u00e9cio, bispo em\u00e9rito da diocese de Colatina)<\/li>\n<\/ul>\n<p><b>QUINTA \u2013 08 de abril<\/b><\/p>\n<ul>\n<li>06h \u2013 B\u00ean\u00e7\u00e3o do dia (TV Gazeta)<\/li>\n<li>12h \u2013 Ter\u00e7o\/Consagra\u00e7\u00e3o<\/li>\n<li>16h \u2013 Missa Quinto Dia Oitav\u00e1rio (Pe. Jones e Pe. Enivaldo, \u00e1rea pastoral Serra-Fund\u00e3o)<\/li>\n<li>18h \u2013 Programa Salve M\u00e3e das Alegrias, com o cantor Rafael Morais<\/li>\n<li>20h \u2013 Missa Quinto Dia Oitav\u00e1rio (Pe. Edgar- Reitor do Semin\u00e1rio da Diocese de Colatina)<\/li>\n<\/ul>\n<p><b>SEXTA \u2013 09 de abril<\/b><\/p>\n<ul>\n<li>06h \u2013 B\u00ean\u00e7\u00e3o do dia (TV Gazeta)<\/li>\n<li>12h \u2013 Ter\u00e7o\/Consagra\u00e7\u00e3o<\/li>\n<li>16h \u2013 Missa Sexto Dia Oitav\u00e1rio (Pe. Celso e Pe. Osmar, \u00e1rea pastoral Vit\u00f3ria)<\/li>\n<li>18h \u2013 Programa Salve M\u00e3e das Alegrias, participa\u00e7\u00e3o da cantora Jenifer<\/li>\n<li>20h \u2013 Missa Sexto Dia Oitav\u00e1rio (Pe Jorge Campos \u2013 Vig\u00e1rio Geral da Arquidiocese de Vit\u00f3ria do Esp\u00edrito Santo)<\/li>\n<\/ul>\n<p><b>S\u00c1BADO \u2013 10 de abril<\/b><\/p>\n<ul>\n<li>12h \u2013 Ter\u00e7o\/Consagra\u00e7\u00e3o<\/li>\n<li>14h \u2013 Programa Salve M\u00e3e das Alegrias<\/li>\n<li>16h \u2013 Missa S\u00e9timo Dia Oitav\u00e1rio (Pe. Rodrigo \u2013 \u00e1rea pastoral serrana)<\/li>\n<li>20h \u2013 Romaria das Fam\u00edlias<\/li>\n<\/ul>\n<p><b>DOMINGO \u2013 11 de abril<\/b><\/p>\n<ul>\n<li>12h \u2013 Ter\u00e7o\/Consagra\u00e7\u00e3o<\/li>\n<li>14h \u2013 Programa Salve M\u00e3e das Alegrias, participa\u00e7\u00e3o da banda Mil\u00edcia Celeste<\/li>\n<li>16h \u2013 Missa Oitavo Dia Oitav\u00e1rio (Fraternidade Franciscana)<\/li>\n<\/ul>\n<p><b>SEGUNDA \u2013 12 de abril<\/b><\/p>\n<ul>\n<li>12h \u2013 Ter\u00e7o\/Consagra\u00e7\u00e3o<\/li>\n<li>14h \u2013 Programa Salve M\u00e3e das Alegrias, participa\u00e7\u00e3o da banda sertaneja cat\u00f3lica F\u00e9 Maior<\/li>\n<li>17h \u2013 Missa de Encerramento \u2013 Dom Dario Campos, arcebispo da Arquidiocese de Vit\u00f3ria do Esp\u00edrito Santo.<\/li>\n<\/ul>\n<\/div>\n","protected":false},"excerpt":{"rendered":"<p>Festa da Penha 2021<\/p>\n","protected":false},"author":3,"featured_media":231358,"comment_status":"open","ping_status":"open","sticky":false,"template":"","format":"standard","meta":[],"categories":[1],"tags":[245],"acf":[],"yoast_head":"<!-- This site is optimized with the Yoast SEO plugin v19.2 - https:\/\/yoast.com\/wordpress\/plugins\/seo\/ -->\n<title>#FestadaPenha2021 | Atra\u00e7\u00f5es di\u00e1rias em mais de 50 horas de programa\u00e7\u00e3o - Not\u00edcias - Franciscanos<\/title>\n<meta name=\"robots\" content=\"index, follow, max-snippet:-1, max-image-preview:large, max-video-preview:-1\" \/>\n<link rel=\"canonical\" href=\"https:\/\/franciscanos.org.br\/noticias\/festadapenha2021-atracoes-diarias-em-mais-de-50-horas-de-programacao.html\" \/>\n<meta property=\"og:locale\" content=\"pt_BR\" \/>\n<meta property=\"og:type\" content=\"article\" \/>\n<meta property=\"og:title\" content=\"#FestadaPenha2021 | Atra\u00e7\u00f5es di\u00e1rias em mais de 50 horas de programa\u00e7\u00e3o - Not\u00edcias - Franciscanos\" \/>\n<meta property=\"og:description\" content=\"Festa da Penha 2021\" \/>\n<meta property=\"og:url\" content=\"https:\/\/franciscanos.org.br\/noticias\/festadapenha2021-atracoes-diarias-em-mais-de-50-horas-de-programacao.html\" \/>\n<meta property=\"og:site_name\" content=\"Not\u00edcias - Franciscanos\" \/>\n<meta property=\"article:published_time\" content=\"2021-04-02T14:48:00+00:00\" \/>\n<meta property=\"og:image\" content=\"https:\/\/franciscanos.org.br\/noticias\/wp-content\/uploads\/2021\/04\/penha_03d.jpg\" \/>\n\t<meta property=\"og:image:width\" content=\"800\" \/>\n\t<meta property=\"og:image:height\" content=\"560\" \/>\n\t<meta property=\"og:image:type\" content=\"image\/jpeg\" \/>\n<meta name=\"author\" content=\"moacir\" \/>\n<meta name=\"twitter:card\" content=\"summary_large_image\" \/>\n<meta name=\"twitter:label1\" content=\"Escrito por\" \/>\n\t<meta name=\"twitter:data1\" content=\"moacir\" \/>\n\t<meta name=\"twitter:label2\" content=\"Est. tempo de leitura\" \/>\n\t<meta name=\"twitter:data2\" content=\"8 minutos\" \/>\n<script type=\"application\/ld+json\" class=\"yoast-schema-graph\">{\"@context\":\"https:\/\/schema.org\",\"@graph\":[{\"@type\":\"WebSite\",\"@id\":\"https:\/\/franciscanos.org.br\/noticias\/#website\",\"url\":\"https:\/\/franciscanos.org.br\/noticias\/\",\"name\":\"Not\u00edcias - Franciscanos\",\"description\":\"Prov\u00edncia Franciscana da Imaculada Concei\u00e7\u00e3o do Brasil - Ordem dos Frades Menores - OFM\",\"potentialAction\":[{\"@type\":\"SearchAction\",\"target\":{\"@type\":\"EntryPoint\",\"urlTemplate\":\"https:\/\/franciscanos.org.br\/noticias\/?s={search_term_string}\"},\"query-input\":\"required name=search_term_string\"}],\"inLanguage\":\"pt-BR\"},{\"@type\":\"ImageObject\",\"inLanguage\":\"pt-BR\",\"@id\":\"https:\/\/franciscanos.org.br\/noticias\/festadapenha2021-atracoes-diarias-em-mais-de-50-horas-de-programacao.html#primaryimage\",\"url\":\"https:\/\/franciscanos.org.br\/noticias\/wp-content\/uploads\/2021\/04\/penha_03d.jpg\",\"contentUrl\":\"https:\/\/franciscanos.org.br\/noticias\/wp-content\/uploads\/2021\/04\/penha_03d.jpg\",\"width\":800,\"height\":560},{\"@type\":\"WebPage\",\"@id\":\"https:\/\/franciscanos.org.br\/noticias\/festadapenha2021-atracoes-diarias-em-mais-de-50-horas-de-programacao.html#webpage\",\"url\":\"https:\/\/franciscanos.org.br\/noticias\/festadapenha2021-atracoes-diarias-em-mais-de-50-horas-de-programacao.html\",\"name\":\"#FestadaPenha2021 | Atra\u00e7\u00f5es di\u00e1rias em mais de 50 horas de programa\u00e7\u00e3o - Not\u00edcias - Franciscanos\",\"isPartOf\":{\"@id\":\"https:\/\/franciscanos.org.br\/noticias\/#website\"},\"primaryImageOfPage\":{\"@id\":\"https:\/\/franciscanos.org.br\/noticias\/festadapenha2021-atracoes-diarias-em-mais-de-50-horas-de-programacao.html#primaryimage\"},\"datePublished\":\"2021-04-02T14:48:00+00:00\",\"dateModified\":\"2021-04-02T14:48:00+00:00\",\"author\":{\"@id\":\"https:\/\/franciscanos.org.br\/noticias\/#\/schema\/person\/b5c8cba458c330ccff548b056e95a5d4\"},\"breadcrumb\":{\"@id\":\"https:\/\/franciscanos.org.br\/noticias\/festadapenha2021-atracoes-diarias-em-mais-de-50-horas-de-programacao.html#breadcrumb\"},\"inLanguage\":\"pt-BR\",\"potentialAction\":[{\"@type\":\"ReadAction\",\"target\":[\"https:\/\/franciscanos.org.br\/noticias\/festadapenha2021-atracoes-diarias-em-mais-de-50-horas-de-programacao.html\"]}]},{\"@type\":\"BreadcrumbList\",\"@id\":\"https:\/\/franciscanos.org.br\/noticias\/festadapenha2021-atracoes-diarias-em-mais-de-50-horas-de-programacao.html#breadcrumb\",\"itemListElement\":[{\"@type\":\"ListItem\",\"position\":1,\"name\":\"Home\",\"item\":\"https:\/\/franciscanos.org.br\/noticias\"},{\"@type\":\"ListItem\",\"position\":2,\"name\":\"#FestadaPenha2021 | Atra\u00e7\u00f5es di\u00e1rias em mais de 50 horas de programa\u00e7\u00e3o\"}]},{\"@type\":\"Person\",\"@id\":\"https:\/\/franciscanos.org.br\/noticias\/#\/schema\/person\/b5c8cba458c330ccff548b056e95a5d4\",\"name\":\"moacir\",\"image\":{\"@type\":\"ImageObject\",\"inLanguage\":\"pt-BR\",\"@id\":\"https:\/\/franciscanos.org.br\/noticias\/#\/schema\/person\/image\/\",\"url\":\"https:\/\/secure.gravatar.com\/avatar\/d08aa2ce4c8dd416d4479aa8536fcf64?s=96&d=mm&r=g\",\"contentUrl\":\"https:\/\/secure.gravatar.com\/avatar\/d08aa2ce4c8dd416d4479aa8536fcf64?s=96&d=mm&r=g\",\"caption\":\"moacir\"},\"url\":\"https:\/\/franciscanos.org.br\/noticias\/author\/moacir\"}]}<\/script>\n<!-- \/ Yoast SEO plugin. -->","yoast_head_json":{"title":"#FestadaPenha2021 | Atra\u00e7\u00f5es di\u00e1rias em mais de 50 horas de programa\u00e7\u00e3o - Not\u00edcias - Franciscanos","robots":{"index":"index","follow":"follow","max-snippet":"max-snippet:-1","max-image-preview":"max-image-preview:large","max-video-preview":"max-video-preview:-1"},"canonical":"https:\/\/franciscanos.org.br\/noticias\/festadapenha2021-atracoes-diarias-em-mais-de-50-horas-de-programacao.html","og_locale":"pt_BR","og_type":"article","og_title":"#FestadaPenha2021 | Atra\u00e7\u00f5es di\u00e1rias em mais de 50 horas de programa\u00e7\u00e3o - Not\u00edcias - Franciscanos","og_description":"Festa da Penha 2021","og_url":"https:\/\/franciscanos.org.br\/noticias\/festadapenha2021-atracoes-diarias-em-mais-de-50-horas-de-programacao.html","og_site_name":"Not\u00edcias - Franciscanos","article_published_time":"2021-04-02T14:48:00+00:00","og_image":[{"width":800,"height":560,"url":"https:\/\/franciscanos.org.br\/noticias\/wp-content\/uploads\/2021\/04\/penha_03d.jpg","type":"image\/jpeg"}],"author":"moacir","twitter_card":"summary_large_image","twitter_misc":{"Escrito por":"moacir","Est. tempo de leitura":"8 minutos"},"schema":{"@context":"https:\/\/schema.org","@graph":[{"@type":"WebSite","@id":"https:\/\/franciscanos.org.br\/noticias\/#website","url":"https:\/\/franciscanos.org.br\/noticias\/","name":"Not\u00edcias - Franciscanos","description":"Prov\u00edncia Franciscana da Imaculada Concei\u00e7\u00e3o do Brasil - Ordem dos Frades Menores - OFM","potentialAction":[{"@type":"SearchAction","target":{"@type":"EntryPoint","urlTemplate":"https:\/\/franciscanos.org.br\/noticias\/?s={search_term_string}"},"query-input":"required name=search_term_string"}],"inLanguage":"pt-BR"},{"@type":"ImageObject","inLanguage":"pt-BR","@id":"https:\/\/franciscanos.org.br\/noticias\/festadapenha2021-atracoes-diarias-em-mais-de-50-horas-de-programacao.html#primaryimage","url":"https:\/\/franciscanos.org.br\/noticias\/wp-content\/uploads\/2021\/04\/penha_03d.jpg","contentUrl":"https:\/\/franciscanos.org.br\/noticias\/wp-content\/uploads\/2021\/04\/penha_03d.jpg","width":800,"height":560},{"@type":"WebPage","@id":"https:\/\/franciscanos.org.br\/noticias\/festadapenha2021-atracoes-diarias-em-mais-de-50-horas-de-programacao.html#webpage","url":"https:\/\/franciscanos.org.br\/noticias\/festadapenha2021-atracoes-diarias-em-mais-de-50-horas-de-programacao.html","name":"#FestadaPenha2021 | Atra\u00e7\u00f5es di\u00e1rias em mais de 50 horas de programa\u00e7\u00e3o - Not\u00edcias - Franciscanos","isPartOf":{"@id":"https:\/\/franciscanos.org.br\/noticias\/#website"},"primaryImageOfPage":{"@id":"https:\/\/franciscanos.org.br\/noticias\/festadapenha2021-atracoes-diarias-em-mais-de-50-horas-de-programacao.html#primaryimage"},"datePublished":"2021-04-02T14:48:00+00:00","dateModified":"2021-04-02T14:48:00+00:00","author":{"@id":"https:\/\/franciscanos.org.br\/noticias\/#\/schema\/person\/b5c8cba458c330ccff548b056e95a5d4"},"breadcrumb":{"@id":"https:\/\/franciscanos.org.br\/noticias\/festadapenha2021-atracoes-diarias-em-mais-de-50-horas-de-programacao.html#breadcrumb"},"inLanguage":"pt-BR","potentialAction":[{"@type":"ReadAction","target":["https:\/\/franciscanos.org.br\/noticias\/festadapenha2021-atracoes-diarias-em-mais-de-50-horas-de-programacao.html"]}]},{"@type":"BreadcrumbList","@id":"https:\/\/franciscanos.org.br\/noticias\/festadapenha2021-atracoes-diarias-em-mais-de-50-horas-de-programacao.html#breadcrumb","itemListElement":[{"@type":"ListItem","position":1,"name":"Home","item":"https:\/\/franciscanos.org.br\/noticias"},{"@type":"ListItem","position":2,"name":"#FestadaPenha2021 | Atra\u00e7\u00f5es di\u00e1rias em mais de 50 horas de programa\u00e7\u00e3o"}]},{"@type":"Person","@id":"https:\/\/franciscanos.org.br\/noticias\/#\/schema\/person\/b5c8cba458c330ccff548b056e95a5d4","name":"moacir","image":{"@type":"ImageObject","inLanguage":"pt-BR","@id":"https:\/\/franciscanos.org.br\/noticias\/#\/schema\/person\/image\/","url":"https:\/\/secure.gravatar.com\/avatar\/d08aa2ce4c8dd416d4479aa8536fcf64?s=96&d=mm&r=g","contentUrl":"https:\/\/secure.gravatar.com\/avatar\/d08aa2ce4c8dd416d4479aa8536fcf64?s=96&d=mm&r=g","caption":"moacir"},"url":"https:\/\/franciscanos.org.br\/noticias\/author\/moacir"}]}},"_links":{"self":[{"href":"https:\/\/franciscanos.org.br\/noticias\/wp-json\/wp\/v2\/posts\/231356"}],"collection":[{"href":"https:\/\/franciscanos.org.br\/noticias\/wp-json\/wp\/v2\/posts"}],"about":[{"href":"https:\/\/franciscanos.org.br\/noticias\/wp-json\/wp\/v2\/types\/post"}],"author":[{"embeddable":true,"href":"https:\/\/franciscanos.org.br\/noticias\/wp-json\/wp\/v2\/users\/3"}],"replies":[{"embeddable":true,"href":"https:\/\/franciscanos.org.br\/noticias\/wp-json\/wp\/v2\/comments?post=231356"}],"version-history":[{"count":1,"href":"https:\/\/franciscanos.org.br\/noticias\/wp-json\/wp\/v2\/posts\/231356\/revisions"}],"predecessor-version":[{"id":231359,"href":"https:\/\/franciscanos.org.br\/noticias\/wp-json\/wp\/v2\/posts\/231356\/revisions\/231359"}],"wp:featuredmedia":[{"embeddable":true,"href":"https:\/\/franciscanos.org.br\/noticias\/wp-json\/wp\/v2\/media\/231358"}],"wp:attachment":[{"href":"https:\/\/franciscanos.org.br\/noticias\/wp-json\/wp\/v2\/media?parent=231356"}],"wp:term":[{"taxonomy":"category","embeddable":true,"href":"https:\/\/franciscanos.org.br\/noticias\/wp-json\/wp\/v2\/categories?post=231356"},{"taxonomy":"post_tag","embeddable":true,"href":"https:\/\/franciscanos.org.br\/noticias\/wp-json\/wp\/v2\/tags?post=231356"}],"curies":[{"name":"wp","href":"https:\/\/api.w.org\/{rel}","templated":true}]}}