{"id":231352,"date":"2021-04-02T11:38:47","date_gmt":"2021-04-02T14:38:47","guid":{"rendered":"https:\/\/franciscanos.org.br\/noticias\/?p=231352"},"modified":"2021-04-02T11:38:47","modified_gmt":"2021-04-02T14:38:47","slug":"mensagem-de-pascoa-da-presidente-da-cffb","status":"publish","type":"post","link":"https:\/\/franciscanos.org.br\/noticias\/mensagem-de-pascoa-da-presidente-da-cffb.html","title":{"rendered":"Mensagem de P\u00e1scoa da presidente da CFFB"},"content":{"rendered":"<p><img loading=\"lazy\" class=\"alignnone wp-image-231353 size-full\" src=\"https:\/\/franciscanos.org.br\/noticias\/wp-content\/uploads\/2021\/04\/cffb_03.jpg\" alt=\"\" width=\"1280\" height=\"720\" srcset=\"https:\/\/franciscanos.org.br\/noticias\/wp-content\/uploads\/2021\/04\/cffb_03.jpg 1280w, https:\/\/franciscanos.org.br\/noticias\/wp-content\/uploads\/2021\/04\/cffb_03-450x253.jpg 450w, https:\/\/franciscanos.org.br\/noticias\/wp-content\/uploads\/2021\/04\/cffb_03-1024x576.jpg 1024w, https:\/\/franciscanos.org.br\/noticias\/wp-content\/uploads\/2021\/04\/cffb_03-768x432.jpg 768w, https:\/\/franciscanos.org.br\/noticias\/wp-content\/uploads\/2021\/04\/cffb_03-150x84.jpg 150w\" sizes=\"(max-width: 1280px) 100vw, 1280px\" \/><\/p>\n<p style=\"padding-left: 40px;\"><em>\u201cN\u00e3o temais! O crucificado ressuscitou [\u2026]\u201d. \u201cDesapareceu a amarga raiz da cruz, desabrochou a flor da vida com seus frutos\u201d. \u201cQuem jazia na morte ressurgiu na gl\u00f3ria.\u201d \u201cDe manh\u00e3 ressurgiu, quem \u00e0 tarde fora sepultado\u201d, para que se cumprisse a palavra do salmo: \u201cDe tarde estaremos em l\u00e1grimas, e de manh\u00e3 em alegria!\u201d<\/em><br \/>\n<em>Serm\u00e3o de Santo Ant\u00f4nio, P\u00e1scoa do Senhor (1)<\/em><\/p>\n<p>Queridos Irm\u00e3os e Irm\u00e3s, Feliz e aben\u00e7oada P\u00e1scoa!<\/p>\n<p>Mais um ano vivenciamos a alegria da P\u00e1scoa em meio \u00e0 pandemia provocada pelo Covid-19. Tempo marcado pela ang\u00fastia e incerteza; pela tristeza causada por tantas vidas ceifadas pela \u201cnossa irm\u00e3 a morte corporal, da qual nenhum homem vivente pode escapar\u201d (Cnt 12) e pelas mudan\u00e7as radicais na rotina de nossas vidas. Regada por l\u00e1grimas, nossa peregrina\u00e7\u00e3o existencial est\u00e1 sendo provada.<\/p>\n<p>Narra o evangelista Jo\u00e3o (20, 1-18) que, ap\u00f3s a morte de Jesus, Maria Madalena faz uma experi\u00eancia de profunda dor e inconformidade e sua dor \u00e9 acrescida por grande afli\u00e7\u00e3o no momento em que vai ao t\u00famulo de madrugada e encontra-o vazio (v. 1). Diante do t\u00famulo violado, ao perceber que o corpo de Jesus n\u00e3o estava l\u00e1, aflita, sai correndo para dar a not\u00edcia aos disc\u00edpulos, retornando com eles ao local. Ap\u00f3s constatarem o ocorrido, os disc\u00edpulos retornam para suas casas e ela permanece junto ao t\u00famulo, chorando (v. 10.11). E n\u00e3o tardou, seus olhos contemplam \u201cquem \u00e0 tarde fora sepultado e de manh\u00e3 ressurgiu\u201d: o Mestre (v. 16). Quanta alegria ap\u00f3s tantos momentos de profunda dor, ang\u00fastia e afli\u00e7\u00e3o! Ficando com ela a incumb\u00eancia de levar a not\u00edcia, c\u00e9lebre \u00e9 seu an\u00fancio aos disc\u00edpulos: \u201cEu vi o Senhor\u201d (v. 18).<\/p>\n<p>Na realidade contempor\u00e2nea vivenciamos ou presenciamos de forma intensa, dor, luto, ang\u00fastia e inconformidade pela morte de nossos parentes, amigos e por sabermos que milhares de pessoas de diferentes nacionalidades morrem sem condi\u00e7\u00f5es dignas de atendimento, principalmente no Brasil. O momento \u00e9 de sofrimento, mas nossa f\u00e9 e esperan\u00e7a garantem-nos: manh\u00e3s de alegria vir\u00e3o. O crucificado ressuscitou, est\u00e1 entre n\u00f3s e sabe de nossas dores e sofrimento, n\u00e3o nos abandona.<\/p>\n<p>Irm\u00e3s e irm\u00e3os da Confer\u00eancia da Fam\u00edlia Franciscana do Brasil, ao celebrarmos a P\u00e1scoa possamos anunciar: Cristo Ressuscitou, est\u00e1 vivo entre n\u00f3s! N\u00e3o podemos v\u00ea-lo como Maria Madalena (Jo 20, 18) nem toc\u00e1-Lo como os disc\u00edpulos (Jo 20, 20), mas podemos toc\u00e1-Lo atrav\u00e9s da experi\u00eancia da f\u00e9 que professamos e do acolhimento e cuidado para com os fr\u00e1geis de nossas fam\u00edlias, fraternidades e da sociedade, principalmente nossos irm\u00e3os e irm\u00e3s cada vez mais pobres e sofredores. Que se abram nossos olhos para reconhec\u00ea-Lo e, nossos ouvidos, para ouvi-Lo a dizer-nos: \u201cA paz esteja com voc\u00eas\u201d (Jo 20, 19-21).<\/p>\n<p>Na alegria da P\u00e1scoa do Senhor, em Francisco e Clara, fraterno abra\u00e7o.<\/p>\n<p>Bras\u00edlia, 02 de abril de 2021<br \/>\nSexta-feira da Paix\u00e3o do Senhor da P\u00e1scoa<\/p>\n<p><strong>Irm\u00e3 Cleusa Aparecida Neves, CFA<\/strong><br \/>\n<em>Presidente da CFFB<\/em><\/p>\n","protected":false},"excerpt":{"rendered":"<p>Confer\u00eancia da Fam\u00edlia Franciscana do Brasil<\/p>\n","protected":false},"author":3,"featured_media":231354,"comment_status":"open","ping_status":"open","sticky":false,"template":"","format":"standard","meta":[],"categories":[1],"tags":[203],"acf":[],"yoast_head":"<!-- This site is optimized with the Yoast SEO plugin v19.2 - https:\/\/yoast.com\/wordpress\/plugins\/seo\/ -->\n<title>Mensagem de P\u00e1scoa da presidente da CFFB - Not\u00edcias - Franciscanos<\/title>\n<meta name=\"robots\" content=\"index, follow, max-snippet:-1, max-image-preview:large, max-video-preview:-1\" \/>\n<link rel=\"canonical\" href=\"https:\/\/franciscanos.org.br\/noticias\/mensagem-de-pascoa-da-presidente-da-cffb.html\" \/>\n<meta property=\"og:locale\" content=\"pt_BR\" \/>\n<meta property=\"og:type\" content=\"article\" \/>\n<meta property=\"og:title\" content=\"Mensagem de P\u00e1scoa da presidente da CFFB - Not\u00edcias - Franciscanos\" \/>\n<meta property=\"og:description\" content=\"Confer\u00eancia da Fam\u00edlia Franciscana do Brasil\" \/>\n<meta property=\"og:url\" content=\"https:\/\/franciscanos.org.br\/noticias\/mensagem-de-pascoa-da-presidente-da-cffb.html\" \/>\n<meta property=\"og:site_name\" content=\"Not\u00edcias - Franciscanos\" \/>\n<meta property=\"article:published_time\" content=\"2021-04-02T14:38:47+00:00\" \/>\n<meta property=\"og:image\" content=\"https:\/\/franciscanos.org.br\/noticias\/wp-content\/uploads\/2021\/04\/cffb_03d.jpg\" \/>\n\t<meta property=\"og:image:width\" content=\"800\" \/>\n\t<meta property=\"og:image:height\" content=\"550\" \/>\n\t<meta property=\"og:image:type\" content=\"image\/jpeg\" \/>\n<meta name=\"author\" content=\"moacir\" \/>\n<meta name=\"twitter:card\" content=\"summary_large_image\" \/>\n<meta name=\"twitter:label1\" content=\"Escrito por\" \/>\n\t<meta name=\"twitter:data1\" content=\"moacir\" \/>\n\t<meta name=\"twitter:label2\" content=\"Est. tempo de leitura\" \/>\n\t<meta name=\"twitter:data2\" content=\"3 minutos\" \/>\n<script type=\"application\/ld+json\" class=\"yoast-schema-graph\">{\"@context\":\"https:\/\/schema.org\",\"@graph\":[{\"@type\":\"WebSite\",\"@id\":\"https:\/\/franciscanos.org.br\/noticias\/#website\",\"url\":\"https:\/\/franciscanos.org.br\/noticias\/\",\"name\":\"Not\u00edcias - Franciscanos\",\"description\":\"Prov\u00edncia Franciscana da Imaculada Concei\u00e7\u00e3o do Brasil - Ordem dos Frades Menores - OFM\",\"potentialAction\":[{\"@type\":\"SearchAction\",\"target\":{\"@type\":\"EntryPoint\",\"urlTemplate\":\"https:\/\/franciscanos.org.br\/noticias\/?s={search_term_string}\"},\"query-input\":\"required name=search_term_string\"}],\"inLanguage\":\"pt-BR\"},{\"@type\":\"ImageObject\",\"inLanguage\":\"pt-BR\",\"@id\":\"https:\/\/franciscanos.org.br\/noticias\/mensagem-de-pascoa-da-presidente-da-cffb.html#primaryimage\",\"url\":\"https:\/\/franciscanos.org.br\/noticias\/wp-content\/uploads\/2021\/04\/cffb_03d.jpg\",\"contentUrl\":\"https:\/\/franciscanos.org.br\/noticias\/wp-content\/uploads\/2021\/04\/cffb_03d.jpg\",\"width\":800,\"height\":550},{\"@type\":\"WebPage\",\"@id\":\"https:\/\/franciscanos.org.br\/noticias\/mensagem-de-pascoa-da-presidente-da-cffb.html#webpage\",\"url\":\"https:\/\/franciscanos.org.br\/noticias\/mensagem-de-pascoa-da-presidente-da-cffb.html\",\"name\":\"Mensagem de P\u00e1scoa da presidente da CFFB - Not\u00edcias - Franciscanos\",\"isPartOf\":{\"@id\":\"https:\/\/franciscanos.org.br\/noticias\/#website\"},\"primaryImageOfPage\":{\"@id\":\"https:\/\/franciscanos.org.br\/noticias\/mensagem-de-pascoa-da-presidente-da-cffb.html#primaryimage\"},\"datePublished\":\"2021-04-02T14:38:47+00:00\",\"dateModified\":\"2021-04-02T14:38:47+00:00\",\"author\":{\"@id\":\"https:\/\/franciscanos.org.br\/noticias\/#\/schema\/person\/b5c8cba458c330ccff548b056e95a5d4\"},\"breadcrumb\":{\"@id\":\"https:\/\/franciscanos.org.br\/noticias\/mensagem-de-pascoa-da-presidente-da-cffb.html#breadcrumb\"},\"inLanguage\":\"pt-BR\",\"potentialAction\":[{\"@type\":\"ReadAction\",\"target\":[\"https:\/\/franciscanos.org.br\/noticias\/mensagem-de-pascoa-da-presidente-da-cffb.html\"]}]},{\"@type\":\"BreadcrumbList\",\"@id\":\"https:\/\/franciscanos.org.br\/noticias\/mensagem-de-pascoa-da-presidente-da-cffb.html#breadcrumb\",\"itemListElement\":[{\"@type\":\"ListItem\",\"position\":1,\"name\":\"Home\",\"item\":\"https:\/\/franciscanos.org.br\/noticias\"},{\"@type\":\"ListItem\",\"position\":2,\"name\":\"Mensagem de P\u00e1scoa da presidente da CFFB\"}]},{\"@type\":\"Person\",\"@id\":\"https:\/\/franciscanos.org.br\/noticias\/#\/schema\/person\/b5c8cba458c330ccff548b056e95a5d4\",\"name\":\"moacir\",\"image\":{\"@type\":\"ImageObject\",\"inLanguage\":\"pt-BR\",\"@id\":\"https:\/\/franciscanos.org.br\/noticias\/#\/schema\/person\/image\/\",\"url\":\"https:\/\/secure.gravatar.com\/avatar\/d08aa2ce4c8dd416d4479aa8536fcf64?s=96&d=mm&r=g\",\"contentUrl\":\"https:\/\/secure.gravatar.com\/avatar\/d08aa2ce4c8dd416d4479aa8536fcf64?s=96&d=mm&r=g\",\"caption\":\"moacir\"},\"url\":\"https:\/\/franciscanos.org.br\/noticias\/author\/moacir\"}]}<\/script>\n<!-- \/ Yoast SEO plugin. -->","yoast_head_json":{"title":"Mensagem de P\u00e1scoa da presidente da CFFB - Not\u00edcias - Franciscanos","robots":{"index":"index","follow":"follow","max-snippet":"max-snippet:-1","max-image-preview":"max-image-preview:large","max-video-preview":"max-video-preview:-1"},"canonical":"https:\/\/franciscanos.org.br\/noticias\/mensagem-de-pascoa-da-presidente-da-cffb.html","og_locale":"pt_BR","og_type":"article","og_title":"Mensagem de P\u00e1scoa da presidente da CFFB - Not\u00edcias - Franciscanos","og_description":"Confer\u00eancia da Fam\u00edlia Franciscana do Brasil","og_url":"https:\/\/franciscanos.org.br\/noticias\/mensagem-de-pascoa-da-presidente-da-cffb.html","og_site_name":"Not\u00edcias - Franciscanos","article_published_time":"2021-04-02T14:38:47+00:00","og_image":[{"width":800,"height":550,"url":"https:\/\/franciscanos.org.br\/noticias\/wp-content\/uploads\/2021\/04\/cffb_03d.jpg","type":"image\/jpeg"}],"author":"moacir","twitter_card":"summary_large_image","twitter_misc":{"Escrito por":"moacir","Est. tempo de leitura":"3 minutos"},"schema":{"@context":"https:\/\/schema.org","@graph":[{"@type":"WebSite","@id":"https:\/\/franciscanos.org.br\/noticias\/#website","url":"https:\/\/franciscanos.org.br\/noticias\/","name":"Not\u00edcias - Franciscanos","description":"Prov\u00edncia Franciscana da Imaculada Concei\u00e7\u00e3o do Brasil - Ordem dos Frades Menores - OFM","potentialAction":[{"@type":"SearchAction","target":{"@type":"EntryPoint","urlTemplate":"https:\/\/franciscanos.org.br\/noticias\/?s={search_term_string}"},"query-input":"required name=search_term_string"}],"inLanguage":"pt-BR"},{"@type":"ImageObject","inLanguage":"pt-BR","@id":"https:\/\/franciscanos.org.br\/noticias\/mensagem-de-pascoa-da-presidente-da-cffb.html#primaryimage","url":"https:\/\/franciscanos.org.br\/noticias\/wp-content\/uploads\/2021\/04\/cffb_03d.jpg","contentUrl":"https:\/\/franciscanos.org.br\/noticias\/wp-content\/uploads\/2021\/04\/cffb_03d.jpg","width":800,"height":550},{"@type":"WebPage","@id":"https:\/\/franciscanos.org.br\/noticias\/mensagem-de-pascoa-da-presidente-da-cffb.html#webpage","url":"https:\/\/franciscanos.org.br\/noticias\/mensagem-de-pascoa-da-presidente-da-cffb.html","name":"Mensagem de P\u00e1scoa da presidente da CFFB - Not\u00edcias - Franciscanos","isPartOf":{"@id":"https:\/\/franciscanos.org.br\/noticias\/#website"},"primaryImageOfPage":{"@id":"https:\/\/franciscanos.org.br\/noticias\/mensagem-de-pascoa-da-presidente-da-cffb.html#primaryimage"},"datePublished":"2021-04-02T14:38:47+00:00","dateModified":"2021-04-02T14:38:47+00:00","author":{"@id":"https:\/\/franciscanos.org.br\/noticias\/#\/schema\/person\/b5c8cba458c330ccff548b056e95a5d4"},"breadcrumb":{"@id":"https:\/\/franciscanos.org.br\/noticias\/mensagem-de-pascoa-da-presidente-da-cffb.html#breadcrumb"},"inLanguage":"pt-BR","potentialAction":[{"@type":"ReadAction","target":["https:\/\/franciscanos.org.br\/noticias\/mensagem-de-pascoa-da-presidente-da-cffb.html"]}]},{"@type":"BreadcrumbList","@id":"https:\/\/franciscanos.org.br\/noticias\/mensagem-de-pascoa-da-presidente-da-cffb.html#breadcrumb","itemListElement":[{"@type":"ListItem","position":1,"name":"Home","item":"https:\/\/franciscanos.org.br\/noticias"},{"@type":"ListItem","position":2,"name":"Mensagem de P\u00e1scoa da presidente da CFFB"}]},{"@type":"Person","@id":"https:\/\/franciscanos.org.br\/noticias\/#\/schema\/person\/b5c8cba458c330ccff548b056e95a5d4","name":"moacir","image":{"@type":"ImageObject","inLanguage":"pt-BR","@id":"https:\/\/franciscanos.org.br\/noticias\/#\/schema\/person\/image\/","url":"https:\/\/secure.gravatar.com\/avatar\/d08aa2ce4c8dd416d4479aa8536fcf64?s=96&d=mm&r=g","contentUrl":"https:\/\/secure.gravatar.com\/avatar\/d08aa2ce4c8dd416d4479aa8536fcf64?s=96&d=mm&r=g","caption":"moacir"},"url":"https:\/\/franciscanos.org.br\/noticias\/author\/moacir"}]}},"_links":{"self":[{"href":"https:\/\/franciscanos.org.br\/noticias\/wp-json\/wp\/v2\/posts\/231352"}],"collection":[{"href":"https:\/\/franciscanos.org.br\/noticias\/wp-json\/wp\/v2\/posts"}],"about":[{"href":"https:\/\/franciscanos.org.br\/noticias\/wp-json\/wp\/v2\/types\/post"}],"author":[{"embeddable":true,"href":"https:\/\/franciscanos.org.br\/noticias\/wp-json\/wp\/v2\/users\/3"}],"replies":[{"embeddable":true,"href":"https:\/\/franciscanos.org.br\/noticias\/wp-json\/wp\/v2\/comments?post=231352"}],"version-history":[{"count":1,"href":"https:\/\/franciscanos.org.br\/noticias\/wp-json\/wp\/v2\/posts\/231352\/revisions"}],"predecessor-version":[{"id":231355,"href":"https:\/\/franciscanos.org.br\/noticias\/wp-json\/wp\/v2\/posts\/231352\/revisions\/231355"}],"wp:featuredmedia":[{"embeddable":true,"href":"https:\/\/franciscanos.org.br\/noticias\/wp-json\/wp\/v2\/media\/231354"}],"wp:attachment":[{"href":"https:\/\/franciscanos.org.br\/noticias\/wp-json\/wp\/v2\/media?parent=231352"}],"wp:term":[{"taxonomy":"category","embeddable":true,"href":"https:\/\/franciscanos.org.br\/noticias\/wp-json\/wp\/v2\/categories?post=231352"},{"taxonomy":"post_tag","embeddable":true,"href":"https:\/\/franciscanos.org.br\/noticias\/wp-json\/wp\/v2\/tags?post=231352"}],"curies":[{"name":"wp","href":"https:\/\/api.w.org\/{rel}","templated":true}]}}