{"id":231346,"date":"2021-04-01T09:31:08","date_gmt":"2021-04-01T12:31:08","guid":{"rendered":"https:\/\/franciscanos.org.br\/noticias\/?p=231346"},"modified":"2021-04-01T09:31:08","modified_gmt":"2021-04-01T12:31:08","slug":"franciscanos-lancam-apelo-pela-paz-e-democracia-em-mianmar","status":"publish","type":"post","link":"https:\/\/franciscanos.org.br\/noticias\/franciscanos-lancam-apelo-pela-paz-e-democracia-em-mianmar.html","title":{"rendered":"Franciscanos lan\u00e7am apelo pela paz e democracia em Mianmar"},"content":{"rendered":"<div id=\"attachment_231347\" style=\"width: 1290px\" class=\"wp-caption alignnone\"><img aria-describedby=\"caption-attachment-231347\" loading=\"lazy\" class=\"wp-image-231347 size-full\" src=\"https:\/\/franciscanos.org.br\/noticias\/wp-content\/uploads\/2021\/04\/mianmar2.jpg\" alt=\"\" width=\"1280\" height=\"720\" srcset=\"https:\/\/franciscanos.org.br\/noticias\/wp-content\/uploads\/2021\/04\/mianmar2.jpg 1280w, https:\/\/franciscanos.org.br\/noticias\/wp-content\/uploads\/2021\/04\/mianmar2-450x253.jpg 450w, https:\/\/franciscanos.org.br\/noticias\/wp-content\/uploads\/2021\/04\/mianmar2-1024x576.jpg 1024w, https:\/\/franciscanos.org.br\/noticias\/wp-content\/uploads\/2021\/04\/mianmar2-768x432.jpg 768w, https:\/\/franciscanos.org.br\/noticias\/wp-content\/uploads\/2021\/04\/mianmar2-150x84.jpg 150w\" sizes=\"(max-width: 1280px) 100vw, 1280px\" \/><p id=\"caption-attachment-231347\" class=\"wp-caption-text\">\u00a0 \u00a0 \u00a0 \u00a0 \u00a0 \u00a0 \u00a0 \u00a0 \u00a0 \u00a0 \u00a0 \u00a0 \u00a0 \u00a0 \u00a0 \u00a0 \u00a0 \u00a0 \u00a0 \u00a0 \u00a0 \u00a0 \u00a0 \u00a0 \u00a0 \u00a0 \u00a0 \u00a0 \u00a0 \u00a0 \u00a0 \u00a0 \u00a0 \u00a0 \u00a0 \u00a0 \u00a0 \u00a0 \u00a0 \u00a0 \u00a0 \u00a0 \u00a0 \u00a0 \u00a0 \u00a0 \u00a0 \u00a0 \u00a0 \u00a0 \u00a0 <em>\u00a0 \u00a0 \u00a0 \u00a0 \u00a0 \u00a0Imagem: Vatican Media<\/em><\/p><\/div>\n<p>Uma carta assinada pelo Ministro Geral da Ordem dos Frades Menores, Frei Michael A. Perry, foi enviada ao ao Secret\u00e1rio-Geral da ONU, Antonio Guterres.<\/p>\n<p>N\u00e3o cessa a indigna\u00e7\u00e3o mundial em rela\u00e7\u00e3o \u00e0 repress\u00e3o em Mianmar contra os manifestantes que protestam contra o golpe militar de 1\u00ba de fevereiro, que p\u00f4s fim a um ciclo de reformas democr\u00e1ticas no pa\u00eds, ap\u00f3s d\u00e9cadas de ditadura militar.<\/p>\n<p>\u201cExpressamos profunda tristeza e grave preocupa\u00e7\u00e3o pela cont\u00ednua repress\u00e3o de milh\u00f5es de cidad\u00e3os em Mianmar, ap\u00f3s um golpe militar\u201d, afirmam os franciscanos em uma carta enviada ao Secret\u00e1rio-Geral da ONU, Antonio Guterres.<\/p>\n<p>A mensagem, tamb\u00e9m enviada \u00e0 Ag\u00eancia Fides, \u00e9 assinada pelo Ministro Geral da Ordem dos Frades Menores, representando cerca de 12.500 religiosos cat\u00f3licos e sacerdotes presentes e trabalhando em 116 pa\u00edses.<\/p>\n<p>\u201cOs franciscanos de Mianmar \u2013 diz o texto &#8211; testemunharam em primeira m\u00e3o a brutalidade das for\u00e7as de seguran\u00e7a e \u00e0 inseguran\u00e7a que isso tem gerado\u201d, estigmatizando \u201ca viol\u00eancia coordenada e cont\u00ednua que cresce a cada dia\u201d.<\/p>\n<p>Os religiosos deploram &#8220;as mortes de civis e a deten\u00e7\u00e3o arbitr\u00e1ria de milhares de pessoas envolvidas em protestos pac\u00edficos, a destrui\u00e7\u00e3o de prote\u00e7\u00f5es legais, as severas restri\u00e7\u00f5es ao acesso \u00e0 Internet e \u00e0s comunica\u00e7\u00f5es e a subvers\u00e3o da vontade do povo de Mianmar expressa nas elei\u00e7\u00f5es de novembro de 2020&#8221;.<\/p>\n<p>Os Frades Menores que vivem e trabalham em Mianmar pediram a todos os franciscanos do mundo que intercedam pelo povo de Mianmar.<\/p>\n<p>\u201cAgora \u2013 \u00e9 o apelo lan\u00e7ado pelos franciscanos &#8211; \u00e9 a hora de a comunidade internacional agir de forma unida e decisiva para evitar ulteriores perdas de vidas, a destrui\u00e7\u00e3o de propriedades e para garantir a restaura\u00e7\u00e3o imediata do governo democraticamente eleito de Mianmar. Isso deveria incluir o pedido \u00e0 junta militar para desistir imediatamente do uso da for\u00e7a contra o povo de Mianmar, libertar os detidos ilegalmente e restaurar as prote\u00e7\u00f5es garantidas por lei, incluindo o direito de protestar pacificamente\u201d.<\/p>\n<p>Frei Michael A. Perry, Ministro geral OFM, conclui, fazendo votos de que \u201co povo de Mianmar experimente novamente um retorno \u00e0 democracia e que a crise atual encontre uma solu\u00e7\u00e3o pac\u00edfica e duradoura\u201d.<\/p>\n<p>Nos \u00faltimos dias, outra interven\u00e7\u00e3o veio da Confer\u00eancia dos Ministros do Leste Asi\u00e1tico e da Comiss\u00e3o &#8220;Justi\u00e7a, Paz e Integridade da Cria\u00e7\u00e3o&#8221; da Ordem dos Frades Menores: &#8220;Unimo-nos ao povo de Mianmar na sua luta di\u00e1ria pela autodetermina\u00e7\u00e3o, com um governo devidamente eleito. Estamos unidos a eles no apelo por uma resolu\u00e7\u00e3o pac\u00edfica. Estamos com eles no apelo pela liberta\u00e7\u00e3o de membros do governo eleitos democraticamente, ativistas e jovens. Apoiamo-los na defesa da dignidade e dos direitos humanos.\u201d<\/p>\n<p>Vendo o sofrimento da popula\u00e7\u00e3o do pa\u00eds asi\u00e1tico, os religiosos se dizem que &#8220;edificados pelo testemunho do povo de Mianmar pela justi\u00e7a e pela verdade. Ficamos muito tocados com a caridade que eles exercem para com seus irm\u00e3os. Unimo-nos \u00e0 sua dor e \u00e0quela de tantos crist\u00e3os em Mianmar &#8211; padres, mission\u00e1rios e leigos &#8211; rezando com eles para que este per\u00edodo de escurid\u00e3o em sua terra acabe logo\u201d.<\/p>\n<p>Os frades franciscanos tamb\u00e9m se dirigem ao ex\u00e9rcito birman\u00eas, &#8220;Tatmadaw&#8221;: &#8220;Olhem para seus irm\u00e3os e irm\u00e3s. Olhem para o longo sofrimento de Mianmar, v\u00edtimas da gan\u00e2ncia colonial, da opress\u00e3o, da raiva. Cessemos o derramamento de sangue. N\u00e3o permitamos que o \u00f3dio domine os nossos cora\u00e7\u00f5es. Invoquemos o Senhor, que prometeu estar perto do seu povo, para que a justi\u00e7a e a paz reine em Mianmar e que possa ter in\u00edcio a t\u00e3o esperada reconcilia\u00e7\u00e3o.\u201d<\/p>\n<p>A presen\u00e7a franciscana em Mianmar foi oficializada em 2005 com a &#8220;Funda\u00e7\u00e3o S\u00e3o Francisco de Assis&#8221;. As Irm\u00e3s Franciscanas Mission\u00e1rias de Maria (FMM) e a Ordem Franciscana Secular acompanharam os Frades da Funda\u00e7\u00e3o desde o in\u00edcio. As voca\u00e7\u00f5es franciscanas floresceram no pa\u00eds e atualmente existem cinco frades locais professos solenes, quatro sacerdotes, outros professos tempor\u00e1rios, novi\u00e7os e aspirantes.<\/p>\n<hr \/>\n<p><em>Fonte: Vatican News<\/em><\/p>\n","protected":false},"excerpt":{"rendered":"<p>Ordem dos Frades Menores<\/p>\n","protected":false},"author":3,"featured_media":231348,"comment_status":"open","ping_status":"open","sticky":false,"template":"","format":"standard","meta":[],"categories":[1],"tags":[184],"acf":[],"yoast_head":"<!-- This site is optimized with the Yoast SEO plugin v19.2 - https:\/\/yoast.com\/wordpress\/plugins\/seo\/ -->\n<title>Franciscanos lan\u00e7am apelo pela paz e democracia em Mianmar - Not\u00edcias - Franciscanos<\/title>\n<meta name=\"robots\" content=\"index, follow, max-snippet:-1, max-image-preview:large, max-video-preview:-1\" \/>\n<link rel=\"canonical\" href=\"https:\/\/franciscanos.org.br\/noticias\/franciscanos-lancam-apelo-pela-paz-e-democracia-em-mianmar.html\" \/>\n<meta property=\"og:locale\" content=\"pt_BR\" \/>\n<meta property=\"og:type\" content=\"article\" \/>\n<meta property=\"og:title\" content=\"Franciscanos lan\u00e7am apelo pela paz e democracia em Mianmar - Not\u00edcias - Franciscanos\" \/>\n<meta property=\"og:description\" content=\"Ordem dos Frades Menores\" \/>\n<meta property=\"og:url\" content=\"https:\/\/franciscanos.org.br\/noticias\/franciscanos-lancam-apelo-pela-paz-e-democracia-em-mianmar.html\" \/>\n<meta property=\"og:site_name\" content=\"Not\u00edcias - Franciscanos\" \/>\n<meta property=\"article:published_time\" content=\"2021-04-01T12:31:08+00:00\" \/>\n<meta property=\"og:image\" content=\"https:\/\/franciscanos.org.br\/noticias\/wp-content\/uploads\/2021\/04\/mianmar2_d.jpg\" \/>\n\t<meta property=\"og:image:width\" content=\"800\" \/>\n\t<meta property=\"og:image:height\" content=\"550\" \/>\n\t<meta property=\"og:image:type\" content=\"image\/jpeg\" \/>\n<meta name=\"author\" content=\"moacir\" \/>\n<meta name=\"twitter:card\" content=\"summary_large_image\" \/>\n<meta name=\"twitter:label1\" content=\"Escrito por\" \/>\n\t<meta name=\"twitter:data1\" content=\"moacir\" \/>\n\t<meta name=\"twitter:label2\" content=\"Est. tempo de leitura\" \/>\n\t<meta name=\"twitter:data2\" content=\"4 minutos\" \/>\n<script type=\"application\/ld+json\" class=\"yoast-schema-graph\">{\"@context\":\"https:\/\/schema.org\",\"@graph\":[{\"@type\":\"WebSite\",\"@id\":\"https:\/\/franciscanos.org.br\/noticias\/#website\",\"url\":\"https:\/\/franciscanos.org.br\/noticias\/\",\"name\":\"Not\u00edcias - Franciscanos\",\"description\":\"Prov\u00edncia Franciscana da Imaculada Concei\u00e7\u00e3o do Brasil - Ordem dos Frades Menores - OFM\",\"potentialAction\":[{\"@type\":\"SearchAction\",\"target\":{\"@type\":\"EntryPoint\",\"urlTemplate\":\"https:\/\/franciscanos.org.br\/noticias\/?s={search_term_string}\"},\"query-input\":\"required name=search_term_string\"}],\"inLanguage\":\"pt-BR\"},{\"@type\":\"ImageObject\",\"inLanguage\":\"pt-BR\",\"@id\":\"https:\/\/franciscanos.org.br\/noticias\/franciscanos-lancam-apelo-pela-paz-e-democracia-em-mianmar.html#primaryimage\",\"url\":\"https:\/\/franciscanos.org.br\/noticias\/wp-content\/uploads\/2021\/04\/mianmar2_d.jpg\",\"contentUrl\":\"https:\/\/franciscanos.org.br\/noticias\/wp-content\/uploads\/2021\/04\/mianmar2_d.jpg\",\"width\":800,\"height\":550},{\"@type\":\"WebPage\",\"@id\":\"https:\/\/franciscanos.org.br\/noticias\/franciscanos-lancam-apelo-pela-paz-e-democracia-em-mianmar.html#webpage\",\"url\":\"https:\/\/franciscanos.org.br\/noticias\/franciscanos-lancam-apelo-pela-paz-e-democracia-em-mianmar.html\",\"name\":\"Franciscanos lan\u00e7am apelo pela paz e democracia em Mianmar - Not\u00edcias - Franciscanos\",\"isPartOf\":{\"@id\":\"https:\/\/franciscanos.org.br\/noticias\/#website\"},\"primaryImageOfPage\":{\"@id\":\"https:\/\/franciscanos.org.br\/noticias\/franciscanos-lancam-apelo-pela-paz-e-democracia-em-mianmar.html#primaryimage\"},\"datePublished\":\"2021-04-01T12:31:08+00:00\",\"dateModified\":\"2021-04-01T12:31:08+00:00\",\"author\":{\"@id\":\"https:\/\/franciscanos.org.br\/noticias\/#\/schema\/person\/b5c8cba458c330ccff548b056e95a5d4\"},\"breadcrumb\":{\"@id\":\"https:\/\/franciscanos.org.br\/noticias\/franciscanos-lancam-apelo-pela-paz-e-democracia-em-mianmar.html#breadcrumb\"},\"inLanguage\":\"pt-BR\",\"potentialAction\":[{\"@type\":\"ReadAction\",\"target\":[\"https:\/\/franciscanos.org.br\/noticias\/franciscanos-lancam-apelo-pela-paz-e-democracia-em-mianmar.html\"]}]},{\"@type\":\"BreadcrumbList\",\"@id\":\"https:\/\/franciscanos.org.br\/noticias\/franciscanos-lancam-apelo-pela-paz-e-democracia-em-mianmar.html#breadcrumb\",\"itemListElement\":[{\"@type\":\"ListItem\",\"position\":1,\"name\":\"Home\",\"item\":\"https:\/\/franciscanos.org.br\/noticias\"},{\"@type\":\"ListItem\",\"position\":2,\"name\":\"Franciscanos lan\u00e7am apelo pela paz e democracia em Mianmar\"}]},{\"@type\":\"Person\",\"@id\":\"https:\/\/franciscanos.org.br\/noticias\/#\/schema\/person\/b5c8cba458c330ccff548b056e95a5d4\",\"name\":\"moacir\",\"image\":{\"@type\":\"ImageObject\",\"inLanguage\":\"pt-BR\",\"@id\":\"https:\/\/franciscanos.org.br\/noticias\/#\/schema\/person\/image\/\",\"url\":\"https:\/\/secure.gravatar.com\/avatar\/d08aa2ce4c8dd416d4479aa8536fcf64?s=96&d=mm&r=g\",\"contentUrl\":\"https:\/\/secure.gravatar.com\/avatar\/d08aa2ce4c8dd416d4479aa8536fcf64?s=96&d=mm&r=g\",\"caption\":\"moacir\"},\"url\":\"https:\/\/franciscanos.org.br\/noticias\/author\/moacir\"}]}<\/script>\n<!-- \/ Yoast SEO plugin. -->","yoast_head_json":{"title":"Franciscanos lan\u00e7am apelo pela paz e democracia em Mianmar - Not\u00edcias - Franciscanos","robots":{"index":"index","follow":"follow","max-snippet":"max-snippet:-1","max-image-preview":"max-image-preview:large","max-video-preview":"max-video-preview:-1"},"canonical":"https:\/\/franciscanos.org.br\/noticias\/franciscanos-lancam-apelo-pela-paz-e-democracia-em-mianmar.html","og_locale":"pt_BR","og_type":"article","og_title":"Franciscanos lan\u00e7am apelo pela paz e democracia em Mianmar - Not\u00edcias - Franciscanos","og_description":"Ordem dos Frades Menores","og_url":"https:\/\/franciscanos.org.br\/noticias\/franciscanos-lancam-apelo-pela-paz-e-democracia-em-mianmar.html","og_site_name":"Not\u00edcias - Franciscanos","article_published_time":"2021-04-01T12:31:08+00:00","og_image":[{"width":800,"height":550,"url":"https:\/\/franciscanos.org.br\/noticias\/wp-content\/uploads\/2021\/04\/mianmar2_d.jpg","type":"image\/jpeg"}],"author":"moacir","twitter_card":"summary_large_image","twitter_misc":{"Escrito por":"moacir","Est. tempo de leitura":"4 minutos"},"schema":{"@context":"https:\/\/schema.org","@graph":[{"@type":"WebSite","@id":"https:\/\/franciscanos.org.br\/noticias\/#website","url":"https:\/\/franciscanos.org.br\/noticias\/","name":"Not\u00edcias - Franciscanos","description":"Prov\u00edncia Franciscana da Imaculada Concei\u00e7\u00e3o do Brasil - Ordem dos Frades Menores - OFM","potentialAction":[{"@type":"SearchAction","target":{"@type":"EntryPoint","urlTemplate":"https:\/\/franciscanos.org.br\/noticias\/?s={search_term_string}"},"query-input":"required name=search_term_string"}],"inLanguage":"pt-BR"},{"@type":"ImageObject","inLanguage":"pt-BR","@id":"https:\/\/franciscanos.org.br\/noticias\/franciscanos-lancam-apelo-pela-paz-e-democracia-em-mianmar.html#primaryimage","url":"https:\/\/franciscanos.org.br\/noticias\/wp-content\/uploads\/2021\/04\/mianmar2_d.jpg","contentUrl":"https:\/\/franciscanos.org.br\/noticias\/wp-content\/uploads\/2021\/04\/mianmar2_d.jpg","width":800,"height":550},{"@type":"WebPage","@id":"https:\/\/franciscanos.org.br\/noticias\/franciscanos-lancam-apelo-pela-paz-e-democracia-em-mianmar.html#webpage","url":"https:\/\/franciscanos.org.br\/noticias\/franciscanos-lancam-apelo-pela-paz-e-democracia-em-mianmar.html","name":"Franciscanos lan\u00e7am apelo pela paz e democracia em Mianmar - Not\u00edcias - Franciscanos","isPartOf":{"@id":"https:\/\/franciscanos.org.br\/noticias\/#website"},"primaryImageOfPage":{"@id":"https:\/\/franciscanos.org.br\/noticias\/franciscanos-lancam-apelo-pela-paz-e-democracia-em-mianmar.html#primaryimage"},"datePublished":"2021-04-01T12:31:08+00:00","dateModified":"2021-04-01T12:31:08+00:00","author":{"@id":"https:\/\/franciscanos.org.br\/noticias\/#\/schema\/person\/b5c8cba458c330ccff548b056e95a5d4"},"breadcrumb":{"@id":"https:\/\/franciscanos.org.br\/noticias\/franciscanos-lancam-apelo-pela-paz-e-democracia-em-mianmar.html#breadcrumb"},"inLanguage":"pt-BR","potentialAction":[{"@type":"ReadAction","target":["https:\/\/franciscanos.org.br\/noticias\/franciscanos-lancam-apelo-pela-paz-e-democracia-em-mianmar.html"]}]},{"@type":"BreadcrumbList","@id":"https:\/\/franciscanos.org.br\/noticias\/franciscanos-lancam-apelo-pela-paz-e-democracia-em-mianmar.html#breadcrumb","itemListElement":[{"@type":"ListItem","position":1,"name":"Home","item":"https:\/\/franciscanos.org.br\/noticias"},{"@type":"ListItem","position":2,"name":"Franciscanos lan\u00e7am apelo pela paz e democracia em Mianmar"}]},{"@type":"Person","@id":"https:\/\/franciscanos.org.br\/noticias\/#\/schema\/person\/b5c8cba458c330ccff548b056e95a5d4","name":"moacir","image":{"@type":"ImageObject","inLanguage":"pt-BR","@id":"https:\/\/franciscanos.org.br\/noticias\/#\/schema\/person\/image\/","url":"https:\/\/secure.gravatar.com\/avatar\/d08aa2ce4c8dd416d4479aa8536fcf64?s=96&d=mm&r=g","contentUrl":"https:\/\/secure.gravatar.com\/avatar\/d08aa2ce4c8dd416d4479aa8536fcf64?s=96&d=mm&r=g","caption":"moacir"},"url":"https:\/\/franciscanos.org.br\/noticias\/author\/moacir"}]}},"_links":{"self":[{"href":"https:\/\/franciscanos.org.br\/noticias\/wp-json\/wp\/v2\/posts\/231346"}],"collection":[{"href":"https:\/\/franciscanos.org.br\/noticias\/wp-json\/wp\/v2\/posts"}],"about":[{"href":"https:\/\/franciscanos.org.br\/noticias\/wp-json\/wp\/v2\/types\/post"}],"author":[{"embeddable":true,"href":"https:\/\/franciscanos.org.br\/noticias\/wp-json\/wp\/v2\/users\/3"}],"replies":[{"embeddable":true,"href":"https:\/\/franciscanos.org.br\/noticias\/wp-json\/wp\/v2\/comments?post=231346"}],"version-history":[{"count":1,"href":"https:\/\/franciscanos.org.br\/noticias\/wp-json\/wp\/v2\/posts\/231346\/revisions"}],"predecessor-version":[{"id":231349,"href":"https:\/\/franciscanos.org.br\/noticias\/wp-json\/wp\/v2\/posts\/231346\/revisions\/231349"}],"wp:featuredmedia":[{"embeddable":true,"href":"https:\/\/franciscanos.org.br\/noticias\/wp-json\/wp\/v2\/media\/231348"}],"wp:attachment":[{"href":"https:\/\/franciscanos.org.br\/noticias\/wp-json\/wp\/v2\/media?parent=231346"}],"wp:term":[{"taxonomy":"category","embeddable":true,"href":"https:\/\/franciscanos.org.br\/noticias\/wp-json\/wp\/v2\/categories?post=231346"},{"taxonomy":"post_tag","embeddable":true,"href":"https:\/\/franciscanos.org.br\/noticias\/wp-json\/wp\/v2\/tags?post=231346"}],"curies":[{"name":"wp","href":"https:\/\/api.w.org\/{rel}","templated":true}]}}