{"id":231334,"date":"2021-03-31T09:37:34","date_gmt":"2021-03-31T12:37:34","guid":{"rendered":"https:\/\/franciscanos.org.br\/noticias\/?p=231334"},"modified":"2021-03-31T09:37:34","modified_gmt":"2021-03-31T12:37:34","slug":"a-mensagem-do-tumulo-vazio-carta-do-ministro-geral-para-a-pascoa","status":"publish","type":"post","link":"https:\/\/franciscanos.org.br\/noticias\/a-mensagem-do-tumulo-vazio-carta-do-ministro-geral-para-a-pascoa.html","title":{"rendered":"&#8220;A mensagem do t\u00famulo vazio&#8221;, carta do Ministro Geral para a P\u00e1scoa"},"content":{"rendered":"<p><img loading=\"lazy\" class=\"alignnone wp-image-231335 size-full\" src=\"https:\/\/franciscanos.org.br\/noticias\/wp-content\/uploads\/2021\/03\/carta_geral.jpg\" alt=\"\" width=\"890\" height=\"1255\" srcset=\"https:\/\/franciscanos.org.br\/noticias\/wp-content\/uploads\/2021\/03\/carta_geral.jpg 890w, https:\/\/franciscanos.org.br\/noticias\/wp-content\/uploads\/2021\/03\/carta_geral-319x450.jpg 319w, https:\/\/franciscanos.org.br\/noticias\/wp-content\/uploads\/2021\/03\/carta_geral-726x1024.jpg 726w, https:\/\/franciscanos.org.br\/noticias\/wp-content\/uploads\/2021\/03\/carta_geral-768x1083.jpg 768w, https:\/\/franciscanos.org.br\/noticias\/wp-content\/uploads\/2021\/03\/carta_geral-150x212.jpg 150w\" sizes=\"(max-width: 890px) 100vw, 890px\" \/><\/p>\n<p>Meus caros irm\u00e3os,<br \/>\nAproveito desta solene ocasi\u00e3o para desejar a cada um de v\u00f3s uma aben\u00e7oada santa P\u00e1scoa!<\/p>\n<p>Como ouvimos no trecho do Evangelho de Jo\u00e3o (Cf. Jo 20,1-9), lido no dia da P\u00e1scoa, tr\u00eas amigos e seguidores de Jesus tiveram tr\u00eas experi\u00eancias muito diferentes do evento do t\u00famulo vazio: Maria Madalena, Pedro e o famoso \u201coutro disc\u00edpulo\u201d, citado por Jo\u00e3o. No caso de Maria, vemos que ela chega ao t\u00famulo \u2018quando ainda \u00e9 escuro\u2019, um dos temas teol\u00f3gicos centrais, presentes no Evangelho de Jo\u00e3o: a luta entre a luz (Justi\u00e7a) e as trevas (tudo o que n\u00e3o \u00e9 de Deus). Ela \u00e9 uma mulher sofredora por ter perdido seu Mestre e amigo. Provavelmente \u00e9 esse o motivo de ela voltar ao t\u00famulo, a fim de chorar a morte de Jesus e procurar respostas para perguntas que atormentam sua mente e seu cora\u00e7\u00e3o. Contudo, o que v\u00ea provoca uma rea\u00e7\u00e3o mais profunda, rea\u00e7\u00e3o de medo, o medo de que malintencionados tenham roubado o corpo de Jesus. Talvez seja esse o motivo que a impele de voltar correndo \u00e0 companhia dos disc\u00edpulos e informar-lhes o que seus olhos viram.<\/p>\n<p>O \u201coutro disc\u00edpulo\u201d, \u201caquele que Jesus amava\u201d, \u00e9 a segunda pessoa a chegar ao t\u00famulo antes de Pedro. Talvez porque ele era mais jovem, aguarda fora do t\u00famulo, esperando respeitosamente a chegada do companheiro mais idoso. Somente ap\u00f3s a chegada de Pedro e seu ingresso no t\u00famulo, esse \u201coutro disc\u00edpulo\u201d ousa entrar no espa\u00e7o sagrado. Quando esse \u201coutro disc\u00edpulo\u201d finalmente adentra o t\u00famulo, algo acontece em sua vida. Acontece o reconhecimento de que Deus est\u00e1 fazendo algo grande em e atrav\u00e9s de Jesus &#8211; \u201cviu e creu\u201d &#8211; mas ainda n\u00e3o era claro o que significavam esses acontecimentos e que diferen\u00e7a teriam feito em sua vida.<\/p>\n<p>Muitos estudiosos da B\u00edblia concordam em afirmar que esse \u201coutro disc\u00edpulo\u201d \u00e9 cada um de n\u00f3s, seguidores do Senhor Jesus ressuscitado. Como esse disc\u00edpulo\u201d, talvez tamb\u00e9m n\u00f3s nos encontramos em momentos diferentes de nossa vida, a correr em busca de respostas \u00e0s perguntas da vida, que se tornaram ainda mais evidentes nestes tempos da pandemia Covid-19. Talvez n\u00f3s, como o \u201coutro disc\u00edpulo\u201d, chegamos a perceber no vazio, no medo e no isolamento provocados pela pandemia algo diferente em nossas vidas, em nosso mundo, algo que pede uma convers\u00e3o mais profunda, uma verdade maior, uma justi\u00e7a e uma paz mais profundas para poder verdadeiramente \u201cver e crer\u201d. No que consiste esse \u201cver e crer\u201d? Talvez seja a convic\u00e7\u00e3o de que Deus est\u00e1 aqui, que a esperan\u00e7a est\u00e1 pr\u00f3xima, que o amor de Deus em Jesus \u00e9 um amor que se estende a todas as pessoas e a toda criatura, \u00e9 mais forte do que a amea\u00e7a da pandemia, a amea\u00e7a da doen\u00e7a e da morte!<\/p>\n<p>A terceira testemunha desses acontecimentos, Pedro, \u00e9 aquele que negou conhecer Jesus, durante o processo, a condena\u00e7\u00e3o e a crucifica\u00e7\u00e3o. Talvez seu sil\u00eancio seja resultado de seu sentimento de culpa, vergonha e total inconveni\u00eancia. Muitas vezes, esses sentimentos provocam sil\u00eancio. Ele era somente um dos muitos disc\u00edpulos e amigos que haviam abandonado Jesus, na hora mais obscura. N\u00e3o h\u00e1 confiss\u00e3o de f\u00e9 por parte de Pedro, como no caso do \u201coutro disc\u00edpulo\u201d. Ou melhor, ele recolhe informa\u00e7\u00f5es e, depois, retorna \u00e0 \u201csala fechada com chave\u201d, onde ele e outros disc\u00edpulos e amigos de Jesus se haviam refugiado. \u00c9 prov\u00e1vel que, juntos, tenham discutido sobre o que haviam visto e percebido. Todavia, o vazio do t\u00famulo e sua mensagem ainda n\u00e3o haviam penetrado nos grossos escudos protetores que Pedro, os disc\u00edpulos e seguidores de Jesus, e que n\u00f3s, muitas vezes, constru\u00edmos para nos proteger daquilo que percebemos como perigo, amea\u00e7a, aquilo que nos provoca medo, confus\u00e3o, raiva e at\u00e9 desprezo.<\/p>\n<p>Meus caros irm\u00e3os, teria sido mais encorajador que eu falasse da segunda parte do cap\u00edtulo 20 do Evangelho de Jo\u00e3o, que, segundo muitos estudiosos da Escritura, foi acrescentado num momento posterior como que para resgatar os impenetr\u00e1veis eventos do sofrimento e da morte de Jesus, demonstrando aos disc\u00edpulos a presen\u00e7a viva do corpo ressuscitado de Jesus. Contudo, creio que esse primeiro \u201cencontro\u201d com o t\u00famulo vazio nos fornece importante instrumento para refletir sobre nossa experi\u00eancia vivida com a pandemia Covid-19. Claramente, a escurid\u00e3o cobriu a terra, exatamente como nos tempos primordiais, antes que Deus fizesse emergir a ordem do caos (Gn 1,2). Junto com toda a humanidade, temos vivido as amea\u00e7as do caos e do vazio provocado pela pandemia Covid-19. Est\u00e1vamos isolados, privados de contatos f\u00edsicos. Tivemos que nos revestir com \u201cescudos\u201d para proteger-nos do desconhecido, mas sempre presente, perigo, em tocaia num organismo invis\u00edvel, capaz de nos causar grandes danos f\u00edsicos, mentais, espirituais, sociais, econ\u00f4micos e em todos os outros modos. Enquanto nos preparamos para sermos vacinados a fim de nos proteger, reconhecemos tamb\u00e9m que ainda h\u00e1 demasiadas coisas escondidas sobre o v\u00edrus para que possamos relaxar. A noite escura ainda n\u00e3o acabou.<\/p>\n<p>A mensagem da P\u00e1scoa \u00e9 mensagem que traz esperan\u00e7a e inspira coragem a todos os que professam a f\u00e9 no amado Filho de Deus, Jesus. O t\u00famulo vazio n\u00e3o nos d\u00e1 respostas. Ou, ao contr\u00e1rio, cria um espa\u00e7o no qual podemos colocar perguntas dif\u00edceis. Fornece lugar no qual podemos achar-nos face a face com tudo o que nos causa medo, tudo aquilo que nos empurra a escolher o isolar-nos de Deus, dos outros e por fim de n\u00f3s mesmos, em vez de escolher a estrada em dire\u00e7\u00e3o de uma aut\u00eantica fraternidade com Deus e com os outros. Enfim, a promessa da ressurrei\u00e7\u00e3o d\u00e1-nos esperan\u00e7a. Todavia, essa esperan\u00e7a n\u00e3o \u00e9 apenas o resultado de algo que vem de fora de n\u00f3s, do crer no poder da gra\u00e7a e do amor de Deus. \u00c9, enfim, o resultado de uma decis\u00e3o que tomamos do interior de nossas mentes e de nossos cora\u00e7\u00f5es para acolher e abra\u00e7ar Aquele que abra\u00e7ou a morte a fim de poder conduzir todos n\u00f3s rumo a uma experi\u00eancia aut\u00eantica daquilo que significa estar vivos. A ressurrei\u00e7\u00e3o de Jesus apresenta-nos uma escolha radical \u2013 viver diariamente na for\u00e7a do amor de Deus, que \u00e9 mais forte do que os efeitos cru\u00e9is e escravizadores da injusti\u00e7a, do racismo, do \u00f3dio, da viol\u00eancia e de uma terra espiritualmente desolada. O de viver na indiferen\u00e7a, no medo e na falta de esperan\u00e7a, oferecidas por tudo o que se op\u00f5e \u00e0 justi\u00e7a, \u00e0 santidade, \u00e0 bondade e \u00e0 verdade.<\/p>\n<p>Que o amor e a paz, que Jesus oferece a todos os que rep\u00f5em Nele sua confian\u00e7a, nos encha de alegria e nos reforce em nossa determina\u00e7\u00e3o de abra\u00e7ar o caminho da cruz, o caminho do Evangelho, a abra\u00e7ar tamb\u00e9m o t\u00famulo vazio. Que, como Maria Madalena, \u201co outro disc\u00edpulo\u201d e Pedro, possamos experimentar o que significa verdadeiramente estar vivos em Cristo Jesus.<\/p>\n<p>As B\u00ean\u00e7\u00e3os da alegria pascal a v\u00f3s, meus caros Irm\u00e3os, e tamb\u00e9m a v\u00f3s, minhas caras Irm\u00e3s Clarissas e Concepcionistas de clausura. Tamb\u00e9m continuemos a rezar para que a gra\u00e7a amorosa de Deus se derrame sobre nosso Cap\u00edtulo geral.<\/p>\n<p><strong>Votos de Boa e Santa P\u00e1scoa!<\/strong><br \/>\n28 de mar\u00e7o de 2021<br \/>\nDomingo dos Ramos<\/p>\n<p><strong>Frei Michael Anthony Perry, OFM<\/strong><br \/>\n<em>Ministro Geral e Servo<\/em><\/p>\n","protected":false},"excerpt":{"rendered":"<p>Mensagem da P\u00e1scoa  2021<\/p>\n","protected":false},"author":3,"featured_media":231336,"comment_status":"open","ping_status":"open","sticky":false,"template":"","format":"standard","meta":[],"categories":[1],"tags":[1820],"acf":[],"yoast_head":"<!-- This site is optimized with the Yoast SEO plugin v19.2 - https:\/\/yoast.com\/wordpress\/plugins\/seo\/ -->\n<title>&quot;A mensagem do t\u00famulo vazio&quot;, carta do Ministro Geral para a P\u00e1scoa - Not\u00edcias - Franciscanos<\/title>\n<meta name=\"robots\" content=\"index, follow, max-snippet:-1, max-image-preview:large, max-video-preview:-1\" \/>\n<link rel=\"canonical\" href=\"https:\/\/franciscanos.org.br\/noticias\/a-mensagem-do-tumulo-vazio-carta-do-ministro-geral-para-a-pascoa.html\" \/>\n<meta property=\"og:locale\" content=\"pt_BR\" \/>\n<meta property=\"og:type\" content=\"article\" \/>\n<meta property=\"og:title\" content=\"&quot;A mensagem do t\u00famulo vazio&quot;, carta do Ministro Geral para a P\u00e1scoa - Not\u00edcias - Franciscanos\" \/>\n<meta property=\"og:description\" content=\"Mensagem da P\u00e1scoa 2021\" \/>\n<meta property=\"og:url\" content=\"https:\/\/franciscanos.org.br\/noticias\/a-mensagem-do-tumulo-vazio-carta-do-ministro-geral-para-a-pascoa.html\" \/>\n<meta property=\"og:site_name\" content=\"Not\u00edcias - Franciscanos\" \/>\n<meta property=\"article:published_time\" content=\"2021-03-31T12:37:34+00:00\" \/>\n<meta property=\"og:image\" content=\"https:\/\/franciscanos.org.br\/noticias\/wp-content\/uploads\/2021\/03\/carta_geral_d.jpg\" \/>\n\t<meta property=\"og:image:width\" content=\"700\" \/>\n\t<meta property=\"og:image:height\" content=\"526\" \/>\n\t<meta property=\"og:image:type\" content=\"image\/jpeg\" \/>\n<meta name=\"author\" content=\"moacir\" \/>\n<meta name=\"twitter:card\" content=\"summary_large_image\" \/>\n<meta name=\"twitter:label1\" content=\"Escrito por\" \/>\n\t<meta name=\"twitter:data1\" content=\"moacir\" \/>\n\t<meta name=\"twitter:label2\" content=\"Est. tempo de leitura\" \/>\n\t<meta name=\"twitter:data2\" content=\"6 minutos\" \/>\n<script type=\"application\/ld+json\" class=\"yoast-schema-graph\">{\"@context\":\"https:\/\/schema.org\",\"@graph\":[{\"@type\":\"WebSite\",\"@id\":\"https:\/\/franciscanos.org.br\/noticias\/#website\",\"url\":\"https:\/\/franciscanos.org.br\/noticias\/\",\"name\":\"Not\u00edcias - Franciscanos\",\"description\":\"Prov\u00edncia Franciscana da Imaculada Concei\u00e7\u00e3o do Brasil - Ordem dos Frades Menores - OFM\",\"potentialAction\":[{\"@type\":\"SearchAction\",\"target\":{\"@type\":\"EntryPoint\",\"urlTemplate\":\"https:\/\/franciscanos.org.br\/noticias\/?s={search_term_string}\"},\"query-input\":\"required name=search_term_string\"}],\"inLanguage\":\"pt-BR\"},{\"@type\":\"ImageObject\",\"inLanguage\":\"pt-BR\",\"@id\":\"https:\/\/franciscanos.org.br\/noticias\/a-mensagem-do-tumulo-vazio-carta-do-ministro-geral-para-a-pascoa.html#primaryimage\",\"url\":\"https:\/\/franciscanos.org.br\/noticias\/wp-content\/uploads\/2021\/03\/carta_geral_d.jpg\",\"contentUrl\":\"https:\/\/franciscanos.org.br\/noticias\/wp-content\/uploads\/2021\/03\/carta_geral_d.jpg\",\"width\":700,\"height\":526},{\"@type\":\"WebPage\",\"@id\":\"https:\/\/franciscanos.org.br\/noticias\/a-mensagem-do-tumulo-vazio-carta-do-ministro-geral-para-a-pascoa.html#webpage\",\"url\":\"https:\/\/franciscanos.org.br\/noticias\/a-mensagem-do-tumulo-vazio-carta-do-ministro-geral-para-a-pascoa.html\",\"name\":\"\\\"A mensagem do t\u00famulo vazio\\\", carta do Ministro Geral para a P\u00e1scoa - Not\u00edcias - Franciscanos\",\"isPartOf\":{\"@id\":\"https:\/\/franciscanos.org.br\/noticias\/#website\"},\"primaryImageOfPage\":{\"@id\":\"https:\/\/franciscanos.org.br\/noticias\/a-mensagem-do-tumulo-vazio-carta-do-ministro-geral-para-a-pascoa.html#primaryimage\"},\"datePublished\":\"2021-03-31T12:37:34+00:00\",\"dateModified\":\"2021-03-31T12:37:34+00:00\",\"author\":{\"@id\":\"https:\/\/franciscanos.org.br\/noticias\/#\/schema\/person\/b5c8cba458c330ccff548b056e95a5d4\"},\"breadcrumb\":{\"@id\":\"https:\/\/franciscanos.org.br\/noticias\/a-mensagem-do-tumulo-vazio-carta-do-ministro-geral-para-a-pascoa.html#breadcrumb\"},\"inLanguage\":\"pt-BR\",\"potentialAction\":[{\"@type\":\"ReadAction\",\"target\":[\"https:\/\/franciscanos.org.br\/noticias\/a-mensagem-do-tumulo-vazio-carta-do-ministro-geral-para-a-pascoa.html\"]}]},{\"@type\":\"BreadcrumbList\",\"@id\":\"https:\/\/franciscanos.org.br\/noticias\/a-mensagem-do-tumulo-vazio-carta-do-ministro-geral-para-a-pascoa.html#breadcrumb\",\"itemListElement\":[{\"@type\":\"ListItem\",\"position\":1,\"name\":\"Home\",\"item\":\"https:\/\/franciscanos.org.br\/noticias\"},{\"@type\":\"ListItem\",\"position\":2,\"name\":\"&#8220;A mensagem do t\u00famulo vazio&#8221;, carta do Ministro Geral para a P\u00e1scoa\"}]},{\"@type\":\"Person\",\"@id\":\"https:\/\/franciscanos.org.br\/noticias\/#\/schema\/person\/b5c8cba458c330ccff548b056e95a5d4\",\"name\":\"moacir\",\"image\":{\"@type\":\"ImageObject\",\"inLanguage\":\"pt-BR\",\"@id\":\"https:\/\/franciscanos.org.br\/noticias\/#\/schema\/person\/image\/\",\"url\":\"https:\/\/secure.gravatar.com\/avatar\/d08aa2ce4c8dd416d4479aa8536fcf64?s=96&d=mm&r=g\",\"contentUrl\":\"https:\/\/secure.gravatar.com\/avatar\/d08aa2ce4c8dd416d4479aa8536fcf64?s=96&d=mm&r=g\",\"caption\":\"moacir\"},\"url\":\"https:\/\/franciscanos.org.br\/noticias\/author\/moacir\"}]}<\/script>\n<!-- \/ Yoast SEO plugin. -->","yoast_head_json":{"title":"\"A mensagem do t\u00famulo vazio\", carta do Ministro Geral para a P\u00e1scoa - Not\u00edcias - Franciscanos","robots":{"index":"index","follow":"follow","max-snippet":"max-snippet:-1","max-image-preview":"max-image-preview:large","max-video-preview":"max-video-preview:-1"},"canonical":"https:\/\/franciscanos.org.br\/noticias\/a-mensagem-do-tumulo-vazio-carta-do-ministro-geral-para-a-pascoa.html","og_locale":"pt_BR","og_type":"article","og_title":"\"A mensagem do t\u00famulo vazio\", carta do Ministro Geral para a P\u00e1scoa - Not\u00edcias - Franciscanos","og_description":"Mensagem da P\u00e1scoa 2021","og_url":"https:\/\/franciscanos.org.br\/noticias\/a-mensagem-do-tumulo-vazio-carta-do-ministro-geral-para-a-pascoa.html","og_site_name":"Not\u00edcias - Franciscanos","article_published_time":"2021-03-31T12:37:34+00:00","og_image":[{"width":700,"height":526,"url":"https:\/\/franciscanos.org.br\/noticias\/wp-content\/uploads\/2021\/03\/carta_geral_d.jpg","type":"image\/jpeg"}],"author":"moacir","twitter_card":"summary_large_image","twitter_misc":{"Escrito por":"moacir","Est. tempo de leitura":"6 minutos"},"schema":{"@context":"https:\/\/schema.org","@graph":[{"@type":"WebSite","@id":"https:\/\/franciscanos.org.br\/noticias\/#website","url":"https:\/\/franciscanos.org.br\/noticias\/","name":"Not\u00edcias - Franciscanos","description":"Prov\u00edncia Franciscana da Imaculada Concei\u00e7\u00e3o do Brasil - Ordem dos Frades Menores - OFM","potentialAction":[{"@type":"SearchAction","target":{"@type":"EntryPoint","urlTemplate":"https:\/\/franciscanos.org.br\/noticias\/?s={search_term_string}"},"query-input":"required name=search_term_string"}],"inLanguage":"pt-BR"},{"@type":"ImageObject","inLanguage":"pt-BR","@id":"https:\/\/franciscanos.org.br\/noticias\/a-mensagem-do-tumulo-vazio-carta-do-ministro-geral-para-a-pascoa.html#primaryimage","url":"https:\/\/franciscanos.org.br\/noticias\/wp-content\/uploads\/2021\/03\/carta_geral_d.jpg","contentUrl":"https:\/\/franciscanos.org.br\/noticias\/wp-content\/uploads\/2021\/03\/carta_geral_d.jpg","width":700,"height":526},{"@type":"WebPage","@id":"https:\/\/franciscanos.org.br\/noticias\/a-mensagem-do-tumulo-vazio-carta-do-ministro-geral-para-a-pascoa.html#webpage","url":"https:\/\/franciscanos.org.br\/noticias\/a-mensagem-do-tumulo-vazio-carta-do-ministro-geral-para-a-pascoa.html","name":"\"A mensagem do t\u00famulo vazio\", carta do Ministro Geral para a P\u00e1scoa - Not\u00edcias - Franciscanos","isPartOf":{"@id":"https:\/\/franciscanos.org.br\/noticias\/#website"},"primaryImageOfPage":{"@id":"https:\/\/franciscanos.org.br\/noticias\/a-mensagem-do-tumulo-vazio-carta-do-ministro-geral-para-a-pascoa.html#primaryimage"},"datePublished":"2021-03-31T12:37:34+00:00","dateModified":"2021-03-31T12:37:34+00:00","author":{"@id":"https:\/\/franciscanos.org.br\/noticias\/#\/schema\/person\/b5c8cba458c330ccff548b056e95a5d4"},"breadcrumb":{"@id":"https:\/\/franciscanos.org.br\/noticias\/a-mensagem-do-tumulo-vazio-carta-do-ministro-geral-para-a-pascoa.html#breadcrumb"},"inLanguage":"pt-BR","potentialAction":[{"@type":"ReadAction","target":["https:\/\/franciscanos.org.br\/noticias\/a-mensagem-do-tumulo-vazio-carta-do-ministro-geral-para-a-pascoa.html"]}]},{"@type":"BreadcrumbList","@id":"https:\/\/franciscanos.org.br\/noticias\/a-mensagem-do-tumulo-vazio-carta-do-ministro-geral-para-a-pascoa.html#breadcrumb","itemListElement":[{"@type":"ListItem","position":1,"name":"Home","item":"https:\/\/franciscanos.org.br\/noticias"},{"@type":"ListItem","position":2,"name":"&#8220;A mensagem do t\u00famulo vazio&#8221;, carta do Ministro Geral para a P\u00e1scoa"}]},{"@type":"Person","@id":"https:\/\/franciscanos.org.br\/noticias\/#\/schema\/person\/b5c8cba458c330ccff548b056e95a5d4","name":"moacir","image":{"@type":"ImageObject","inLanguage":"pt-BR","@id":"https:\/\/franciscanos.org.br\/noticias\/#\/schema\/person\/image\/","url":"https:\/\/secure.gravatar.com\/avatar\/d08aa2ce4c8dd416d4479aa8536fcf64?s=96&d=mm&r=g","contentUrl":"https:\/\/secure.gravatar.com\/avatar\/d08aa2ce4c8dd416d4479aa8536fcf64?s=96&d=mm&r=g","caption":"moacir"},"url":"https:\/\/franciscanos.org.br\/noticias\/author\/moacir"}]}},"_links":{"self":[{"href":"https:\/\/franciscanos.org.br\/noticias\/wp-json\/wp\/v2\/posts\/231334"}],"collection":[{"href":"https:\/\/franciscanos.org.br\/noticias\/wp-json\/wp\/v2\/posts"}],"about":[{"href":"https:\/\/franciscanos.org.br\/noticias\/wp-json\/wp\/v2\/types\/post"}],"author":[{"embeddable":true,"href":"https:\/\/franciscanos.org.br\/noticias\/wp-json\/wp\/v2\/users\/3"}],"replies":[{"embeddable":true,"href":"https:\/\/franciscanos.org.br\/noticias\/wp-json\/wp\/v2\/comments?post=231334"}],"version-history":[{"count":1,"href":"https:\/\/franciscanos.org.br\/noticias\/wp-json\/wp\/v2\/posts\/231334\/revisions"}],"predecessor-version":[{"id":231337,"href":"https:\/\/franciscanos.org.br\/noticias\/wp-json\/wp\/v2\/posts\/231334\/revisions\/231337"}],"wp:featuredmedia":[{"embeddable":true,"href":"https:\/\/franciscanos.org.br\/noticias\/wp-json\/wp\/v2\/media\/231336"}],"wp:attachment":[{"href":"https:\/\/franciscanos.org.br\/noticias\/wp-json\/wp\/v2\/media?parent=231334"}],"wp:term":[{"taxonomy":"category","embeddable":true,"href":"https:\/\/franciscanos.org.br\/noticias\/wp-json\/wp\/v2\/categories?post=231334"},{"taxonomy":"post_tag","embeddable":true,"href":"https:\/\/franciscanos.org.br\/noticias\/wp-json\/wp\/v2\/tags?post=231334"}],"curies":[{"name":"wp","href":"https:\/\/api.w.org\/{rel}","templated":true}]}}