{"id":231320,"date":"2021-03-30T07:21:51","date_gmt":"2021-03-30T10:21:51","guid":{"rendered":"https:\/\/franciscanos.org.br\/noticias\/?p=231320"},"modified":"2021-03-30T09:06:35","modified_gmt":"2021-03-30T12:06:35","slug":"mensagem-do-ministro-provincial-para-a-pascoa-2","status":"publish","type":"post","link":"https:\/\/franciscanos.org.br\/noticias\/mensagem-do-ministro-provincial-para-a-pascoa-2.html","title":{"rendered":"Mensagem do Ministro Provincial para a P\u00e1scoa"},"content":{"rendered":"<p><img loading=\"lazy\" class=\"alignnone wp-image-231321 size-full\" src=\"https:\/\/franciscanos.org.br\/noticias\/wp-content\/uploads\/2021\/03\/destaque_1280x720-2.png\" alt=\"\" width=\"1280\" height=\"720\" srcset=\"https:\/\/franciscanos.org.br\/noticias\/wp-content\/uploads\/2021\/03\/destaque_1280x720-2.png 1280w, https:\/\/franciscanos.org.br\/noticias\/wp-content\/uploads\/2021\/03\/destaque_1280x720-2-450x253.png 450w, https:\/\/franciscanos.org.br\/noticias\/wp-content\/uploads\/2021\/03\/destaque_1280x720-2-1024x576.png 1024w, https:\/\/franciscanos.org.br\/noticias\/wp-content\/uploads\/2021\/03\/destaque_1280x720-2-768x432.png 768w, https:\/\/franciscanos.org.br\/noticias\/wp-content\/uploads\/2021\/03\/destaque_1280x720-2-150x84.png 150w\" sizes=\"(max-width: 1280px) 100vw, 1280px\" \/><\/p>\n<p><em>Caros confrades, formandos e vocacionados da Prov\u00edncia da Imaculada Concei\u00e7\u00e3o, das entidades da nossa Confer\u00eancia dos Ministros Provinciais do Brasil e do Cone Sul e das demais obedi\u00eancias franciscanas, queridas irm\u00e3s Clarissas e Concepcionistas, religiosas e religiosos franciscanos, irm\u00e3s e irm\u00e3os da Ordem Franciscana Secular, juventude franciscana, nossos queridos benfeitores e os tantos irm\u00e3os e irm\u00e3s que participam de nossa vida e de nossa miss\u00e3o,<\/em><\/p>\n<p><em>a todos voc\u00eas,\u00a0Paz e Bem!<\/em><\/p>\n<p>Nas celebra\u00e7\u00f5es pascais do ano passado, pouco depois do in\u00edcio da pandemia, celebr\u00e1vamos a esperan\u00e7a de que \u201clogo, logo,\u201d ter\u00edamos virado esta p\u00e1gina dolorosa da nossa hist\u00f3ria. Est\u00e1vamos nos sentindo presos como Jesus no sepulcro, \u00e0 espera de que muito em breve ressuscitar\u00edamos com Ele. Mas o tempo passou&#8230; \u00a0Cada dia a mais, muitas vidas a menos e, entre elas, certamente as de muitas pessoas a quem amamos e com quem convivemos.<\/p>\n<p>Chegamos novamente \u00e0 P\u00e1scoa da Ressurrei\u00e7\u00e3o, e o tempo de vivermos com Cristo a solit\u00e1ria escurid\u00e3o do sepulcro que continua a se estender. Nossa esperan\u00e7a tem sido desafiada diariamente. Al\u00e9m da agressividade do v\u00edrus, das mortes e de todos os preju\u00edzos econ\u00f4micos e sociais, atitudes irrespons\u00e1veis de orgulho, prepot\u00eancia e negacionismo se fazem ainda presentes entre n\u00f3s.<\/p>\n<p>Diante deste cen\u00e1rio, que nos lembra mais a dor da Sexta-Feira Santa do que a alegria da P\u00e1scoa, como viver uma profunda experi\u00eancia pascal?<\/p>\n<p>Em primeiro lugar, precisamos cultivar nossa vida de f\u00e9 e nossa experi\u00eancia comunit\u00e1ria. Mesmo com as restri\u00e7\u00f5es do distanciamento social, temos muitos meios de nos mantermos unidos com Deus e entre n\u00f3s. Mesmo que \u00e0 dist\u00e2ncia, celebrarmos juntos os mist\u00e9rios pascais, impulsiona-nos a sermos presen\u00e7a de vida e de salva\u00e7\u00e3o uns para os outros. Uma mensagem de \u00e2nimo a algu\u00e9m que esteja passando por perda ou dificuldade, a partilha solid\u00e1ria de uma refei\u00e7\u00e3o ou de uma cesta b\u00e1sica a uma fam\u00edlia com fome s\u00e3o a\u00e7\u00f5es que, para al\u00e9m das palavras, comunicam a Ressurrei\u00e7\u00e3o.<\/p>\n<p>Outra forte manifesta\u00e7\u00e3o de cuidado e de vida \u00e9 a vacina, que j\u00e1 est\u00e1 sendo aplicada. Nosso sonho pascal \u00e9 que ela chegue o mais r\u00e1pido poss\u00edvel a toda a humanidade. E ainda n\u00e3o podemos abandonar os cuidados, que j\u00e1 conhecemos, e que, \u00e0s vezes, por certo cansa\u00e7o, somos tentados a deixar de lado.<\/p>\n<p><iframe loading=\"lazy\" title=\"YouTube video player\" src=\"https:\/\/www.youtube.com\/embed\/7q-7_T-Jrq4\" width=\"100%\" height=\"480\" frameborder=\"0\" allowfullscreen=\"allowfullscreen\"><\/iframe><\/p>\n<p>Por fim, viver a Ressurrei\u00e7\u00e3o significa abra\u00e7ar um compromisso de mudan\u00e7a no estilo de vida, tanto pessoal quanto comunitariamente. Precisamos vencer o individualismo, trocando o \u201ceu\u201d pelo \u201cn\u00f3s\u201d; vencer a tenta\u00e7\u00e3o do consumismo, conscientizando-nos de que n\u00e3o precisamos de muito para uma vida digna e feliz. \u00c9 urgente que coloquemos o respeito, o cuidado e o servi\u00e7o como atitudes fundamentais em nossos relacionamentos com as pessoas e com a cria\u00e7\u00e3o, a nossa casa comum.<\/p>\n<p>Jesus Cristo, o Ressuscitado, deseja ardentemente nos conduzir com ele para fora do sepulcro. Este \u00e9 o grande dom que recebemos.<\/p>\n<p>Com Ele e unidos entre n\u00f3s, vamos conseguir superar esta crise sanit\u00e1ria e experimentar a alegria da Ressurrei\u00e7\u00e3o, a vida nova.<\/p>\n<h3>Feliz P\u00e1scoa e que Deus vos aben\u00e7oe! Paz e Bem!<\/h3>\n<p><strong>Frei C\u00e9sar K\u00fclkamp, OFM<\/strong><br \/>\n<em>Ministro Provincial<\/em><\/p>\n<p><strong>Prov\u00edncia Franciscana da Imaculada Concei\u00e7\u00e3o do Brasil<\/strong><\/p>\n<p>&nbsp;<\/p>\n","protected":false},"excerpt":{"rendered":"<p>Mensagem para a P\u00e1scoa<\/p>\n","protected":false},"author":3,"featured_media":231322,"comment_status":"open","ping_status":"open","sticky":false,"template":"","format":"standard","meta":[],"categories":[1],"tags":[1179],"acf":[],"yoast_head":"<!-- This site is optimized with the Yoast SEO plugin v19.2 - https:\/\/yoast.com\/wordpress\/plugins\/seo\/ -->\n<title>Mensagem do Ministro Provincial para a P\u00e1scoa - Not\u00edcias - Franciscanos<\/title>\n<meta name=\"robots\" content=\"index, follow, max-snippet:-1, max-image-preview:large, max-video-preview:-1\" \/>\n<link rel=\"canonical\" href=\"https:\/\/franciscanos.org.br\/noticias\/mensagem-do-ministro-provincial-para-a-pascoa-2.html\" \/>\n<meta property=\"og:locale\" content=\"pt_BR\" \/>\n<meta property=\"og:type\" content=\"article\" \/>\n<meta property=\"og:title\" content=\"Mensagem do Ministro Provincial para a P\u00e1scoa - Not\u00edcias - Franciscanos\" \/>\n<meta property=\"og:description\" content=\"Mensagem para a P\u00e1scoa\" \/>\n<meta property=\"og:url\" content=\"https:\/\/franciscanos.org.br\/noticias\/mensagem-do-ministro-provincial-para-a-pascoa-2.html\" \/>\n<meta property=\"og:site_name\" content=\"Not\u00edcias - Franciscanos\" \/>\n<meta property=\"article:published_time\" content=\"2021-03-30T10:21:51+00:00\" \/>\n<meta property=\"article:modified_time\" content=\"2021-03-30T12:06:35+00:00\" \/>\n<meta property=\"og:image\" content=\"https:\/\/franciscanos.org.br\/noticias\/wp-content\/uploads\/2021\/03\/chamada_800x600-3.png\" \/>\n\t<meta property=\"og:image:width\" content=\"800\" \/>\n\t<meta property=\"og:image:height\" content=\"600\" \/>\n\t<meta property=\"og:image:type\" content=\"image\/png\" \/>\n<meta name=\"author\" content=\"moacir\" \/>\n<meta name=\"twitter:card\" content=\"summary_large_image\" \/>\n<meta name=\"twitter:label1\" content=\"Escrito por\" \/>\n\t<meta name=\"twitter:data1\" content=\"moacir\" \/>\n\t<meta name=\"twitter:label2\" content=\"Est. tempo de leitura\" \/>\n\t<meta name=\"twitter:data2\" content=\"3 minutos\" \/>\n<script type=\"application\/ld+json\" class=\"yoast-schema-graph\">{\"@context\":\"https:\/\/schema.org\",\"@graph\":[{\"@type\":\"WebSite\",\"@id\":\"https:\/\/franciscanos.org.br\/noticias\/#website\",\"url\":\"https:\/\/franciscanos.org.br\/noticias\/\",\"name\":\"Not\u00edcias - Franciscanos\",\"description\":\"Prov\u00edncia Franciscana da Imaculada Concei\u00e7\u00e3o do Brasil - Ordem dos Frades Menores - OFM\",\"potentialAction\":[{\"@type\":\"SearchAction\",\"target\":{\"@type\":\"EntryPoint\",\"urlTemplate\":\"https:\/\/franciscanos.org.br\/noticias\/?s={search_term_string}\"},\"query-input\":\"required name=search_term_string\"}],\"inLanguage\":\"pt-BR\"},{\"@type\":\"ImageObject\",\"inLanguage\":\"pt-BR\",\"@id\":\"https:\/\/franciscanos.org.br\/noticias\/mensagem-do-ministro-provincial-para-a-pascoa-2.html#primaryimage\",\"url\":\"https:\/\/franciscanos.org.br\/noticias\/wp-content\/uploads\/2021\/03\/chamada_800x600-3.png\",\"contentUrl\":\"https:\/\/franciscanos.org.br\/noticias\/wp-content\/uploads\/2021\/03\/chamada_800x600-3.png\",\"width\":800,\"height\":600},{\"@type\":\"WebPage\",\"@id\":\"https:\/\/franciscanos.org.br\/noticias\/mensagem-do-ministro-provincial-para-a-pascoa-2.html#webpage\",\"url\":\"https:\/\/franciscanos.org.br\/noticias\/mensagem-do-ministro-provincial-para-a-pascoa-2.html\",\"name\":\"Mensagem do Ministro Provincial para a P\u00e1scoa - Not\u00edcias - Franciscanos\",\"isPartOf\":{\"@id\":\"https:\/\/franciscanos.org.br\/noticias\/#website\"},\"primaryImageOfPage\":{\"@id\":\"https:\/\/franciscanos.org.br\/noticias\/mensagem-do-ministro-provincial-para-a-pascoa-2.html#primaryimage\"},\"datePublished\":\"2021-03-30T10:21:51+00:00\",\"dateModified\":\"2021-03-30T12:06:35+00:00\",\"author\":{\"@id\":\"https:\/\/franciscanos.org.br\/noticias\/#\/schema\/person\/b5c8cba458c330ccff548b056e95a5d4\"},\"breadcrumb\":{\"@id\":\"https:\/\/franciscanos.org.br\/noticias\/mensagem-do-ministro-provincial-para-a-pascoa-2.html#breadcrumb\"},\"inLanguage\":\"pt-BR\",\"potentialAction\":[{\"@type\":\"ReadAction\",\"target\":[\"https:\/\/franciscanos.org.br\/noticias\/mensagem-do-ministro-provincial-para-a-pascoa-2.html\"]}]},{\"@type\":\"BreadcrumbList\",\"@id\":\"https:\/\/franciscanos.org.br\/noticias\/mensagem-do-ministro-provincial-para-a-pascoa-2.html#breadcrumb\",\"itemListElement\":[{\"@type\":\"ListItem\",\"position\":1,\"name\":\"Home\",\"item\":\"https:\/\/franciscanos.org.br\/noticias\"},{\"@type\":\"ListItem\",\"position\":2,\"name\":\"Mensagem do Ministro Provincial para a P\u00e1scoa\"}]},{\"@type\":\"Person\",\"@id\":\"https:\/\/franciscanos.org.br\/noticias\/#\/schema\/person\/b5c8cba458c330ccff548b056e95a5d4\",\"name\":\"moacir\",\"image\":{\"@type\":\"ImageObject\",\"inLanguage\":\"pt-BR\",\"@id\":\"https:\/\/franciscanos.org.br\/noticias\/#\/schema\/person\/image\/\",\"url\":\"https:\/\/secure.gravatar.com\/avatar\/d08aa2ce4c8dd416d4479aa8536fcf64?s=96&d=mm&r=g\",\"contentUrl\":\"https:\/\/secure.gravatar.com\/avatar\/d08aa2ce4c8dd416d4479aa8536fcf64?s=96&d=mm&r=g\",\"caption\":\"moacir\"},\"url\":\"https:\/\/franciscanos.org.br\/noticias\/author\/moacir\"}]}<\/script>\n<!-- \/ Yoast SEO plugin. -->","yoast_head_json":{"title":"Mensagem do Ministro Provincial para a P\u00e1scoa - Not\u00edcias - Franciscanos","robots":{"index":"index","follow":"follow","max-snippet":"max-snippet:-1","max-image-preview":"max-image-preview:large","max-video-preview":"max-video-preview:-1"},"canonical":"https:\/\/franciscanos.org.br\/noticias\/mensagem-do-ministro-provincial-para-a-pascoa-2.html","og_locale":"pt_BR","og_type":"article","og_title":"Mensagem do Ministro Provincial para a P\u00e1scoa - Not\u00edcias - Franciscanos","og_description":"Mensagem para a P\u00e1scoa","og_url":"https:\/\/franciscanos.org.br\/noticias\/mensagem-do-ministro-provincial-para-a-pascoa-2.html","og_site_name":"Not\u00edcias - Franciscanos","article_published_time":"2021-03-30T10:21:51+00:00","article_modified_time":"2021-03-30T12:06:35+00:00","og_image":[{"width":800,"height":600,"url":"https:\/\/franciscanos.org.br\/noticias\/wp-content\/uploads\/2021\/03\/chamada_800x600-3.png","type":"image\/png"}],"author":"moacir","twitter_card":"summary_large_image","twitter_misc":{"Escrito por":"moacir","Est. tempo de leitura":"3 minutos"},"schema":{"@context":"https:\/\/schema.org","@graph":[{"@type":"WebSite","@id":"https:\/\/franciscanos.org.br\/noticias\/#website","url":"https:\/\/franciscanos.org.br\/noticias\/","name":"Not\u00edcias - Franciscanos","description":"Prov\u00edncia Franciscana da Imaculada Concei\u00e7\u00e3o do Brasil - Ordem dos Frades Menores - OFM","potentialAction":[{"@type":"SearchAction","target":{"@type":"EntryPoint","urlTemplate":"https:\/\/franciscanos.org.br\/noticias\/?s={search_term_string}"},"query-input":"required name=search_term_string"}],"inLanguage":"pt-BR"},{"@type":"ImageObject","inLanguage":"pt-BR","@id":"https:\/\/franciscanos.org.br\/noticias\/mensagem-do-ministro-provincial-para-a-pascoa-2.html#primaryimage","url":"https:\/\/franciscanos.org.br\/noticias\/wp-content\/uploads\/2021\/03\/chamada_800x600-3.png","contentUrl":"https:\/\/franciscanos.org.br\/noticias\/wp-content\/uploads\/2021\/03\/chamada_800x600-3.png","width":800,"height":600},{"@type":"WebPage","@id":"https:\/\/franciscanos.org.br\/noticias\/mensagem-do-ministro-provincial-para-a-pascoa-2.html#webpage","url":"https:\/\/franciscanos.org.br\/noticias\/mensagem-do-ministro-provincial-para-a-pascoa-2.html","name":"Mensagem do Ministro Provincial para a P\u00e1scoa - Not\u00edcias - Franciscanos","isPartOf":{"@id":"https:\/\/franciscanos.org.br\/noticias\/#website"},"primaryImageOfPage":{"@id":"https:\/\/franciscanos.org.br\/noticias\/mensagem-do-ministro-provincial-para-a-pascoa-2.html#primaryimage"},"datePublished":"2021-03-30T10:21:51+00:00","dateModified":"2021-03-30T12:06:35+00:00","author":{"@id":"https:\/\/franciscanos.org.br\/noticias\/#\/schema\/person\/b5c8cba458c330ccff548b056e95a5d4"},"breadcrumb":{"@id":"https:\/\/franciscanos.org.br\/noticias\/mensagem-do-ministro-provincial-para-a-pascoa-2.html#breadcrumb"},"inLanguage":"pt-BR","potentialAction":[{"@type":"ReadAction","target":["https:\/\/franciscanos.org.br\/noticias\/mensagem-do-ministro-provincial-para-a-pascoa-2.html"]}]},{"@type":"BreadcrumbList","@id":"https:\/\/franciscanos.org.br\/noticias\/mensagem-do-ministro-provincial-para-a-pascoa-2.html#breadcrumb","itemListElement":[{"@type":"ListItem","position":1,"name":"Home","item":"https:\/\/franciscanos.org.br\/noticias"},{"@type":"ListItem","position":2,"name":"Mensagem do Ministro Provincial para a P\u00e1scoa"}]},{"@type":"Person","@id":"https:\/\/franciscanos.org.br\/noticias\/#\/schema\/person\/b5c8cba458c330ccff548b056e95a5d4","name":"moacir","image":{"@type":"ImageObject","inLanguage":"pt-BR","@id":"https:\/\/franciscanos.org.br\/noticias\/#\/schema\/person\/image\/","url":"https:\/\/secure.gravatar.com\/avatar\/d08aa2ce4c8dd416d4479aa8536fcf64?s=96&d=mm&r=g","contentUrl":"https:\/\/secure.gravatar.com\/avatar\/d08aa2ce4c8dd416d4479aa8536fcf64?s=96&d=mm&r=g","caption":"moacir"},"url":"https:\/\/franciscanos.org.br\/noticias\/author\/moacir"}]}},"_links":{"self":[{"href":"https:\/\/franciscanos.org.br\/noticias\/wp-json\/wp\/v2\/posts\/231320"}],"collection":[{"href":"https:\/\/franciscanos.org.br\/noticias\/wp-json\/wp\/v2\/posts"}],"about":[{"href":"https:\/\/franciscanos.org.br\/noticias\/wp-json\/wp\/v2\/types\/post"}],"author":[{"embeddable":true,"href":"https:\/\/franciscanos.org.br\/noticias\/wp-json\/wp\/v2\/users\/3"}],"replies":[{"embeddable":true,"href":"https:\/\/franciscanos.org.br\/noticias\/wp-json\/wp\/v2\/comments?post=231320"}],"version-history":[{"count":5,"href":"https:\/\/franciscanos.org.br\/noticias\/wp-json\/wp\/v2\/posts\/231320\/revisions"}],"predecessor-version":[{"id":231327,"href":"https:\/\/franciscanos.org.br\/noticias\/wp-json\/wp\/v2\/posts\/231320\/revisions\/231327"}],"wp:featuredmedia":[{"embeddable":true,"href":"https:\/\/franciscanos.org.br\/noticias\/wp-json\/wp\/v2\/media\/231322"}],"wp:attachment":[{"href":"https:\/\/franciscanos.org.br\/noticias\/wp-json\/wp\/v2\/media?parent=231320"}],"wp:term":[{"taxonomy":"category","embeddable":true,"href":"https:\/\/franciscanos.org.br\/noticias\/wp-json\/wp\/v2\/categories?post=231320"},{"taxonomy":"post_tag","embeddable":true,"href":"https:\/\/franciscanos.org.br\/noticias\/wp-json\/wp\/v2\/tags?post=231320"}],"curies":[{"name":"wp","href":"https:\/\/api.w.org\/{rel}","templated":true}]}}