{"id":231314,"date":"2021-03-30T06:41:26","date_gmt":"2021-03-30T09:41:26","guid":{"rendered":"https:\/\/franciscanos.org.br\/noticias\/?p=231314"},"modified":"2022-08-23T20:00:07","modified_gmt":"2022-08-23T23:00:07","slug":"canarinhos-lancam-documentario-sobre-80-anos-de-historia","status":"publish","type":"post","link":"https:\/\/franciscanos.org.br\/noticias\/canarinhos-lancam-documentario-sobre-80-anos-de-historia.html","title":{"rendered":"Canarinhos lan\u00e7am document\u00e1rio sobre 80 anos de hist\u00f3ria"},"content":{"rendered":"<p><img loading=\"lazy\" class=\"alignnone wp-image-231316 size-full\" src=\"https:\/\/franciscanos.org.br\/noticias\/wp-content\/uploads\/2021\/03\/canarinhos_01.jpg\" alt=\"\" width=\"1200\" height=\"700\" srcset=\"https:\/\/franciscanos.org.br\/noticias\/wp-content\/uploads\/2021\/03\/canarinhos_01.jpg 1200w, https:\/\/franciscanos.org.br\/noticias\/wp-content\/uploads\/2021\/03\/canarinhos_01-450x263.jpg 450w, https:\/\/franciscanos.org.br\/noticias\/wp-content\/uploads\/2021\/03\/canarinhos_01-1024x597.jpg 1024w, https:\/\/franciscanos.org.br\/noticias\/wp-content\/uploads\/2021\/03\/canarinhos_01-768x448.jpg 768w, https:\/\/franciscanos.org.br\/noticias\/wp-content\/uploads\/2021\/03\/canarinhos_01-150x88.jpg 150w\" sizes=\"(max-width: 1200px) 100vw, 1200px\" \/><\/p>\n<p><strong>Petr\u00f3polis (RJ) &#8211;<\/strong> Acostumado a contar hist\u00f3rias atrav\u00e9s da m\u00fasica, chegou a vez do Instituto dos Meninos Cantores de Petr\u00f3polis ter a pr\u00f3pria trajet\u00f3ria contada. Gra\u00e7as \u00e0 Lei Aldir Blanc, o coro de meninos mais antigo do Brasil vai levar \u00e0s telas sua hist\u00f3ria de sucesso que atravessa gera\u00e7\u00f5es no curta-metragem \u201cCanarinhos de Petr\u00f3polis &#8211; Tradi\u00e7\u00e3o e Contemporaneidade\u201d.<\/p>\n<p>A produ\u00e7\u00e3o estreia nesta ter\u00e7a-feira (30), \u00e0s 19 horas, nas p\u00e1ginas do IMCP. \u201cCanarinhos de Petr\u00f3polis &#8211; Tradi\u00e7\u00e3o e Contemporaneidade\u201d foi um dos projetos contemplados pelo Edital de Chamada P\u00fablica Simplificada N\u00ba 03\/2020, na Lei Aldir Blanc, realizado pela Prefeitura Municipal de Petr\u00f3polis e pelo Instituto Municipal de Cultura e Esportes, em parceria com a Secretaria Especial de Cultura, o Minist\u00e9rio do Turismo e o Governo Federal.<\/p>\n<p>Como o nome do document\u00e1rio bem aponta, os Canarinhos foram capazes de se adaptar \u00e0 modernidade, sem perder sua ess\u00eancia e a tradi\u00e7\u00e3o que os move. Foram cerca de dois\u00a0meses de produ\u00e7\u00e3o do curta-metragem em que foram reunidas imagens de arquivo, registros de apresenta\u00e7\u00f5es e depoimentos de coralistas, ex-coralistas e fam\u00edlias que acompanharam de perto o que \u00e9 fazer parte do Instituto.<\/p>\n<p>De acordo com o Frei Marcos Ant\u00f4nio de Andrade, um dos aspectos mais interessantes\u00a0sobre o projeto foi a possibilidade de reunir depoimentos de um ex-canarinho por d\u00e9cada: da funda\u00e7\u00e3o do Instituto, nos anos 40, at\u00e9 os dias de hoje. \u201cVamos comemorar 80 anos de Canarinhos em 2022, ent\u00e3o a ideia foi recolher depoimentos que traduzissem esses 80 anos de hist\u00f3ria na m\u00fasica, educa\u00e7\u00e3o e forma\u00e7\u00e3o dos coralistas\u201d, diz o diretor.<\/p>\n<p>Parte do cen\u00e1rio cultural local, nacional e internacional, o Coral dos Canarinhos de Petr\u00f3polis j\u00e1 formou milhares de jovens desde que foi fundado. Com uma discografia de 18 \u00e1lbuns e apresenta\u00e7\u00f5es por diversas cidades do Brasil, Estados Unidos, Alemanha, \u00c1ustria, Rep\u00fablica Tcheca, It\u00e1lia, Venezuela e Argentina, o IMCP \u00e9 motivo de orgulho para Petr\u00f3polis e quem nela habita.<\/p>\n<p>Tendo iniciado suas atividades em 1942, com a cria\u00e7\u00e3o do coro junto \u00e0 Escola Gratuita S\u00e3o Jos\u00e9, os Canarinhos trilharam um caminho de sucesso e conquistas, sem abandonar suas ra\u00edzes que, inclusive, ter\u00e3o lugar no curta-metragem. \u201cPor muitos anos os meninos sa\u00edam da Escola Gratuita S\u00e3o Jos\u00e9 e eram levados de kombi para as aulas de m\u00fasica na Santos Dumont. E esse vai ser um dos trajetos que vamos refazer no curta\u201d, adianta Frei Marcos.<\/p>\n<hr \/>\n<p><em>O curta poder\u00e1 ser acessado nesta ter\u00e7a-feira (30), a partir das 19 horas, no Facebook e\u00a0YouTube tanto dos Canarinhos, quanto da TV Franciscanos.<\/em><\/p>\n<p><iframe loading=\"lazy\" title=\"YouTube video player\" src=\"https:\/\/www.youtube.com\/embed\/yyepXTJMexs\" width=\"100%\" height=\"480\" frameborder=\"0\" allowfullscreen=\"allowfullscreen\"><\/iframe><\/p>\n","protected":false},"excerpt":{"rendered":"<p>Instituto dos Meninos Cantores de Petr\u00f3polis<\/p>\n","protected":false},"author":3,"featured_media":231317,"comment_status":"open","ping_status":"open","sticky":false,"template":"","format":"standard","meta":[],"categories":[1],"tags":[1378,190],"acf":[],"yoast_head":"<!-- This site is optimized with the Yoast SEO plugin v19.2 - https:\/\/yoast.com\/wordpress\/plugins\/seo\/ -->\n<title>Canarinhos lan\u00e7am document\u00e1rio sobre 80 anos de hist\u00f3ria - Not\u00edcias - Franciscanos<\/title>\n<meta name=\"robots\" content=\"index, follow, max-snippet:-1, max-image-preview:large, max-video-preview:-1\" \/>\n<link rel=\"canonical\" href=\"https:\/\/franciscanos.org.br\/noticias\/canarinhos-lancam-documentario-sobre-80-anos-de-historia.html\" \/>\n<meta property=\"og:locale\" content=\"pt_BR\" \/>\n<meta property=\"og:type\" content=\"article\" \/>\n<meta property=\"og:title\" content=\"Canarinhos lan\u00e7am document\u00e1rio sobre 80 anos de hist\u00f3ria - Not\u00edcias - Franciscanos\" \/>\n<meta property=\"og:description\" content=\"Instituto dos Meninos Cantores de Petr\u00f3polis\" \/>\n<meta property=\"og:url\" content=\"https:\/\/franciscanos.org.br\/noticias\/canarinhos-lancam-documentario-sobre-80-anos-de-historia.html\" \/>\n<meta property=\"og:site_name\" content=\"Not\u00edcias - Franciscanos\" \/>\n<meta property=\"article:published_time\" content=\"2021-03-30T09:41:26+00:00\" \/>\n<meta property=\"article:modified_time\" content=\"2022-08-23T23:00:07+00:00\" \/>\n<meta property=\"og:image\" content=\"https:\/\/franciscanos.org.br\/noticias\/wp-content\/uploads\/2021\/03\/canarinhos_02.jpg\" \/>\n\t<meta property=\"og:image:width\" content=\"800\" \/>\n\t<meta property=\"og:image:height\" content=\"560\" \/>\n\t<meta property=\"og:image:type\" content=\"image\/jpeg\" \/>\n<meta name=\"author\" content=\"moacir\" \/>\n<meta name=\"twitter:card\" content=\"summary_large_image\" \/>\n<meta name=\"twitter:label1\" content=\"Escrito por\" \/>\n\t<meta name=\"twitter:data1\" content=\"moacir\" \/>\n\t<meta name=\"twitter:label2\" content=\"Est. tempo de leitura\" \/>\n\t<meta name=\"twitter:data2\" content=\"3 minutos\" \/>\n<script type=\"application\/ld+json\" class=\"yoast-schema-graph\">{\"@context\":\"https:\/\/schema.org\",\"@graph\":[{\"@type\":\"WebSite\",\"@id\":\"https:\/\/franciscanos.org.br\/noticias\/#website\",\"url\":\"https:\/\/franciscanos.org.br\/noticias\/\",\"name\":\"Not\u00edcias - Franciscanos\",\"description\":\"Prov\u00edncia Franciscana da Imaculada Concei\u00e7\u00e3o do Brasil - Ordem dos Frades Menores - OFM\",\"potentialAction\":[{\"@type\":\"SearchAction\",\"target\":{\"@type\":\"EntryPoint\",\"urlTemplate\":\"https:\/\/franciscanos.org.br\/noticias\/?s={search_term_string}\"},\"query-input\":\"required name=search_term_string\"}],\"inLanguage\":\"pt-BR\"},{\"@type\":\"ImageObject\",\"inLanguage\":\"pt-BR\",\"@id\":\"https:\/\/franciscanos.org.br\/noticias\/canarinhos-lancam-documentario-sobre-80-anos-de-historia.html#primaryimage\",\"url\":\"https:\/\/franciscanos.org.br\/noticias\/wp-content\/uploads\/2021\/03\/canarinhos_02.jpg\",\"contentUrl\":\"https:\/\/franciscanos.org.br\/noticias\/wp-content\/uploads\/2021\/03\/canarinhos_02.jpg\",\"width\":800,\"height\":560},{\"@type\":\"WebPage\",\"@id\":\"https:\/\/franciscanos.org.br\/noticias\/canarinhos-lancam-documentario-sobre-80-anos-de-historia.html#webpage\",\"url\":\"https:\/\/franciscanos.org.br\/noticias\/canarinhos-lancam-documentario-sobre-80-anos-de-historia.html\",\"name\":\"Canarinhos lan\u00e7am document\u00e1rio sobre 80 anos de hist\u00f3ria - Not\u00edcias - Franciscanos\",\"isPartOf\":{\"@id\":\"https:\/\/franciscanos.org.br\/noticias\/#website\"},\"primaryImageOfPage\":{\"@id\":\"https:\/\/franciscanos.org.br\/noticias\/canarinhos-lancam-documentario-sobre-80-anos-de-historia.html#primaryimage\"},\"datePublished\":\"2021-03-30T09:41:26+00:00\",\"dateModified\":\"2022-08-23T23:00:07+00:00\",\"author\":{\"@id\":\"https:\/\/franciscanos.org.br\/noticias\/#\/schema\/person\/b5c8cba458c330ccff548b056e95a5d4\"},\"breadcrumb\":{\"@id\":\"https:\/\/franciscanos.org.br\/noticias\/canarinhos-lancam-documentario-sobre-80-anos-de-historia.html#breadcrumb\"},\"inLanguage\":\"pt-BR\",\"potentialAction\":[{\"@type\":\"ReadAction\",\"target\":[\"https:\/\/franciscanos.org.br\/noticias\/canarinhos-lancam-documentario-sobre-80-anos-de-historia.html\"]}]},{\"@type\":\"BreadcrumbList\",\"@id\":\"https:\/\/franciscanos.org.br\/noticias\/canarinhos-lancam-documentario-sobre-80-anos-de-historia.html#breadcrumb\",\"itemListElement\":[{\"@type\":\"ListItem\",\"position\":1,\"name\":\"Home\",\"item\":\"https:\/\/franciscanos.org.br\/noticias\"},{\"@type\":\"ListItem\",\"position\":2,\"name\":\"Canarinhos lan\u00e7am document\u00e1rio sobre 80 anos de hist\u00f3ria\"}]},{\"@type\":\"Person\",\"@id\":\"https:\/\/franciscanos.org.br\/noticias\/#\/schema\/person\/b5c8cba458c330ccff548b056e95a5d4\",\"name\":\"moacir\",\"image\":{\"@type\":\"ImageObject\",\"inLanguage\":\"pt-BR\",\"@id\":\"https:\/\/franciscanos.org.br\/noticias\/#\/schema\/person\/image\/\",\"url\":\"https:\/\/secure.gravatar.com\/avatar\/d08aa2ce4c8dd416d4479aa8536fcf64?s=96&d=mm&r=g\",\"contentUrl\":\"https:\/\/secure.gravatar.com\/avatar\/d08aa2ce4c8dd416d4479aa8536fcf64?s=96&d=mm&r=g\",\"caption\":\"moacir\"},\"url\":\"https:\/\/franciscanos.org.br\/noticias\/author\/moacir\"}]}<\/script>\n<!-- \/ Yoast SEO plugin. -->","yoast_head_json":{"title":"Canarinhos lan\u00e7am document\u00e1rio sobre 80 anos de hist\u00f3ria - Not\u00edcias - Franciscanos","robots":{"index":"index","follow":"follow","max-snippet":"max-snippet:-1","max-image-preview":"max-image-preview:large","max-video-preview":"max-video-preview:-1"},"canonical":"https:\/\/franciscanos.org.br\/noticias\/canarinhos-lancam-documentario-sobre-80-anos-de-historia.html","og_locale":"pt_BR","og_type":"article","og_title":"Canarinhos lan\u00e7am document\u00e1rio sobre 80 anos de hist\u00f3ria - Not\u00edcias - Franciscanos","og_description":"Instituto dos Meninos Cantores de Petr\u00f3polis","og_url":"https:\/\/franciscanos.org.br\/noticias\/canarinhos-lancam-documentario-sobre-80-anos-de-historia.html","og_site_name":"Not\u00edcias - Franciscanos","article_published_time":"2021-03-30T09:41:26+00:00","article_modified_time":"2022-08-23T23:00:07+00:00","og_image":[{"width":800,"height":560,"url":"https:\/\/franciscanos.org.br\/noticias\/wp-content\/uploads\/2021\/03\/canarinhos_02.jpg","type":"image\/jpeg"}],"author":"moacir","twitter_card":"summary_large_image","twitter_misc":{"Escrito por":"moacir","Est. tempo de leitura":"3 minutos"},"schema":{"@context":"https:\/\/schema.org","@graph":[{"@type":"WebSite","@id":"https:\/\/franciscanos.org.br\/noticias\/#website","url":"https:\/\/franciscanos.org.br\/noticias\/","name":"Not\u00edcias - Franciscanos","description":"Prov\u00edncia Franciscana da Imaculada Concei\u00e7\u00e3o do Brasil - Ordem dos Frades Menores - OFM","potentialAction":[{"@type":"SearchAction","target":{"@type":"EntryPoint","urlTemplate":"https:\/\/franciscanos.org.br\/noticias\/?s={search_term_string}"},"query-input":"required name=search_term_string"}],"inLanguage":"pt-BR"},{"@type":"ImageObject","inLanguage":"pt-BR","@id":"https:\/\/franciscanos.org.br\/noticias\/canarinhos-lancam-documentario-sobre-80-anos-de-historia.html#primaryimage","url":"https:\/\/franciscanos.org.br\/noticias\/wp-content\/uploads\/2021\/03\/canarinhos_02.jpg","contentUrl":"https:\/\/franciscanos.org.br\/noticias\/wp-content\/uploads\/2021\/03\/canarinhos_02.jpg","width":800,"height":560},{"@type":"WebPage","@id":"https:\/\/franciscanos.org.br\/noticias\/canarinhos-lancam-documentario-sobre-80-anos-de-historia.html#webpage","url":"https:\/\/franciscanos.org.br\/noticias\/canarinhos-lancam-documentario-sobre-80-anos-de-historia.html","name":"Canarinhos lan\u00e7am document\u00e1rio sobre 80 anos de hist\u00f3ria - Not\u00edcias - Franciscanos","isPartOf":{"@id":"https:\/\/franciscanos.org.br\/noticias\/#website"},"primaryImageOfPage":{"@id":"https:\/\/franciscanos.org.br\/noticias\/canarinhos-lancam-documentario-sobre-80-anos-de-historia.html#primaryimage"},"datePublished":"2021-03-30T09:41:26+00:00","dateModified":"2022-08-23T23:00:07+00:00","author":{"@id":"https:\/\/franciscanos.org.br\/noticias\/#\/schema\/person\/b5c8cba458c330ccff548b056e95a5d4"},"breadcrumb":{"@id":"https:\/\/franciscanos.org.br\/noticias\/canarinhos-lancam-documentario-sobre-80-anos-de-historia.html#breadcrumb"},"inLanguage":"pt-BR","potentialAction":[{"@type":"ReadAction","target":["https:\/\/franciscanos.org.br\/noticias\/canarinhos-lancam-documentario-sobre-80-anos-de-historia.html"]}]},{"@type":"BreadcrumbList","@id":"https:\/\/franciscanos.org.br\/noticias\/canarinhos-lancam-documentario-sobre-80-anos-de-historia.html#breadcrumb","itemListElement":[{"@type":"ListItem","position":1,"name":"Home","item":"https:\/\/franciscanos.org.br\/noticias"},{"@type":"ListItem","position":2,"name":"Canarinhos lan\u00e7am document\u00e1rio sobre 80 anos de hist\u00f3ria"}]},{"@type":"Person","@id":"https:\/\/franciscanos.org.br\/noticias\/#\/schema\/person\/b5c8cba458c330ccff548b056e95a5d4","name":"moacir","image":{"@type":"ImageObject","inLanguage":"pt-BR","@id":"https:\/\/franciscanos.org.br\/noticias\/#\/schema\/person\/image\/","url":"https:\/\/secure.gravatar.com\/avatar\/d08aa2ce4c8dd416d4479aa8536fcf64?s=96&d=mm&r=g","contentUrl":"https:\/\/secure.gravatar.com\/avatar\/d08aa2ce4c8dd416d4479aa8536fcf64?s=96&d=mm&r=g","caption":"moacir"},"url":"https:\/\/franciscanos.org.br\/noticias\/author\/moacir"}]}},"_links":{"self":[{"href":"https:\/\/franciscanos.org.br\/noticias\/wp-json\/wp\/v2\/posts\/231314"}],"collection":[{"href":"https:\/\/franciscanos.org.br\/noticias\/wp-json\/wp\/v2\/posts"}],"about":[{"href":"https:\/\/franciscanos.org.br\/noticias\/wp-json\/wp\/v2\/types\/post"}],"author":[{"embeddable":true,"href":"https:\/\/franciscanos.org.br\/noticias\/wp-json\/wp\/v2\/users\/3"}],"replies":[{"embeddable":true,"href":"https:\/\/franciscanos.org.br\/noticias\/wp-json\/wp\/v2\/comments?post=231314"}],"version-history":[{"count":6,"href":"https:\/\/franciscanos.org.br\/noticias\/wp-json\/wp\/v2\/posts\/231314\/revisions"}],"predecessor-version":[{"id":239038,"href":"https:\/\/franciscanos.org.br\/noticias\/wp-json\/wp\/v2\/posts\/231314\/revisions\/239038"}],"wp:featuredmedia":[{"embeddable":true,"href":"https:\/\/franciscanos.org.br\/noticias\/wp-json\/wp\/v2\/media\/231317"}],"wp:attachment":[{"href":"https:\/\/franciscanos.org.br\/noticias\/wp-json\/wp\/v2\/media?parent=231314"}],"wp:term":[{"taxonomy":"category","embeddable":true,"href":"https:\/\/franciscanos.org.br\/noticias\/wp-json\/wp\/v2\/categories?post=231314"},{"taxonomy":"post_tag","embeddable":true,"href":"https:\/\/franciscanos.org.br\/noticias\/wp-json\/wp\/v2\/tags?post=231314"}],"curies":[{"name":"wp","href":"https:\/\/api.w.org\/{rel}","templated":true}]}}