{"id":231299,"date":"2021-03-29T11:22:35","date_gmt":"2021-03-29T14:22:35","guid":{"rendered":"https:\/\/franciscanos.org.br\/noticias\/?p=231299"},"modified":"2021-03-29T13:11:54","modified_gmt":"2021-03-29T16:11:54","slug":"falece-frei-domingos-hellmann-aos-79-anos","status":"publish","type":"post","link":"https:\/\/franciscanos.org.br\/noticias\/falece-frei-domingos-hellmann-aos-79-anos.html","title":{"rendered":"Falece Frei Domingos Hellmann aos 79 anos"},"content":{"rendered":"<p><img loading=\"lazy\" class=\"alignnone wp-image-231301 size-full\" src=\"https:\/\/franciscanos.org.br\/noticias\/wp-content\/uploads\/2021\/03\/domingos_01.jpg\" alt=\"\" width=\"1200\" height=\"519\" srcset=\"https:\/\/franciscanos.org.br\/noticias\/wp-content\/uploads\/2021\/03\/domingos_01.jpg 1200w, https:\/\/franciscanos.org.br\/noticias\/wp-content\/uploads\/2021\/03\/domingos_01-450x195.jpg 450w, https:\/\/franciscanos.org.br\/noticias\/wp-content\/uploads\/2021\/03\/domingos_01-1024x443.jpg 1024w, https:\/\/franciscanos.org.br\/noticias\/wp-content\/uploads\/2021\/03\/domingos_01-768x332.jpg 768w, https:\/\/franciscanos.org.br\/noticias\/wp-content\/uploads\/2021\/03\/domingos_01-150x65.jpg 150w\" sizes=\"(max-width: 1200px) 100vw, 1200px\" \/><\/p>\n<p>No dia 09 de fevereiro de 2019, depois de tr\u00eas anos na Par\u00f3quia de Mangueirinha, PR, Frei Domingos Boeing Hellmann, a convite do P\u00e1roco, Padre Adalto Jos\u00e9 Bona, iniciou um per\u00edodo de presen\u00e7a na Par\u00f3quia Divino Esp\u00edrito Santo, no Munic\u00edpio de Pinh\u00e3o, Diocese de Guarapuava, PR, a princ\u00edpio previsto para um ano. No entanto, permaneceu quase dois anos naquela comunidade e, no final de 2020, em contato entre o Ministro Provincial, Frei C\u00e9sar K\u00fclkamp, e o Bispo Diocesano, Dom Amilton Manoel da Silva, ficou acordado o retorno de Frei Domingos a uma fraternidade da Prov\u00edncia.<\/p>\n<p>Como j\u00e1 apresentava algumas fragilidades na sa\u00fade e havia a necessidade de um acompanhamento mais pr\u00f3ximo com exames e consultas, foi proposto ao confrade que ele viesse para a Fraternidade Franciscana S\u00e3o Francisco, em Bragan\u00e7a Paulista, onde poderia receber a aten\u00e7\u00e3o necess\u00e1ria. No dia 25 de janeiro, Frei Domingos chegou a S\u00e3o Paulo.<\/p>\n<p>Frei Domingos passou uns dias na sede provincial e, no dia 08 de fevereiro, foi levado a Bragan\u00e7a. Ali iniciou o acompanhamento m\u00e9dico e a rotina de cuidados. Al\u00e9m dos problemas do sistema digestivo, o que mais incomodava Frei Domingos pessoalmente eram os efeitos de uma neuropatia diab\u00e9tica que o fazia sofrer h\u00e1 anos. Era muito inc\u00f4modo o descontrole na sensibilidade dos p\u00e9s, o que lhe dificultava imensamente o andar e a manuten\u00e7\u00e3o do equil\u00edbrio quando estava de p\u00e9.<\/p>\n<p>De acordo com os relatos da fraternidade e da equipe de cuidados, o estado de sa\u00fade do confrade passou a se agravar rapidamente. A dificuldade de ingest\u00e3o j\u00e1 o impedia de \u201csegurar\u201d os alimentos que tomava. Passou a necessitar de uma sonda g\u00e1strica para alimenta\u00e7\u00e3o, fato que aceitou com muita relut\u00e2ncia e resist\u00eancia.\u00a0 Na \u00faltima sexta-feira, dia 26 de mar\u00e7o, internou-se para mais exames e, na endoscopia, foi constatada uma grave \u00falcera estomacal. Conclu\u00eddos os exames, recebeu alta neste domingo, dia 28, pela manh\u00e3. No entanto, \u00e0 noite, precisou voltar \u00e0s pressas para o hospital com um quadro de hemorragia interna.<\/p>\n<p>Na manh\u00e3 desta segunda-feira, dia 29 de mar\u00e7o, Frei Domingos n\u00e3o resistiu e veio a falecer. O sepultamento ser\u00e1 nesta ter\u00e7a-feira, dia 30 de mar\u00e7o, \u00e0s 10h, no Jazigo da Prov\u00edncia, no Cemit\u00e9rio do Sant\u00edssimo Sacramento, em S\u00e3o Paulo, SP.<\/p>\n<p><strong>\u00a0<\/strong><strong>Dados pessoais, forma\u00e7\u00e3o e atividades<\/strong><br \/>\n18\/07\/1941 \u2013 Nascimento em Nova Trento, SC (79 anos)<br \/>\n1954 \u2013 Ingresso no Semin\u00e1rio S\u00e3o Lu\u00eds de Tolosa, Rio Negro, PR<br \/>\n1955 \u2013 Semin\u00e1rio de Luzerna, SC<\/p>\n<p>1956-1957 \u2013 Semin\u00e1rio S\u00e3o Lu\u00eds de Tolosa, Rio Negro, PR<br \/>\n1959-1963 \u2013 Semin\u00e1rio Santo Ant\u00f4nio, Agudos, SP<br \/>\n19\/12\/1963 \u2013 Ingresso no Noviciado Franciscano em Rodeio, SC<br \/>\n20\/12\/1964 \u2013 Primeira Profiss\u00e3o na Ordem dos Frades Menores (56 anos de Vida Religiosa)<br \/>\n1965-1966 \u2013 Estudos de Filosofia, em Curitiba, PR<br \/>\n1967-1970 \u2013 Estudos de Teologia, em Petr\u00f3polis, PR<br \/>\n03\/10\/1968 \u2013 Profiss\u00e3o Solene<br \/>\n21\/12\/1969 \u2013 Ordena\u00e7\u00e3o Presbiteral (51 anos de Sacerd\u00f3cio)<\/p>\n<p><strong>Atividades na Evangeliza\u00e7\u00e3o<\/strong><br \/>\n15\/01\/1971 \u2013 Gaspar, SC<br \/>\n28\/01 1974 \u2013 Nil\u00f3polis, RJ (Par\u00f3quia Nossa Senhora da Concei\u00e7\u00e3o)<br \/>\n15\/12\/1978 \u2013 Santos, SP (vig\u00e1rio da Par\u00f3quia de Samarit\u00e1, SP)<br \/>\n07\/02\/1981 \u2013 Pinh\u00e3o, PR<br \/>\n21\/01\/1989 \u2013 Coronel Freitas, SC<br \/>\n06\/03\/1996 \u2013 Guaratinguet\u00e1 (SEVOA)<br \/>\n27\/05\/1996 \u2013 Campos El\u00edseos, Duque de Caxias, RJ.<br \/>\n28\/11\/1997 \u2013 Curitibanos, SC<br \/>\n10\/12\/1998 \u2013 Petr\u00f3polis, RJ (Convento do Sagrado Cora\u00e7\u00e3o de Jesus)<br \/>\n16\/10\/2002 \u2013 Ituporanga, SC (Semin\u00e1rio S\u00e3o Francisco)<br \/>\n07\/11\/2003 \u2013 Porto Uni\u00e3o, SC<br \/>\n24\/06\/2004 \u2013 Pinh\u00e3o, PR (a servi\u00e7o da Diocese de Guarapuava)<br \/>\n09\/06\/2005 \u2013 Rondinha, Campo Largo, PR (Convento S\u00e3o Boaventura)<br \/>\n19\/12\/2007 \u2013 Chopinzinho, PR.<br \/>\n27\/03\/2009 \u2013 Guaratinguet\u00e1, SP (Fraternidade S\u00e3o Jos\u00e9 \u2013 Postulantado)<br \/>\n10\/11\/2011 \u2013 Venda das Pedras, Itabora\u00ed, RJ<br \/>\n30\/08\/2013 \u2013 Bragan\u00e7a Paulista, SP<br \/>\n04\/06\/2014 \u2013 S\u00e3o Paulo, SP (Convento S\u00e3o Francisco)<br \/>\n06\/05\/2016 \u2013 Mangueirinha, PR<br \/>\n09\/02\/2019 \u2013 Pinh\u00e3o, PR (A servi\u00e7o da Diocese de Guarapuava)<br \/>\n05\/02\/2021 \u2013 Bragan\u00e7a Paulista, SP (tratamento de sa\u00fade)<\/p>\n<p><strong>O frade menor<\/strong><\/p>\n<p><img loading=\"lazy\" class=\"wp-image-231302 size-full alignright\" src=\"https:\/\/franciscanos.org.br\/noticias\/wp-content\/uploads\/2021\/03\/familia.jpg\" alt=\"\" width=\"500\" height=\"323\" srcset=\"https:\/\/franciscanos.org.br\/noticias\/wp-content\/uploads\/2021\/03\/familia.jpg 500w, https:\/\/franciscanos.org.br\/noticias\/wp-content\/uploads\/2021\/03\/familia-450x291.jpg 450w, https:\/\/franciscanos.org.br\/noticias\/wp-content\/uploads\/2021\/03\/familia-150x97.jpg 150w\" sizes=\"(max-width: 500px) 100vw, 500px\" \/>Frei Domingos nasceu em Nova Trento, SC, no dia 18 de julho de 1941. Era filho do casal Eduardo Hellmann e Ema Boing Hellmann, foi o 12\u00ba de 15 filhos, 11 homens e duas mulheres. Dentre as lembran\u00e7as mais marcantes da vida em fam\u00edlia, trazia a severidade dos pais, descendentes de alem\u00e3es. Em 1949, a fam\u00edlia mudou-se para o Estado do Paran\u00e1, estabelecendo-se na Comunidade de Jacutinga, em Francisco Beltr\u00e3o. De personalidade forte, passou por diversas fraternidades de Prov\u00edncia. Tinha grande aptid\u00e3o e habilidade para trabalhos manuais, especialmente na \u00e1rea da marcenaria. Outro of\u00edcio que lhe agradava bastante, era o da pescaria, exercido nos momentos de descanso e lazer enquanto a sa\u00fade lhe permitiu.<\/p>\n<p>Em consulta a seus arquivos guardados na Sede Provincial, percebe-se que, dentre os muitos lugares pelo qual passou como frade e sacerdote, tinha especial apre\u00e7o e afei\u00e7\u00e3o pela comunidade do Pinh\u00e3o, PR, pertencente \u00e0 Diocese de Guarapuava. Ali esteve entre 1981 e 1988, quando a par\u00f3quia estava sob os cuidados da Prov\u00edncia, retornando posteriormente entre 2004 e 2006 e de 2019 a 2020, quando a comunidade j\u00e1 havia passado para a dire\u00e7\u00e3o do clero diocesano. Frei Domingos sentia-se acolhido e feliz em Pinh\u00e3o. Os padres, os funcion\u00e1rios e o povo tamb\u00e9m manifestavam grande carinho por ele. Em dezembro de 2019, por ocasi\u00e3o de seu jubileu de 50 anos de vida presbiteral, a comunidade preparou um v\u00eddeo em homenagem a Frei Domingos, com depoimentos de amigos, paroquianos e a recorda\u00e7\u00e3o de alguns epis\u00f3dios marcantes da vida do confrade naquela localidade.<\/p>\n<p>Em sua ficha autobiogr\u00e1fica, preenchida em 1982, Frei Domingos apresentou tr\u00eas ideias-for\u00e7a que sustentavam a sua espiritualidade: \u201c1\u00ba Deus \u00e9 Pai que me ama; 2\u00ba Deus \u00e9 misericordioso, sempre estende a m\u00e3o; 3\u00ba Este mundo \u00e9 passageiro, tudo \u00e9 passageiro: o que importa \u00e9 a vida eterna\u201d. Frei Domingos agora \u00e9 participante definitivo do repouso na vida eterna. Deus o acolha em seu Reino de Miseric\u00f3rdia e de Amor.<\/p>\n<p><img loading=\"lazy\" class=\"alignnone wp-image-231306 size-full\" src=\"https:\/\/franciscanos.org.br\/noticias\/wp-content\/uploads\/2021\/03\/nota.png\" alt=\"\" width=\"1956\" height=\"2814\" srcset=\"https:\/\/franciscanos.org.br\/noticias\/wp-content\/uploads\/2021\/03\/nota.png 1956w, https:\/\/franciscanos.org.br\/noticias\/wp-content\/uploads\/2021\/03\/nota-313x450.png 313w, https:\/\/franciscanos.org.br\/noticias\/wp-content\/uploads\/2021\/03\/nota-712x1024.png 712w, https:\/\/franciscanos.org.br\/noticias\/wp-content\/uploads\/2021\/03\/nota-768x1105.png 768w, https:\/\/franciscanos.org.br\/noticias\/wp-content\/uploads\/2021\/03\/nota-1068x1536.png 1068w, https:\/\/franciscanos.org.br\/noticias\/wp-content\/uploads\/2021\/03\/nota-1424x2048.png 1424w, https:\/\/franciscanos.org.br\/noticias\/wp-content\/uploads\/2021\/03\/nota-150x216.png 150w\" sizes=\"(max-width: 1956px) 100vw, 1956px\" \/><\/p>\n<p><strong>R.I.P<\/strong><\/p>\n<p><em>Da Secretaria Provincial<\/em><\/p>\n","protected":false},"excerpt":{"rendered":"<p>Prov\u00edncia de luto<\/p>\n","protected":false},"author":3,"featured_media":231300,"comment_status":"open","ping_status":"open","sticky":false,"template":"","format":"standard","meta":[],"categories":[1],"tags":[1160],"acf":[],"yoast_head":"<!-- This site is optimized with the Yoast SEO plugin v19.2 - https:\/\/yoast.com\/wordpress\/plugins\/seo\/ -->\n<title>Falece Frei Domingos Hellmann aos 79 anos - Not\u00edcias - Franciscanos<\/title>\n<meta name=\"robots\" content=\"index, follow, max-snippet:-1, max-image-preview:large, max-video-preview:-1\" \/>\n<link rel=\"canonical\" href=\"https:\/\/franciscanos.org.br\/noticias\/falece-frei-domingos-hellmann-aos-79-anos.html\" \/>\n<meta property=\"og:locale\" content=\"pt_BR\" \/>\n<meta property=\"og:type\" content=\"article\" \/>\n<meta property=\"og:title\" content=\"Falece Frei Domingos Hellmann aos 79 anos - Not\u00edcias - Franciscanos\" \/>\n<meta property=\"og:description\" content=\"Prov\u00edncia de luto\" \/>\n<meta property=\"og:url\" content=\"https:\/\/franciscanos.org.br\/noticias\/falece-frei-domingos-hellmann-aos-79-anos.html\" \/>\n<meta property=\"og:site_name\" content=\"Not\u00edcias - Franciscanos\" \/>\n<meta property=\"article:published_time\" content=\"2021-03-29T14:22:35+00:00\" \/>\n<meta property=\"article:modified_time\" content=\"2021-03-29T16:11:54+00:00\" \/>\n<meta property=\"og:image\" content=\"https:\/\/franciscanos.org.br\/noticias\/wp-content\/uploads\/2021\/03\/domingos_d.jpg\" \/>\n\t<meta property=\"og:image:width\" content=\"582\" \/>\n\t<meta property=\"og:image:height\" content=\"408\" \/>\n\t<meta property=\"og:image:type\" content=\"image\/jpeg\" \/>\n<meta name=\"author\" content=\"moacir\" \/>\n<meta name=\"twitter:card\" content=\"summary_large_image\" \/>\n<meta name=\"twitter:label1\" content=\"Escrito por\" \/>\n\t<meta name=\"twitter:data1\" content=\"moacir\" \/>\n\t<meta name=\"twitter:label2\" content=\"Est. tempo de leitura\" \/>\n\t<meta name=\"twitter:data2\" content=\"5 minutos\" \/>\n<script type=\"application\/ld+json\" class=\"yoast-schema-graph\">{\"@context\":\"https:\/\/schema.org\",\"@graph\":[{\"@type\":\"WebSite\",\"@id\":\"https:\/\/franciscanos.org.br\/noticias\/#website\",\"url\":\"https:\/\/franciscanos.org.br\/noticias\/\",\"name\":\"Not\u00edcias - Franciscanos\",\"description\":\"Prov\u00edncia Franciscana da Imaculada Concei\u00e7\u00e3o do Brasil - Ordem dos Frades Menores - OFM\",\"potentialAction\":[{\"@type\":\"SearchAction\",\"target\":{\"@type\":\"EntryPoint\",\"urlTemplate\":\"https:\/\/franciscanos.org.br\/noticias\/?s={search_term_string}\"},\"query-input\":\"required name=search_term_string\"}],\"inLanguage\":\"pt-BR\"},{\"@type\":\"ImageObject\",\"inLanguage\":\"pt-BR\",\"@id\":\"https:\/\/franciscanos.org.br\/noticias\/falece-frei-domingos-hellmann-aos-79-anos.html#primaryimage\",\"url\":\"https:\/\/franciscanos.org.br\/noticias\/wp-content\/uploads\/2021\/03\/domingos_d.jpg\",\"contentUrl\":\"https:\/\/franciscanos.org.br\/noticias\/wp-content\/uploads\/2021\/03\/domingos_d.jpg\",\"width\":582,\"height\":408},{\"@type\":\"WebPage\",\"@id\":\"https:\/\/franciscanos.org.br\/noticias\/falece-frei-domingos-hellmann-aos-79-anos.html#webpage\",\"url\":\"https:\/\/franciscanos.org.br\/noticias\/falece-frei-domingos-hellmann-aos-79-anos.html\",\"name\":\"Falece Frei Domingos Hellmann aos 79 anos - Not\u00edcias - Franciscanos\",\"isPartOf\":{\"@id\":\"https:\/\/franciscanos.org.br\/noticias\/#website\"},\"primaryImageOfPage\":{\"@id\":\"https:\/\/franciscanos.org.br\/noticias\/falece-frei-domingos-hellmann-aos-79-anos.html#primaryimage\"},\"datePublished\":\"2021-03-29T14:22:35+00:00\",\"dateModified\":\"2021-03-29T16:11:54+00:00\",\"author\":{\"@id\":\"https:\/\/franciscanos.org.br\/noticias\/#\/schema\/person\/b5c8cba458c330ccff548b056e95a5d4\"},\"breadcrumb\":{\"@id\":\"https:\/\/franciscanos.org.br\/noticias\/falece-frei-domingos-hellmann-aos-79-anos.html#breadcrumb\"},\"inLanguage\":\"pt-BR\",\"potentialAction\":[{\"@type\":\"ReadAction\",\"target\":[\"https:\/\/franciscanos.org.br\/noticias\/falece-frei-domingos-hellmann-aos-79-anos.html\"]}]},{\"@type\":\"BreadcrumbList\",\"@id\":\"https:\/\/franciscanos.org.br\/noticias\/falece-frei-domingos-hellmann-aos-79-anos.html#breadcrumb\",\"itemListElement\":[{\"@type\":\"ListItem\",\"position\":1,\"name\":\"Home\",\"item\":\"https:\/\/franciscanos.org.br\/noticias\"},{\"@type\":\"ListItem\",\"position\":2,\"name\":\"Falece Frei Domingos Hellmann aos 79 anos\"}]},{\"@type\":\"Person\",\"@id\":\"https:\/\/franciscanos.org.br\/noticias\/#\/schema\/person\/b5c8cba458c330ccff548b056e95a5d4\",\"name\":\"moacir\",\"image\":{\"@type\":\"ImageObject\",\"inLanguage\":\"pt-BR\",\"@id\":\"https:\/\/franciscanos.org.br\/noticias\/#\/schema\/person\/image\/\",\"url\":\"https:\/\/secure.gravatar.com\/avatar\/d08aa2ce4c8dd416d4479aa8536fcf64?s=96&d=mm&r=g\",\"contentUrl\":\"https:\/\/secure.gravatar.com\/avatar\/d08aa2ce4c8dd416d4479aa8536fcf64?s=96&d=mm&r=g\",\"caption\":\"moacir\"},\"url\":\"https:\/\/franciscanos.org.br\/noticias\/author\/moacir\"}]}<\/script>\n<!-- \/ Yoast SEO plugin. -->","yoast_head_json":{"title":"Falece Frei Domingos Hellmann aos 79 anos - Not\u00edcias - Franciscanos","robots":{"index":"index","follow":"follow","max-snippet":"max-snippet:-1","max-image-preview":"max-image-preview:large","max-video-preview":"max-video-preview:-1"},"canonical":"https:\/\/franciscanos.org.br\/noticias\/falece-frei-domingos-hellmann-aos-79-anos.html","og_locale":"pt_BR","og_type":"article","og_title":"Falece Frei Domingos Hellmann aos 79 anos - Not\u00edcias - Franciscanos","og_description":"Prov\u00edncia de luto","og_url":"https:\/\/franciscanos.org.br\/noticias\/falece-frei-domingos-hellmann-aos-79-anos.html","og_site_name":"Not\u00edcias - Franciscanos","article_published_time":"2021-03-29T14:22:35+00:00","article_modified_time":"2021-03-29T16:11:54+00:00","og_image":[{"width":582,"height":408,"url":"https:\/\/franciscanos.org.br\/noticias\/wp-content\/uploads\/2021\/03\/domingos_d.jpg","type":"image\/jpeg"}],"author":"moacir","twitter_card":"summary_large_image","twitter_misc":{"Escrito por":"moacir","Est. tempo de leitura":"5 minutos"},"schema":{"@context":"https:\/\/schema.org","@graph":[{"@type":"WebSite","@id":"https:\/\/franciscanos.org.br\/noticias\/#website","url":"https:\/\/franciscanos.org.br\/noticias\/","name":"Not\u00edcias - Franciscanos","description":"Prov\u00edncia Franciscana da Imaculada Concei\u00e7\u00e3o do Brasil - Ordem dos Frades Menores - OFM","potentialAction":[{"@type":"SearchAction","target":{"@type":"EntryPoint","urlTemplate":"https:\/\/franciscanos.org.br\/noticias\/?s={search_term_string}"},"query-input":"required name=search_term_string"}],"inLanguage":"pt-BR"},{"@type":"ImageObject","inLanguage":"pt-BR","@id":"https:\/\/franciscanos.org.br\/noticias\/falece-frei-domingos-hellmann-aos-79-anos.html#primaryimage","url":"https:\/\/franciscanos.org.br\/noticias\/wp-content\/uploads\/2021\/03\/domingos_d.jpg","contentUrl":"https:\/\/franciscanos.org.br\/noticias\/wp-content\/uploads\/2021\/03\/domingos_d.jpg","width":582,"height":408},{"@type":"WebPage","@id":"https:\/\/franciscanos.org.br\/noticias\/falece-frei-domingos-hellmann-aos-79-anos.html#webpage","url":"https:\/\/franciscanos.org.br\/noticias\/falece-frei-domingos-hellmann-aos-79-anos.html","name":"Falece Frei Domingos Hellmann aos 79 anos - Not\u00edcias - Franciscanos","isPartOf":{"@id":"https:\/\/franciscanos.org.br\/noticias\/#website"},"primaryImageOfPage":{"@id":"https:\/\/franciscanos.org.br\/noticias\/falece-frei-domingos-hellmann-aos-79-anos.html#primaryimage"},"datePublished":"2021-03-29T14:22:35+00:00","dateModified":"2021-03-29T16:11:54+00:00","author":{"@id":"https:\/\/franciscanos.org.br\/noticias\/#\/schema\/person\/b5c8cba458c330ccff548b056e95a5d4"},"breadcrumb":{"@id":"https:\/\/franciscanos.org.br\/noticias\/falece-frei-domingos-hellmann-aos-79-anos.html#breadcrumb"},"inLanguage":"pt-BR","potentialAction":[{"@type":"ReadAction","target":["https:\/\/franciscanos.org.br\/noticias\/falece-frei-domingos-hellmann-aos-79-anos.html"]}]},{"@type":"BreadcrumbList","@id":"https:\/\/franciscanos.org.br\/noticias\/falece-frei-domingos-hellmann-aos-79-anos.html#breadcrumb","itemListElement":[{"@type":"ListItem","position":1,"name":"Home","item":"https:\/\/franciscanos.org.br\/noticias"},{"@type":"ListItem","position":2,"name":"Falece Frei Domingos Hellmann aos 79 anos"}]},{"@type":"Person","@id":"https:\/\/franciscanos.org.br\/noticias\/#\/schema\/person\/b5c8cba458c330ccff548b056e95a5d4","name":"moacir","image":{"@type":"ImageObject","inLanguage":"pt-BR","@id":"https:\/\/franciscanos.org.br\/noticias\/#\/schema\/person\/image\/","url":"https:\/\/secure.gravatar.com\/avatar\/d08aa2ce4c8dd416d4479aa8536fcf64?s=96&d=mm&r=g","contentUrl":"https:\/\/secure.gravatar.com\/avatar\/d08aa2ce4c8dd416d4479aa8536fcf64?s=96&d=mm&r=g","caption":"moacir"},"url":"https:\/\/franciscanos.org.br\/noticias\/author\/moacir"}]}},"_links":{"self":[{"href":"https:\/\/franciscanos.org.br\/noticias\/wp-json\/wp\/v2\/posts\/231299"}],"collection":[{"href":"https:\/\/franciscanos.org.br\/noticias\/wp-json\/wp\/v2\/posts"}],"about":[{"href":"https:\/\/franciscanos.org.br\/noticias\/wp-json\/wp\/v2\/types\/post"}],"author":[{"embeddable":true,"href":"https:\/\/franciscanos.org.br\/noticias\/wp-json\/wp\/v2\/users\/3"}],"replies":[{"embeddable":true,"href":"https:\/\/franciscanos.org.br\/noticias\/wp-json\/wp\/v2\/comments?post=231299"}],"version-history":[{"count":3,"href":"https:\/\/franciscanos.org.br\/noticias\/wp-json\/wp\/v2\/posts\/231299\/revisions"}],"predecessor-version":[{"id":231307,"href":"https:\/\/franciscanos.org.br\/noticias\/wp-json\/wp\/v2\/posts\/231299\/revisions\/231307"}],"wp:featuredmedia":[{"embeddable":true,"href":"https:\/\/franciscanos.org.br\/noticias\/wp-json\/wp\/v2\/media\/231300"}],"wp:attachment":[{"href":"https:\/\/franciscanos.org.br\/noticias\/wp-json\/wp\/v2\/media?parent=231299"}],"wp:term":[{"taxonomy":"category","embeddable":true,"href":"https:\/\/franciscanos.org.br\/noticias\/wp-json\/wp\/v2\/categories?post=231299"},{"taxonomy":"post_tag","embeddable":true,"href":"https:\/\/franciscanos.org.br\/noticias\/wp-json\/wp\/v2\/tags?post=231299"}],"curies":[{"name":"wp","href":"https:\/\/api.w.org\/{rel}","templated":true}]}}