{"id":231290,"date":"2021-03-28T06:44:20","date_gmt":"2021-03-28T09:44:20","guid":{"rendered":"https:\/\/franciscanos.org.br\/noticias\/?p=231290"},"modified":"2021-03-28T07:39:37","modified_gmt":"2021-03-28T10:39:37","slug":"papa-jesus-sobe-a-cruz-para-descer-ao-nosso-sofrimento","status":"publish","type":"post","link":"https:\/\/franciscanos.org.br\/noticias\/papa-jesus-sobe-a-cruz-para-descer-ao-nosso-sofrimento.html","title":{"rendered":"Papa: Jesus sobe \u00e0 cruz para descer ao nosso sofrimento"},"content":{"rendered":"<div id=\"attachment_231291\" style=\"width: 1290px\" class=\"wp-caption alignnone\"><img aria-describedby=\"caption-attachment-231291\" loading=\"lazy\" class=\"wp-image-231291 size-full\" src=\"https:\/\/franciscanos.org.br\/noticias\/wp-content\/uploads\/2021\/03\/domramos_280321.jpg\" alt=\"\" width=\"1280\" height=\"720\" srcset=\"https:\/\/franciscanos.org.br\/noticias\/wp-content\/uploads\/2021\/03\/domramos_280321.jpg 1280w, https:\/\/franciscanos.org.br\/noticias\/wp-content\/uploads\/2021\/03\/domramos_280321-450x253.jpg 450w, https:\/\/franciscanos.org.br\/noticias\/wp-content\/uploads\/2021\/03\/domramos_280321-1024x576.jpg 1024w, https:\/\/franciscanos.org.br\/noticias\/wp-content\/uploads\/2021\/03\/domramos_280321-768x432.jpg 768w, https:\/\/franciscanos.org.br\/noticias\/wp-content\/uploads\/2021\/03\/domramos_280321-150x84.jpg 150w\" sizes=\"(max-width: 1280px) 100vw, 1280px\" \/><p id=\"caption-attachment-231291\" class=\"wp-caption-text\"><em>\u00a0 \u00a0 \u00a0 \u00a0 \u00a0 \u00a0 \u00a0 \u00a0 \u00a0 \u00a0 \u00a0 \u00a0 \u00a0 \u00a0 \u00a0 \u00a0 \u00a0 \u00a0 \u00a0 \u00a0 \u00a0 \u00a0 \u00a0 \u00a0 \u00a0 \u00a0 \u00a0 \u00a0 \u00a0 \u00a0 \u00a0 \u00a0 \u00a0 \u00a0 \u00a0 \u00a0 \u00a0 \u00a0 \u00a0 \u00a0 \u00a0 \u00a0 \u00a0 \u00a0 \u00a0 \u00a0 \u00a0 \u00a0 \u00a0 \u00a0 \u00a0 \u00a0 \u00a0 \u00a0 \u00a0 \u00a0 \u00a0 \u00a0 \u00a0 \u00a0 \u00a0 \u00a0 \u00a0Imagens: Vatican Media<\/em><\/p><\/div>\n<p>O Papa Francisco presidiu na manh\u00e3 deste domingo (28\/03), na Bas\u00edlica de S\u00e3o Pedro, a missa do Domingo de Ramos, in\u00edcio da Semana Santa, em que celebraremos os mist\u00e9rios da Paix\u00e3o, morte e Ressurrei\u00e7\u00e3o de Cristo.<\/p>\n<p>Com uma presen\u00e7a limitada de fi\u00e9is no respeito \u00e0s medidas sanit\u00e1rias previstas devido \u00e0s exig\u00eancias que a crise pand\u00eamica da Covid-19 imp\u00f5e, a celebra\u00e7\u00e3o teve in\u00edcio com a tradicional b\u00ean\u00e7\u00e3o dos ramos, que recorda a entrada triunfante de Jesus em Jerusal\u00e9m.<\/p>\n<p>O rito foi feito aos p\u00e9s do Altar da Confiss\u00e3o da Bas\u00edlica Vaticana: os fi\u00e9is tinham em m\u00e3os os ramos de oliveira. Depois de aben\u00e7oar os ramos e ser lido um breve texto do Evangelho que narra a entrada de Jesus em Jerusal\u00e9m, o Papa dirigiu-se ao altar da C\u00e1tedra, prosseguindo a missa.<\/p>\n<p><strong>Olhar para a cruz<\/strong><br \/>\n\u201cNesta Semana Santa, ergamos o olhar para a cruz a fim de recebermos a gra\u00e7a do assombro\u201d, disse o Pont\u00edfice em sua homilia, destacando, entre outros, a necessidade de se passar da admira\u00e7\u00e3o \u00e0 surpresa.<\/p>\n<p>Todos os anos, disse, esta liturgia cria em n\u00f3s uma atitude de espanto, de surpresa: \u201cpassamos da alegria de acolher Jesus, que entra em Jerusal\u00e9m, \u00e0 tristeza de O ver condenado \u00e0 morte e crucificado. \u00c9 uma atitude interior que nos acompanhar\u00e1 ao longo da Semana Santa. Abramo-nos, pois, a esta surpresa\u201d, exortou.<\/p>\n<p>\u201cJesus come\u00e7a logo por nos surpreender. O seu povo acolhe-O solenemente, mas Ele entra em Jerusal\u00e9m num jumentinho\u201d, continuou Francisco. Pela P\u00e1scoa, o seu povo espera o poderoso libertador, mas Jesus vem cumprir a P\u00e1scoa com o seu sacrif\u00edcio. O seu povo espera celebrar a vit\u00f3ria sobre os romanos com a espada, mas Jesus vem celebrar a vit\u00f3ria de Deus com a cruz, observou.<\/p>\n<p>\u201cQue se passou com aquele povo que, em poucos dias, passou dos \u2018hossanas\u2019 a Jesus ao grito \u2018crucifica-O\u2019? Aquelas pessoas seguiam mais uma imagem de Messias do que o Messias. Admiravam Jesus, mas n\u00e3o estavam prontas para se deixar surpreender por Ele.\u201d<\/p>\n<p><img loading=\"lazy\" class=\"alignnone wp-image-231295 size-full\" src=\"https:\/\/franciscanos.org.br\/noticias\/wp-content\/uploads\/2021\/03\/domin_ramos_02.jpg\" alt=\"\" width=\"1280\" height=\"720\" srcset=\"https:\/\/franciscanos.org.br\/noticias\/wp-content\/uploads\/2021\/03\/domin_ramos_02.jpg 1280w, https:\/\/franciscanos.org.br\/noticias\/wp-content\/uploads\/2021\/03\/domin_ramos_02-450x253.jpg 450w, https:\/\/franciscanos.org.br\/noticias\/wp-content\/uploads\/2021\/03\/domin_ramos_02-1024x576.jpg 1024w, https:\/\/franciscanos.org.br\/noticias\/wp-content\/uploads\/2021\/03\/domin_ramos_02-768x432.jpg 768w, https:\/\/franciscanos.org.br\/noticias\/wp-content\/uploads\/2021\/03\/domin_ramos_02-150x84.jpg 150w\" sizes=\"(max-width: 1280px) 100vw, 1280px\" \/><\/p>\n<p><strong>Diferen\u00e7a entre surpresa e admira\u00e7\u00e3o<\/strong><br \/>\nA surpresa \u00e9 diferente da admira\u00e7\u00e3o, destacou. A admira\u00e7\u00e3o pode ser mundana, porque busca os pr\u00f3prios gostos e anseios; a surpresa, ao contr\u00e1rio, permanece aberta ao outro, \u00e0 sua novidade, frisou o Papa, acrescentando:<\/p>\n<p>\u201cTamb\u00e9m hoje h\u00e1 muitos que admiram Jesus: falou bem, amou e perdoou, o seu exemplo mudou a hist\u00f3ria&#8230; Admiram-No, mas a vida deles n\u00e3o muda. Porque n\u00e3o basta admirar Jesus; \u00e9 preciso segui-Lo no seu caminho, deixar-se interpelar por Ele: passar da admira\u00e7\u00e3o \u00e0 surpresa.\u201d<\/p>\n<p>E qual \u00e9 o aspeto do Senhor e da sua P\u00e1scoa que mais nos surpreende? \u2013 perguntou Francisco, respondendo: \u201co fato de Ele chegar \u00e0 gl\u00f3ria pelo caminho da humilha\u00e7\u00e3o. Triunfa acolhendo a dor e a morte, que n\u00f3s, s\u00facubos \u00e0 admira\u00e7\u00e3o e ao sucesso, evitar\u00edamos\u201d.<\/p>\n<p>Isto surpreende, observou o Papa, \u201cver o Omnipotente reduzido a nada; v\u00ea-Lo, a Ele Palavra que sabe tudo, ensinar-nos em sil\u00eancio na c\u00e1tedra da cruz; ver o Rei dos reis que, por trono, tem um pat\u00edbulo; ver o Deus do universo despojado de tudo; v\u00ea-Lo coroado de espinhos em vez de gl\u00f3ria; v\u00ea-Lo, a Ele bondade em pessoa, ser insultado e vexado\u201d.<\/p>\n<p><strong>N\u00e3o estamos sozinhos: Deus est\u00e1 conosco em cada ferida<\/strong><br \/>\nO Pont\u00edfice disse que Jesus sofreu toda esta humilha\u00e7\u00e3o para tocar at\u00e9 ao fundo a nossa realidade humana, para atravessar toda a nossa exist\u00eancia, todo o nosso mal; para Se aproximar de n\u00f3s e n\u00e3o nos deixar sozinhos no sofrimento e na morte; para nos recuperar, para nos salvar.<\/p>\n<p>\u201cJesus sobe \u00e0 cruz para descer ao nosso sofrimento. Prova os nossos piores estados de \u00e2nimo: o falimento, a rejei\u00e7\u00e3o geral, a trai\u00e7\u00e3o do amigo e at\u00e9 o abandono de Deus. Experimenta na sua carne as nossas contradi\u00e7\u00f5es mais dilacerantes e, assim, as redime e transforma. O seu amor aproxima-se das nossas fragilidades, chega at\u00e9 onde mais nos envergonhamos.\u201d<\/p>\n<p>Agora sabemos que n\u00e3o estamos sozinhos, frisou o Santo Padre. \u201cDeus est\u00e1 conosco em cada ferida, em cada susto: nenhum mal, nenhum pecado tem a \u00faltima palavra. Deus vence, mas a palma da vit\u00f3ria passa pelo madeiro da cruz. Por isso, os ramos e a cruz est\u00e3o juntos\u201d, explicou.<\/p>\n<p><strong>Se a f\u00e9 perde o assombro, torna-se surda<\/strong><br \/>\nPe\u00e7amos a gra\u00e7a do assombro. A vida crist\u00e3, sem surpresa, torna-se cinzenta, disse o Pont\u00edfice. \u201cComo se pode testemunhar a alegria de ter encontrado Jesus, se n\u00e3o nos deixamos surpreender cada dia pelo seu amor espantoso, que nos perdoa e faz recome\u00e7ar?\u201d<\/p>\n<p>Se a f\u00e9 perde o assombro, torna-se surda: j\u00e1 n\u00e3o sente a maravilha da gra\u00e7a, deixa de sentir o gosto do P\u00e3o da vida e da Palavra, fica sem perceber a beleza dos irm\u00e3os e o dom da cria\u00e7\u00e3o. Nesta Semana Santa, ergamos o olhar para a cruz a fim de recebermos a gra\u00e7a do assombro, exortou o Papa.<\/p>\n<p>Francisco observou que o Esp\u00edrito Santo \u00e9 Aquele que nos d\u00e1 a gra\u00e7a do assombro, convidando-nos a recome\u00e7ar do espanto, a olhar para o Crucificado.<\/p>\n<p><strong>Jesus est\u00e1 nos \u00faltimos, nos rejeitados<\/strong><br \/>\n\u201cNo Crucificado, vemos Deus humilhado, o Onipotente reduzido a um descartado. E, com a gra\u00e7a do assombro, compreendemos que, acolhendo quem \u00e9 descartado, aproximando-nos de quem \u00e9 humilhado pela vida, amamos Jesus, porque Ele est\u00e1 nos \u00faltimos, nos rejeitados.\u201d<\/p>\n<p>O Evangelho de hoje, imediatamente depois da morte de Jesus, mostra-nos o \u00edcone mais belo da surpresa. \u00c9 a cena do centuri\u00e3o, que, \u201cao v\u00ea-Lo expirar daquela maneira, disse: \u2018Verdadeiramente este homem era Filho de Deus!\u2019\u201d, frisou o Santo Padre, concluindo com uma exorta\u00e7\u00e3o:<\/p>\n<p>\u201cHoje, Deus ainda surpreende a nossa mente e o nosso cora\u00e7\u00e3o. Deixemos que nos impregne este assombro, olhemos para o Crucificado e digamos tamb\u00e9m n\u00f3s: \u2018V\u00f3s sois verdadeiramente Filho de Deus. V\u00f3s sois o meu Deus\u2019.\u201d<\/p>\n<hr \/>\n<h1>ANGELUS<\/h1>\n<p>Ao t\u00e9rmino da Eucaristia presidida pelo Papa na Bas\u00edlica de S\u00e3o Pedro, antes da b\u00ean\u00e7\u00e3o final da Missa deste Domingo de Ramos, em que celebramos a entrada triunfal de Jesus em Jerusal\u00e9m, Francisco conduziu o Angelus.<\/p>\n<p>Na alocu\u00e7\u00e3o que precedeu a ora\u00e7\u00e3o mariana, Francisco ressaltou que entramos na Semana Santa, recordando que pela segunda vez a vivemos no contexto da pandemia. \u201cNo ano passado est\u00e1vamos mais chocados, este ano estamos mais provados. E a crise econ\u00f4mica se tornou grave\u201d, frisou.<\/p>\n<p><strong>Deus toma a cruz, Jesus toma a cruz<\/strong><br \/>\n\u201cNesta situa\u00e7\u00e3o hist\u00f3rica e social, o que Deus faz? Toma a cruz. Jesus toma sua cruz, ou seja, assume o peso do mal que tal realidade implica, o mal f\u00edsico, psicol\u00f3gico e sobretudo espiritual, porque o Maligno se aproveita das crises para semear desconfian\u00e7a, desespero e disc\u00f3rdia\u201d, continuou o Pont\u00edfice.<\/p>\n<p>\u201cE n\u00f3s? O que devemos fazer? A Virgem Maria, a M\u00e3e de Jesus que \u00e9 tamb\u00e9m sua primeira disc\u00edpula, nos mostra. Ela seguiu seu Filho. Tomou sobre si sua pr\u00f3pria parcela de sofrimento, de escurid\u00e3o, de abatimento, e percorreu o caminho da paix\u00e3o, mantendo a l\u00e2mpada da f\u00e9 acesa em seu cora\u00e7\u00e3o. Com a gra\u00e7a de Deus, tamb\u00e9m n\u00f3s podemos fazer este caminho\u201d, exortou o Papa, acrescentando:<\/p>\n<p>\u201cAo longo da via-sacra di\u00e1ria, encontramos os rostos de tantos irm\u00e3os e irm\u00e3s em dificuldade: n\u00e3o passemos adiante, deixemos que o cora\u00e7\u00e3o seja movido \u00e0 compaix\u00e3o e nos aproximemos. No momento, como o Cirineu, poderemos pensar: &#8220;Por que logo eu?&#8221; Mas depois descobriremos o presente que, sem nosso m\u00e9rito, nos foi dado. Que Nossa Senhora, que sempre nos precede no caminho da f\u00e9, nos ajude.\u201d<\/p>\n<hr \/>\n<p><em>Fonte: Vatican News (texto de Raimundo de Lima )<\/em><\/p>\n","protected":false},"excerpt":{"rendered":"<p>Missa do Domingo de Ramos e da Paix\u00e3o do Senhor<\/p>\n","protected":false},"author":3,"featured_media":231292,"comment_status":"open","ping_status":"open","sticky":false,"template":"","format":"standard","meta":[],"categories":[1428],"tags":[1432],"acf":[],"yoast_head":"<!-- This site is optimized with the Yoast SEO plugin v19.2 - https:\/\/yoast.com\/wordpress\/plugins\/seo\/ -->\n<title>Papa: Jesus sobe \u00e0 cruz para descer ao nosso sofrimento - Not\u00edcias - Franciscanos<\/title>\n<meta name=\"robots\" content=\"index, follow, max-snippet:-1, max-image-preview:large, max-video-preview:-1\" \/>\n<link rel=\"canonical\" href=\"https:\/\/franciscanos.org.br\/noticias\/papa-jesus-sobe-a-cruz-para-descer-ao-nosso-sofrimento.html\" \/>\n<meta property=\"og:locale\" content=\"pt_BR\" \/>\n<meta property=\"og:type\" content=\"article\" \/>\n<meta property=\"og:title\" content=\"Papa: Jesus sobe \u00e0 cruz para descer ao nosso sofrimento - Not\u00edcias - Franciscanos\" \/>\n<meta property=\"og:description\" content=\"Missa do Domingo de Ramos e da Paix\u00e3o do Senhor\" \/>\n<meta property=\"og:url\" content=\"https:\/\/franciscanos.org.br\/noticias\/papa-jesus-sobe-a-cruz-para-descer-ao-nosso-sofrimento.html\" \/>\n<meta property=\"og:site_name\" content=\"Not\u00edcias - Franciscanos\" \/>\n<meta property=\"article:published_time\" content=\"2021-03-28T09:44:20+00:00\" \/>\n<meta property=\"article:modified_time\" content=\"2021-03-28T10:39:37+00:00\" \/>\n<meta property=\"og:image\" content=\"https:\/\/franciscanos.org.br\/noticias\/wp-content\/uploads\/2021\/03\/domramos_280321d.jpg\" \/>\n\t<meta property=\"og:image:width\" content=\"800\" \/>\n\t<meta property=\"og:image:height\" content=\"560\" \/>\n\t<meta property=\"og:image:type\" content=\"image\/jpeg\" \/>\n<meta name=\"author\" content=\"moacir\" \/>\n<meta name=\"twitter:card\" content=\"summary_large_image\" \/>\n<meta name=\"twitter:label1\" content=\"Escrito por\" \/>\n\t<meta name=\"twitter:data1\" content=\"moacir\" \/>\n\t<meta name=\"twitter:label2\" content=\"Est. tempo de leitura\" \/>\n\t<meta name=\"twitter:data2\" content=\"7 minutos\" \/>\n<script type=\"application\/ld+json\" class=\"yoast-schema-graph\">{\"@context\":\"https:\/\/schema.org\",\"@graph\":[{\"@type\":\"WebSite\",\"@id\":\"https:\/\/franciscanos.org.br\/noticias\/#website\",\"url\":\"https:\/\/franciscanos.org.br\/noticias\/\",\"name\":\"Not\u00edcias - Franciscanos\",\"description\":\"Prov\u00edncia Franciscana da Imaculada Concei\u00e7\u00e3o do Brasil - Ordem dos Frades Menores - OFM\",\"potentialAction\":[{\"@type\":\"SearchAction\",\"target\":{\"@type\":\"EntryPoint\",\"urlTemplate\":\"https:\/\/franciscanos.org.br\/noticias\/?s={search_term_string}\"},\"query-input\":\"required name=search_term_string\"}],\"inLanguage\":\"pt-BR\"},{\"@type\":\"ImageObject\",\"inLanguage\":\"pt-BR\",\"@id\":\"https:\/\/franciscanos.org.br\/noticias\/papa-jesus-sobe-a-cruz-para-descer-ao-nosso-sofrimento.html#primaryimage\",\"url\":\"https:\/\/franciscanos.org.br\/noticias\/wp-content\/uploads\/2021\/03\/domramos_280321d.jpg\",\"contentUrl\":\"https:\/\/franciscanos.org.br\/noticias\/wp-content\/uploads\/2021\/03\/domramos_280321d.jpg\",\"width\":800,\"height\":560},{\"@type\":\"WebPage\",\"@id\":\"https:\/\/franciscanos.org.br\/noticias\/papa-jesus-sobe-a-cruz-para-descer-ao-nosso-sofrimento.html#webpage\",\"url\":\"https:\/\/franciscanos.org.br\/noticias\/papa-jesus-sobe-a-cruz-para-descer-ao-nosso-sofrimento.html\",\"name\":\"Papa: Jesus sobe \u00e0 cruz para descer ao nosso sofrimento - Not\u00edcias - Franciscanos\",\"isPartOf\":{\"@id\":\"https:\/\/franciscanos.org.br\/noticias\/#website\"},\"primaryImageOfPage\":{\"@id\":\"https:\/\/franciscanos.org.br\/noticias\/papa-jesus-sobe-a-cruz-para-descer-ao-nosso-sofrimento.html#primaryimage\"},\"datePublished\":\"2021-03-28T09:44:20+00:00\",\"dateModified\":\"2021-03-28T10:39:37+00:00\",\"author\":{\"@id\":\"https:\/\/franciscanos.org.br\/noticias\/#\/schema\/person\/b5c8cba458c330ccff548b056e95a5d4\"},\"breadcrumb\":{\"@id\":\"https:\/\/franciscanos.org.br\/noticias\/papa-jesus-sobe-a-cruz-para-descer-ao-nosso-sofrimento.html#breadcrumb\"},\"inLanguage\":\"pt-BR\",\"potentialAction\":[{\"@type\":\"ReadAction\",\"target\":[\"https:\/\/franciscanos.org.br\/noticias\/papa-jesus-sobe-a-cruz-para-descer-ao-nosso-sofrimento.html\"]}]},{\"@type\":\"BreadcrumbList\",\"@id\":\"https:\/\/franciscanos.org.br\/noticias\/papa-jesus-sobe-a-cruz-para-descer-ao-nosso-sofrimento.html#breadcrumb\",\"itemListElement\":[{\"@type\":\"ListItem\",\"position\":1,\"name\":\"Home\",\"item\":\"https:\/\/franciscanos.org.br\/noticias\"},{\"@type\":\"ListItem\",\"position\":2,\"name\":\"Papa: Jesus sobe \u00e0 cruz para descer ao nosso sofrimento\"}]},{\"@type\":\"Person\",\"@id\":\"https:\/\/franciscanos.org.br\/noticias\/#\/schema\/person\/b5c8cba458c330ccff548b056e95a5d4\",\"name\":\"moacir\",\"image\":{\"@type\":\"ImageObject\",\"inLanguage\":\"pt-BR\",\"@id\":\"https:\/\/franciscanos.org.br\/noticias\/#\/schema\/person\/image\/\",\"url\":\"https:\/\/secure.gravatar.com\/avatar\/d08aa2ce4c8dd416d4479aa8536fcf64?s=96&d=mm&r=g\",\"contentUrl\":\"https:\/\/secure.gravatar.com\/avatar\/d08aa2ce4c8dd416d4479aa8536fcf64?s=96&d=mm&r=g\",\"caption\":\"moacir\"},\"url\":\"https:\/\/franciscanos.org.br\/noticias\/author\/moacir\"}]}<\/script>\n<!-- \/ Yoast SEO plugin. -->","yoast_head_json":{"title":"Papa: Jesus sobe \u00e0 cruz para descer ao nosso sofrimento - Not\u00edcias - Franciscanos","robots":{"index":"index","follow":"follow","max-snippet":"max-snippet:-1","max-image-preview":"max-image-preview:large","max-video-preview":"max-video-preview:-1"},"canonical":"https:\/\/franciscanos.org.br\/noticias\/papa-jesus-sobe-a-cruz-para-descer-ao-nosso-sofrimento.html","og_locale":"pt_BR","og_type":"article","og_title":"Papa: Jesus sobe \u00e0 cruz para descer ao nosso sofrimento - Not\u00edcias - Franciscanos","og_description":"Missa do Domingo de Ramos e da Paix\u00e3o do Senhor","og_url":"https:\/\/franciscanos.org.br\/noticias\/papa-jesus-sobe-a-cruz-para-descer-ao-nosso-sofrimento.html","og_site_name":"Not\u00edcias - Franciscanos","article_published_time":"2021-03-28T09:44:20+00:00","article_modified_time":"2021-03-28T10:39:37+00:00","og_image":[{"width":800,"height":560,"url":"https:\/\/franciscanos.org.br\/noticias\/wp-content\/uploads\/2021\/03\/domramos_280321d.jpg","type":"image\/jpeg"}],"author":"moacir","twitter_card":"summary_large_image","twitter_misc":{"Escrito por":"moacir","Est. tempo de leitura":"7 minutos"},"schema":{"@context":"https:\/\/schema.org","@graph":[{"@type":"WebSite","@id":"https:\/\/franciscanos.org.br\/noticias\/#website","url":"https:\/\/franciscanos.org.br\/noticias\/","name":"Not\u00edcias - Franciscanos","description":"Prov\u00edncia Franciscana da Imaculada Concei\u00e7\u00e3o do Brasil - Ordem dos Frades Menores - OFM","potentialAction":[{"@type":"SearchAction","target":{"@type":"EntryPoint","urlTemplate":"https:\/\/franciscanos.org.br\/noticias\/?s={search_term_string}"},"query-input":"required name=search_term_string"}],"inLanguage":"pt-BR"},{"@type":"ImageObject","inLanguage":"pt-BR","@id":"https:\/\/franciscanos.org.br\/noticias\/papa-jesus-sobe-a-cruz-para-descer-ao-nosso-sofrimento.html#primaryimage","url":"https:\/\/franciscanos.org.br\/noticias\/wp-content\/uploads\/2021\/03\/domramos_280321d.jpg","contentUrl":"https:\/\/franciscanos.org.br\/noticias\/wp-content\/uploads\/2021\/03\/domramos_280321d.jpg","width":800,"height":560},{"@type":"WebPage","@id":"https:\/\/franciscanos.org.br\/noticias\/papa-jesus-sobe-a-cruz-para-descer-ao-nosso-sofrimento.html#webpage","url":"https:\/\/franciscanos.org.br\/noticias\/papa-jesus-sobe-a-cruz-para-descer-ao-nosso-sofrimento.html","name":"Papa: Jesus sobe \u00e0 cruz para descer ao nosso sofrimento - Not\u00edcias - Franciscanos","isPartOf":{"@id":"https:\/\/franciscanos.org.br\/noticias\/#website"},"primaryImageOfPage":{"@id":"https:\/\/franciscanos.org.br\/noticias\/papa-jesus-sobe-a-cruz-para-descer-ao-nosso-sofrimento.html#primaryimage"},"datePublished":"2021-03-28T09:44:20+00:00","dateModified":"2021-03-28T10:39:37+00:00","author":{"@id":"https:\/\/franciscanos.org.br\/noticias\/#\/schema\/person\/b5c8cba458c330ccff548b056e95a5d4"},"breadcrumb":{"@id":"https:\/\/franciscanos.org.br\/noticias\/papa-jesus-sobe-a-cruz-para-descer-ao-nosso-sofrimento.html#breadcrumb"},"inLanguage":"pt-BR","potentialAction":[{"@type":"ReadAction","target":["https:\/\/franciscanos.org.br\/noticias\/papa-jesus-sobe-a-cruz-para-descer-ao-nosso-sofrimento.html"]}]},{"@type":"BreadcrumbList","@id":"https:\/\/franciscanos.org.br\/noticias\/papa-jesus-sobe-a-cruz-para-descer-ao-nosso-sofrimento.html#breadcrumb","itemListElement":[{"@type":"ListItem","position":1,"name":"Home","item":"https:\/\/franciscanos.org.br\/noticias"},{"@type":"ListItem","position":2,"name":"Papa: Jesus sobe \u00e0 cruz para descer ao nosso sofrimento"}]},{"@type":"Person","@id":"https:\/\/franciscanos.org.br\/noticias\/#\/schema\/person\/b5c8cba458c330ccff548b056e95a5d4","name":"moacir","image":{"@type":"ImageObject","inLanguage":"pt-BR","@id":"https:\/\/franciscanos.org.br\/noticias\/#\/schema\/person\/image\/","url":"https:\/\/secure.gravatar.com\/avatar\/d08aa2ce4c8dd416d4479aa8536fcf64?s=96&d=mm&r=g","contentUrl":"https:\/\/secure.gravatar.com\/avatar\/d08aa2ce4c8dd416d4479aa8536fcf64?s=96&d=mm&r=g","caption":"moacir"},"url":"https:\/\/franciscanos.org.br\/noticias\/author\/moacir"}]}},"_links":{"self":[{"href":"https:\/\/franciscanos.org.br\/noticias\/wp-json\/wp\/v2\/posts\/231290"}],"collection":[{"href":"https:\/\/franciscanos.org.br\/noticias\/wp-json\/wp\/v2\/posts"}],"about":[{"href":"https:\/\/franciscanos.org.br\/noticias\/wp-json\/wp\/v2\/types\/post"}],"author":[{"embeddable":true,"href":"https:\/\/franciscanos.org.br\/noticias\/wp-json\/wp\/v2\/users\/3"}],"replies":[{"embeddable":true,"href":"https:\/\/franciscanos.org.br\/noticias\/wp-json\/wp\/v2\/comments?post=231290"}],"version-history":[{"count":4,"href":"https:\/\/franciscanos.org.br\/noticias\/wp-json\/wp\/v2\/posts\/231290\/revisions"}],"predecessor-version":[{"id":231297,"href":"https:\/\/franciscanos.org.br\/noticias\/wp-json\/wp\/v2\/posts\/231290\/revisions\/231297"}],"wp:featuredmedia":[{"embeddable":true,"href":"https:\/\/franciscanos.org.br\/noticias\/wp-json\/wp\/v2\/media\/231292"}],"wp:attachment":[{"href":"https:\/\/franciscanos.org.br\/noticias\/wp-json\/wp\/v2\/media?parent=231290"}],"wp:term":[{"taxonomy":"category","embeddable":true,"href":"https:\/\/franciscanos.org.br\/noticias\/wp-json\/wp\/v2\/categories?post=231290"},{"taxonomy":"post_tag","embeddable":true,"href":"https:\/\/franciscanos.org.br\/noticias\/wp-json\/wp\/v2\/tags?post=231290"}],"curies":[{"name":"wp","href":"https:\/\/api.w.org\/{rel}","templated":true}]}}