{"id":231262,"date":"2021-03-26T05:55:31","date_gmt":"2021-03-26T08:55:31","guid":{"rendered":"https:\/\/franciscanos.org.br\/noticias\/?p=231262"},"modified":"2021-04-01T19:27:08","modified_gmt":"2021-04-01T22:27:08","slug":"tvfranciscanos-apresenta-a-serie-palavras-de-jesus-na-cruz","status":"publish","type":"post","link":"https:\/\/franciscanos.org.br\/noticias\/tvfranciscanos-apresenta-a-serie-palavras-de-jesus-na-cruz.html","title":{"rendered":"TvFranciscanos apresenta a s\u00e9rie: \u201cPalavras de Jesus na cruz\u201d"},"content":{"rendered":"<p><strong><img loading=\"lazy\" class=\"alignnone wp-image-231263 size-full\" src=\"https:\/\/franciscanos.org.br\/noticias\/wp-content\/uploads\/2021\/03\/serie_1200X700.jpg\" alt=\"\" width=\"1200\" height=\"700\" srcset=\"https:\/\/franciscanos.org.br\/noticias\/wp-content\/uploads\/2021\/03\/serie_1200X700.jpg 1200w, https:\/\/franciscanos.org.br\/noticias\/wp-content\/uploads\/2021\/03\/serie_1200X700-450x263.jpg 450w, https:\/\/franciscanos.org.br\/noticias\/wp-content\/uploads\/2021\/03\/serie_1200X700-1024x597.jpg 1024w, https:\/\/franciscanos.org.br\/noticias\/wp-content\/uploads\/2021\/03\/serie_1200X700-768x448.jpg 768w, https:\/\/franciscanos.org.br\/noticias\/wp-content\/uploads\/2021\/03\/serie_1200X700-150x88.jpg 150w\" sizes=\"(max-width: 1200px) 100vw, 1200px\" \/><\/strong><\/p>\n<p><strong>Petr\u00f3polis (RJ) \u2013<\/strong> Com a proximidade da Semana Santa, tempo forte da espiritualidade e f\u00e9 crist\u00e3, os frades do Convento Franciscano do Sagrado Cora\u00e7\u00e3o de Jesus de Petr\u00f3polis (RJ), e a TvFranciscanos da Prov\u00edncia da Imaculada Concei\u00e7\u00e3o do Brasil, lan\u00e7am nesta sexta-feira (26\/03) a s\u00e9rie: \u201cSete Palavras de Jesus na cruz\u201d. Tratam-se de express\u00f5es recolhidas das narrativas evang\u00e9licas da Paix\u00e3o do Senhor e que a tradi\u00e7\u00e3o da Igreja guarda com especial devo\u00e7\u00e3o. Nestas express\u00f5es revela-se a identidade de Jesus: quem Ele \u00e9 e sua miss\u00e3o.<\/p>\n<p>Este especial de oito epis\u00f3dios apresenta medita\u00e7\u00f5es relativas a cada uma das sete \u00faltimas palavras proferidas por Jesus Cristo, quando suspenso no madeiro da cruz. S\u00e3o palavras densas, carregadas de vida, palavras exc\u00eantricas, onde Jesus sai de si e se dirige aos outros.<\/p>\n<p>\u201cEm tantos momentos de nossa vida\u00a0 j\u00e1 nos colocamos diante da Cruz do Inocente.\u00a0 Particularmente nos dias da Semana Santa o rosto desfigurado, o corpo retorcido, as chagas abertas, suas derradeiras palavras penetram no templo de nosso interior com inaudita veem\u00eancia. O Amado que pede amor. Os bra\u00e7os abertos esperam o abra\u00e7o. Francisco de Assis insiste: O Amor n\u00e3o \u00e9 amado\u201d, reflete Frei Almir Ribeiro Guimar\u00e3es, um dos autores dos textos da s\u00e9rie.<\/p>\n<p>A tem\u00e1tica da cruz perpassou toda a vida de S\u00e3o Francisco de Assis. S\u00e3o Boaventura, no pr\u00f3logo da Legenda Maior, v\u00ea Francisco como um s\u00edmbolo da cruz. \u201cNa realidade, ele tinha recebido do c\u00e9u a miss\u00e3o de convocar todos os homens \u00e0 convers\u00e3o e \u00e0 penit\u00eancia, imprimindo, com o sinal da cruz e com o h\u00e1bito do penitente em forma de cruz, o sinal do Tau sobre a fronte dos que gemem, choram e assim retornam ao Deus vivo\u201d (LM Pr\u00f3logo 2).<\/p>\n<p>Por mais paradoxal que possa parecer, Deus \u00e9 pobre. Foi isso que impressionou Francisco de\u00a0 Assis. Pres\u00e9pio e cruz fascinaram sua vida e cavaram os caminhos do seu existir. A vida inteira ele dir\u00e1 que o amor precisa ser amado. Deus \u00e9 pobre porque em toda a sua vida,\u00a0 especialmente no alto da cruz tudo d\u00e1. Muitos de n\u00f3s, frades, rezamos todos os dias a prece de Francisco:\u00a0 \u201cN\u00f3s vos adoramos,\u00a0 sant\u00edssimo\u00a0 Senhor Jesus\u00a0 Cristo, aqui e\u00a0 em todas as igrejas do mundo inteiro e vos bendizemos porque pela\u00a0 vossa cruz remistes o mundo\u201d.<\/p>\n<p>Al\u00e9m disso, existem muitos testemunhos comoventes a respeito da ternura com que S\u00e3o Francisco meditava a Paix\u00e3o do Senhor. A cruz \u00e9 ainda para o Santo de Assis, fonte da verdadeira, profunda e perfeita alegria.<\/p>\n<p>O cora\u00e7\u00e3o do Senhor bate as batidas do cora\u00e7\u00e3o do Pai. Que nosso cora\u00e7\u00e3o\u00a0 se deixe tocar pelas \u00faltimas palavras do\u00a0 Filho Amado\u00a0 do Pai\u00a0 no alto da cruz! Nos acompanhe!<\/p>\n<hr \/>\n<p><em>Frei Augusto Luiz Gabriel<\/em><\/p>\n<p><strong>VEJA O EPIS\u00d3DIO DE APRESENTA\u00c7\u00c3O<\/strong><\/p>\n<p><iframe loading=\"lazy\" title=\"YouTube video player\" src=\"https:\/\/www.youtube.com\/embed\/ro3drVMLSck\" width=\"100%\" height=\"480\" frameborder=\"0\" allowfullscreen=\"allowfullscreen\"><\/iframe><\/p>\n<p><iframe loading=\"lazy\" title=\"YouTube video player\" src=\"https:\/\/www.youtube.com\/embed\/IL38-u-2OKg\" width=\"100%\" height=\"480\" frameborder=\"0\" allowfullscreen=\"allowfullscreen\"><\/iframe><\/p>\n<p><iframe loading=\"lazy\" title=\"YouTube video player\" src=\"https:\/\/www.youtube.com\/embed\/rjZCnXG7dmk\" width=\"100%\" height=\"480\" frameborder=\"0\" allowfullscreen=\"allowfullscreen\"><\/iframe><\/p>\n<p><iframe loading=\"lazy\" title=\"YouTube video player\" src=\"https:\/\/www.youtube.com\/embed\/faYRnYgEKgg\" width=\"100%\" height=\"480\" frameborder=\"0\" allowfullscreen=\"allowfullscreen\"><span data-mce-type=\"bookmark\" style=\"display: inline-block; width: 0px; overflow: hidden; line-height: 0;\" class=\"mce_SELRES_start\">\ufeff<\/span><\/iframe><\/p>\n<p><iframe loading=\"lazy\" title=\"YouTube video player\" src=\"https:\/\/www.youtube.com\/embed\/eSp7wB5Hqpo\" width=\"100%\" height=\"480\" frameborder=\"0\" allowfullscreen=\"allowfullscreen\"><\/iframe><\/p>\n<p><iframe loading=\"lazy\" width=\"100%\" height=\"480\" src=\"https:\/\/www.youtube.com\/embed\/PySDLO1qO1U\" title=\"YouTube video player\" frameborder=\"0\" allow=\"accelerometer; autoplay; clipboard-write; encrypted-media; gyroscope; picture-in-picture\" allowfullscreen><\/iframe><\/p>\n<p><iframe loading=\"lazy\" width=\"100%\" height=\"480\" src=\"https:\/\/www.youtube.com\/embed\/zhTCczBG3iQ\" title=\"YouTube video player\" frameborder=\"0\" allow=\"accelerometer; autoplay; clipboard-write; encrypted-media; gyroscope; picture-in-picture\" allowfullscreen><\/iframe><\/p>\n<p><iframe loading=\"lazy\" width=\"100%\" height=\"480\" src=\"https:\/\/www.youtube.com\/embed\/uvJ8rzmsf5c\" title=\"YouTube video player\" frameborder=\"0\" allow=\"accelerometer; autoplay; clipboard-write; encrypted-media; gyroscope; picture-in-picture\" allowfullscreen><\/iframe><\/p>\n","protected":false},"excerpt":{"rendered":"<p>Semana Santa<\/p>\n","protected":false},"author":5,"featured_media":231264,"comment_status":"open","ping_status":"open","sticky":false,"template":"","format":"standard","meta":[],"categories":[1],"tags":[1766,190,1832,257],"acf":[],"yoast_head":"<!-- This site is optimized with the Yoast SEO plugin v19.2 - https:\/\/yoast.com\/wordpress\/plugins\/seo\/ -->\n<title>TvFranciscanos apresenta a s\u00e9rie: \u201cPalavras de Jesus na cruz\u201d - Not\u00edcias - Franciscanos<\/title>\n<meta name=\"robots\" content=\"index, follow, max-snippet:-1, max-image-preview:large, max-video-preview:-1\" \/>\n<link rel=\"canonical\" href=\"https:\/\/franciscanos.org.br\/noticias\/tvfranciscanos-apresenta-a-serie-palavras-de-jesus-na-cruz.html\" \/>\n<meta property=\"og:locale\" content=\"pt_BR\" \/>\n<meta property=\"og:type\" content=\"article\" \/>\n<meta property=\"og:title\" content=\"TvFranciscanos apresenta a s\u00e9rie: \u201cPalavras de Jesus na cruz\u201d - Not\u00edcias - Franciscanos\" \/>\n<meta property=\"og:description\" content=\"Semana Santa\" \/>\n<meta property=\"og:url\" content=\"https:\/\/franciscanos.org.br\/noticias\/tvfranciscanos-apresenta-a-serie-palavras-de-jesus-na-cruz.html\" \/>\n<meta property=\"og:site_name\" content=\"Not\u00edcias - Franciscanos\" \/>\n<meta property=\"article:published_time\" content=\"2021-03-26T08:55:31+00:00\" \/>\n<meta property=\"article:modified_time\" content=\"2021-04-01T22:27:08+00:00\" \/>\n<meta property=\"og:image\" content=\"https:\/\/franciscanos.org.br\/noticias\/wp-content\/uploads\/2021\/03\/serie_800X600.jpg\" \/>\n\t<meta property=\"og:image:width\" content=\"800\" \/>\n\t<meta property=\"og:image:height\" content=\"600\" \/>\n\t<meta property=\"og:image:type\" content=\"image\/jpeg\" \/>\n<meta name=\"author\" content=\"freiaugusto\" \/>\n<meta name=\"twitter:card\" content=\"summary_large_image\" \/>\n<meta name=\"twitter:label1\" content=\"Escrito por\" \/>\n\t<meta name=\"twitter:data1\" content=\"freiaugusto\" \/>\n\t<meta name=\"twitter:label2\" content=\"Est. tempo de leitura\" \/>\n\t<meta name=\"twitter:data2\" content=\"2 minutos\" \/>\n<script type=\"application\/ld+json\" class=\"yoast-schema-graph\">{\"@context\":\"https:\/\/schema.org\",\"@graph\":[{\"@type\":\"WebSite\",\"@id\":\"https:\/\/franciscanos.org.br\/noticias\/#website\",\"url\":\"https:\/\/franciscanos.org.br\/noticias\/\",\"name\":\"Not\u00edcias - Franciscanos\",\"description\":\"Prov\u00edncia Franciscana da Imaculada Concei\u00e7\u00e3o do Brasil - Ordem dos Frades Menores - OFM\",\"potentialAction\":[{\"@type\":\"SearchAction\",\"target\":{\"@type\":\"EntryPoint\",\"urlTemplate\":\"https:\/\/franciscanos.org.br\/noticias\/?s={search_term_string}\"},\"query-input\":\"required name=search_term_string\"}],\"inLanguage\":\"pt-BR\"},{\"@type\":\"ImageObject\",\"inLanguage\":\"pt-BR\",\"@id\":\"https:\/\/franciscanos.org.br\/noticias\/tvfranciscanos-apresenta-a-serie-palavras-de-jesus-na-cruz.html#primaryimage\",\"url\":\"https:\/\/franciscanos.org.br\/noticias\/wp-content\/uploads\/2021\/03\/serie_800X600.jpg\",\"contentUrl\":\"https:\/\/franciscanos.org.br\/noticias\/wp-content\/uploads\/2021\/03\/serie_800X600.jpg\",\"width\":800,\"height\":600},{\"@type\":\"WebPage\",\"@id\":\"https:\/\/franciscanos.org.br\/noticias\/tvfranciscanos-apresenta-a-serie-palavras-de-jesus-na-cruz.html#webpage\",\"url\":\"https:\/\/franciscanos.org.br\/noticias\/tvfranciscanos-apresenta-a-serie-palavras-de-jesus-na-cruz.html\",\"name\":\"TvFranciscanos apresenta a s\u00e9rie: \u201cPalavras de Jesus na cruz\u201d - Not\u00edcias - Franciscanos\",\"isPartOf\":{\"@id\":\"https:\/\/franciscanos.org.br\/noticias\/#website\"},\"primaryImageOfPage\":{\"@id\":\"https:\/\/franciscanos.org.br\/noticias\/tvfranciscanos-apresenta-a-serie-palavras-de-jesus-na-cruz.html#primaryimage\"},\"datePublished\":\"2021-03-26T08:55:31+00:00\",\"dateModified\":\"2021-04-01T22:27:08+00:00\",\"author\":{\"@id\":\"https:\/\/franciscanos.org.br\/noticias\/#\/schema\/person\/37f88f0d111cd5358b12a6556a99eb91\"},\"breadcrumb\":{\"@id\":\"https:\/\/franciscanos.org.br\/noticias\/tvfranciscanos-apresenta-a-serie-palavras-de-jesus-na-cruz.html#breadcrumb\"},\"inLanguage\":\"pt-BR\",\"potentialAction\":[{\"@type\":\"ReadAction\",\"target\":[\"https:\/\/franciscanos.org.br\/noticias\/tvfranciscanos-apresenta-a-serie-palavras-de-jesus-na-cruz.html\"]}]},{\"@type\":\"BreadcrumbList\",\"@id\":\"https:\/\/franciscanos.org.br\/noticias\/tvfranciscanos-apresenta-a-serie-palavras-de-jesus-na-cruz.html#breadcrumb\",\"itemListElement\":[{\"@type\":\"ListItem\",\"position\":1,\"name\":\"Home\",\"item\":\"https:\/\/franciscanos.org.br\/noticias\"},{\"@type\":\"ListItem\",\"position\":2,\"name\":\"TvFranciscanos apresenta a s\u00e9rie: \u201cPalavras de Jesus na cruz\u201d\"}]},{\"@type\":\"Person\",\"@id\":\"https:\/\/franciscanos.org.br\/noticias\/#\/schema\/person\/37f88f0d111cd5358b12a6556a99eb91\",\"name\":\"freiaugusto\",\"image\":{\"@type\":\"ImageObject\",\"inLanguage\":\"pt-BR\",\"@id\":\"https:\/\/franciscanos.org.br\/noticias\/#\/schema\/person\/image\/\",\"url\":\"https:\/\/secure.gravatar.com\/avatar\/9840b940e621801b24f3e6b059efb4b7?s=96&d=mm&r=g\",\"contentUrl\":\"https:\/\/secure.gravatar.com\/avatar\/9840b940e621801b24f3e6b059efb4b7?s=96&d=mm&r=g\",\"caption\":\"freiaugusto\"},\"url\":\"https:\/\/franciscanos.org.br\/noticias\/author\/freiaugusto\"}]}<\/script>\n<!-- \/ Yoast SEO plugin. -->","yoast_head_json":{"title":"TvFranciscanos apresenta a s\u00e9rie: \u201cPalavras de Jesus na cruz\u201d - Not\u00edcias - Franciscanos","robots":{"index":"index","follow":"follow","max-snippet":"max-snippet:-1","max-image-preview":"max-image-preview:large","max-video-preview":"max-video-preview:-1"},"canonical":"https:\/\/franciscanos.org.br\/noticias\/tvfranciscanos-apresenta-a-serie-palavras-de-jesus-na-cruz.html","og_locale":"pt_BR","og_type":"article","og_title":"TvFranciscanos apresenta a s\u00e9rie: \u201cPalavras de Jesus na cruz\u201d - Not\u00edcias - Franciscanos","og_description":"Semana Santa","og_url":"https:\/\/franciscanos.org.br\/noticias\/tvfranciscanos-apresenta-a-serie-palavras-de-jesus-na-cruz.html","og_site_name":"Not\u00edcias - Franciscanos","article_published_time":"2021-03-26T08:55:31+00:00","article_modified_time":"2021-04-01T22:27:08+00:00","og_image":[{"width":800,"height":600,"url":"https:\/\/franciscanos.org.br\/noticias\/wp-content\/uploads\/2021\/03\/serie_800X600.jpg","type":"image\/jpeg"}],"author":"freiaugusto","twitter_card":"summary_large_image","twitter_misc":{"Escrito por":"freiaugusto","Est. tempo de leitura":"2 minutos"},"schema":{"@context":"https:\/\/schema.org","@graph":[{"@type":"WebSite","@id":"https:\/\/franciscanos.org.br\/noticias\/#website","url":"https:\/\/franciscanos.org.br\/noticias\/","name":"Not\u00edcias - Franciscanos","description":"Prov\u00edncia Franciscana da Imaculada Concei\u00e7\u00e3o do Brasil - Ordem dos Frades Menores - OFM","potentialAction":[{"@type":"SearchAction","target":{"@type":"EntryPoint","urlTemplate":"https:\/\/franciscanos.org.br\/noticias\/?s={search_term_string}"},"query-input":"required name=search_term_string"}],"inLanguage":"pt-BR"},{"@type":"ImageObject","inLanguage":"pt-BR","@id":"https:\/\/franciscanos.org.br\/noticias\/tvfranciscanos-apresenta-a-serie-palavras-de-jesus-na-cruz.html#primaryimage","url":"https:\/\/franciscanos.org.br\/noticias\/wp-content\/uploads\/2021\/03\/serie_800X600.jpg","contentUrl":"https:\/\/franciscanos.org.br\/noticias\/wp-content\/uploads\/2021\/03\/serie_800X600.jpg","width":800,"height":600},{"@type":"WebPage","@id":"https:\/\/franciscanos.org.br\/noticias\/tvfranciscanos-apresenta-a-serie-palavras-de-jesus-na-cruz.html#webpage","url":"https:\/\/franciscanos.org.br\/noticias\/tvfranciscanos-apresenta-a-serie-palavras-de-jesus-na-cruz.html","name":"TvFranciscanos apresenta a s\u00e9rie: \u201cPalavras de Jesus na cruz\u201d - Not\u00edcias - Franciscanos","isPartOf":{"@id":"https:\/\/franciscanos.org.br\/noticias\/#website"},"primaryImageOfPage":{"@id":"https:\/\/franciscanos.org.br\/noticias\/tvfranciscanos-apresenta-a-serie-palavras-de-jesus-na-cruz.html#primaryimage"},"datePublished":"2021-03-26T08:55:31+00:00","dateModified":"2021-04-01T22:27:08+00:00","author":{"@id":"https:\/\/franciscanos.org.br\/noticias\/#\/schema\/person\/37f88f0d111cd5358b12a6556a99eb91"},"breadcrumb":{"@id":"https:\/\/franciscanos.org.br\/noticias\/tvfranciscanos-apresenta-a-serie-palavras-de-jesus-na-cruz.html#breadcrumb"},"inLanguage":"pt-BR","potentialAction":[{"@type":"ReadAction","target":["https:\/\/franciscanos.org.br\/noticias\/tvfranciscanos-apresenta-a-serie-palavras-de-jesus-na-cruz.html"]}]},{"@type":"BreadcrumbList","@id":"https:\/\/franciscanos.org.br\/noticias\/tvfranciscanos-apresenta-a-serie-palavras-de-jesus-na-cruz.html#breadcrumb","itemListElement":[{"@type":"ListItem","position":1,"name":"Home","item":"https:\/\/franciscanos.org.br\/noticias"},{"@type":"ListItem","position":2,"name":"TvFranciscanos apresenta a s\u00e9rie: \u201cPalavras de Jesus na cruz\u201d"}]},{"@type":"Person","@id":"https:\/\/franciscanos.org.br\/noticias\/#\/schema\/person\/37f88f0d111cd5358b12a6556a99eb91","name":"freiaugusto","image":{"@type":"ImageObject","inLanguage":"pt-BR","@id":"https:\/\/franciscanos.org.br\/noticias\/#\/schema\/person\/image\/","url":"https:\/\/secure.gravatar.com\/avatar\/9840b940e621801b24f3e6b059efb4b7?s=96&d=mm&r=g","contentUrl":"https:\/\/secure.gravatar.com\/avatar\/9840b940e621801b24f3e6b059efb4b7?s=96&d=mm&r=g","caption":"freiaugusto"},"url":"https:\/\/franciscanos.org.br\/noticias\/author\/freiaugusto"}]}},"_links":{"self":[{"href":"https:\/\/franciscanos.org.br\/noticias\/wp-json\/wp\/v2\/posts\/231262"}],"collection":[{"href":"https:\/\/franciscanos.org.br\/noticias\/wp-json\/wp\/v2\/posts"}],"about":[{"href":"https:\/\/franciscanos.org.br\/noticias\/wp-json\/wp\/v2\/types\/post"}],"author":[{"embeddable":true,"href":"https:\/\/franciscanos.org.br\/noticias\/wp-json\/wp\/v2\/users\/5"}],"replies":[{"embeddable":true,"href":"https:\/\/franciscanos.org.br\/noticias\/wp-json\/wp\/v2\/comments?post=231262"}],"version-history":[{"count":10,"href":"https:\/\/franciscanos.org.br\/noticias\/wp-json\/wp\/v2\/posts\/231262\/revisions"}],"predecessor-version":[{"id":231351,"href":"https:\/\/franciscanos.org.br\/noticias\/wp-json\/wp\/v2\/posts\/231262\/revisions\/231351"}],"wp:featuredmedia":[{"embeddable":true,"href":"https:\/\/franciscanos.org.br\/noticias\/wp-json\/wp\/v2\/media\/231264"}],"wp:attachment":[{"href":"https:\/\/franciscanos.org.br\/noticias\/wp-json\/wp\/v2\/media?parent=231262"}],"wp:term":[{"taxonomy":"category","embeddable":true,"href":"https:\/\/franciscanos.org.br\/noticias\/wp-json\/wp\/v2\/categories?post=231262"},{"taxonomy":"post_tag","embeddable":true,"href":"https:\/\/franciscanos.org.br\/noticias\/wp-json\/wp\/v2\/tags?post=231262"}],"curies":[{"name":"wp","href":"https:\/\/api.w.org\/{rel}","templated":true}]}}