{"id":231253,"date":"2021-03-25T08:22:47","date_gmt":"2021-03-25T11:22:47","guid":{"rendered":"https:\/\/franciscanos.org.br\/noticias\/?p=231253"},"modified":"2021-04-01T05:54:41","modified_gmt":"2021-04-01T08:54:41","slug":"coleta-em-prol-dos-lugares-santos-e-feita-na-sexta-feira-santa","status":"publish","type":"post","link":"https:\/\/franciscanos.org.br\/noticias\/coleta-em-prol-dos-lugares-santos-e-feita-na-sexta-feira-santa.html","title":{"rendered":"Coleta em prol dos lugares Santos ser\u00e1 feita na Sexta-feira Santa"},"content":{"rendered":"<p><img loading=\"lazy\" class=\"alignnone wp-image-231254 size-full\" src=\"https:\/\/franciscanos.org.br\/noticias\/wp-content\/uploads\/2021\/03\/terrasanta_25.jpg\" alt=\"\" width=\"1280\" height=\"720\" srcset=\"https:\/\/franciscanos.org.br\/noticias\/wp-content\/uploads\/2021\/03\/terrasanta_25.jpg 1280w, https:\/\/franciscanos.org.br\/noticias\/wp-content\/uploads\/2021\/03\/terrasanta_25-450x253.jpg 450w, https:\/\/franciscanos.org.br\/noticias\/wp-content\/uploads\/2021\/03\/terrasanta_25-1024x576.jpg 1024w, https:\/\/franciscanos.org.br\/noticias\/wp-content\/uploads\/2021\/03\/terrasanta_25-768x432.jpg 768w, https:\/\/franciscanos.org.br\/noticias\/wp-content\/uploads\/2021\/03\/terrasanta_25-150x84.jpg 150w\" sizes=\"(max-width: 1280px) 100vw, 1280px\" \/><\/p>\n<p>A \u201cColeta para a Terra Santa\u201d, tamb\u00e9m conhecida como<em> \u201cCollecta pro Locis Sanctis\u201d,<\/em> \u00e9 o resultado da vontade dos papas de manter forte o v\u00ednculo entre todos os crist\u00e3os do mundo e os locais sagrados.<\/p>\n<p>A Coleta, que \u00e9 tradicionalmente feita na Sexta-Feira Santa, \u00e9 a principal fonte de rendimento para o sustento da vida que se desenvolve em torno dos locais sagrados.<\/p>\n<p>Os donativos recebidos pelas par\u00f3quias e dioceses s\u00e3o enviados pelos Comiss\u00e1rios da Terra Santa para a Cust\u00f3dia da Terra Santa. Estes donativos s\u00e3o utilizados na manuten\u00e7\u00e3o dos Locais Sagrados e sustento dos crist\u00e3os da Terra Santa, as pedras vivas da Terra Santa.<\/p>\n<p><iframe loading=\"lazy\" title=\"A Coleta que une a Terra Santa aos crist\u00e3os de todo o mundo\" width=\"500\" height=\"281\" src=\"https:\/\/www.youtube.com\/embed\/b8MmuKUjVlE?start=1&#038;feature=oembed\" frameborder=\"0\" allow=\"accelerometer; autoplay; clipboard-write; encrypted-media; gyroscope; picture-in-picture\" allowfullscreen><\/iframe><\/p>\n<p>Atrav\u00e9s da Coleta, a Cust\u00f3dia \u00e9 capaz de manter e levar a cabo a importante miss\u00e3o a que se prop\u00f5e: preservar e tomar conta dos Locais Sagrados, das pedras vivas da mem\u00f3ria e manter a presen\u00e7a Crist\u00e3, as pedras vivas da Terra Santa, atrav\u00e9s de muitas iniciativas solid\u00e1rias.<\/p>\n<p>Neste per\u00edodo de sofrimento global, a Terra Santa tamb\u00e9m foi atingida, com a falta de peregrinos em seus santu\u00e1rios, com a falta de trabalho para os crist\u00e3os locais.<\/p>\n<p>A Cust\u00f3dia da Terra Santa est\u00e1 presente com 300 frades em: Israel, Palestina, Jord\u00e2nia, S\u00edria, L\u00edbano, Egito, Chipre e Rodes.<\/p>\n<p>Sempre esteve perto das popula\u00e7\u00f5es afetadas pelas guerras, epidemias e pandemias.<\/p>\n<p>A Coleta Pr\u00f3-Terra Santa \u00e9 a principal fonte de sustento da vida que se desenvolve ao redor dos Lugares Santos.<\/p>\n<p>Na espera do retorno dos peregrinos, a Cust\u00f3dia pede a sua ajuda. Na pr\u00f3xima Sexta Feira Santa, fa\u00e7a sua doa\u00e7\u00e3o.<\/p>\n<hr \/>\n<h3>VEJA COMO PODE AJUDAR<\/h3>\n<p>A conta para os dep\u00f3sitos \u00e9 mesma dos anos anteriores, seja para dep\u00f3sitos de pessoas f\u00edsicas, seja para pessoas jur\u00eddicas:<br \/>\n<strong>Bco. Bradesco<\/strong><br \/>\n<strong>Ag. 3403 <\/strong><br \/>\n<strong>Conta corrente: 11174-0<\/strong><br \/>\n<strong>Favorecido: Obra Pia da Terra Santa<\/strong><br \/>\n<strong>CNPJ: 62.670.062\/0001-68<\/strong><\/p>\n<p>Nesta mensagem do Vice-Comiss\u00e1rio, Frei Jean, estudante em Jerusal\u00e9m, feito a partir dos Lugares Sagrados, em que aparece tamb\u00e9m a conta banc\u00e1ria e a chave pix, onde depositar a Coleta:<\/p>\n<p><iframe loading=\"lazy\" title=\"Comissariado da Terra Santa | Coleta para os Lugares Santos 2021\" width=\"500\" height=\"281\" src=\"https:\/\/www.youtube.com\/embed\/8fmgqMcpjOE?feature=oembed\" frameborder=\"0\" allow=\"accelerometer; autoplay; clipboard-write; encrypted-media; gyroscope; picture-in-picture\" allowfullscreen><\/iframe><\/p>\n<p>O comprovante pode ser enviado ao e-mail: <strong>pimuller@hotmail.com<\/strong><\/p>\n<p>Em nome da Cust\u00f3dia da Terra Santa e em nome do nosso Comissariado, aceitem o nosso fraterno abra\u00e7o!<\/p>\n<hr \/>\n<p><strong>Frei Ivo M\u00fcller, OFM<\/strong><br \/>\n<em>(Comiss\u00e1rio)<\/em><\/p>\n<p><iframe loading=\"lazy\" title=\"Comissariado da Terra Santa | O apelo de Frei Francesco Patton pelos crist\u00e3os da Terra Santa\" width=\"500\" height=\"281\" src=\"https:\/\/www.youtube.com\/embed\/-igfLG3Ef-I?feature=oembed\" frameborder=\"0\" allow=\"accelerometer; autoplay; clipboard-write; encrypted-media; gyroscope; picture-in-picture\" allowfullscreen><\/iframe><\/p>\n","protected":false},"excerpt":{"rendered":"<p>Terra Santa<\/p>\n","protected":false},"author":3,"featured_media":231255,"comment_status":"open","ping_status":"open","sticky":false,"template":"","format":"standard","meta":[],"categories":[1],"tags":[1433,1605],"acf":[],"yoast_head":"<!-- This site is optimized with the Yoast SEO plugin v19.2 - https:\/\/yoast.com\/wordpress\/plugins\/seo\/ -->\n<title>Coleta em prol dos lugares Santos ser\u00e1 feita na Sexta-feira Santa - Not\u00edcias - Franciscanos<\/title>\n<meta name=\"robots\" content=\"index, follow, max-snippet:-1, max-image-preview:large, max-video-preview:-1\" \/>\n<link rel=\"canonical\" href=\"https:\/\/franciscanos.org.br\/noticias\/coleta-em-prol-dos-lugares-santos-e-feita-na-sexta-feira-santa.html\" \/>\n<meta property=\"og:locale\" content=\"pt_BR\" \/>\n<meta property=\"og:type\" content=\"article\" \/>\n<meta property=\"og:title\" content=\"Coleta em prol dos lugares Santos ser\u00e1 feita na Sexta-feira Santa - Not\u00edcias - Franciscanos\" \/>\n<meta property=\"og:description\" content=\"Terra Santa\" \/>\n<meta property=\"og:url\" content=\"https:\/\/franciscanos.org.br\/noticias\/coleta-em-prol-dos-lugares-santos-e-feita-na-sexta-feira-santa.html\" \/>\n<meta property=\"og:site_name\" content=\"Not\u00edcias - Franciscanos\" \/>\n<meta property=\"article:published_time\" content=\"2021-03-25T11:22:47+00:00\" \/>\n<meta property=\"article:modified_time\" content=\"2021-04-01T08:54:41+00:00\" \/>\n<meta property=\"og:image\" content=\"https:\/\/franciscanos.org.br\/noticias\/wp-content\/uploads\/2021\/03\/terrasanta_25d.jpg\" \/>\n\t<meta property=\"og:image:width\" content=\"800\" \/>\n\t<meta property=\"og:image:height\" content=\"550\" \/>\n\t<meta property=\"og:image:type\" content=\"image\/jpeg\" \/>\n<meta name=\"author\" content=\"moacir\" \/>\n<meta name=\"twitter:card\" content=\"summary_large_image\" \/>\n<meta name=\"twitter:label1\" content=\"Escrito por\" \/>\n\t<meta name=\"twitter:data1\" content=\"moacir\" \/>\n\t<meta name=\"twitter:label2\" content=\"Est. tempo de leitura\" \/>\n\t<meta name=\"twitter:data2\" content=\"2 minutos\" \/>\n<script type=\"application\/ld+json\" class=\"yoast-schema-graph\">{\"@context\":\"https:\/\/schema.org\",\"@graph\":[{\"@type\":\"WebSite\",\"@id\":\"https:\/\/franciscanos.org.br\/noticias\/#website\",\"url\":\"https:\/\/franciscanos.org.br\/noticias\/\",\"name\":\"Not\u00edcias - Franciscanos\",\"description\":\"Prov\u00edncia Franciscana da Imaculada Concei\u00e7\u00e3o do Brasil - Ordem dos Frades Menores - OFM\",\"potentialAction\":[{\"@type\":\"SearchAction\",\"target\":{\"@type\":\"EntryPoint\",\"urlTemplate\":\"https:\/\/franciscanos.org.br\/noticias\/?s={search_term_string}\"},\"query-input\":\"required name=search_term_string\"}],\"inLanguage\":\"pt-BR\"},{\"@type\":\"ImageObject\",\"inLanguage\":\"pt-BR\",\"@id\":\"https:\/\/franciscanos.org.br\/noticias\/coleta-em-prol-dos-lugares-santos-e-feita-na-sexta-feira-santa.html#primaryimage\",\"url\":\"https:\/\/franciscanos.org.br\/noticias\/wp-content\/uploads\/2021\/03\/terrasanta_25d.jpg\",\"contentUrl\":\"https:\/\/franciscanos.org.br\/noticias\/wp-content\/uploads\/2021\/03\/terrasanta_25d.jpg\",\"width\":800,\"height\":550},{\"@type\":\"WebPage\",\"@id\":\"https:\/\/franciscanos.org.br\/noticias\/coleta-em-prol-dos-lugares-santos-e-feita-na-sexta-feira-santa.html#webpage\",\"url\":\"https:\/\/franciscanos.org.br\/noticias\/coleta-em-prol-dos-lugares-santos-e-feita-na-sexta-feira-santa.html\",\"name\":\"Coleta em prol dos lugares Santos ser\u00e1 feita na Sexta-feira Santa - Not\u00edcias - Franciscanos\",\"isPartOf\":{\"@id\":\"https:\/\/franciscanos.org.br\/noticias\/#website\"},\"primaryImageOfPage\":{\"@id\":\"https:\/\/franciscanos.org.br\/noticias\/coleta-em-prol-dos-lugares-santos-e-feita-na-sexta-feira-santa.html#primaryimage\"},\"datePublished\":\"2021-03-25T11:22:47+00:00\",\"dateModified\":\"2021-04-01T08:54:41+00:00\",\"author\":{\"@id\":\"https:\/\/franciscanos.org.br\/noticias\/#\/schema\/person\/b5c8cba458c330ccff548b056e95a5d4\"},\"breadcrumb\":{\"@id\":\"https:\/\/franciscanos.org.br\/noticias\/coleta-em-prol-dos-lugares-santos-e-feita-na-sexta-feira-santa.html#breadcrumb\"},\"inLanguage\":\"pt-BR\",\"potentialAction\":[{\"@type\":\"ReadAction\",\"target\":[\"https:\/\/franciscanos.org.br\/noticias\/coleta-em-prol-dos-lugares-santos-e-feita-na-sexta-feira-santa.html\"]}]},{\"@type\":\"BreadcrumbList\",\"@id\":\"https:\/\/franciscanos.org.br\/noticias\/coleta-em-prol-dos-lugares-santos-e-feita-na-sexta-feira-santa.html#breadcrumb\",\"itemListElement\":[{\"@type\":\"ListItem\",\"position\":1,\"name\":\"Home\",\"item\":\"https:\/\/franciscanos.org.br\/noticias\"},{\"@type\":\"ListItem\",\"position\":2,\"name\":\"Coleta em prol dos lugares Santos ser\u00e1 feita na Sexta-feira Santa\"}]},{\"@type\":\"Person\",\"@id\":\"https:\/\/franciscanos.org.br\/noticias\/#\/schema\/person\/b5c8cba458c330ccff548b056e95a5d4\",\"name\":\"moacir\",\"image\":{\"@type\":\"ImageObject\",\"inLanguage\":\"pt-BR\",\"@id\":\"https:\/\/franciscanos.org.br\/noticias\/#\/schema\/person\/image\/\",\"url\":\"https:\/\/secure.gravatar.com\/avatar\/d08aa2ce4c8dd416d4479aa8536fcf64?s=96&d=mm&r=g\",\"contentUrl\":\"https:\/\/secure.gravatar.com\/avatar\/d08aa2ce4c8dd416d4479aa8536fcf64?s=96&d=mm&r=g\",\"caption\":\"moacir\"},\"url\":\"https:\/\/franciscanos.org.br\/noticias\/author\/moacir\"}]}<\/script>\n<!-- \/ Yoast SEO plugin. -->","yoast_head_json":{"title":"Coleta em prol dos lugares Santos ser\u00e1 feita na Sexta-feira Santa - Not\u00edcias - Franciscanos","robots":{"index":"index","follow":"follow","max-snippet":"max-snippet:-1","max-image-preview":"max-image-preview:large","max-video-preview":"max-video-preview:-1"},"canonical":"https:\/\/franciscanos.org.br\/noticias\/coleta-em-prol-dos-lugares-santos-e-feita-na-sexta-feira-santa.html","og_locale":"pt_BR","og_type":"article","og_title":"Coleta em prol dos lugares Santos ser\u00e1 feita na Sexta-feira Santa - Not\u00edcias - Franciscanos","og_description":"Terra Santa","og_url":"https:\/\/franciscanos.org.br\/noticias\/coleta-em-prol-dos-lugares-santos-e-feita-na-sexta-feira-santa.html","og_site_name":"Not\u00edcias - Franciscanos","article_published_time":"2021-03-25T11:22:47+00:00","article_modified_time":"2021-04-01T08:54:41+00:00","og_image":[{"width":800,"height":550,"url":"https:\/\/franciscanos.org.br\/noticias\/wp-content\/uploads\/2021\/03\/terrasanta_25d.jpg","type":"image\/jpeg"}],"author":"moacir","twitter_card":"summary_large_image","twitter_misc":{"Escrito por":"moacir","Est. tempo de leitura":"2 minutos"},"schema":{"@context":"https:\/\/schema.org","@graph":[{"@type":"WebSite","@id":"https:\/\/franciscanos.org.br\/noticias\/#website","url":"https:\/\/franciscanos.org.br\/noticias\/","name":"Not\u00edcias - Franciscanos","description":"Prov\u00edncia Franciscana da Imaculada Concei\u00e7\u00e3o do Brasil - Ordem dos Frades Menores - OFM","potentialAction":[{"@type":"SearchAction","target":{"@type":"EntryPoint","urlTemplate":"https:\/\/franciscanos.org.br\/noticias\/?s={search_term_string}"},"query-input":"required name=search_term_string"}],"inLanguage":"pt-BR"},{"@type":"ImageObject","inLanguage":"pt-BR","@id":"https:\/\/franciscanos.org.br\/noticias\/coleta-em-prol-dos-lugares-santos-e-feita-na-sexta-feira-santa.html#primaryimage","url":"https:\/\/franciscanos.org.br\/noticias\/wp-content\/uploads\/2021\/03\/terrasanta_25d.jpg","contentUrl":"https:\/\/franciscanos.org.br\/noticias\/wp-content\/uploads\/2021\/03\/terrasanta_25d.jpg","width":800,"height":550},{"@type":"WebPage","@id":"https:\/\/franciscanos.org.br\/noticias\/coleta-em-prol-dos-lugares-santos-e-feita-na-sexta-feira-santa.html#webpage","url":"https:\/\/franciscanos.org.br\/noticias\/coleta-em-prol-dos-lugares-santos-e-feita-na-sexta-feira-santa.html","name":"Coleta em prol dos lugares Santos ser\u00e1 feita na Sexta-feira Santa - Not\u00edcias - Franciscanos","isPartOf":{"@id":"https:\/\/franciscanos.org.br\/noticias\/#website"},"primaryImageOfPage":{"@id":"https:\/\/franciscanos.org.br\/noticias\/coleta-em-prol-dos-lugares-santos-e-feita-na-sexta-feira-santa.html#primaryimage"},"datePublished":"2021-03-25T11:22:47+00:00","dateModified":"2021-04-01T08:54:41+00:00","author":{"@id":"https:\/\/franciscanos.org.br\/noticias\/#\/schema\/person\/b5c8cba458c330ccff548b056e95a5d4"},"breadcrumb":{"@id":"https:\/\/franciscanos.org.br\/noticias\/coleta-em-prol-dos-lugares-santos-e-feita-na-sexta-feira-santa.html#breadcrumb"},"inLanguage":"pt-BR","potentialAction":[{"@type":"ReadAction","target":["https:\/\/franciscanos.org.br\/noticias\/coleta-em-prol-dos-lugares-santos-e-feita-na-sexta-feira-santa.html"]}]},{"@type":"BreadcrumbList","@id":"https:\/\/franciscanos.org.br\/noticias\/coleta-em-prol-dos-lugares-santos-e-feita-na-sexta-feira-santa.html#breadcrumb","itemListElement":[{"@type":"ListItem","position":1,"name":"Home","item":"https:\/\/franciscanos.org.br\/noticias"},{"@type":"ListItem","position":2,"name":"Coleta em prol dos lugares Santos ser\u00e1 feita na Sexta-feira Santa"}]},{"@type":"Person","@id":"https:\/\/franciscanos.org.br\/noticias\/#\/schema\/person\/b5c8cba458c330ccff548b056e95a5d4","name":"moacir","image":{"@type":"ImageObject","inLanguage":"pt-BR","@id":"https:\/\/franciscanos.org.br\/noticias\/#\/schema\/person\/image\/","url":"https:\/\/secure.gravatar.com\/avatar\/d08aa2ce4c8dd416d4479aa8536fcf64?s=96&d=mm&r=g","contentUrl":"https:\/\/secure.gravatar.com\/avatar\/d08aa2ce4c8dd416d4479aa8536fcf64?s=96&d=mm&r=g","caption":"moacir"},"url":"https:\/\/franciscanos.org.br\/noticias\/author\/moacir"}]}},"_links":{"self":[{"href":"https:\/\/franciscanos.org.br\/noticias\/wp-json\/wp\/v2\/posts\/231253"}],"collection":[{"href":"https:\/\/franciscanos.org.br\/noticias\/wp-json\/wp\/v2\/posts"}],"about":[{"href":"https:\/\/franciscanos.org.br\/noticias\/wp-json\/wp\/v2\/types\/post"}],"author":[{"embeddable":true,"href":"https:\/\/franciscanos.org.br\/noticias\/wp-json\/wp\/v2\/users\/3"}],"replies":[{"embeddable":true,"href":"https:\/\/franciscanos.org.br\/noticias\/wp-json\/wp\/v2\/comments?post=231253"}],"version-history":[{"count":6,"href":"https:\/\/franciscanos.org.br\/noticias\/wp-json\/wp\/v2\/posts\/231253\/revisions"}],"predecessor-version":[{"id":231339,"href":"https:\/\/franciscanos.org.br\/noticias\/wp-json\/wp\/v2\/posts\/231253\/revisions\/231339"}],"wp:featuredmedia":[{"embeddable":true,"href":"https:\/\/franciscanos.org.br\/noticias\/wp-json\/wp\/v2\/media\/231255"}],"wp:attachment":[{"href":"https:\/\/franciscanos.org.br\/noticias\/wp-json\/wp\/v2\/media?parent=231253"}],"wp:term":[{"taxonomy":"category","embeddable":true,"href":"https:\/\/franciscanos.org.br\/noticias\/wp-json\/wp\/v2\/categories?post=231253"},{"taxonomy":"post_tag","embeddable":true,"href":"https:\/\/franciscanos.org.br\/noticias\/wp-json\/wp\/v2\/tags?post=231253"}],"curies":[{"name":"wp","href":"https:\/\/api.w.org\/{rel}","templated":true}]}}