{"id":231238,"date":"2021-03-24T06:45:39","date_gmt":"2021-03-24T09:45:39","guid":{"rendered":"https:\/\/franciscanos.org.br\/noticias\/?p=231238"},"modified":"2021-03-24T06:45:39","modified_gmt":"2021-03-24T09:45:39","slug":"campanha-da-fraternidade-e-tema-de-formacao-na-paroquia-sao-francisco-de-assis","status":"publish","type":"post","link":"https:\/\/franciscanos.org.br\/noticias\/campanha-da-fraternidade-e-tema-de-formacao-na-paroquia-sao-francisco-de-assis.html","title":{"rendered":"Campanha da Fraternidade \u00e9 tema de forma\u00e7\u00e3o na Par\u00f3quia S\u00e3o Francisco de Assis"},"content":{"rendered":"<p><img loading=\"lazy\" class=\"alignnone wp-image-231239 size-full\" src=\"https:\/\/franciscanos.org.br\/noticias\/wp-content\/uploads\/2021\/03\/camposeliseos_01.jpg\" alt=\"\" width=\"1280\" height=\"789\" srcset=\"https:\/\/franciscanos.org.br\/noticias\/wp-content\/uploads\/2021\/03\/camposeliseos_01.jpg 1280w, https:\/\/franciscanos.org.br\/noticias\/wp-content\/uploads\/2021\/03\/camposeliseos_01-450x277.jpg 450w, https:\/\/franciscanos.org.br\/noticias\/wp-content\/uploads\/2021\/03\/camposeliseos_01-1024x631.jpg 1024w, https:\/\/franciscanos.org.br\/noticias\/wp-content\/uploads\/2021\/03\/camposeliseos_01-768x473.jpg 768w, https:\/\/franciscanos.org.br\/noticias\/wp-content\/uploads\/2021\/03\/camposeliseos_01-150x92.jpg 150w\" sizes=\"(max-width: 1280px) 100vw, 1280px\" \/><\/p>\n<p><strong>\u00a0 Duque de Caxias (RJ)<\/strong> &#8211; A Par\u00f3quia S\u00e3o Francisco de Assis de Campos El\u00edseos, em Duque de Caxias, realizou forma\u00e7\u00e3o para a Campanha da Fraternidade 2021: <em>Fraternidade e di\u00e1logo: compromisso de amor. Cristo \u00e9 a nossa paz: do que era dividido, fez uma unidade<\/em>.<\/p>\n<p>Por decis\u00e3o do Conselho de Pastoral Paroquial, ponderando toda a situa\u00e7\u00e3o vivida atualmente por causa da pandemia da Covid -19, a forma\u00e7\u00e3o aconteceu de forma \u201ch\u00edbrida\u201d, ou seja, presencialmente, poucas pessoas puderam participar, mas atrav\u00e9s das redes sociais, com a ajuda da Pascom, muitos se fizeram presentes. Resultado que se mostrou muito positivo, dada a grande participa\u00e7\u00e3o das pessoas, inclusive com coment\u00e1rios, \u201clikes\u201d e perguntas.<\/p>\n<p><img loading=\"lazy\" class=\"alignnone wp-image-231241 size-full\" src=\"https:\/\/franciscanos.org.br\/noticias\/wp-content\/uploads\/2021\/03\/camposeliseos_02.jpg\" alt=\"\" width=\"887\" height=\"578\" srcset=\"https:\/\/franciscanos.org.br\/noticias\/wp-content\/uploads\/2021\/03\/camposeliseos_02.jpg 887w, https:\/\/franciscanos.org.br\/noticias\/wp-content\/uploads\/2021\/03\/camposeliseos_02-450x293.jpg 450w, https:\/\/franciscanos.org.br\/noticias\/wp-content\/uploads\/2021\/03\/camposeliseos_02-768x500.jpg 768w, https:\/\/franciscanos.org.br\/noticias\/wp-content\/uploads\/2021\/03\/camposeliseos_02-150x98.jpg 150w\" sizes=\"(max-width: 887px) 100vw, 887px\" \/><\/p>\n<p>Nossa Par\u00f3quia \u00e9 composta de 25 comunidades, que s\u00e3o distribu\u00eddas em tr\u00eas \u00e1reas pastorais: \u00c1rea de Campos El\u00edseos, de Primavera e Saracuruna. Para envolver todas as \u00e1reas, n\u00f3s, frades, juntamente com o Conselho de Pastoral, achamos por bem que esta forma\u00e7\u00e3o pudesse acontecer em tr\u00eas semanas consecutivas, ou seja, cada semana numa respectiva \u00e1rea. Formaram-se equipes para que o conte\u00fado proposto pela CNBB e Conic pudesse ser transmitido \u00e0s pessoas. Partindo do m\u00e9todo proposto, <em>Ver, Julgar, Agir e Celebrar,<\/em> vivemos tr\u00eas semanas ricas de forma\u00e7\u00e3o. Cada \u00e1rea usou de muita criatividade de tal forma que os encontros n\u00e3o fossem repetitivos, uma vez que se tratava sempre do mesmo assunto. Uma semana acrescentava sempre algo novo ajudando no aprofundamento. Todos est\u00e3o de parab\u00e9ns, os que prepararam os encontros e todos os que participaram da forma\u00e7\u00e3o. Paz e Bem.<\/p>\n<hr \/>\n<p><em>Frei James Girardi e Pascom da Par\u00f3quia S\u00e3o Francisco de Assis<\/em><\/p>\n","protected":false},"excerpt":{"rendered":"<p>Par\u00f3quia S\u00e3o Francisco de Assis<\/p>\n","protected":false},"author":3,"featured_media":231240,"comment_status":"open","ping_status":"open","sticky":false,"template":"","format":"standard","meta":[],"categories":[1],"tags":[1831],"acf":[],"yoast_head":"<!-- This site is optimized with the Yoast SEO plugin v19.2 - https:\/\/yoast.com\/wordpress\/plugins\/seo\/ -->\n<title>Campanha da Fraternidade \u00e9 tema de forma\u00e7\u00e3o na Par\u00f3quia S\u00e3o Francisco de Assis - Not\u00edcias - Franciscanos<\/title>\n<meta name=\"robots\" content=\"index, follow, max-snippet:-1, max-image-preview:large, max-video-preview:-1\" \/>\n<link rel=\"canonical\" href=\"https:\/\/franciscanos.org.br\/noticias\/campanha-da-fraternidade-e-tema-de-formacao-na-paroquia-sao-francisco-de-assis.html\" \/>\n<meta property=\"og:locale\" content=\"pt_BR\" \/>\n<meta property=\"og:type\" content=\"article\" \/>\n<meta property=\"og:title\" content=\"Campanha da Fraternidade \u00e9 tema de forma\u00e7\u00e3o na Par\u00f3quia S\u00e3o Francisco de Assis - Not\u00edcias - Franciscanos\" \/>\n<meta property=\"og:description\" content=\"Par\u00f3quia S\u00e3o Francisco de Assis\" \/>\n<meta property=\"og:url\" content=\"https:\/\/franciscanos.org.br\/noticias\/campanha-da-fraternidade-e-tema-de-formacao-na-paroquia-sao-francisco-de-assis.html\" \/>\n<meta property=\"og:site_name\" content=\"Not\u00edcias - Franciscanos\" \/>\n<meta property=\"article:published_time\" content=\"2021-03-24T09:45:39+00:00\" \/>\n<meta property=\"og:image\" content=\"https:\/\/franciscanos.org.br\/noticias\/wp-content\/uploads\/2021\/03\/camposeliseos_01d.jpg\" \/>\n\t<meta property=\"og:image:width\" content=\"800\" \/>\n\t<meta property=\"og:image:height\" content=\"493\" \/>\n\t<meta property=\"og:image:type\" content=\"image\/jpeg\" \/>\n<meta name=\"author\" content=\"moacir\" \/>\n<meta name=\"twitter:card\" content=\"summary_large_image\" \/>\n<meta name=\"twitter:label1\" content=\"Escrito por\" \/>\n\t<meta name=\"twitter:data1\" content=\"moacir\" \/>\n\t<meta name=\"twitter:label2\" content=\"Est. tempo de leitura\" \/>\n\t<meta name=\"twitter:data2\" content=\"1 minuto\" \/>\n<script type=\"application\/ld+json\" class=\"yoast-schema-graph\">{\"@context\":\"https:\/\/schema.org\",\"@graph\":[{\"@type\":\"WebSite\",\"@id\":\"https:\/\/franciscanos.org.br\/noticias\/#website\",\"url\":\"https:\/\/franciscanos.org.br\/noticias\/\",\"name\":\"Not\u00edcias - Franciscanos\",\"description\":\"Prov\u00edncia Franciscana da Imaculada Concei\u00e7\u00e3o do Brasil - Ordem dos Frades Menores - OFM\",\"potentialAction\":[{\"@type\":\"SearchAction\",\"target\":{\"@type\":\"EntryPoint\",\"urlTemplate\":\"https:\/\/franciscanos.org.br\/noticias\/?s={search_term_string}\"},\"query-input\":\"required name=search_term_string\"}],\"inLanguage\":\"pt-BR\"},{\"@type\":\"ImageObject\",\"inLanguage\":\"pt-BR\",\"@id\":\"https:\/\/franciscanos.org.br\/noticias\/campanha-da-fraternidade-e-tema-de-formacao-na-paroquia-sao-francisco-de-assis.html#primaryimage\",\"url\":\"https:\/\/franciscanos.org.br\/noticias\/wp-content\/uploads\/2021\/03\/camposeliseos_01d.jpg\",\"contentUrl\":\"https:\/\/franciscanos.org.br\/noticias\/wp-content\/uploads\/2021\/03\/camposeliseos_01d.jpg\",\"width\":800,\"height\":493},{\"@type\":\"WebPage\",\"@id\":\"https:\/\/franciscanos.org.br\/noticias\/campanha-da-fraternidade-e-tema-de-formacao-na-paroquia-sao-francisco-de-assis.html#webpage\",\"url\":\"https:\/\/franciscanos.org.br\/noticias\/campanha-da-fraternidade-e-tema-de-formacao-na-paroquia-sao-francisco-de-assis.html\",\"name\":\"Campanha da Fraternidade \u00e9 tema de forma\u00e7\u00e3o na Par\u00f3quia S\u00e3o Francisco de Assis - Not\u00edcias - Franciscanos\",\"isPartOf\":{\"@id\":\"https:\/\/franciscanos.org.br\/noticias\/#website\"},\"primaryImageOfPage\":{\"@id\":\"https:\/\/franciscanos.org.br\/noticias\/campanha-da-fraternidade-e-tema-de-formacao-na-paroquia-sao-francisco-de-assis.html#primaryimage\"},\"datePublished\":\"2021-03-24T09:45:39+00:00\",\"dateModified\":\"2021-03-24T09:45:39+00:00\",\"author\":{\"@id\":\"https:\/\/franciscanos.org.br\/noticias\/#\/schema\/person\/b5c8cba458c330ccff548b056e95a5d4\"},\"breadcrumb\":{\"@id\":\"https:\/\/franciscanos.org.br\/noticias\/campanha-da-fraternidade-e-tema-de-formacao-na-paroquia-sao-francisco-de-assis.html#breadcrumb\"},\"inLanguage\":\"pt-BR\",\"potentialAction\":[{\"@type\":\"ReadAction\",\"target\":[\"https:\/\/franciscanos.org.br\/noticias\/campanha-da-fraternidade-e-tema-de-formacao-na-paroquia-sao-francisco-de-assis.html\"]}]},{\"@type\":\"BreadcrumbList\",\"@id\":\"https:\/\/franciscanos.org.br\/noticias\/campanha-da-fraternidade-e-tema-de-formacao-na-paroquia-sao-francisco-de-assis.html#breadcrumb\",\"itemListElement\":[{\"@type\":\"ListItem\",\"position\":1,\"name\":\"Home\",\"item\":\"https:\/\/franciscanos.org.br\/noticias\"},{\"@type\":\"ListItem\",\"position\":2,\"name\":\"Campanha da Fraternidade \u00e9 tema de forma\u00e7\u00e3o na Par\u00f3quia S\u00e3o Francisco de Assis\"}]},{\"@type\":\"Person\",\"@id\":\"https:\/\/franciscanos.org.br\/noticias\/#\/schema\/person\/b5c8cba458c330ccff548b056e95a5d4\",\"name\":\"moacir\",\"image\":{\"@type\":\"ImageObject\",\"inLanguage\":\"pt-BR\",\"@id\":\"https:\/\/franciscanos.org.br\/noticias\/#\/schema\/person\/image\/\",\"url\":\"https:\/\/secure.gravatar.com\/avatar\/d08aa2ce4c8dd416d4479aa8536fcf64?s=96&d=mm&r=g\",\"contentUrl\":\"https:\/\/secure.gravatar.com\/avatar\/d08aa2ce4c8dd416d4479aa8536fcf64?s=96&d=mm&r=g\",\"caption\":\"moacir\"},\"url\":\"https:\/\/franciscanos.org.br\/noticias\/author\/moacir\"}]}<\/script>\n<!-- \/ Yoast SEO plugin. -->","yoast_head_json":{"title":"Campanha da Fraternidade \u00e9 tema de forma\u00e7\u00e3o na Par\u00f3quia S\u00e3o Francisco de Assis - Not\u00edcias - Franciscanos","robots":{"index":"index","follow":"follow","max-snippet":"max-snippet:-1","max-image-preview":"max-image-preview:large","max-video-preview":"max-video-preview:-1"},"canonical":"https:\/\/franciscanos.org.br\/noticias\/campanha-da-fraternidade-e-tema-de-formacao-na-paroquia-sao-francisco-de-assis.html","og_locale":"pt_BR","og_type":"article","og_title":"Campanha da Fraternidade \u00e9 tema de forma\u00e7\u00e3o na Par\u00f3quia S\u00e3o Francisco de Assis - Not\u00edcias - Franciscanos","og_description":"Par\u00f3quia S\u00e3o Francisco de Assis","og_url":"https:\/\/franciscanos.org.br\/noticias\/campanha-da-fraternidade-e-tema-de-formacao-na-paroquia-sao-francisco-de-assis.html","og_site_name":"Not\u00edcias - Franciscanos","article_published_time":"2021-03-24T09:45:39+00:00","og_image":[{"width":800,"height":493,"url":"https:\/\/franciscanos.org.br\/noticias\/wp-content\/uploads\/2021\/03\/camposeliseos_01d.jpg","type":"image\/jpeg"}],"author":"moacir","twitter_card":"summary_large_image","twitter_misc":{"Escrito por":"moacir","Est. tempo de leitura":"1 minuto"},"schema":{"@context":"https:\/\/schema.org","@graph":[{"@type":"WebSite","@id":"https:\/\/franciscanos.org.br\/noticias\/#website","url":"https:\/\/franciscanos.org.br\/noticias\/","name":"Not\u00edcias - Franciscanos","description":"Prov\u00edncia Franciscana da Imaculada Concei\u00e7\u00e3o do Brasil - Ordem dos Frades Menores - OFM","potentialAction":[{"@type":"SearchAction","target":{"@type":"EntryPoint","urlTemplate":"https:\/\/franciscanos.org.br\/noticias\/?s={search_term_string}"},"query-input":"required name=search_term_string"}],"inLanguage":"pt-BR"},{"@type":"ImageObject","inLanguage":"pt-BR","@id":"https:\/\/franciscanos.org.br\/noticias\/campanha-da-fraternidade-e-tema-de-formacao-na-paroquia-sao-francisco-de-assis.html#primaryimage","url":"https:\/\/franciscanos.org.br\/noticias\/wp-content\/uploads\/2021\/03\/camposeliseos_01d.jpg","contentUrl":"https:\/\/franciscanos.org.br\/noticias\/wp-content\/uploads\/2021\/03\/camposeliseos_01d.jpg","width":800,"height":493},{"@type":"WebPage","@id":"https:\/\/franciscanos.org.br\/noticias\/campanha-da-fraternidade-e-tema-de-formacao-na-paroquia-sao-francisco-de-assis.html#webpage","url":"https:\/\/franciscanos.org.br\/noticias\/campanha-da-fraternidade-e-tema-de-formacao-na-paroquia-sao-francisco-de-assis.html","name":"Campanha da Fraternidade \u00e9 tema de forma\u00e7\u00e3o na Par\u00f3quia S\u00e3o Francisco de Assis - Not\u00edcias - Franciscanos","isPartOf":{"@id":"https:\/\/franciscanos.org.br\/noticias\/#website"},"primaryImageOfPage":{"@id":"https:\/\/franciscanos.org.br\/noticias\/campanha-da-fraternidade-e-tema-de-formacao-na-paroquia-sao-francisco-de-assis.html#primaryimage"},"datePublished":"2021-03-24T09:45:39+00:00","dateModified":"2021-03-24T09:45:39+00:00","author":{"@id":"https:\/\/franciscanos.org.br\/noticias\/#\/schema\/person\/b5c8cba458c330ccff548b056e95a5d4"},"breadcrumb":{"@id":"https:\/\/franciscanos.org.br\/noticias\/campanha-da-fraternidade-e-tema-de-formacao-na-paroquia-sao-francisco-de-assis.html#breadcrumb"},"inLanguage":"pt-BR","potentialAction":[{"@type":"ReadAction","target":["https:\/\/franciscanos.org.br\/noticias\/campanha-da-fraternidade-e-tema-de-formacao-na-paroquia-sao-francisco-de-assis.html"]}]},{"@type":"BreadcrumbList","@id":"https:\/\/franciscanos.org.br\/noticias\/campanha-da-fraternidade-e-tema-de-formacao-na-paroquia-sao-francisco-de-assis.html#breadcrumb","itemListElement":[{"@type":"ListItem","position":1,"name":"Home","item":"https:\/\/franciscanos.org.br\/noticias"},{"@type":"ListItem","position":2,"name":"Campanha da Fraternidade \u00e9 tema de forma\u00e7\u00e3o na Par\u00f3quia S\u00e3o Francisco de Assis"}]},{"@type":"Person","@id":"https:\/\/franciscanos.org.br\/noticias\/#\/schema\/person\/b5c8cba458c330ccff548b056e95a5d4","name":"moacir","image":{"@type":"ImageObject","inLanguage":"pt-BR","@id":"https:\/\/franciscanos.org.br\/noticias\/#\/schema\/person\/image\/","url":"https:\/\/secure.gravatar.com\/avatar\/d08aa2ce4c8dd416d4479aa8536fcf64?s=96&d=mm&r=g","contentUrl":"https:\/\/secure.gravatar.com\/avatar\/d08aa2ce4c8dd416d4479aa8536fcf64?s=96&d=mm&r=g","caption":"moacir"},"url":"https:\/\/franciscanos.org.br\/noticias\/author\/moacir"}]}},"_links":{"self":[{"href":"https:\/\/franciscanos.org.br\/noticias\/wp-json\/wp\/v2\/posts\/231238"}],"collection":[{"href":"https:\/\/franciscanos.org.br\/noticias\/wp-json\/wp\/v2\/posts"}],"about":[{"href":"https:\/\/franciscanos.org.br\/noticias\/wp-json\/wp\/v2\/types\/post"}],"author":[{"embeddable":true,"href":"https:\/\/franciscanos.org.br\/noticias\/wp-json\/wp\/v2\/users\/3"}],"replies":[{"embeddable":true,"href":"https:\/\/franciscanos.org.br\/noticias\/wp-json\/wp\/v2\/comments?post=231238"}],"version-history":[{"count":1,"href":"https:\/\/franciscanos.org.br\/noticias\/wp-json\/wp\/v2\/posts\/231238\/revisions"}],"predecessor-version":[{"id":231242,"href":"https:\/\/franciscanos.org.br\/noticias\/wp-json\/wp\/v2\/posts\/231238\/revisions\/231242"}],"wp:featuredmedia":[{"embeddable":true,"href":"https:\/\/franciscanos.org.br\/noticias\/wp-json\/wp\/v2\/media\/231240"}],"wp:attachment":[{"href":"https:\/\/franciscanos.org.br\/noticias\/wp-json\/wp\/v2\/media?parent=231238"}],"wp:term":[{"taxonomy":"category","embeddable":true,"href":"https:\/\/franciscanos.org.br\/noticias\/wp-json\/wp\/v2\/categories?post=231238"},{"taxonomy":"post_tag","embeddable":true,"href":"https:\/\/franciscanos.org.br\/noticias\/wp-json\/wp\/v2\/tags?post=231238"}],"curies":[{"name":"wp","href":"https:\/\/api.w.org\/{rel}","templated":true}]}}