{"id":231206,"date":"2021-03-19T08:02:12","date_gmt":"2021-03-19T11:02:12","guid":{"rendered":"https:\/\/franciscanos.org.br\/noticias\/?p=231206"},"modified":"2021-03-19T08:02:12","modified_gmt":"2021-03-19T11:02:12","slug":"amoris-laetitia-e-sao-jose-se-cruzam-com-surpreendente-continuidade","status":"publish","type":"post","link":"https:\/\/franciscanos.org.br\/noticias\/amoris-laetitia-e-sao-jose-se-cruzam-com-surpreendente-continuidade.html","title":{"rendered":"&#8220;Amoris laetitia&#8221; e S\u00e3o Jos\u00e9 se cruzam com surpreendente continuidade"},"content":{"rendered":"<div id=\"attachment_231207\" style=\"width: 1290px\" class=\"wp-caption alignnone\"><img aria-describedby=\"caption-attachment-231207\" loading=\"lazy\" class=\"wp-image-231207 size-full\" src=\"https:\/\/franciscanos.org.br\/noticias\/wp-content\/uploads\/2021\/03\/sagradafamilia.jpg\" alt=\"\" width=\"1280\" height=\"720\" srcset=\"https:\/\/franciscanos.org.br\/noticias\/wp-content\/uploads\/2021\/03\/sagradafamilia.jpg 1280w, https:\/\/franciscanos.org.br\/noticias\/wp-content\/uploads\/2021\/03\/sagradafamilia-450x253.jpg 450w, https:\/\/franciscanos.org.br\/noticias\/wp-content\/uploads\/2021\/03\/sagradafamilia-1024x576.jpg 1024w, https:\/\/franciscanos.org.br\/noticias\/wp-content\/uploads\/2021\/03\/sagradafamilia-768x432.jpg 768w, https:\/\/franciscanos.org.br\/noticias\/wp-content\/uploads\/2021\/03\/sagradafamilia-150x84.jpg 150w\" sizes=\"(max-width: 1280px) 100vw, 1280px\" \/><p id=\"caption-attachment-231207\" class=\"wp-caption-text\">\u00a0 \u00a0 \u00a0 \u00a0 \u00a0 \u00a0 \u00a0 \u00a0 \u00a0 \u00a0 \u00a0 \u00a0 \u00a0 \u00a0 \u00a0 \u00a0 \u00a0 \u00a0 \u00a0 \u00a0 \u00a0 \u00a0 \u00a0 \u00a0 \u00a0 \u00a0 \u00a0 \u00a0 \u00a0 \u00a0 \u00a0 \u00a0 \u00a0 \u00a0 \u00a0 \u00a0 \u00a0 \u00a0 \u00a0 \u00a0 \u00a0 \u00a0 \u00a0 \u00a0 \u00a0 \u00a0 \u00a0 \u00a0 \u00a0 \u00a0 \u00a0 \u00a0 \u00a0 \u00a0 \u00a0 \u00a0 \u00a0 \u00a0<em> \u00a0 Imagem: Vatican Media<\/em><\/p><\/div>\n<div class=\"article__text \">\n<p>S\u00e3o Jos\u00e9 e a fam\u00edlia. Um v\u00ednculo de ternura que vem imediatamente \u00e0 mente como a mais natural das associa\u00e7\u00f5es. &#8220;Um homem justo e s\u00e1bio&#8221;, definiu-o o Papa Francisco na audi\u00eancia de quarta-feira; um Pai amado, acolhedor e na penumbra, um Pai da coragem criativa, lemos em <em>Patris corde<\/em>, a Carta apost\u00f3lica com a qual o Pont\u00edfice proclamou o Ano de S\u00e3o Jos\u00e9 no dia 8 de dezembro de 2020. Um ano que se sobrep\u00f5e ao da Fam\u00edlia que come\u00e7a nesta sexta-feira, na solenidade do esposo de Maria, e 5 anos ap\u00f3s a publica\u00e7\u00e3o de <em>Amoris laetitia<\/em>.<\/p>\n<p>Francisco &#8211; outra importante associa\u00e7\u00e3o &#8211; assinou a Exorta\u00e7\u00e3o Apost\u00f3lica precisamente em 19 de mar\u00e7o de 2016, em meio ao Jubileu da Miseric\u00f3rdia e sob a prote\u00e7\u00e3o de S\u00e3o Jos\u00e9. Na conclus\u00e3o de <em>Amoris laetitia<\/em>, os muitos fios desta tela, tecida de amor pela Igreja e seus filhos, s\u00e3o entrela\u00e7ados.<\/p>\n<h3>Ora\u00e7\u00e3o \u00e0 Sagrada Fam\u00edlia<\/h3>\n<p><i>Jesus, Maria e Jos\u00e9, em v\u00f3s contemplamos o esplendor do verdadeiro amor, a v\u00f3s, confiantes nos entregamos. Sagrada Fam\u00edlia de Nazar\u00e9, tornai tamb\u00e9m a nossas fam\u00edlias lugares de comunh\u00e3o e cen\u00e1culos de ora\u00e7\u00e3o, escolas aut\u00eanticas do Evangelho e pequenas Igrejas dom\u00e9sticas. Sagrada Fam\u00edlia de Nazar\u00e9, que nunca mais haja epis\u00f3dios de viol\u00eancia, fechamento e divis\u00e3o nas fam\u00edlias; que qualquer um que tenha sido ferido ou escandalizado seja prontamente confortado e curado. Sagrada Fam\u00edlia de Nazar\u00e9, conscientizai a todos do car\u00e1ter sagrado e inviol\u00e1vel da fam\u00edlia, de sua beleza no plano de Deus. Sagrada Fam\u00edlia de Nazar\u00e9, fazei com que todos n\u00f3s tomemos consci\u00eancia do car\u00e1ter sagrado e inviol\u00e1vel da fam\u00edlia, de sua beleza no plano de Deus.<\/i><\/p>\n<div>\n<aside class=\"article__readmore\">\n<div class=\"teaser--labelEvidence teaser teaser--type-foto \">\n<article>\n<h3 class=\"teaser__labelWrapper\"><strong>\u00a0O Ano da Fam\u00edlia <em>Amoris Laetitia<\/em><\/strong><\/h3>\n<\/article>\n<\/div>\n<\/aside>\n<\/div>\n<p>\u00c9 na Festa da Sagrada Fam\u00edlia, 27 de dezembro de 2020, que o Papa Francisco no <em>Angelus<\/em> anuncia o Ano dedicado \u00e0 Fam\u00edlia <em>Amoris laetitia<\/em>. O in\u00edcio \u00e9 19 de mar\u00e7o de 2021, cinco anos ap\u00f3s a publica\u00e7\u00e3o da Exorta\u00e7\u00e3o Apost\u00f3lica; a conclus\u00e3o est\u00e1 marcada para 26 de junho de 2022, por ocasi\u00e3o do d\u00e9cimo Encontro Mundial das Fam\u00edlias em Roma. &#8220;Um ano &#8211; ele explica ao anunciar o Ano &#8211; de reflex\u00e3o, uma oportunidade para aprofundar os conte\u00fados do documento&#8221;. Coordenando as iniciativas pastorais, espirituais e culturais est\u00e1 o Dicast\u00e9rio para os Leigos, a Fam\u00edlia e a Vida que, em seu site em 5 idiomas, www.amorislaetitia.va, disponibilizou subs\u00eddios e anunciou confer\u00eancias e estudos aprofundados sobre o documento pontif\u00edcio. \u00c9 o pr\u00f3prio Papa que esclarece, no texto no n\u00famero 5, a import\u00e2ncia de <em>Amoris laetitia:<\/em><\/p>\n<p><i>\u201cEsta Exorta\u00e7\u00e3o adquire um significado especial no contexto deste Ano Jubilar de Miseric\u00f3rdia. Primeiro, porque a entendo como uma proposta para as fam\u00edlias crist\u00e3s, encorajando-as a apreciar os dons do matrim\u00f4nio e da fam\u00edlia, e a manter um amor forte e cheio de valores como a generosidade, o compromisso, a fidelidade e a paci\u00eancia. Em segundo lugar, porque se prop\u00f5e a encorajar a todos a serem sinais de miseric\u00f3rdia e proximidade onde a vida familiar n\u00e3o \u00e9 perfeitamente realizada ou n\u00e3o se desenvolve com paz e alegria&#8221;.<\/i><\/p>\n<h3>A fam\u00edlia de Nazar\u00e9, estrela polar<\/h3>\n<p>Francisco olha para o &#8220;\u00edcone da fam\u00edlia de Nazar\u00e9, com sua vida cotidiana feita de dificuldades e at\u00e9 pesadelos&#8221;, como a viol\u00eancia de Herodes, que ainda hoje se renova na pele de tantos refugiados, mas tamb\u00e9m \u00e0 sua &#8220;alian\u00e7a de amor e fidelidade&#8221; que &#8220;ilumina o princ\u00edpio, que d\u00e1 forma a toda fam\u00edlia e a torna capaz de enfrentar melhor as vicissitudes da vida e da hist\u00f3ria&#8221;. E em <em>Amoris laetitia,<\/em> o Papa cita Paulo VI e seu discurso em Nazar\u00e9 em 5 de janeiro de 1964:<\/p>\n<p><i>\u201cAqui entendemos o modo de vida da fam\u00edlia. Nazar\u00e9 nos lembra o que \u00e9 a fam\u00edlia, o que \u00e9 a comunh\u00e3o de amor, sua beleza austera e simples, seu car\u00e1ter sagrado e inviol\u00e1vel; nos faz ver como \u00e9 doce e insubstitu\u00edvel a educa\u00e7\u00e3o na fam\u00edlia, nos ensina sua fun\u00e7\u00e3o natural na ordem social\u201d.<\/i><\/p>\n<div>\n<aside class=\"article__readmore\">\n<div class=\"teaser--labelEvidence teaser teaser--type-article \">\n<article>\n<h3 class=\"teaser__labelWrapper\">\u00a0<strong>O Ano de S\u00e3o Jos\u00e9<\/strong><\/h3>\n<\/article>\n<\/div>\n<\/aside>\n<\/div>\n<p>\u00c9 Jos\u00e9 quem cuida deste tesouro, &#8220;como chefe da fam\u00edlia&#8221;, \u00e9 Ele &#8211; escreve Francisco no Patris Corde &#8211; que nos ensina que &#8220;ter f\u00e9 em Deus tamb\u00e9m inclui acreditar que Ele pode operar mesmo atrav\u00e9s de nossos medos, nossas fragilidades, nossas fraquezas&#8221;. &#8220;\u00c9 o verdadeiro milagre com o qual Deus salva a Crian\u00e7a e sua m\u00e3e&#8221;, confiando em sua &#8220;coragem criativa&#8221;. A esta figura muito amada pelos fi\u00e9is, 150 anos ap\u00f3s sua proclama\u00e7\u00e3o como Patrono da Igreja Universal gra\u00e7as ao decreto do Papa Pio IX\u00a0<i>Quemadmodum Deus<\/i>, Francisco decidiu dedicar um Ano a S\u00e3o Jos\u00e9. Ele tamb\u00e9m concedeu o &#8220;dom das Indulg\u00eancias especiais&#8221; at\u00e9 8 de dezembro de 2021 sob as condi\u00e7\u00f5es habituais: confiss\u00e3o sacramental, comunh\u00e3o eucar\u00edstica e ora\u00e7\u00e3o de acordo com as inten\u00e7\u00f5es do Papa.<\/p>\n<hr \/>\n<p><em>Fonte: Vatican News (texto de Benedetta Capelli, Silvonei Jos\u00e9)<\/em><\/p>\n<\/div>\n","protected":false},"excerpt":{"rendered":"<p>S\u00e3o Jos\u00e9 e a fam\u00edlia<\/p>\n","protected":false},"author":3,"featured_media":231208,"comment_status":"open","ping_status":"open","sticky":false,"template":"","format":"standard","meta":[],"categories":[1428],"tags":[1697,1828],"acf":[],"yoast_head":"<!-- This site is optimized with the Yoast SEO plugin v19.2 - https:\/\/yoast.com\/wordpress\/plugins\/seo\/ -->\n<title>&quot;Amoris laetitia&quot; e S\u00e3o Jos\u00e9 se cruzam com surpreendente continuidade - Not\u00edcias - Franciscanos<\/title>\n<meta name=\"robots\" content=\"index, follow, max-snippet:-1, max-image-preview:large, max-video-preview:-1\" \/>\n<link rel=\"canonical\" href=\"https:\/\/franciscanos.org.br\/noticias\/amoris-laetitia-e-sao-jose-se-cruzam-com-surpreendente-continuidade.html\" \/>\n<meta property=\"og:locale\" content=\"pt_BR\" \/>\n<meta property=\"og:type\" content=\"article\" \/>\n<meta property=\"og:title\" content=\"&quot;Amoris laetitia&quot; e S\u00e3o Jos\u00e9 se cruzam com surpreendente continuidade - Not\u00edcias - Franciscanos\" \/>\n<meta property=\"og:description\" content=\"S\u00e3o Jos\u00e9 e a fam\u00edlia\" \/>\n<meta property=\"og:url\" content=\"https:\/\/franciscanos.org.br\/noticias\/amoris-laetitia-e-sao-jose-se-cruzam-com-surpreendente-continuidade.html\" \/>\n<meta property=\"og:site_name\" content=\"Not\u00edcias - Franciscanos\" \/>\n<meta property=\"article:published_time\" content=\"2021-03-19T11:02:12+00:00\" \/>\n<meta property=\"og:image\" content=\"https:\/\/franciscanos.org.br\/noticias\/wp-content\/uploads\/2021\/03\/sagradafamilia_d.jpg\" \/>\n\t<meta property=\"og:image:width\" content=\"800\" \/>\n\t<meta property=\"og:image:height\" content=\"600\" \/>\n\t<meta property=\"og:image:type\" content=\"image\/jpeg\" \/>\n<meta name=\"author\" content=\"moacir\" \/>\n<meta name=\"twitter:card\" content=\"summary_large_image\" \/>\n<meta name=\"twitter:label1\" content=\"Escrito por\" \/>\n\t<meta name=\"twitter:data1\" content=\"moacir\" \/>\n\t<meta name=\"twitter:label2\" content=\"Est. tempo de leitura\" \/>\n\t<meta name=\"twitter:data2\" content=\"4 minutos\" \/>\n<script type=\"application\/ld+json\" class=\"yoast-schema-graph\">{\"@context\":\"https:\/\/schema.org\",\"@graph\":[{\"@type\":\"WebSite\",\"@id\":\"https:\/\/franciscanos.org.br\/noticias\/#website\",\"url\":\"https:\/\/franciscanos.org.br\/noticias\/\",\"name\":\"Not\u00edcias - Franciscanos\",\"description\":\"Prov\u00edncia Franciscana da Imaculada Concei\u00e7\u00e3o do Brasil - Ordem dos Frades Menores - OFM\",\"potentialAction\":[{\"@type\":\"SearchAction\",\"target\":{\"@type\":\"EntryPoint\",\"urlTemplate\":\"https:\/\/franciscanos.org.br\/noticias\/?s={search_term_string}\"},\"query-input\":\"required name=search_term_string\"}],\"inLanguage\":\"pt-BR\"},{\"@type\":\"ImageObject\",\"inLanguage\":\"pt-BR\",\"@id\":\"https:\/\/franciscanos.org.br\/noticias\/amoris-laetitia-e-sao-jose-se-cruzam-com-surpreendente-continuidade.html#primaryimage\",\"url\":\"https:\/\/franciscanos.org.br\/noticias\/wp-content\/uploads\/2021\/03\/sagradafamilia_d.jpg\",\"contentUrl\":\"https:\/\/franciscanos.org.br\/noticias\/wp-content\/uploads\/2021\/03\/sagradafamilia_d.jpg\",\"width\":800,\"height\":600},{\"@type\":\"WebPage\",\"@id\":\"https:\/\/franciscanos.org.br\/noticias\/amoris-laetitia-e-sao-jose-se-cruzam-com-surpreendente-continuidade.html#webpage\",\"url\":\"https:\/\/franciscanos.org.br\/noticias\/amoris-laetitia-e-sao-jose-se-cruzam-com-surpreendente-continuidade.html\",\"name\":\"\\\"Amoris laetitia\\\" e S\u00e3o Jos\u00e9 se cruzam com surpreendente continuidade - Not\u00edcias - Franciscanos\",\"isPartOf\":{\"@id\":\"https:\/\/franciscanos.org.br\/noticias\/#website\"},\"primaryImageOfPage\":{\"@id\":\"https:\/\/franciscanos.org.br\/noticias\/amoris-laetitia-e-sao-jose-se-cruzam-com-surpreendente-continuidade.html#primaryimage\"},\"datePublished\":\"2021-03-19T11:02:12+00:00\",\"dateModified\":\"2021-03-19T11:02:12+00:00\",\"author\":{\"@id\":\"https:\/\/franciscanos.org.br\/noticias\/#\/schema\/person\/b5c8cba458c330ccff548b056e95a5d4\"},\"breadcrumb\":{\"@id\":\"https:\/\/franciscanos.org.br\/noticias\/amoris-laetitia-e-sao-jose-se-cruzam-com-surpreendente-continuidade.html#breadcrumb\"},\"inLanguage\":\"pt-BR\",\"potentialAction\":[{\"@type\":\"ReadAction\",\"target\":[\"https:\/\/franciscanos.org.br\/noticias\/amoris-laetitia-e-sao-jose-se-cruzam-com-surpreendente-continuidade.html\"]}]},{\"@type\":\"BreadcrumbList\",\"@id\":\"https:\/\/franciscanos.org.br\/noticias\/amoris-laetitia-e-sao-jose-se-cruzam-com-surpreendente-continuidade.html#breadcrumb\",\"itemListElement\":[{\"@type\":\"ListItem\",\"position\":1,\"name\":\"Home\",\"item\":\"https:\/\/franciscanos.org.br\/noticias\"},{\"@type\":\"ListItem\",\"position\":2,\"name\":\"&#8220;Amoris laetitia&#8221; e S\u00e3o Jos\u00e9 se cruzam com surpreendente continuidade\"}]},{\"@type\":\"Person\",\"@id\":\"https:\/\/franciscanos.org.br\/noticias\/#\/schema\/person\/b5c8cba458c330ccff548b056e95a5d4\",\"name\":\"moacir\",\"image\":{\"@type\":\"ImageObject\",\"inLanguage\":\"pt-BR\",\"@id\":\"https:\/\/franciscanos.org.br\/noticias\/#\/schema\/person\/image\/\",\"url\":\"https:\/\/secure.gravatar.com\/avatar\/d08aa2ce4c8dd416d4479aa8536fcf64?s=96&d=mm&r=g\",\"contentUrl\":\"https:\/\/secure.gravatar.com\/avatar\/d08aa2ce4c8dd416d4479aa8536fcf64?s=96&d=mm&r=g\",\"caption\":\"moacir\"},\"url\":\"https:\/\/franciscanos.org.br\/noticias\/author\/moacir\"}]}<\/script>\n<!-- \/ Yoast SEO plugin. -->","yoast_head_json":{"title":"\"Amoris laetitia\" e S\u00e3o Jos\u00e9 se cruzam com surpreendente continuidade - Not\u00edcias - Franciscanos","robots":{"index":"index","follow":"follow","max-snippet":"max-snippet:-1","max-image-preview":"max-image-preview:large","max-video-preview":"max-video-preview:-1"},"canonical":"https:\/\/franciscanos.org.br\/noticias\/amoris-laetitia-e-sao-jose-se-cruzam-com-surpreendente-continuidade.html","og_locale":"pt_BR","og_type":"article","og_title":"\"Amoris laetitia\" e S\u00e3o Jos\u00e9 se cruzam com surpreendente continuidade - Not\u00edcias - Franciscanos","og_description":"S\u00e3o Jos\u00e9 e a fam\u00edlia","og_url":"https:\/\/franciscanos.org.br\/noticias\/amoris-laetitia-e-sao-jose-se-cruzam-com-surpreendente-continuidade.html","og_site_name":"Not\u00edcias - Franciscanos","article_published_time":"2021-03-19T11:02:12+00:00","og_image":[{"width":800,"height":600,"url":"https:\/\/franciscanos.org.br\/noticias\/wp-content\/uploads\/2021\/03\/sagradafamilia_d.jpg","type":"image\/jpeg"}],"author":"moacir","twitter_card":"summary_large_image","twitter_misc":{"Escrito por":"moacir","Est. tempo de leitura":"4 minutos"},"schema":{"@context":"https:\/\/schema.org","@graph":[{"@type":"WebSite","@id":"https:\/\/franciscanos.org.br\/noticias\/#website","url":"https:\/\/franciscanos.org.br\/noticias\/","name":"Not\u00edcias - Franciscanos","description":"Prov\u00edncia Franciscana da Imaculada Concei\u00e7\u00e3o do Brasil - Ordem dos Frades Menores - OFM","potentialAction":[{"@type":"SearchAction","target":{"@type":"EntryPoint","urlTemplate":"https:\/\/franciscanos.org.br\/noticias\/?s={search_term_string}"},"query-input":"required name=search_term_string"}],"inLanguage":"pt-BR"},{"@type":"ImageObject","inLanguage":"pt-BR","@id":"https:\/\/franciscanos.org.br\/noticias\/amoris-laetitia-e-sao-jose-se-cruzam-com-surpreendente-continuidade.html#primaryimage","url":"https:\/\/franciscanos.org.br\/noticias\/wp-content\/uploads\/2021\/03\/sagradafamilia_d.jpg","contentUrl":"https:\/\/franciscanos.org.br\/noticias\/wp-content\/uploads\/2021\/03\/sagradafamilia_d.jpg","width":800,"height":600},{"@type":"WebPage","@id":"https:\/\/franciscanos.org.br\/noticias\/amoris-laetitia-e-sao-jose-se-cruzam-com-surpreendente-continuidade.html#webpage","url":"https:\/\/franciscanos.org.br\/noticias\/amoris-laetitia-e-sao-jose-se-cruzam-com-surpreendente-continuidade.html","name":"\"Amoris laetitia\" e S\u00e3o Jos\u00e9 se cruzam com surpreendente continuidade - Not\u00edcias - Franciscanos","isPartOf":{"@id":"https:\/\/franciscanos.org.br\/noticias\/#website"},"primaryImageOfPage":{"@id":"https:\/\/franciscanos.org.br\/noticias\/amoris-laetitia-e-sao-jose-se-cruzam-com-surpreendente-continuidade.html#primaryimage"},"datePublished":"2021-03-19T11:02:12+00:00","dateModified":"2021-03-19T11:02:12+00:00","author":{"@id":"https:\/\/franciscanos.org.br\/noticias\/#\/schema\/person\/b5c8cba458c330ccff548b056e95a5d4"},"breadcrumb":{"@id":"https:\/\/franciscanos.org.br\/noticias\/amoris-laetitia-e-sao-jose-se-cruzam-com-surpreendente-continuidade.html#breadcrumb"},"inLanguage":"pt-BR","potentialAction":[{"@type":"ReadAction","target":["https:\/\/franciscanos.org.br\/noticias\/amoris-laetitia-e-sao-jose-se-cruzam-com-surpreendente-continuidade.html"]}]},{"@type":"BreadcrumbList","@id":"https:\/\/franciscanos.org.br\/noticias\/amoris-laetitia-e-sao-jose-se-cruzam-com-surpreendente-continuidade.html#breadcrumb","itemListElement":[{"@type":"ListItem","position":1,"name":"Home","item":"https:\/\/franciscanos.org.br\/noticias"},{"@type":"ListItem","position":2,"name":"&#8220;Amoris laetitia&#8221; e S\u00e3o Jos\u00e9 se cruzam com surpreendente continuidade"}]},{"@type":"Person","@id":"https:\/\/franciscanos.org.br\/noticias\/#\/schema\/person\/b5c8cba458c330ccff548b056e95a5d4","name":"moacir","image":{"@type":"ImageObject","inLanguage":"pt-BR","@id":"https:\/\/franciscanos.org.br\/noticias\/#\/schema\/person\/image\/","url":"https:\/\/secure.gravatar.com\/avatar\/d08aa2ce4c8dd416d4479aa8536fcf64?s=96&d=mm&r=g","contentUrl":"https:\/\/secure.gravatar.com\/avatar\/d08aa2ce4c8dd416d4479aa8536fcf64?s=96&d=mm&r=g","caption":"moacir"},"url":"https:\/\/franciscanos.org.br\/noticias\/author\/moacir"}]}},"_links":{"self":[{"href":"https:\/\/franciscanos.org.br\/noticias\/wp-json\/wp\/v2\/posts\/231206"}],"collection":[{"href":"https:\/\/franciscanos.org.br\/noticias\/wp-json\/wp\/v2\/posts"}],"about":[{"href":"https:\/\/franciscanos.org.br\/noticias\/wp-json\/wp\/v2\/types\/post"}],"author":[{"embeddable":true,"href":"https:\/\/franciscanos.org.br\/noticias\/wp-json\/wp\/v2\/users\/3"}],"replies":[{"embeddable":true,"href":"https:\/\/franciscanos.org.br\/noticias\/wp-json\/wp\/v2\/comments?post=231206"}],"version-history":[{"count":1,"href":"https:\/\/franciscanos.org.br\/noticias\/wp-json\/wp\/v2\/posts\/231206\/revisions"}],"predecessor-version":[{"id":231209,"href":"https:\/\/franciscanos.org.br\/noticias\/wp-json\/wp\/v2\/posts\/231206\/revisions\/231209"}],"wp:featuredmedia":[{"embeddable":true,"href":"https:\/\/franciscanos.org.br\/noticias\/wp-json\/wp\/v2\/media\/231208"}],"wp:attachment":[{"href":"https:\/\/franciscanos.org.br\/noticias\/wp-json\/wp\/v2\/media?parent=231206"}],"wp:term":[{"taxonomy":"category","embeddable":true,"href":"https:\/\/franciscanos.org.br\/noticias\/wp-json\/wp\/v2\/categories?post=231206"},{"taxonomy":"post_tag","embeddable":true,"href":"https:\/\/franciscanos.org.br\/noticias\/wp-json\/wp\/v2\/tags?post=231206"}],"curies":[{"name":"wp","href":"https:\/\/api.w.org\/{rel}","templated":true}]}}