{"id":231190,"date":"2021-03-18T15:49:32","date_gmt":"2021-03-18T18:49:32","guid":{"rendered":"https:\/\/franciscanos.org.br\/noticias\/?p=231190"},"modified":"2021-03-19T09:13:35","modified_gmt":"2021-03-19T12:13:35","slug":"encontro-provincial-on-line-reune-frades-animadores-vocacionais","status":"publish","type":"post","link":"https:\/\/franciscanos.org.br\/noticias\/encontro-provincial-on-line-reune-frades-animadores-vocacionais.html","title":{"rendered":"Encontro Provincial &#8216;on-line&#8217; re\u00fane frades animadores vocacionais"},"content":{"rendered":"<p><strong> <img loading=\"lazy\" class=\"alignnone wp-image-231191 size-full\" src=\"https:\/\/franciscanos.org.br\/noticias\/wp-content\/uploads\/2021\/03\/sav_01.png\" alt=\"\" width=\"1280\" height=\"380\" srcset=\"https:\/\/franciscanos.org.br\/noticias\/wp-content\/uploads\/2021\/03\/sav_01.png 1280w, https:\/\/franciscanos.org.br\/noticias\/wp-content\/uploads\/2021\/03\/sav_01-450x134.png 450w, https:\/\/franciscanos.org.br\/noticias\/wp-content\/uploads\/2021\/03\/sav_01-1024x304.png 1024w, https:\/\/franciscanos.org.br\/noticias\/wp-content\/uploads\/2021\/03\/sav_01-768x228.png 768w, https:\/\/franciscanos.org.br\/noticias\/wp-content\/uploads\/2021\/03\/sav_01-150x45.png 150w\" sizes=\"(max-width: 1280px) 100vw, 1280px\" \/><\/strong><\/p>\n<p><strong>\u00a0<\/strong>A Prov\u00edncia Franciscana da Imaculada Concei\u00e7\u00e3o do Brasil, atrav\u00e9s do seu Servi\u00e7o de Anima\u00e7\u00e3o Vocacional (SAV), reuniu os frades animadores vocacionais do Brasil e de Angola para o Encontro Provincial deste servi\u00e7o, nesta quarta-feira, 17 de mar\u00e7o. Em raz\u00e3o da pandemia, a Assembleia aconteceu de modo <em>on-line. <\/em><\/p>\n<p>O Encontro teve in\u00edcio com a acolhida de Frei Diego Melo, coordenador do SAV, aos animadores presentes e com a ora\u00e7\u00e3o inicial em louvor a S\u00e3o Jos\u00e9 pelas voca\u00e7\u00f5es conduzida por Frei Leandro Costa. Em seguida, o Ministro Provincial, Frei C\u00e9sar K\u00fclkamp, deu as boas-vindas aos participantes e reafirmou que para a Prov\u00edncia a anima\u00e7\u00e3o vocacional \u00e9 a grande prioridade. \u201cHoje temos uma situa\u00e7\u00e3o de alegria, com as voca\u00e7\u00f5es que temos, formandos em diversas etapas\u201d. No entanto, continuou: \u201c\u00c9 preciso assumir melhor essa prioridade, pois tamb\u00e9m sentimos um certo inverno vocacional aqui no Brasil, o que deve nos fazer pensar uma anima\u00e7\u00e3o vocacional que v\u00e1 al\u00e9m da simples acolhida, mas que promova um convite vocacional personalizado e v\u00e1 at\u00e9 o encontro dos jovens\u201d.<\/p>\n<div id=\"attachment_231197\" style=\"width: 460px\" class=\"wp-caption alignright\"><img aria-describedby=\"caption-attachment-231197\" loading=\"lazy\" class=\"wp-image-231197 size-medium\" src=\"https:\/\/franciscanos.org.br\/noticias\/wp-content\/uploads\/2021\/03\/cesar-450x383.png\" alt=\"\" width=\"450\" height=\"383\" srcset=\"https:\/\/franciscanos.org.br\/noticias\/wp-content\/uploads\/2021\/03\/cesar-450x383.png 450w, https:\/\/franciscanos.org.br\/noticias\/wp-content\/uploads\/2021\/03\/cesar-150x128.png 150w, https:\/\/franciscanos.org.br\/noticias\/wp-content\/uploads\/2021\/03\/cesar.png 500w\" sizes=\"(max-width: 450px) 100vw, 450px\" \/><p id=\"caption-attachment-231197\" class=\"wp-caption-text\"><em>Frei C\u00e9sar K\u00fclkamp, Ministro Provincial<\/em><\/p><\/div>\n<p>Pela manh\u00e3, houve a parte formativa, com assessoria do Padre Ronaldo Zacharias, p\u00f3s-doutor em Democracia e Diretos Humanos (Ius Gentium Conimbrigae \u2013 Universidade de Coimbra, Portugal), doutor em Teologia Moral (Weston Jesuit School of Theology \u2013 Cambridge EUA) e secret\u00e1rio da Sociedade Brasileira de Teologia Moral (SBTM), com a tem\u00e1tica \u201cFragilidade vocacional e institucional: da crise de credibilidade \u00e0 fidelidade na fragilidade\u201d. Nesse primeiro momento formativo tamb\u00e9m participaram, al\u00e9m dos frades animadores vocacionais, os formandos e os frades da forma\u00e7\u00e3o inicial.<\/p>\n<p>O assessor trouxe a tem\u00e1tica da fragilidade vocacional institucional a partir de dois pontos problem\u00e1ticos, como a crise de credibilidade, que, segundo o Papa Bento XVI colocou em risco d\u00e9cadas e at\u00e9 s\u00e9culos de trabalho evangelizador da Igreja e o alto \u00edndice de abandono da vida consagrada e religiosa, como a migra\u00e7\u00e3o para a vida diocesana. Ap\u00f3s a exposi\u00e7\u00e3o do tema, foi proposto um momento de partilha sobre a discuss\u00e3o a respeito dos desafios apresentados. Em seguida, o assessor deixou algumas perguntas que poder\u00e3o ajudar os animadores locais das voca\u00e7\u00f5es durante o processo de discernimento com os jovens.<\/p>\n<div id=\"attachment_231199\" style=\"width: 460px\" class=\"wp-caption alignleft\"><img aria-describedby=\"caption-attachment-231199\" loading=\"lazy\" class=\"wp-image-231199 size-medium\" src=\"https:\/\/franciscanos.org.br\/noticias\/wp-content\/uploads\/2021\/03\/padre-450x407.png\" alt=\"\" width=\"450\" height=\"407\" srcset=\"https:\/\/franciscanos.org.br\/noticias\/wp-content\/uploads\/2021\/03\/padre-450x407.png 450w, https:\/\/franciscanos.org.br\/noticias\/wp-content\/uploads\/2021\/03\/padre-150x136.png 150w, https:\/\/franciscanos.org.br\/noticias\/wp-content\/uploads\/2021\/03\/padre.png 500w\" sizes=\"(max-width: 450px) 100vw, 450px\" \/><p id=\"caption-attachment-231199\" class=\"wp-caption-text\"><em>Padre Ronaldo Zacharias<\/em><\/p><\/div>\n<p><strong>Partilha de vida e encaminhamentos<\/strong><\/p>\n<p>\u00c0 tarde, os frades partilharam um panorama do acompanhamento vocacional durante a pandemia. Notou-se que, mesmo com a pandemia, mais de quarenta jovens est\u00e3o sendo acompanhados remotamente, embora seja sempre um desafio manter os quadros formativos.<\/p>\n<p>Frei Diego apresentou o hist\u00f3rico das atividades do SAV desde a \u00faltima reuni\u00e3o em agosto de 2020. Em seguida, os presentes foram informados sobre as atividades ordin\u00e1rias do Servi\u00e7o, como os Encontros vocacionais, que em raz\u00e3o da pandemia acontecer\u00e3o por regionais; revis\u00e3o do material vocacional, como o livreto de acompanhamento vocacional, cartazes, folderes, pe\u00e7as para redes sociais e v\u00eddeos; juventudes, como a renova\u00e7\u00e3o dos membros do Conselho Provincial.<\/p>\n<p>O formador do Semin\u00e1rio de Ituporanga (SC), Frei Pedro da Silva, foi convidado a expor aos animadores vocacionais sobre o Aspirantado e o Semin\u00e1rio Menor. Ele partilhou sobre a vida na Fraternidade e tamb\u00e9m a participa\u00e7\u00e3o ativa da ajuda da Fraternidade Santo Est\u00eav\u00e3o, intera\u00e7\u00e3o com o semin\u00e1rio diocesano e \u00a0as FAVs (Fraternidades de Acolhimento Vocacional).<\/p>\n<p>Antes da ora\u00e7\u00e3o final, Frei Diego apresentou a agenda vocacional para o ano vigente. Este encontro, certamente, trar\u00e1 novas perspectivas para a anima\u00e7\u00e3o vocacional, para a Forma\u00e7\u00e3o Inicial e Permanente dos frades da Prov\u00edncia.<\/p>\n<hr \/>\n<p><em>Lucas A. Santos<\/em><\/p>\n","protected":false},"excerpt":{"rendered":"<p>Servi\u00e7o de Anima\u00e7\u00e3o Vocacional<\/p>\n","protected":false},"author":3,"featured_media":231195,"comment_status":"open","ping_status":"open","sticky":false,"template":"","format":"standard","meta":[],"categories":[1],"tags":[552],"acf":[],"yoast_head":"<!-- This site is optimized with the Yoast SEO plugin v19.2 - https:\/\/yoast.com\/wordpress\/plugins\/seo\/ -->\n<title>Encontro Provincial &#039;on-line&#039; re\u00fane frades animadores vocacionais - Not\u00edcias - Franciscanos<\/title>\n<meta name=\"robots\" content=\"index, follow, max-snippet:-1, max-image-preview:large, max-video-preview:-1\" \/>\n<link rel=\"canonical\" href=\"https:\/\/franciscanos.org.br\/noticias\/encontro-provincial-on-line-reune-frades-animadores-vocacionais.html\" \/>\n<meta property=\"og:locale\" content=\"pt_BR\" \/>\n<meta property=\"og:type\" content=\"article\" \/>\n<meta property=\"og:title\" content=\"Encontro Provincial &#039;on-line&#039; re\u00fane frades animadores vocacionais - Not\u00edcias - Franciscanos\" \/>\n<meta property=\"og:description\" content=\"Servi\u00e7o de Anima\u00e7\u00e3o Vocacional\" \/>\n<meta property=\"og:url\" content=\"https:\/\/franciscanos.org.br\/noticias\/encontro-provincial-on-line-reune-frades-animadores-vocacionais.html\" \/>\n<meta property=\"og:site_name\" content=\"Not\u00edcias - Franciscanos\" \/>\n<meta property=\"article:published_time\" content=\"2021-03-18T18:49:32+00:00\" \/>\n<meta property=\"article:modified_time\" content=\"2021-03-19T12:13:35+00:00\" \/>\n<meta property=\"og:image\" content=\"https:\/\/franciscanos.org.br\/noticias\/wp-content\/uploads\/2021\/03\/sav_01d.png\" \/>\n\t<meta property=\"og:image:width\" content=\"800\" \/>\n\t<meta property=\"og:image:height\" content=\"540\" \/>\n\t<meta property=\"og:image:type\" content=\"image\/png\" \/>\n<meta name=\"author\" content=\"moacir\" \/>\n<meta name=\"twitter:card\" content=\"summary_large_image\" \/>\n<meta name=\"twitter:label1\" content=\"Escrito por\" \/>\n\t<meta name=\"twitter:data1\" content=\"moacir\" \/>\n\t<meta name=\"twitter:label2\" content=\"Est. tempo de leitura\" \/>\n\t<meta name=\"twitter:data2\" content=\"3 minutos\" \/>\n<script type=\"application\/ld+json\" class=\"yoast-schema-graph\">{\"@context\":\"https:\/\/schema.org\",\"@graph\":[{\"@type\":\"WebSite\",\"@id\":\"https:\/\/franciscanos.org.br\/noticias\/#website\",\"url\":\"https:\/\/franciscanos.org.br\/noticias\/\",\"name\":\"Not\u00edcias - Franciscanos\",\"description\":\"Prov\u00edncia Franciscana da Imaculada Concei\u00e7\u00e3o do Brasil - Ordem dos Frades Menores - OFM\",\"potentialAction\":[{\"@type\":\"SearchAction\",\"target\":{\"@type\":\"EntryPoint\",\"urlTemplate\":\"https:\/\/franciscanos.org.br\/noticias\/?s={search_term_string}\"},\"query-input\":\"required name=search_term_string\"}],\"inLanguage\":\"pt-BR\"},{\"@type\":\"ImageObject\",\"inLanguage\":\"pt-BR\",\"@id\":\"https:\/\/franciscanos.org.br\/noticias\/encontro-provincial-on-line-reune-frades-animadores-vocacionais.html#primaryimage\",\"url\":\"https:\/\/franciscanos.org.br\/noticias\/wp-content\/uploads\/2021\/03\/sav_01d.png\",\"contentUrl\":\"https:\/\/franciscanos.org.br\/noticias\/wp-content\/uploads\/2021\/03\/sav_01d.png\",\"width\":800,\"height\":540},{\"@type\":\"WebPage\",\"@id\":\"https:\/\/franciscanos.org.br\/noticias\/encontro-provincial-on-line-reune-frades-animadores-vocacionais.html#webpage\",\"url\":\"https:\/\/franciscanos.org.br\/noticias\/encontro-provincial-on-line-reune-frades-animadores-vocacionais.html\",\"name\":\"Encontro Provincial 'on-line' re\u00fane frades animadores vocacionais - Not\u00edcias - Franciscanos\",\"isPartOf\":{\"@id\":\"https:\/\/franciscanos.org.br\/noticias\/#website\"},\"primaryImageOfPage\":{\"@id\":\"https:\/\/franciscanos.org.br\/noticias\/encontro-provincial-on-line-reune-frades-animadores-vocacionais.html#primaryimage\"},\"datePublished\":\"2021-03-18T18:49:32+00:00\",\"dateModified\":\"2021-03-19T12:13:35+00:00\",\"author\":{\"@id\":\"https:\/\/franciscanos.org.br\/noticias\/#\/schema\/person\/b5c8cba458c330ccff548b056e95a5d4\"},\"breadcrumb\":{\"@id\":\"https:\/\/franciscanos.org.br\/noticias\/encontro-provincial-on-line-reune-frades-animadores-vocacionais.html#breadcrumb\"},\"inLanguage\":\"pt-BR\",\"potentialAction\":[{\"@type\":\"ReadAction\",\"target\":[\"https:\/\/franciscanos.org.br\/noticias\/encontro-provincial-on-line-reune-frades-animadores-vocacionais.html\"]}]},{\"@type\":\"BreadcrumbList\",\"@id\":\"https:\/\/franciscanos.org.br\/noticias\/encontro-provincial-on-line-reune-frades-animadores-vocacionais.html#breadcrumb\",\"itemListElement\":[{\"@type\":\"ListItem\",\"position\":1,\"name\":\"Home\",\"item\":\"https:\/\/franciscanos.org.br\/noticias\"},{\"@type\":\"ListItem\",\"position\":2,\"name\":\"Encontro Provincial &#8216;on-line&#8217; re\u00fane frades animadores vocacionais\"}]},{\"@type\":\"Person\",\"@id\":\"https:\/\/franciscanos.org.br\/noticias\/#\/schema\/person\/b5c8cba458c330ccff548b056e95a5d4\",\"name\":\"moacir\",\"image\":{\"@type\":\"ImageObject\",\"inLanguage\":\"pt-BR\",\"@id\":\"https:\/\/franciscanos.org.br\/noticias\/#\/schema\/person\/image\/\",\"url\":\"https:\/\/secure.gravatar.com\/avatar\/d08aa2ce4c8dd416d4479aa8536fcf64?s=96&d=mm&r=g\",\"contentUrl\":\"https:\/\/secure.gravatar.com\/avatar\/d08aa2ce4c8dd416d4479aa8536fcf64?s=96&d=mm&r=g\",\"caption\":\"moacir\"},\"url\":\"https:\/\/franciscanos.org.br\/noticias\/author\/moacir\"}]}<\/script>\n<!-- \/ Yoast SEO plugin. -->","yoast_head_json":{"title":"Encontro Provincial 'on-line' re\u00fane frades animadores vocacionais - Not\u00edcias - Franciscanos","robots":{"index":"index","follow":"follow","max-snippet":"max-snippet:-1","max-image-preview":"max-image-preview:large","max-video-preview":"max-video-preview:-1"},"canonical":"https:\/\/franciscanos.org.br\/noticias\/encontro-provincial-on-line-reune-frades-animadores-vocacionais.html","og_locale":"pt_BR","og_type":"article","og_title":"Encontro Provincial 'on-line' re\u00fane frades animadores vocacionais - Not\u00edcias - Franciscanos","og_description":"Servi\u00e7o de Anima\u00e7\u00e3o Vocacional","og_url":"https:\/\/franciscanos.org.br\/noticias\/encontro-provincial-on-line-reune-frades-animadores-vocacionais.html","og_site_name":"Not\u00edcias - Franciscanos","article_published_time":"2021-03-18T18:49:32+00:00","article_modified_time":"2021-03-19T12:13:35+00:00","og_image":[{"width":800,"height":540,"url":"https:\/\/franciscanos.org.br\/noticias\/wp-content\/uploads\/2021\/03\/sav_01d.png","type":"image\/png"}],"author":"moacir","twitter_card":"summary_large_image","twitter_misc":{"Escrito por":"moacir","Est. tempo de leitura":"3 minutos"},"schema":{"@context":"https:\/\/schema.org","@graph":[{"@type":"WebSite","@id":"https:\/\/franciscanos.org.br\/noticias\/#website","url":"https:\/\/franciscanos.org.br\/noticias\/","name":"Not\u00edcias - Franciscanos","description":"Prov\u00edncia Franciscana da Imaculada Concei\u00e7\u00e3o do Brasil - Ordem dos Frades Menores - OFM","potentialAction":[{"@type":"SearchAction","target":{"@type":"EntryPoint","urlTemplate":"https:\/\/franciscanos.org.br\/noticias\/?s={search_term_string}"},"query-input":"required name=search_term_string"}],"inLanguage":"pt-BR"},{"@type":"ImageObject","inLanguage":"pt-BR","@id":"https:\/\/franciscanos.org.br\/noticias\/encontro-provincial-on-line-reune-frades-animadores-vocacionais.html#primaryimage","url":"https:\/\/franciscanos.org.br\/noticias\/wp-content\/uploads\/2021\/03\/sav_01d.png","contentUrl":"https:\/\/franciscanos.org.br\/noticias\/wp-content\/uploads\/2021\/03\/sav_01d.png","width":800,"height":540},{"@type":"WebPage","@id":"https:\/\/franciscanos.org.br\/noticias\/encontro-provincial-on-line-reune-frades-animadores-vocacionais.html#webpage","url":"https:\/\/franciscanos.org.br\/noticias\/encontro-provincial-on-line-reune-frades-animadores-vocacionais.html","name":"Encontro Provincial 'on-line' re\u00fane frades animadores vocacionais - Not\u00edcias - Franciscanos","isPartOf":{"@id":"https:\/\/franciscanos.org.br\/noticias\/#website"},"primaryImageOfPage":{"@id":"https:\/\/franciscanos.org.br\/noticias\/encontro-provincial-on-line-reune-frades-animadores-vocacionais.html#primaryimage"},"datePublished":"2021-03-18T18:49:32+00:00","dateModified":"2021-03-19T12:13:35+00:00","author":{"@id":"https:\/\/franciscanos.org.br\/noticias\/#\/schema\/person\/b5c8cba458c330ccff548b056e95a5d4"},"breadcrumb":{"@id":"https:\/\/franciscanos.org.br\/noticias\/encontro-provincial-on-line-reune-frades-animadores-vocacionais.html#breadcrumb"},"inLanguage":"pt-BR","potentialAction":[{"@type":"ReadAction","target":["https:\/\/franciscanos.org.br\/noticias\/encontro-provincial-on-line-reune-frades-animadores-vocacionais.html"]}]},{"@type":"BreadcrumbList","@id":"https:\/\/franciscanos.org.br\/noticias\/encontro-provincial-on-line-reune-frades-animadores-vocacionais.html#breadcrumb","itemListElement":[{"@type":"ListItem","position":1,"name":"Home","item":"https:\/\/franciscanos.org.br\/noticias"},{"@type":"ListItem","position":2,"name":"Encontro Provincial &#8216;on-line&#8217; re\u00fane frades animadores vocacionais"}]},{"@type":"Person","@id":"https:\/\/franciscanos.org.br\/noticias\/#\/schema\/person\/b5c8cba458c330ccff548b056e95a5d4","name":"moacir","image":{"@type":"ImageObject","inLanguage":"pt-BR","@id":"https:\/\/franciscanos.org.br\/noticias\/#\/schema\/person\/image\/","url":"https:\/\/secure.gravatar.com\/avatar\/d08aa2ce4c8dd416d4479aa8536fcf64?s=96&d=mm&r=g","contentUrl":"https:\/\/secure.gravatar.com\/avatar\/d08aa2ce4c8dd416d4479aa8536fcf64?s=96&d=mm&r=g","caption":"moacir"},"url":"https:\/\/franciscanos.org.br\/noticias\/author\/moacir"}]}},"_links":{"self":[{"href":"https:\/\/franciscanos.org.br\/noticias\/wp-json\/wp\/v2\/posts\/231190"}],"collection":[{"href":"https:\/\/franciscanos.org.br\/noticias\/wp-json\/wp\/v2\/posts"}],"about":[{"href":"https:\/\/franciscanos.org.br\/noticias\/wp-json\/wp\/v2\/types\/post"}],"author":[{"embeddable":true,"href":"https:\/\/franciscanos.org.br\/noticias\/wp-json\/wp\/v2\/users\/3"}],"replies":[{"embeddable":true,"href":"https:\/\/franciscanos.org.br\/noticias\/wp-json\/wp\/v2\/comments?post=231190"}],"version-history":[{"count":4,"href":"https:\/\/franciscanos.org.br\/noticias\/wp-json\/wp\/v2\/posts\/231190\/revisions"}],"predecessor-version":[{"id":231210,"href":"https:\/\/franciscanos.org.br\/noticias\/wp-json\/wp\/v2\/posts\/231190\/revisions\/231210"}],"wp:featuredmedia":[{"embeddable":true,"href":"https:\/\/franciscanos.org.br\/noticias\/wp-json\/wp\/v2\/media\/231195"}],"wp:attachment":[{"href":"https:\/\/franciscanos.org.br\/noticias\/wp-json\/wp\/v2\/media?parent=231190"}],"wp:term":[{"taxonomy":"category","embeddable":true,"href":"https:\/\/franciscanos.org.br\/noticias\/wp-json\/wp\/v2\/categories?post=231190"},{"taxonomy":"post_tag","embeddable":true,"href":"https:\/\/franciscanos.org.br\/noticias\/wp-json\/wp\/v2\/tags?post=231190"}],"curies":[{"name":"wp","href":"https:\/\/api.w.org\/{rel}","templated":true}]}}