{"id":231186,"date":"2021-03-18T10:46:21","date_gmt":"2021-03-18T13:46:21","guid":{"rendered":"https:\/\/franciscanos.org.br\/noticias\/?p=231186"},"modified":"2021-03-18T10:46:21","modified_gmt":"2021-03-18T13:46:21","slug":"papa-sao-jose-e-um-mestre-da-vida-espiritual-e-do-discernimento","status":"publish","type":"post","link":"https:\/\/franciscanos.org.br\/noticias\/papa-sao-jose-e-um-mestre-da-vida-espiritual-e-do-discernimento.html","title":{"rendered":"Papa: S\u00e3o Jos\u00e9 \u00e9 um mestre da vida espiritual e do discernimento"},"content":{"rendered":"<div id=\"attachment_231187\" style=\"width: 1290px\" class=\"wp-caption alignnone\"><img aria-describedby=\"caption-attachment-231187\" loading=\"lazy\" class=\"wp-image-231187 size-full\" src=\"https:\/\/franciscanos.org.br\/noticias\/wp-content\/uploads\/2021\/03\/papa_jose_18.jpg\" alt=\"\" width=\"1280\" height=\"719\" srcset=\"https:\/\/franciscanos.org.br\/noticias\/wp-content\/uploads\/2021\/03\/papa_jose_18.jpg 1280w, https:\/\/franciscanos.org.br\/noticias\/wp-content\/uploads\/2021\/03\/papa_jose_18-450x253.jpg 450w, https:\/\/franciscanos.org.br\/noticias\/wp-content\/uploads\/2021\/03\/papa_jose_18-1024x575.jpg 1024w, https:\/\/franciscanos.org.br\/noticias\/wp-content\/uploads\/2021\/03\/papa_jose_18-768x431.jpg 768w, https:\/\/franciscanos.org.br\/noticias\/wp-content\/uploads\/2021\/03\/papa_jose_18-150x84.jpg 150w\" sizes=\"(max-width: 1280px) 100vw, 1280px\" \/><p id=\"caption-attachment-231187\" class=\"wp-caption-text\">\u00a0 \u00a0 \u00a0 \u00a0 \u00a0 \u00a0 \u00a0 \u00a0 \u00a0 \u00a0 \u00a0 \u00a0 \u00a0 \u00a0 \u00a0 \u00a0 \u00a0 \u00a0 \u00a0 \u00a0 \u00a0 \u00a0 \u00a0 \u00a0 \u00a0 \u00a0 \u00a0 \u00a0 \u00a0 \u00a0 \u00a0 \u00a0 \u00a0 \u00a0 \u00a0 \u00a0 \u00a0 \u00a0 \u00a0 \u00a0 \u00a0 \u00a0 \u00a0 \u00a0 \u00a0 \u00a0 \u00a0 \u00a0 \u00a0 \u00a0 \u00a0 \u00a0 \u00a0 \u00a0 \u00a0 \u00a0 \u00a0 \u00a0 \u00a0 \u00a0 \u00a0 \u00a0 \u00a0<em> \u00a0 \u00a0 \u00a0 \u00a0Imagem: Vatican Media<\/em><\/p><\/div>\n<p>O Papa Francisco recebeu em audi\u00eancia, nesta quinta-feira (18\/03), no Vaticano, alguns membros do Pontif\u00edcio Col\u00e9gio Belga por ocasi\u00e3o de seus 175 anos de funda\u00e7\u00e3o. S\u00e3o Jo\u00e3o Paulo II foi um dos alunos desta institui\u00e7\u00e3o.<\/p>\n<p>&#8220;Na v\u00e9spera da Solenidade de S\u00e3o Jos\u00e9, neste Ano dedicado a ele, e sabendo que o Col\u00e9gio Belga tem como seu Patrono celestial o Cust\u00f3dio do Redentor, podemos olhar para ele, como ministros de Cristo, para extrair algumas ideias sobre a identidade do pastor e ao modo de exercer a paternidade para com aqueles que nos s\u00e3o confiados&#8221;, afirma o Papa em seu discurso entregue aos presentes. &#8220;Como voc\u00eas sabem, a paternidade \u00e9 o tema principal da Carta Apost\u00f3lica Patris corde, que escrevi para celebrar os 150 anos do anivers\u00e1rio da proclama\u00e7\u00e3o de S\u00e3o Jos\u00e9 como Padroeiro universal da Igreja&#8221;, destaca.<\/p>\n<p><strong>Amar a comunidade<\/strong><br \/>\nEm primeiro lugar, o Papa ressalta que &#8220;S\u00e3o Jos\u00e9 \u00e9 um pai acolhedor. De fato, depois de superar toda rebeli\u00e3o e deixar de lado seus leg\u00edtimos planos pessoais, ele amou e acolheu Maria e Jesus, uma esposa e um filho diferentes da vis\u00e3o da vida familiar que ele poderia desejar. Jos\u00e9 n\u00e3o procurou explica\u00e7\u00f5es para a realidade surpreendente e misteriosa que enfrentou, mas a acolheu com f\u00e9, amando-a como era. Neste sentido, S\u00e3o Jos\u00e9 \u00e9 um mestre da vida espiritual e do discernimento, e podemos invoc\u00e1-lo para nos libertar dos la\u00e7os de muitas reflex\u00f5es em que \u00e0s vezes acabamos nos perdendo, mesmo com a melhor das inten\u00e7\u00f5es&#8221;.<\/p>\n<p>Francisco cita como exemplo concreto, um sacerdote que chega a uma nova par\u00f3quia. Essa comunidade j\u00e1 existia antes dele, tem sua pr\u00f3pria hist\u00f3ria, feita de alegrias e feridas, riquezas e pequenas mis\u00e9rias, que n\u00e3o podem ser ignoradas em nome de ideias e planos pastorais pessoais que n\u00e3o veem a hora de serem aplicados. &#8220;Este \u00e9 um risco no qual podemos cair. O novo p\u00e1roco deve primeiro amar a comunidade, gratuitamente, e lentamente, amando-a, ir\u00e1 conhec\u00ea-la profundamente e poder\u00e1 coloc\u00e1-la em novos caminhos&#8221;, sublinha o Papa.<\/p>\n<p><strong>Ser um guardi\u00e3o atento e pronto a mudar<\/strong><br \/>\n&#8220;S\u00e3o Jos\u00e9 \u00e9 um pai que protege. Ser cust\u00f3dio \u00e9 uma parte essencial de sua voca\u00e7\u00e3o e miss\u00e3o. Proteger, para Jos\u00e9, como para todo sacerdote que inspira nele sua pr\u00f3pria paternidade, significa amar ternamente aqueles que nos s\u00e3o confiados, pensando antes de tudo em seu bem e em sua felicidade, com discri\u00e7\u00e3o e com perseverante generosidade. Ser um guardi\u00e3o \u00e9 uma atitude interior que leva a nunca perder de vista os outros, avaliando cada vez quando se retirar e quando se aproximar, mas mantendo sempre um cora\u00e7\u00e3o vigilante, atento e orante&#8221;, ressalta o Pont\u00edfice.<\/p>\n<p>Segundo o Papa, esta &#8220;\u00e9 a atitude do pastor, que nunca abandona seu rebanho&#8221;. Um sacerdote &#8220;\u00e9 chamado a ser um guardi\u00e3o atento e pronto a mudar, de acordo com o que a situa\u00e7\u00e3o exige; n\u00e3o ser &#8220;monol\u00edtico&#8221;, r\u00edgido e engessado numa forma de exercer o minist\u00e9rio que talvez seja boa em si mesma, mas incapaz de captar as mudan\u00e7as e necessidades da comunidade&#8221;. &#8220;Quando um pastor ama e conhece o seu rebanho, sabe fazer-se servo de todos e faz de tudo para todos a fim de salvar algu\u00e9m a todo custo. &#8221;<\/p>\n<p><strong>Aprender dele a arte da paternidade<\/strong><br \/>\n&#8220;S\u00e3o Jos\u00e9 \u00e9 um pai que sonha. N\u00e3o um &#8220;sonhador&#8221; no sentido de algu\u00e9m com a cabe\u00e7a nas nuvens, desligado da realidade, n\u00e3o, mas um homem que sabe olhar al\u00e9m do que v\u00ea: com um olhar prof\u00e9tico, capaz de reconhecer o plano de Deus onde outros n\u00e3o veem nada, e assim ter um objetivo claro para o qual lutar&#8221;, frisa o Papa.<\/p>\n<p>O Papa conclui o texto, convidando os sacerdotes, neste ano dedicado a S\u00e3o Jos\u00e9, &#8220;a redescobrirem de maneira especial na ora\u00e7\u00e3o a figura e a miss\u00e3o de S\u00e3o Jos\u00e9, d\u00f3cil \u00e0 vontade de Deus, humilde autor de grandes obras, servo obediente e criativo. Far\u00e1 bem a voc\u00eas se colocar e colocar suas voca\u00e7\u00f5es sob seu manto e aprender dele a arte da paternidade, que em breve voc\u00eas ser\u00e3o chamados a exercer nas comunidades e nas \u00e1reas e servi\u00e7os ministeriais que lhes ser\u00e3o confiados&#8221;.<\/p>\n<hr \/>\n<p><em>Fonte: Vatican News (texto de Mariangela Jaguraba)<\/em><\/p>\n","protected":false},"excerpt":{"rendered":"<p>Audi\u00eancia ao Pontif\u00edcio Col\u00e9gio Belga<\/p>\n","protected":false},"author":3,"featured_media":231188,"comment_status":"open","ping_status":"open","sticky":false,"template":"","format":"standard","meta":[],"categories":[1428],"tags":[55,1828],"acf":[],"yoast_head":"<!-- This site is optimized with the Yoast SEO plugin v19.2 - https:\/\/yoast.com\/wordpress\/plugins\/seo\/ -->\n<title>Papa: S\u00e3o Jos\u00e9 \u00e9 um mestre da vida espiritual e do discernimento - Not\u00edcias - Franciscanos<\/title>\n<meta name=\"robots\" content=\"index, follow, max-snippet:-1, max-image-preview:large, max-video-preview:-1\" \/>\n<link rel=\"canonical\" href=\"https:\/\/franciscanos.org.br\/noticias\/papa-sao-jose-e-um-mestre-da-vida-espiritual-e-do-discernimento.html\" \/>\n<meta property=\"og:locale\" content=\"pt_BR\" \/>\n<meta property=\"og:type\" content=\"article\" \/>\n<meta property=\"og:title\" content=\"Papa: S\u00e3o Jos\u00e9 \u00e9 um mestre da vida espiritual e do discernimento - Not\u00edcias - Franciscanos\" \/>\n<meta property=\"og:description\" content=\"Audi\u00eancia ao Pontif\u00edcio Col\u00e9gio Belga\" \/>\n<meta property=\"og:url\" content=\"https:\/\/franciscanos.org.br\/noticias\/papa-sao-jose-e-um-mestre-da-vida-espiritual-e-do-discernimento.html\" \/>\n<meta property=\"og:site_name\" content=\"Not\u00edcias - Franciscanos\" \/>\n<meta property=\"article:published_time\" content=\"2021-03-18T13:46:21+00:00\" \/>\n<meta property=\"og:image\" content=\"https:\/\/franciscanos.org.br\/noticias\/wp-content\/uploads\/2021\/03\/papa_jose_18d.jpg\" \/>\n\t<meta property=\"og:image:width\" content=\"832\" \/>\n\t<meta property=\"og:image:height\" content=\"550\" \/>\n\t<meta property=\"og:image:type\" content=\"image\/jpeg\" \/>\n<meta name=\"author\" content=\"moacir\" \/>\n<meta name=\"twitter:card\" content=\"summary_large_image\" \/>\n<meta name=\"twitter:label1\" content=\"Escrito por\" \/>\n\t<meta name=\"twitter:data1\" content=\"moacir\" \/>\n\t<meta name=\"twitter:label2\" content=\"Est. tempo de leitura\" \/>\n\t<meta name=\"twitter:data2\" content=\"4 minutos\" \/>\n<script type=\"application\/ld+json\" class=\"yoast-schema-graph\">{\"@context\":\"https:\/\/schema.org\",\"@graph\":[{\"@type\":\"WebSite\",\"@id\":\"https:\/\/franciscanos.org.br\/noticias\/#website\",\"url\":\"https:\/\/franciscanos.org.br\/noticias\/\",\"name\":\"Not\u00edcias - Franciscanos\",\"description\":\"Prov\u00edncia Franciscana da Imaculada Concei\u00e7\u00e3o do Brasil - Ordem dos Frades Menores - OFM\",\"potentialAction\":[{\"@type\":\"SearchAction\",\"target\":{\"@type\":\"EntryPoint\",\"urlTemplate\":\"https:\/\/franciscanos.org.br\/noticias\/?s={search_term_string}\"},\"query-input\":\"required name=search_term_string\"}],\"inLanguage\":\"pt-BR\"},{\"@type\":\"ImageObject\",\"inLanguage\":\"pt-BR\",\"@id\":\"https:\/\/franciscanos.org.br\/noticias\/papa-sao-jose-e-um-mestre-da-vida-espiritual-e-do-discernimento.html#primaryimage\",\"url\":\"https:\/\/franciscanos.org.br\/noticias\/wp-content\/uploads\/2021\/03\/papa_jose_18d.jpg\",\"contentUrl\":\"https:\/\/franciscanos.org.br\/noticias\/wp-content\/uploads\/2021\/03\/papa_jose_18d.jpg\",\"width\":832,\"height\":550},{\"@type\":\"WebPage\",\"@id\":\"https:\/\/franciscanos.org.br\/noticias\/papa-sao-jose-e-um-mestre-da-vida-espiritual-e-do-discernimento.html#webpage\",\"url\":\"https:\/\/franciscanos.org.br\/noticias\/papa-sao-jose-e-um-mestre-da-vida-espiritual-e-do-discernimento.html\",\"name\":\"Papa: S\u00e3o Jos\u00e9 \u00e9 um mestre da vida espiritual e do discernimento - Not\u00edcias - Franciscanos\",\"isPartOf\":{\"@id\":\"https:\/\/franciscanos.org.br\/noticias\/#website\"},\"primaryImageOfPage\":{\"@id\":\"https:\/\/franciscanos.org.br\/noticias\/papa-sao-jose-e-um-mestre-da-vida-espiritual-e-do-discernimento.html#primaryimage\"},\"datePublished\":\"2021-03-18T13:46:21+00:00\",\"dateModified\":\"2021-03-18T13:46:21+00:00\",\"author\":{\"@id\":\"https:\/\/franciscanos.org.br\/noticias\/#\/schema\/person\/b5c8cba458c330ccff548b056e95a5d4\"},\"breadcrumb\":{\"@id\":\"https:\/\/franciscanos.org.br\/noticias\/papa-sao-jose-e-um-mestre-da-vida-espiritual-e-do-discernimento.html#breadcrumb\"},\"inLanguage\":\"pt-BR\",\"potentialAction\":[{\"@type\":\"ReadAction\",\"target\":[\"https:\/\/franciscanos.org.br\/noticias\/papa-sao-jose-e-um-mestre-da-vida-espiritual-e-do-discernimento.html\"]}]},{\"@type\":\"BreadcrumbList\",\"@id\":\"https:\/\/franciscanos.org.br\/noticias\/papa-sao-jose-e-um-mestre-da-vida-espiritual-e-do-discernimento.html#breadcrumb\",\"itemListElement\":[{\"@type\":\"ListItem\",\"position\":1,\"name\":\"Home\",\"item\":\"https:\/\/franciscanos.org.br\/noticias\"},{\"@type\":\"ListItem\",\"position\":2,\"name\":\"Papa: S\u00e3o Jos\u00e9 \u00e9 um mestre da vida espiritual e do discernimento\"}]},{\"@type\":\"Person\",\"@id\":\"https:\/\/franciscanos.org.br\/noticias\/#\/schema\/person\/b5c8cba458c330ccff548b056e95a5d4\",\"name\":\"moacir\",\"image\":{\"@type\":\"ImageObject\",\"inLanguage\":\"pt-BR\",\"@id\":\"https:\/\/franciscanos.org.br\/noticias\/#\/schema\/person\/image\/\",\"url\":\"https:\/\/secure.gravatar.com\/avatar\/d08aa2ce4c8dd416d4479aa8536fcf64?s=96&d=mm&r=g\",\"contentUrl\":\"https:\/\/secure.gravatar.com\/avatar\/d08aa2ce4c8dd416d4479aa8536fcf64?s=96&d=mm&r=g\",\"caption\":\"moacir\"},\"url\":\"https:\/\/franciscanos.org.br\/noticias\/author\/moacir\"}]}<\/script>\n<!-- \/ Yoast SEO plugin. -->","yoast_head_json":{"title":"Papa: S\u00e3o Jos\u00e9 \u00e9 um mestre da vida espiritual e do discernimento - Not\u00edcias - Franciscanos","robots":{"index":"index","follow":"follow","max-snippet":"max-snippet:-1","max-image-preview":"max-image-preview:large","max-video-preview":"max-video-preview:-1"},"canonical":"https:\/\/franciscanos.org.br\/noticias\/papa-sao-jose-e-um-mestre-da-vida-espiritual-e-do-discernimento.html","og_locale":"pt_BR","og_type":"article","og_title":"Papa: S\u00e3o Jos\u00e9 \u00e9 um mestre da vida espiritual e do discernimento - Not\u00edcias - Franciscanos","og_description":"Audi\u00eancia ao Pontif\u00edcio Col\u00e9gio Belga","og_url":"https:\/\/franciscanos.org.br\/noticias\/papa-sao-jose-e-um-mestre-da-vida-espiritual-e-do-discernimento.html","og_site_name":"Not\u00edcias - Franciscanos","article_published_time":"2021-03-18T13:46:21+00:00","og_image":[{"width":832,"height":550,"url":"https:\/\/franciscanos.org.br\/noticias\/wp-content\/uploads\/2021\/03\/papa_jose_18d.jpg","type":"image\/jpeg"}],"author":"moacir","twitter_card":"summary_large_image","twitter_misc":{"Escrito por":"moacir","Est. tempo de leitura":"4 minutos"},"schema":{"@context":"https:\/\/schema.org","@graph":[{"@type":"WebSite","@id":"https:\/\/franciscanos.org.br\/noticias\/#website","url":"https:\/\/franciscanos.org.br\/noticias\/","name":"Not\u00edcias - Franciscanos","description":"Prov\u00edncia Franciscana da Imaculada Concei\u00e7\u00e3o do Brasil - Ordem dos Frades Menores - OFM","potentialAction":[{"@type":"SearchAction","target":{"@type":"EntryPoint","urlTemplate":"https:\/\/franciscanos.org.br\/noticias\/?s={search_term_string}"},"query-input":"required name=search_term_string"}],"inLanguage":"pt-BR"},{"@type":"ImageObject","inLanguage":"pt-BR","@id":"https:\/\/franciscanos.org.br\/noticias\/papa-sao-jose-e-um-mestre-da-vida-espiritual-e-do-discernimento.html#primaryimage","url":"https:\/\/franciscanos.org.br\/noticias\/wp-content\/uploads\/2021\/03\/papa_jose_18d.jpg","contentUrl":"https:\/\/franciscanos.org.br\/noticias\/wp-content\/uploads\/2021\/03\/papa_jose_18d.jpg","width":832,"height":550},{"@type":"WebPage","@id":"https:\/\/franciscanos.org.br\/noticias\/papa-sao-jose-e-um-mestre-da-vida-espiritual-e-do-discernimento.html#webpage","url":"https:\/\/franciscanos.org.br\/noticias\/papa-sao-jose-e-um-mestre-da-vida-espiritual-e-do-discernimento.html","name":"Papa: S\u00e3o Jos\u00e9 \u00e9 um mestre da vida espiritual e do discernimento - Not\u00edcias - Franciscanos","isPartOf":{"@id":"https:\/\/franciscanos.org.br\/noticias\/#website"},"primaryImageOfPage":{"@id":"https:\/\/franciscanos.org.br\/noticias\/papa-sao-jose-e-um-mestre-da-vida-espiritual-e-do-discernimento.html#primaryimage"},"datePublished":"2021-03-18T13:46:21+00:00","dateModified":"2021-03-18T13:46:21+00:00","author":{"@id":"https:\/\/franciscanos.org.br\/noticias\/#\/schema\/person\/b5c8cba458c330ccff548b056e95a5d4"},"breadcrumb":{"@id":"https:\/\/franciscanos.org.br\/noticias\/papa-sao-jose-e-um-mestre-da-vida-espiritual-e-do-discernimento.html#breadcrumb"},"inLanguage":"pt-BR","potentialAction":[{"@type":"ReadAction","target":["https:\/\/franciscanos.org.br\/noticias\/papa-sao-jose-e-um-mestre-da-vida-espiritual-e-do-discernimento.html"]}]},{"@type":"BreadcrumbList","@id":"https:\/\/franciscanos.org.br\/noticias\/papa-sao-jose-e-um-mestre-da-vida-espiritual-e-do-discernimento.html#breadcrumb","itemListElement":[{"@type":"ListItem","position":1,"name":"Home","item":"https:\/\/franciscanos.org.br\/noticias"},{"@type":"ListItem","position":2,"name":"Papa: S\u00e3o Jos\u00e9 \u00e9 um mestre da vida espiritual e do discernimento"}]},{"@type":"Person","@id":"https:\/\/franciscanos.org.br\/noticias\/#\/schema\/person\/b5c8cba458c330ccff548b056e95a5d4","name":"moacir","image":{"@type":"ImageObject","inLanguage":"pt-BR","@id":"https:\/\/franciscanos.org.br\/noticias\/#\/schema\/person\/image\/","url":"https:\/\/secure.gravatar.com\/avatar\/d08aa2ce4c8dd416d4479aa8536fcf64?s=96&d=mm&r=g","contentUrl":"https:\/\/secure.gravatar.com\/avatar\/d08aa2ce4c8dd416d4479aa8536fcf64?s=96&d=mm&r=g","caption":"moacir"},"url":"https:\/\/franciscanos.org.br\/noticias\/author\/moacir"}]}},"_links":{"self":[{"href":"https:\/\/franciscanos.org.br\/noticias\/wp-json\/wp\/v2\/posts\/231186"}],"collection":[{"href":"https:\/\/franciscanos.org.br\/noticias\/wp-json\/wp\/v2\/posts"}],"about":[{"href":"https:\/\/franciscanos.org.br\/noticias\/wp-json\/wp\/v2\/types\/post"}],"author":[{"embeddable":true,"href":"https:\/\/franciscanos.org.br\/noticias\/wp-json\/wp\/v2\/users\/3"}],"replies":[{"embeddable":true,"href":"https:\/\/franciscanos.org.br\/noticias\/wp-json\/wp\/v2\/comments?post=231186"}],"version-history":[{"count":1,"href":"https:\/\/franciscanos.org.br\/noticias\/wp-json\/wp\/v2\/posts\/231186\/revisions"}],"predecessor-version":[{"id":231189,"href":"https:\/\/franciscanos.org.br\/noticias\/wp-json\/wp\/v2\/posts\/231186\/revisions\/231189"}],"wp:featuredmedia":[{"embeddable":true,"href":"https:\/\/franciscanos.org.br\/noticias\/wp-json\/wp\/v2\/media\/231188"}],"wp:attachment":[{"href":"https:\/\/franciscanos.org.br\/noticias\/wp-json\/wp\/v2\/media?parent=231186"}],"wp:term":[{"taxonomy":"category","embeddable":true,"href":"https:\/\/franciscanos.org.br\/noticias\/wp-json\/wp\/v2\/categories?post=231186"},{"taxonomy":"post_tag","embeddable":true,"href":"https:\/\/franciscanos.org.br\/noticias\/wp-json\/wp\/v2\/tags?post=231186"}],"curies":[{"name":"wp","href":"https:\/\/api.w.org\/{rel}","templated":true}]}}