{"id":231173,"date":"2021-03-18T07:44:41","date_gmt":"2021-03-18T10:44:41","guid":{"rendered":"https:\/\/franciscanos.org.br\/noticias\/?p=231173"},"modified":"2021-03-18T07:44:41","modified_gmt":"2021-03-18T10:44:41","slug":"usf-disponibiliza-ambiente-especializado-ao-poder-publico-de-braganca-paulista-em-apoio-ao-combate-da-pandemia","status":"publish","type":"post","link":"https:\/\/franciscanos.org.br\/noticias\/usf-disponibiliza-ambiente-especializado-ao-poder-publico-de-braganca-paulista-em-apoio-ao-combate-da-pandemia.html","title":{"rendered":"USF disponibiliza ambiente especializado ao Poder P\u00fablico de Bragan\u00e7a Paulista em apoio ao combate da pandemia\u00a0"},"content":{"rendered":"<p><img loading=\"lazy\" class=\"alignnone wp-image-231174 size-full\" src=\"https:\/\/franciscanos.org.br\/noticias\/wp-content\/uploads\/2021\/03\/usf_1803.jpg\" alt=\"\" width=\"1280\" height=\"720\" srcset=\"https:\/\/franciscanos.org.br\/noticias\/wp-content\/uploads\/2021\/03\/usf_1803.jpg 1280w, https:\/\/franciscanos.org.br\/noticias\/wp-content\/uploads\/2021\/03\/usf_1803-450x253.jpg 450w, https:\/\/franciscanos.org.br\/noticias\/wp-content\/uploads\/2021\/03\/usf_1803-1024x576.jpg 1024w, https:\/\/franciscanos.org.br\/noticias\/wp-content\/uploads\/2021\/03\/usf_1803-768x432.jpg 768w, https:\/\/franciscanos.org.br\/noticias\/wp-content\/uploads\/2021\/03\/usf_1803-150x84.jpg 150w\" sizes=\"(max-width: 1280px) 100vw, 1280px\" \/><\/p>\n<p dir=\"ltr\"><strong>Bragan\u00e7a Paulista (SP)<\/strong> &#8211; A Universidade S\u00e3o Francisco (USF), considerando o cen\u00e1rio de avan\u00e7o da pandemia da SARS-CoV-2 na regi\u00e3o bragantina e o seu compromisso social, disponibilizar\u00e1 de forma gratuita ao Poder P\u00fablico, o espa\u00e7o f\u00edsico do Laborat\u00f3rio de Habilidades e o Centro de Simula\u00e7\u00e3o Real\u00edstica, do C\u00e2mpus Bragan\u00e7a Paulista, com aproximadamente 1.300 m\u00b2, infraestrutura necess\u00e1ria para os atendimentos ao tratamento de pacientes com COVID-19.<\/p>\n<p dir=\"ltr\">O principal objetivo \u00e9 auxiliar o sistema de sa\u00fade p\u00fablica nas a\u00e7\u00f5es de enfrentamento \u00e0s demandas sanit\u00e1rias da pandemia. \u201cTrata-se de uma proposta que surgiu da equipe de profissionais da USF e, ap\u00f3s diversas pondera\u00e7\u00f5es, a Universidade compreende que o momento \u00e9 de apoio m\u00fatuo e de fortalecimento coletivo da sociedade. Em situa\u00e7\u00f5es como esta, a miss\u00e3o franciscana da Institui\u00e7\u00e3o se faz necess\u00e1ria, principalmente no campo da solidariedade e ajuda humanit\u00e1ria\u201d, afirmou o vice-reitor da USF, Frei Thiago Alexandre Hayakawa.<\/p>\n<p dir=\"ltr\">O Centro de Simula\u00e7\u00e3o Real\u00edstica foi inaugurado em 2017 e apresenta uma infraestrutura moderna para o desenvolvimento de habilidades pr\u00e1ticas e comportamentais para os futuros profissionais da sa\u00fade. O espa\u00e7o permite adapta\u00e7\u00f5es\u00a0 para tornar-se um ambiente hospitalar real, para o enfrentamento de situa\u00e7\u00f5es de emerg\u00eancia, como a do momento atual. O espa\u00e7o, devidamente isolado, sob a gest\u00e3o municipal, ser\u00e1 destinado exclusivamente ao tratamento de pacientes com COVID-19 oriundos do sistema de sa\u00fade p\u00fablico regional.<\/p>\n<p dir=\"ltr\">Durante este per\u00edodo, as atividades do Laborat\u00f3rio de Habilidades e Centro de Simula\u00e7\u00e3o Real\u00edstica ser\u00e3o remanejadas para outros ambientes da Universidade, garantindo sempre a qualidade do ensino.<\/p>\n<hr \/>\n<p dir=\"ltr\"><em>Ana Paula Moreira<\/em><\/p>\n","protected":false},"excerpt":{"rendered":"<p>USF<\/p>\n","protected":false},"author":3,"featured_media":231175,"comment_status":"open","ping_status":"open","sticky":false,"template":"","format":"standard","meta":[],"categories":[1],"tags":[354],"acf":[],"yoast_head":"<!-- This site is optimized with the Yoast SEO plugin v19.2 - https:\/\/yoast.com\/wordpress\/plugins\/seo\/ -->\n<title>USF disponibiliza ambiente especializado ao Poder P\u00fablico de Bragan\u00e7a Paulista em apoio ao combate da pandemia\u00a0 - Not\u00edcias - Franciscanos<\/title>\n<meta name=\"robots\" content=\"index, follow, max-snippet:-1, max-image-preview:large, max-video-preview:-1\" \/>\n<link rel=\"canonical\" href=\"https:\/\/franciscanos.org.br\/noticias\/usf-disponibiliza-ambiente-especializado-ao-poder-publico-de-braganca-paulista-em-apoio-ao-combate-da-pandemia.html\" \/>\n<meta property=\"og:locale\" content=\"pt_BR\" \/>\n<meta property=\"og:type\" content=\"article\" \/>\n<meta property=\"og:title\" content=\"USF disponibiliza ambiente especializado ao Poder P\u00fablico de Bragan\u00e7a Paulista em apoio ao combate da pandemia\u00a0 - Not\u00edcias - Franciscanos\" \/>\n<meta property=\"og:description\" content=\"USF\" \/>\n<meta property=\"og:url\" content=\"https:\/\/franciscanos.org.br\/noticias\/usf-disponibiliza-ambiente-especializado-ao-poder-publico-de-braganca-paulista-em-apoio-ao-combate-da-pandemia.html\" \/>\n<meta property=\"og:site_name\" content=\"Not\u00edcias - Franciscanos\" \/>\n<meta property=\"article:published_time\" content=\"2021-03-18T10:44:41+00:00\" \/>\n<meta property=\"og:image\" content=\"https:\/\/franciscanos.org.br\/noticias\/wp-content\/uploads\/2021\/03\/usf_1803d.jpg\" \/>\n\t<meta property=\"og:image:width\" content=\"800\" \/>\n\t<meta property=\"og:image:height\" content=\"560\" \/>\n\t<meta property=\"og:image:type\" content=\"image\/jpeg\" \/>\n<meta name=\"author\" content=\"moacir\" \/>\n<meta name=\"twitter:card\" content=\"summary_large_image\" \/>\n<meta name=\"twitter:label1\" content=\"Escrito por\" \/>\n\t<meta name=\"twitter:data1\" content=\"moacir\" \/>\n\t<meta name=\"twitter:label2\" content=\"Est. tempo de leitura\" \/>\n\t<meta name=\"twitter:data2\" content=\"1 minuto\" \/>\n<script type=\"application\/ld+json\" class=\"yoast-schema-graph\">{\"@context\":\"https:\/\/schema.org\",\"@graph\":[{\"@type\":\"WebSite\",\"@id\":\"https:\/\/franciscanos.org.br\/noticias\/#website\",\"url\":\"https:\/\/franciscanos.org.br\/noticias\/\",\"name\":\"Not\u00edcias - Franciscanos\",\"description\":\"Prov\u00edncia Franciscana da Imaculada Concei\u00e7\u00e3o do Brasil - Ordem dos Frades Menores - OFM\",\"potentialAction\":[{\"@type\":\"SearchAction\",\"target\":{\"@type\":\"EntryPoint\",\"urlTemplate\":\"https:\/\/franciscanos.org.br\/noticias\/?s={search_term_string}\"},\"query-input\":\"required name=search_term_string\"}],\"inLanguage\":\"pt-BR\"},{\"@type\":\"ImageObject\",\"inLanguage\":\"pt-BR\",\"@id\":\"https:\/\/franciscanos.org.br\/noticias\/usf-disponibiliza-ambiente-especializado-ao-poder-publico-de-braganca-paulista-em-apoio-ao-combate-da-pandemia.html#primaryimage\",\"url\":\"https:\/\/franciscanos.org.br\/noticias\/wp-content\/uploads\/2021\/03\/usf_1803d.jpg\",\"contentUrl\":\"https:\/\/franciscanos.org.br\/noticias\/wp-content\/uploads\/2021\/03\/usf_1803d.jpg\",\"width\":800,\"height\":560},{\"@type\":\"WebPage\",\"@id\":\"https:\/\/franciscanos.org.br\/noticias\/usf-disponibiliza-ambiente-especializado-ao-poder-publico-de-braganca-paulista-em-apoio-ao-combate-da-pandemia.html#webpage\",\"url\":\"https:\/\/franciscanos.org.br\/noticias\/usf-disponibiliza-ambiente-especializado-ao-poder-publico-de-braganca-paulista-em-apoio-ao-combate-da-pandemia.html\",\"name\":\"USF disponibiliza ambiente especializado ao Poder P\u00fablico de Bragan\u00e7a Paulista em apoio ao combate da pandemia\u00a0 - Not\u00edcias - Franciscanos\",\"isPartOf\":{\"@id\":\"https:\/\/franciscanos.org.br\/noticias\/#website\"},\"primaryImageOfPage\":{\"@id\":\"https:\/\/franciscanos.org.br\/noticias\/usf-disponibiliza-ambiente-especializado-ao-poder-publico-de-braganca-paulista-em-apoio-ao-combate-da-pandemia.html#primaryimage\"},\"datePublished\":\"2021-03-18T10:44:41+00:00\",\"dateModified\":\"2021-03-18T10:44:41+00:00\",\"author\":{\"@id\":\"https:\/\/franciscanos.org.br\/noticias\/#\/schema\/person\/b5c8cba458c330ccff548b056e95a5d4\"},\"breadcrumb\":{\"@id\":\"https:\/\/franciscanos.org.br\/noticias\/usf-disponibiliza-ambiente-especializado-ao-poder-publico-de-braganca-paulista-em-apoio-ao-combate-da-pandemia.html#breadcrumb\"},\"inLanguage\":\"pt-BR\",\"potentialAction\":[{\"@type\":\"ReadAction\",\"target\":[\"https:\/\/franciscanos.org.br\/noticias\/usf-disponibiliza-ambiente-especializado-ao-poder-publico-de-braganca-paulista-em-apoio-ao-combate-da-pandemia.html\"]}]},{\"@type\":\"BreadcrumbList\",\"@id\":\"https:\/\/franciscanos.org.br\/noticias\/usf-disponibiliza-ambiente-especializado-ao-poder-publico-de-braganca-paulista-em-apoio-ao-combate-da-pandemia.html#breadcrumb\",\"itemListElement\":[{\"@type\":\"ListItem\",\"position\":1,\"name\":\"Home\",\"item\":\"https:\/\/franciscanos.org.br\/noticias\"},{\"@type\":\"ListItem\",\"position\":2,\"name\":\"USF disponibiliza ambiente especializado ao Poder P\u00fablico de Bragan\u00e7a Paulista em apoio ao combate da pandemia\u00a0\"}]},{\"@type\":\"Person\",\"@id\":\"https:\/\/franciscanos.org.br\/noticias\/#\/schema\/person\/b5c8cba458c330ccff548b056e95a5d4\",\"name\":\"moacir\",\"image\":{\"@type\":\"ImageObject\",\"inLanguage\":\"pt-BR\",\"@id\":\"https:\/\/franciscanos.org.br\/noticias\/#\/schema\/person\/image\/\",\"url\":\"https:\/\/secure.gravatar.com\/avatar\/d08aa2ce4c8dd416d4479aa8536fcf64?s=96&d=mm&r=g\",\"contentUrl\":\"https:\/\/secure.gravatar.com\/avatar\/d08aa2ce4c8dd416d4479aa8536fcf64?s=96&d=mm&r=g\",\"caption\":\"moacir\"},\"url\":\"https:\/\/franciscanos.org.br\/noticias\/author\/moacir\"}]}<\/script>\n<!-- \/ Yoast SEO plugin. -->","yoast_head_json":{"title":"USF disponibiliza ambiente especializado ao Poder P\u00fablico de Bragan\u00e7a Paulista em apoio ao combate da pandemia\u00a0 - Not\u00edcias - Franciscanos","robots":{"index":"index","follow":"follow","max-snippet":"max-snippet:-1","max-image-preview":"max-image-preview:large","max-video-preview":"max-video-preview:-1"},"canonical":"https:\/\/franciscanos.org.br\/noticias\/usf-disponibiliza-ambiente-especializado-ao-poder-publico-de-braganca-paulista-em-apoio-ao-combate-da-pandemia.html","og_locale":"pt_BR","og_type":"article","og_title":"USF disponibiliza ambiente especializado ao Poder P\u00fablico de Bragan\u00e7a Paulista em apoio ao combate da pandemia\u00a0 - Not\u00edcias - Franciscanos","og_description":"USF","og_url":"https:\/\/franciscanos.org.br\/noticias\/usf-disponibiliza-ambiente-especializado-ao-poder-publico-de-braganca-paulista-em-apoio-ao-combate-da-pandemia.html","og_site_name":"Not\u00edcias - Franciscanos","article_published_time":"2021-03-18T10:44:41+00:00","og_image":[{"width":800,"height":560,"url":"https:\/\/franciscanos.org.br\/noticias\/wp-content\/uploads\/2021\/03\/usf_1803d.jpg","type":"image\/jpeg"}],"author":"moacir","twitter_card":"summary_large_image","twitter_misc":{"Escrito por":"moacir","Est. tempo de leitura":"1 minuto"},"schema":{"@context":"https:\/\/schema.org","@graph":[{"@type":"WebSite","@id":"https:\/\/franciscanos.org.br\/noticias\/#website","url":"https:\/\/franciscanos.org.br\/noticias\/","name":"Not\u00edcias - Franciscanos","description":"Prov\u00edncia Franciscana da Imaculada Concei\u00e7\u00e3o do Brasil - Ordem dos Frades Menores - OFM","potentialAction":[{"@type":"SearchAction","target":{"@type":"EntryPoint","urlTemplate":"https:\/\/franciscanos.org.br\/noticias\/?s={search_term_string}"},"query-input":"required name=search_term_string"}],"inLanguage":"pt-BR"},{"@type":"ImageObject","inLanguage":"pt-BR","@id":"https:\/\/franciscanos.org.br\/noticias\/usf-disponibiliza-ambiente-especializado-ao-poder-publico-de-braganca-paulista-em-apoio-ao-combate-da-pandemia.html#primaryimage","url":"https:\/\/franciscanos.org.br\/noticias\/wp-content\/uploads\/2021\/03\/usf_1803d.jpg","contentUrl":"https:\/\/franciscanos.org.br\/noticias\/wp-content\/uploads\/2021\/03\/usf_1803d.jpg","width":800,"height":560},{"@type":"WebPage","@id":"https:\/\/franciscanos.org.br\/noticias\/usf-disponibiliza-ambiente-especializado-ao-poder-publico-de-braganca-paulista-em-apoio-ao-combate-da-pandemia.html#webpage","url":"https:\/\/franciscanos.org.br\/noticias\/usf-disponibiliza-ambiente-especializado-ao-poder-publico-de-braganca-paulista-em-apoio-ao-combate-da-pandemia.html","name":"USF disponibiliza ambiente especializado ao Poder P\u00fablico de Bragan\u00e7a Paulista em apoio ao combate da pandemia\u00a0 - Not\u00edcias - Franciscanos","isPartOf":{"@id":"https:\/\/franciscanos.org.br\/noticias\/#website"},"primaryImageOfPage":{"@id":"https:\/\/franciscanos.org.br\/noticias\/usf-disponibiliza-ambiente-especializado-ao-poder-publico-de-braganca-paulista-em-apoio-ao-combate-da-pandemia.html#primaryimage"},"datePublished":"2021-03-18T10:44:41+00:00","dateModified":"2021-03-18T10:44:41+00:00","author":{"@id":"https:\/\/franciscanos.org.br\/noticias\/#\/schema\/person\/b5c8cba458c330ccff548b056e95a5d4"},"breadcrumb":{"@id":"https:\/\/franciscanos.org.br\/noticias\/usf-disponibiliza-ambiente-especializado-ao-poder-publico-de-braganca-paulista-em-apoio-ao-combate-da-pandemia.html#breadcrumb"},"inLanguage":"pt-BR","potentialAction":[{"@type":"ReadAction","target":["https:\/\/franciscanos.org.br\/noticias\/usf-disponibiliza-ambiente-especializado-ao-poder-publico-de-braganca-paulista-em-apoio-ao-combate-da-pandemia.html"]}]},{"@type":"BreadcrumbList","@id":"https:\/\/franciscanos.org.br\/noticias\/usf-disponibiliza-ambiente-especializado-ao-poder-publico-de-braganca-paulista-em-apoio-ao-combate-da-pandemia.html#breadcrumb","itemListElement":[{"@type":"ListItem","position":1,"name":"Home","item":"https:\/\/franciscanos.org.br\/noticias"},{"@type":"ListItem","position":2,"name":"USF disponibiliza ambiente especializado ao Poder P\u00fablico de Bragan\u00e7a Paulista em apoio ao combate da pandemia\u00a0"}]},{"@type":"Person","@id":"https:\/\/franciscanos.org.br\/noticias\/#\/schema\/person\/b5c8cba458c330ccff548b056e95a5d4","name":"moacir","image":{"@type":"ImageObject","inLanguage":"pt-BR","@id":"https:\/\/franciscanos.org.br\/noticias\/#\/schema\/person\/image\/","url":"https:\/\/secure.gravatar.com\/avatar\/d08aa2ce4c8dd416d4479aa8536fcf64?s=96&d=mm&r=g","contentUrl":"https:\/\/secure.gravatar.com\/avatar\/d08aa2ce4c8dd416d4479aa8536fcf64?s=96&d=mm&r=g","caption":"moacir"},"url":"https:\/\/franciscanos.org.br\/noticias\/author\/moacir"}]}},"_links":{"self":[{"href":"https:\/\/franciscanos.org.br\/noticias\/wp-json\/wp\/v2\/posts\/231173"}],"collection":[{"href":"https:\/\/franciscanos.org.br\/noticias\/wp-json\/wp\/v2\/posts"}],"about":[{"href":"https:\/\/franciscanos.org.br\/noticias\/wp-json\/wp\/v2\/types\/post"}],"author":[{"embeddable":true,"href":"https:\/\/franciscanos.org.br\/noticias\/wp-json\/wp\/v2\/users\/3"}],"replies":[{"embeddable":true,"href":"https:\/\/franciscanos.org.br\/noticias\/wp-json\/wp\/v2\/comments?post=231173"}],"version-history":[{"count":1,"href":"https:\/\/franciscanos.org.br\/noticias\/wp-json\/wp\/v2\/posts\/231173\/revisions"}],"predecessor-version":[{"id":231176,"href":"https:\/\/franciscanos.org.br\/noticias\/wp-json\/wp\/v2\/posts\/231173\/revisions\/231176"}],"wp:featuredmedia":[{"embeddable":true,"href":"https:\/\/franciscanos.org.br\/noticias\/wp-json\/wp\/v2\/media\/231175"}],"wp:attachment":[{"href":"https:\/\/franciscanos.org.br\/noticias\/wp-json\/wp\/v2\/media?parent=231173"}],"wp:term":[{"taxonomy":"category","embeddable":true,"href":"https:\/\/franciscanos.org.br\/noticias\/wp-json\/wp\/v2\/categories?post=231173"},{"taxonomy":"post_tag","embeddable":true,"href":"https:\/\/franciscanos.org.br\/noticias\/wp-json\/wp\/v2\/tags?post=231173"}],"curies":[{"name":"wp","href":"https:\/\/api.w.org\/{rel}","templated":true}]}}