{"id":231163,"date":"2021-03-17T06:49:09","date_gmt":"2021-03-17T09:49:09","guid":{"rendered":"https:\/\/franciscanos.org.br\/noticias\/?p=231163"},"modified":"2021-03-17T06:49:09","modified_gmt":"2021-03-17T09:49:09","slug":"estado-podera-implantar-mais-30-leitos-covid-19-na-regiao-bragantina","status":"publish","type":"post","link":"https:\/\/franciscanos.org.br\/noticias\/estado-podera-implantar-mais-30-leitos-covid-19-na-regiao-bragantina.html","title":{"rendered":"Estado poder\u00e1 implantar mais 30 leitos Covid-19 na Regi\u00e3o Bragantina"},"content":{"rendered":"<p><img loading=\"lazy\" class=\"alignnone wp-image-231164 size-full\" src=\"https:\/\/franciscanos.org.br\/noticias\/wp-content\/uploads\/2021\/03\/leitos_17.jpg\" alt=\"\" width=\"890\" height=\"592\" srcset=\"https:\/\/franciscanos.org.br\/noticias\/wp-content\/uploads\/2021\/03\/leitos_17.jpg 890w, https:\/\/franciscanos.org.br\/noticias\/wp-content\/uploads\/2021\/03\/leitos_17-450x299.jpg 450w, https:\/\/franciscanos.org.br\/noticias\/wp-content\/uploads\/2021\/03\/leitos_17-768x511.jpg 768w, https:\/\/franciscanos.org.br\/noticias\/wp-content\/uploads\/2021\/03\/leitos_17-150x100.jpg 150w\" sizes=\"(max-width: 890px) 100vw, 890px\" \/><\/p>\n<p><strong>Bragan\u00e7a Paulista (SP)<\/strong> \u2013 O governo estadual poder\u00e1 implantar mais 30 leitos de enfermaria e de UTI em Bragan\u00e7a Paulista exclusivos aos pacientes com Covid-19. A iniciativa, resultado de reivindica\u00e7\u00e3o do deputado Edmir Chedid (DEM), ser\u00e1 formalizada por meio de parceria entre a prefeitura e a Universidade S\u00e3o Francisco (USF), que cedeu uma \u00e1rea com 3 mil m\u00b2 para a implanta\u00e7\u00e3o da unidade de tratamento.<\/p>\n<p>De acordo com o parlamentar, a \u00e1rea integra o Centro de Simula\u00e7\u00e3o Real\u00edstica dos cursos de gradua\u00e7\u00e3o em sa\u00fade mantidos pela USF, localizado no Campus Bragan\u00e7a Paulista. \u201cPortanto, os leitos n\u00e3o estar\u00e3o vinculados ao Hospital Universit\u00e1rio (HUSF), mas \u00e0 infraestrutura da universidade, que se tornou refer\u00eancia em n\u00edvel regional no ensino-aprendizagem da \u00e1rea da sa\u00fade\u201d, afirmou.<\/p>\n<p>Edmir Chedid explicou que a abertura de mais leitos de enfermaria e de UTI se deve ao crescimento de casos registrados na Regi\u00e3o Bragantina. \u201cO n\u00famero de infectados pelo coronav\u00edrus cresceu em praticamente todo o pa\u00eds. Por isso, para enfrentar esta segunda onda da transmiss\u00e3o da doen\u00e7a, atuamos a fim de garantir o acesso da comunidade ao atendimento gratuito\u201d, complementou.<\/p>\n<p>A disponibiliza\u00e7\u00e3o do Centro de Simula\u00e7\u00e3o Real\u00edstica foi aprovada numa reuni\u00e3o entre o parlamentar e o Pr\u00f3-Reitor de Ensino, Pesquisa e Extens\u00e3o (Proepe) da Universidade S\u00e3o Francisco, Dilnei Lorenzi. \u201cA cess\u00e3o desta \u00e1rea pela universidade \u00e9 essencial para que possamos ampliar os leitos \u00e0 regi\u00e3o. Agora, precisamos do apoio do governo estadual para a libera\u00e7\u00e3o dos recursos\u201d, disse o deputado.<\/p>\n<p><em>Imagem: Edmir Chedid defende import\u00e2ncia do investimento do Estado para garantir a parceria com USF.<\/em><\/p>\n<p><strong>Leitos<\/strong><br \/>\nNo in\u00edcio do m\u00eas, o parlamentar conseguiu a libera\u00e7\u00e3o de R$ 1,7 milh\u00e3o para a implanta\u00e7\u00e3o de mais 16 mais leitos de UTI \u00e0 Regi\u00e3o Bragantina, beneficiando Atibaia, Bom Jesus dos Perd\u00f5es, Bragan\u00e7a Paulista, Joan\u00f3polis, Nazar\u00e9 Paulista, Pedra Bela, Pinhalzinho, Piracaia, Socorro, Tuiuti e Vargem. As UTIs foram implantadas na Santa Casa de Bragan\u00e7a Paulista (13 leitos) e no Hospital Novo Bragantino (03 leitos UTIs e 06 de enfermaria exclusivos aos pacientes com o coronav\u00edrus).<\/p>\n<p>Desta forma, a Regi\u00e3o Bragantina passou a contar com 49 leitos de UTI e 36 de enfermaria destinados aos pacientes com a Covid-19. \u201cEstamos no pior momento da pandemia do coronav\u00edrus. Por isso, precisamos unir os esfor\u00e7os para garantir o atendimento \u00e0 comunidade. Tamb\u00e9m devemos ressaltar a import\u00e2ncia do apoio da comunidade no combate \u00e0 dissemina\u00e7\u00e3o do coronav\u00edrus\u201d, finalizou.<\/p>\n<hr \/>\n<p><strong><em>Informa\u00e7\u00f5es: <\/em><\/strong><em>Anselmo Dequero, <\/em><em>Assessor de Imprensa, <\/em><em>jornalismo@edmirchedid.com.br <\/em><em>(11) 99592 5118<\/em><\/p>\n","protected":false},"excerpt":{"rendered":"<p>Universidade S\u00e3o Francisco<\/p>\n","protected":false},"author":3,"featured_media":231165,"comment_status":"open","ping_status":"open","sticky":false,"template":"","format":"standard","meta":[],"categories":[1],"tags":[354],"acf":[],"yoast_head":"<!-- This site is optimized with the Yoast SEO plugin v19.2 - https:\/\/yoast.com\/wordpress\/plugins\/seo\/ -->\n<title>Estado poder\u00e1 implantar mais 30 leitos Covid-19 na Regi\u00e3o Bragantina - Not\u00edcias - Franciscanos<\/title>\n<meta name=\"robots\" content=\"index, follow, max-snippet:-1, max-image-preview:large, max-video-preview:-1\" \/>\n<link rel=\"canonical\" href=\"https:\/\/franciscanos.org.br\/noticias\/estado-podera-implantar-mais-30-leitos-covid-19-na-regiao-bragantina.html\" \/>\n<meta property=\"og:locale\" content=\"pt_BR\" \/>\n<meta property=\"og:type\" content=\"article\" \/>\n<meta property=\"og:title\" content=\"Estado poder\u00e1 implantar mais 30 leitos Covid-19 na Regi\u00e3o Bragantina - Not\u00edcias - Franciscanos\" \/>\n<meta property=\"og:description\" content=\"Universidade S\u00e3o Francisco\" \/>\n<meta property=\"og:url\" content=\"https:\/\/franciscanos.org.br\/noticias\/estado-podera-implantar-mais-30-leitos-covid-19-na-regiao-bragantina.html\" \/>\n<meta property=\"og:site_name\" content=\"Not\u00edcias - Franciscanos\" \/>\n<meta property=\"article:published_time\" content=\"2021-03-17T09:49:09+00:00\" \/>\n<meta property=\"og:image\" content=\"https:\/\/franciscanos.org.br\/noticias\/wp-content\/uploads\/2021\/03\/leitos_17d.jpg\" \/>\n\t<meta property=\"og:image:width\" content=\"800\" \/>\n\t<meta property=\"og:image:height\" content=\"560\" \/>\n\t<meta property=\"og:image:type\" content=\"image\/jpeg\" \/>\n<meta name=\"author\" content=\"moacir\" \/>\n<meta name=\"twitter:card\" content=\"summary_large_image\" \/>\n<meta name=\"twitter:label1\" content=\"Escrito por\" \/>\n\t<meta name=\"twitter:data1\" content=\"moacir\" \/>\n\t<meta name=\"twitter:label2\" content=\"Est. tempo de leitura\" \/>\n\t<meta name=\"twitter:data2\" content=\"2 minutos\" \/>\n<script type=\"application\/ld+json\" class=\"yoast-schema-graph\">{\"@context\":\"https:\/\/schema.org\",\"@graph\":[{\"@type\":\"WebSite\",\"@id\":\"https:\/\/franciscanos.org.br\/noticias\/#website\",\"url\":\"https:\/\/franciscanos.org.br\/noticias\/\",\"name\":\"Not\u00edcias - Franciscanos\",\"description\":\"Prov\u00edncia Franciscana da Imaculada Concei\u00e7\u00e3o do Brasil - Ordem dos Frades Menores - OFM\",\"potentialAction\":[{\"@type\":\"SearchAction\",\"target\":{\"@type\":\"EntryPoint\",\"urlTemplate\":\"https:\/\/franciscanos.org.br\/noticias\/?s={search_term_string}\"},\"query-input\":\"required name=search_term_string\"}],\"inLanguage\":\"pt-BR\"},{\"@type\":\"ImageObject\",\"inLanguage\":\"pt-BR\",\"@id\":\"https:\/\/franciscanos.org.br\/noticias\/estado-podera-implantar-mais-30-leitos-covid-19-na-regiao-bragantina.html#primaryimage\",\"url\":\"https:\/\/franciscanos.org.br\/noticias\/wp-content\/uploads\/2021\/03\/leitos_17d.jpg\",\"contentUrl\":\"https:\/\/franciscanos.org.br\/noticias\/wp-content\/uploads\/2021\/03\/leitos_17d.jpg\",\"width\":800,\"height\":560},{\"@type\":\"WebPage\",\"@id\":\"https:\/\/franciscanos.org.br\/noticias\/estado-podera-implantar-mais-30-leitos-covid-19-na-regiao-bragantina.html#webpage\",\"url\":\"https:\/\/franciscanos.org.br\/noticias\/estado-podera-implantar-mais-30-leitos-covid-19-na-regiao-bragantina.html\",\"name\":\"Estado poder\u00e1 implantar mais 30 leitos Covid-19 na Regi\u00e3o Bragantina - Not\u00edcias - Franciscanos\",\"isPartOf\":{\"@id\":\"https:\/\/franciscanos.org.br\/noticias\/#website\"},\"primaryImageOfPage\":{\"@id\":\"https:\/\/franciscanos.org.br\/noticias\/estado-podera-implantar-mais-30-leitos-covid-19-na-regiao-bragantina.html#primaryimage\"},\"datePublished\":\"2021-03-17T09:49:09+00:00\",\"dateModified\":\"2021-03-17T09:49:09+00:00\",\"author\":{\"@id\":\"https:\/\/franciscanos.org.br\/noticias\/#\/schema\/person\/b5c8cba458c330ccff548b056e95a5d4\"},\"breadcrumb\":{\"@id\":\"https:\/\/franciscanos.org.br\/noticias\/estado-podera-implantar-mais-30-leitos-covid-19-na-regiao-bragantina.html#breadcrumb\"},\"inLanguage\":\"pt-BR\",\"potentialAction\":[{\"@type\":\"ReadAction\",\"target\":[\"https:\/\/franciscanos.org.br\/noticias\/estado-podera-implantar-mais-30-leitos-covid-19-na-regiao-bragantina.html\"]}]},{\"@type\":\"BreadcrumbList\",\"@id\":\"https:\/\/franciscanos.org.br\/noticias\/estado-podera-implantar-mais-30-leitos-covid-19-na-regiao-bragantina.html#breadcrumb\",\"itemListElement\":[{\"@type\":\"ListItem\",\"position\":1,\"name\":\"Home\",\"item\":\"https:\/\/franciscanos.org.br\/noticias\"},{\"@type\":\"ListItem\",\"position\":2,\"name\":\"Estado poder\u00e1 implantar mais 30 leitos Covid-19 na Regi\u00e3o Bragantina\"}]},{\"@type\":\"Person\",\"@id\":\"https:\/\/franciscanos.org.br\/noticias\/#\/schema\/person\/b5c8cba458c330ccff548b056e95a5d4\",\"name\":\"moacir\",\"image\":{\"@type\":\"ImageObject\",\"inLanguage\":\"pt-BR\",\"@id\":\"https:\/\/franciscanos.org.br\/noticias\/#\/schema\/person\/image\/\",\"url\":\"https:\/\/secure.gravatar.com\/avatar\/d08aa2ce4c8dd416d4479aa8536fcf64?s=96&d=mm&r=g\",\"contentUrl\":\"https:\/\/secure.gravatar.com\/avatar\/d08aa2ce4c8dd416d4479aa8536fcf64?s=96&d=mm&r=g\",\"caption\":\"moacir\"},\"url\":\"https:\/\/franciscanos.org.br\/noticias\/author\/moacir\"}]}<\/script>\n<!-- \/ Yoast SEO plugin. -->","yoast_head_json":{"title":"Estado poder\u00e1 implantar mais 30 leitos Covid-19 na Regi\u00e3o Bragantina - Not\u00edcias - Franciscanos","robots":{"index":"index","follow":"follow","max-snippet":"max-snippet:-1","max-image-preview":"max-image-preview:large","max-video-preview":"max-video-preview:-1"},"canonical":"https:\/\/franciscanos.org.br\/noticias\/estado-podera-implantar-mais-30-leitos-covid-19-na-regiao-bragantina.html","og_locale":"pt_BR","og_type":"article","og_title":"Estado poder\u00e1 implantar mais 30 leitos Covid-19 na Regi\u00e3o Bragantina - Not\u00edcias - Franciscanos","og_description":"Universidade S\u00e3o Francisco","og_url":"https:\/\/franciscanos.org.br\/noticias\/estado-podera-implantar-mais-30-leitos-covid-19-na-regiao-bragantina.html","og_site_name":"Not\u00edcias - Franciscanos","article_published_time":"2021-03-17T09:49:09+00:00","og_image":[{"width":800,"height":560,"url":"https:\/\/franciscanos.org.br\/noticias\/wp-content\/uploads\/2021\/03\/leitos_17d.jpg","type":"image\/jpeg"}],"author":"moacir","twitter_card":"summary_large_image","twitter_misc":{"Escrito por":"moacir","Est. tempo de leitura":"2 minutos"},"schema":{"@context":"https:\/\/schema.org","@graph":[{"@type":"WebSite","@id":"https:\/\/franciscanos.org.br\/noticias\/#website","url":"https:\/\/franciscanos.org.br\/noticias\/","name":"Not\u00edcias - Franciscanos","description":"Prov\u00edncia Franciscana da Imaculada Concei\u00e7\u00e3o do Brasil - Ordem dos Frades Menores - OFM","potentialAction":[{"@type":"SearchAction","target":{"@type":"EntryPoint","urlTemplate":"https:\/\/franciscanos.org.br\/noticias\/?s={search_term_string}"},"query-input":"required name=search_term_string"}],"inLanguage":"pt-BR"},{"@type":"ImageObject","inLanguage":"pt-BR","@id":"https:\/\/franciscanos.org.br\/noticias\/estado-podera-implantar-mais-30-leitos-covid-19-na-regiao-bragantina.html#primaryimage","url":"https:\/\/franciscanos.org.br\/noticias\/wp-content\/uploads\/2021\/03\/leitos_17d.jpg","contentUrl":"https:\/\/franciscanos.org.br\/noticias\/wp-content\/uploads\/2021\/03\/leitos_17d.jpg","width":800,"height":560},{"@type":"WebPage","@id":"https:\/\/franciscanos.org.br\/noticias\/estado-podera-implantar-mais-30-leitos-covid-19-na-regiao-bragantina.html#webpage","url":"https:\/\/franciscanos.org.br\/noticias\/estado-podera-implantar-mais-30-leitos-covid-19-na-regiao-bragantina.html","name":"Estado poder\u00e1 implantar mais 30 leitos Covid-19 na Regi\u00e3o Bragantina - Not\u00edcias - Franciscanos","isPartOf":{"@id":"https:\/\/franciscanos.org.br\/noticias\/#website"},"primaryImageOfPage":{"@id":"https:\/\/franciscanos.org.br\/noticias\/estado-podera-implantar-mais-30-leitos-covid-19-na-regiao-bragantina.html#primaryimage"},"datePublished":"2021-03-17T09:49:09+00:00","dateModified":"2021-03-17T09:49:09+00:00","author":{"@id":"https:\/\/franciscanos.org.br\/noticias\/#\/schema\/person\/b5c8cba458c330ccff548b056e95a5d4"},"breadcrumb":{"@id":"https:\/\/franciscanos.org.br\/noticias\/estado-podera-implantar-mais-30-leitos-covid-19-na-regiao-bragantina.html#breadcrumb"},"inLanguage":"pt-BR","potentialAction":[{"@type":"ReadAction","target":["https:\/\/franciscanos.org.br\/noticias\/estado-podera-implantar-mais-30-leitos-covid-19-na-regiao-bragantina.html"]}]},{"@type":"BreadcrumbList","@id":"https:\/\/franciscanos.org.br\/noticias\/estado-podera-implantar-mais-30-leitos-covid-19-na-regiao-bragantina.html#breadcrumb","itemListElement":[{"@type":"ListItem","position":1,"name":"Home","item":"https:\/\/franciscanos.org.br\/noticias"},{"@type":"ListItem","position":2,"name":"Estado poder\u00e1 implantar mais 30 leitos Covid-19 na Regi\u00e3o Bragantina"}]},{"@type":"Person","@id":"https:\/\/franciscanos.org.br\/noticias\/#\/schema\/person\/b5c8cba458c330ccff548b056e95a5d4","name":"moacir","image":{"@type":"ImageObject","inLanguage":"pt-BR","@id":"https:\/\/franciscanos.org.br\/noticias\/#\/schema\/person\/image\/","url":"https:\/\/secure.gravatar.com\/avatar\/d08aa2ce4c8dd416d4479aa8536fcf64?s=96&d=mm&r=g","contentUrl":"https:\/\/secure.gravatar.com\/avatar\/d08aa2ce4c8dd416d4479aa8536fcf64?s=96&d=mm&r=g","caption":"moacir"},"url":"https:\/\/franciscanos.org.br\/noticias\/author\/moacir"}]}},"_links":{"self":[{"href":"https:\/\/franciscanos.org.br\/noticias\/wp-json\/wp\/v2\/posts\/231163"}],"collection":[{"href":"https:\/\/franciscanos.org.br\/noticias\/wp-json\/wp\/v2\/posts"}],"about":[{"href":"https:\/\/franciscanos.org.br\/noticias\/wp-json\/wp\/v2\/types\/post"}],"author":[{"embeddable":true,"href":"https:\/\/franciscanos.org.br\/noticias\/wp-json\/wp\/v2\/users\/3"}],"replies":[{"embeddable":true,"href":"https:\/\/franciscanos.org.br\/noticias\/wp-json\/wp\/v2\/comments?post=231163"}],"version-history":[{"count":1,"href":"https:\/\/franciscanos.org.br\/noticias\/wp-json\/wp\/v2\/posts\/231163\/revisions"}],"predecessor-version":[{"id":231166,"href":"https:\/\/franciscanos.org.br\/noticias\/wp-json\/wp\/v2\/posts\/231163\/revisions\/231166"}],"wp:featuredmedia":[{"embeddable":true,"href":"https:\/\/franciscanos.org.br\/noticias\/wp-json\/wp\/v2\/media\/231165"}],"wp:attachment":[{"href":"https:\/\/franciscanos.org.br\/noticias\/wp-json\/wp\/v2\/media?parent=231163"}],"wp:term":[{"taxonomy":"category","embeddable":true,"href":"https:\/\/franciscanos.org.br\/noticias\/wp-json\/wp\/v2\/categories?post=231163"},{"taxonomy":"post_tag","embeddable":true,"href":"https:\/\/franciscanos.org.br\/noticias\/wp-json\/wp\/v2\/tags?post=231163"}],"curies":[{"name":"wp","href":"https:\/\/api.w.org\/{rel}","templated":true}]}}