{"id":231153,"date":"2021-03-16T07:49:28","date_gmt":"2021-03-16T10:49:28","guid":{"rendered":"https:\/\/franciscanos.org.br\/noticias\/?p=231153"},"modified":"2021-03-16T07:57:05","modified_gmt":"2021-03-16T10:57:05","slug":"laudatoassis","status":"publish","type":"post","link":"https:\/\/franciscanos.org.br\/noticias\/laudatoassis.html","title":{"rendered":"C\u00edrculo Laudato Si&#8217; de Assis: um dom a servi\u00e7o dos pobres e da Cria\u00e7\u00e3o"},"content":{"rendered":"<p><img loading=\"lazy\" class=\"alignnone wp-image-231159 size-full\" src=\"https:\/\/franciscanos.org.br\/noticias\/wp-content\/uploads\/2021\/03\/assis_16.jpg\" alt=\"\" width=\"1280\" height=\"701\" srcset=\"https:\/\/franciscanos.org.br\/noticias\/wp-content\/uploads\/2021\/03\/assis_16.jpg 1280w, https:\/\/franciscanos.org.br\/noticias\/wp-content\/uploads\/2021\/03\/assis_16-450x246.jpg 450w, https:\/\/franciscanos.org.br\/noticias\/wp-content\/uploads\/2021\/03\/assis_16-1024x561.jpg 1024w, https:\/\/franciscanos.org.br\/noticias\/wp-content\/uploads\/2021\/03\/assis_16-768x421.jpg 768w, https:\/\/franciscanos.org.br\/noticias\/wp-content\/uploads\/2021\/03\/assis_16-150x82.jpg 150w\" sizes=\"(max-width: 1280px) 100vw, 1280px\" \/><\/p>\n<p>Todos n\u00f3s podemos colaborar &#8220;como instrumentos de Deus&#8221; no cuidado da Cria\u00e7\u00e3o, cada um com as pr\u00f3prias &#8220;iniciativas e capacidades&#8221;. \u00c9 a solicita\u00e7\u00e3o do Papa Francisco pelo compromisso com a Casa Comum, contida na\u00a0<a href=\"http:\/\/www.vatican.va\/content\/francesco\/pt\/encyclicals\/documents\/papa-francesco_20150524_enciclica-laudato-si.html\" target=\"_blank\" rel=\"external noopener noreferrer\">Enc\u00edclica Laudato si&#8217;<\/a>, que motiva Antonio Caschetto, coordenador dos programas italianos do\u00a0<a href=\"https:\/\/catholicclimatemovement.global\/pt\/\" target=\"_blank\" rel=\"external nofollow noopener noreferrer\">Movimento Cat\u00f3lico Global pelo Clima (Gccm)<\/a>\u00a0e respons\u00e1vel pelo\u00a0<a href=\"https:\/\/catholicclimatemovement.global\/pt\/\" target=\"_blank\" rel=\"external nofollow noopener noreferrer\">C\u00edrculo Laudato si&#8217;<\/a>\u00a0de Assis.<\/p>\n<p><iframe loading=\"lazy\" title=\"A Hist\u00f3ria - Laudato si&#039; \u2013 C\u00edrculo de Assis  - 16.03.2021\" width=\"500\" height=\"281\" src=\"https:\/\/www.youtube.com\/embed\/Ok6PuIE2h3w?feature=oembed\" frameborder=\"0\" allow=\"accelerometer; autoplay; clipboard-write; encrypted-media; gyroscope; picture-in-picture\" allowfullscreen><\/iframe><\/p>\n<p>O arquiteto de 40 anos de origem siciliana que se mudou para a \u00dambria, onde vive com a esposa e dois filhos, se diz ser &#8220;particularmente afei\u00e7oado&#8221; ao par\u00e1grafo 14 do documento do Pont\u00edfice, que lembra a declara\u00e7\u00e3o pastoral de 1999 sobre a crise ambiental feita pelos bispos da \u00c1frica do Sul. O envolvimento pessoal e os talentos, isto \u00e9, &#8220;aqueles que s\u00e3o um dom de Deus para cada um de n\u00f3s&#8221;, lembra Caschetto, aparecem hoje como &#8220;necess\u00e1rios&#8221; para reparar os danos causados pelos seres humanos \u00e0 Cria\u00e7\u00e3o de Deus.<\/p>\n<h2>O Movimento Cat\u00f3lico Global pelo Clima<\/h2>\n<p>Um apelo \u00e0 a\u00e7\u00e3o, aquele do Papa, que para Antonio significa n\u00e3o &#8220;apenas&#8221; realizar projetos em sua profiss\u00e3o para reduzir o impacto ambiental, mas sobretudo reemergir e alimentar &#8220;um fogo que j\u00e1 estava presente&#8221; na pr\u00f3pria vida, marcada pela experi\u00eancia de ensinar a l\u00edngua italiana aos requerentes de asilo, pelo servi\u00e7o de guia espiritual no Santu\u00e1rio da Espolia\u00e7\u00e3o de Assis, pelo encontro em 2018 com o Movimento Cat\u00f3lico Global pelo Clima do qual nasceu o C\u00edrculo Laudato si&#8217; de Assis, em fevereiro do ano seguinte: um pequeno grupo de pessoas que se encontram regularmente para aprofundar a rela\u00e7\u00e3o com o Criador e com os outros, \u00e0 luz da enc\u00edclica de 2015, na necessidade urgente de enfrentar a mudan\u00e7a clim\u00e1tica e a crise ecol\u00f3gica.<\/p>\n<p><img loading=\"lazy\" class=\"alignnone wp-image-231154 size-full\" src=\"https:\/\/franciscanos.org.br\/noticias\/wp-content\/uploads\/2021\/03\/cq5dam.thumbnail.cropped.1500.844-1.jpeg\" alt=\"\" width=\"1280\" height=\"720\" srcset=\"https:\/\/franciscanos.org.br\/noticias\/wp-content\/uploads\/2021\/03\/cq5dam.thumbnail.cropped.1500.844-1.jpeg 1280w, https:\/\/franciscanos.org.br\/noticias\/wp-content\/uploads\/2021\/03\/cq5dam.thumbnail.cropped.1500.844-1-450x253.jpeg 450w, https:\/\/franciscanos.org.br\/noticias\/wp-content\/uploads\/2021\/03\/cq5dam.thumbnail.cropped.1500.844-1-1024x576.jpeg 1024w, https:\/\/franciscanos.org.br\/noticias\/wp-content\/uploads\/2021\/03\/cq5dam.thumbnail.cropped.1500.844-1-768x432.jpeg 768w, https:\/\/franciscanos.org.br\/noticias\/wp-content\/uploads\/2021\/03\/cq5dam.thumbnail.cropped.1500.844-1-150x84.jpeg 150w\" sizes=\"(max-width: 1280px) 100vw, 1280px\" \/><\/p>\n<div>\n<div class=\"article__embed article__embed--unwrap\">\n<div class=\"photo_embed--Title\"><em>Antonio Caschetto<\/em><\/div>\n<\/div>\n<\/div>\n<h2>Conectar e criar uma rede<\/h2>\n<p>&#8220;O C\u00edrculo Laudato si&#8221; est\u00e1 sediado no Santu\u00e1rio da Espolia\u00e7\u00e3o, na par\u00f3quia de Santa Maria Maggiore, que \u00e9 o lugar onde S\u00e3o Francisco renunciou a todos os bens e se despojou na pra\u00e7a&#8221;. Ali, onde repousa hoje o corpo do Beato Carlo Acutis, nasceu o C\u00edrculo &#8220;para criar uma rede&#8221;, para conectar &#8220;tanto as realidades que em Assis cuidam da nossa Casa Comum, portanto as associa\u00e7\u00f5es, a diocese, os escrit\u00f3rios e os outros C\u00edrculos da It\u00e1lia&#8221;, mais de uma centena em mais de 500 em todo o mundo.<\/p>\n<p>Com a ajuda do pai espiritual, o Frei Carlos Acacio Gon\u00e7alves Ferreira, que vem da Amaz\u00f4nia, Antonio fala ao Vatican News sobre uma realidade marcada por um &#8220;ambiente familiar&#8221;, por um &#8220;interc\u00e2mbio entre os participantes&#8221;, geralmente cerca de quinze pessoas, &#8220;cada uma, ent\u00e3o\u201d, explica ele, \u201cenvolve as outras &#8216;por cont\u00e1gio'&#8221;: um cont\u00e1gio que, mesmo em uma \u00e9poca de pandemia, nesse contexto ganha uma nova luz.<\/p>\n<p><img loading=\"lazy\" class=\"alignnone wp-image-231155 size-full\" src=\"https:\/\/franciscanos.org.br\/noticias\/wp-content\/uploads\/2021\/03\/cq5dam.thumbnail.cropped.1500.844-2.jpeg\" alt=\"\" width=\"1280\" height=\"720\" srcset=\"https:\/\/franciscanos.org.br\/noticias\/wp-content\/uploads\/2021\/03\/cq5dam.thumbnail.cropped.1500.844-2.jpeg 1280w, https:\/\/franciscanos.org.br\/noticias\/wp-content\/uploads\/2021\/03\/cq5dam.thumbnail.cropped.1500.844-2-450x253.jpeg 450w, https:\/\/franciscanos.org.br\/noticias\/wp-content\/uploads\/2021\/03\/cq5dam.thumbnail.cropped.1500.844-2-1024x576.jpeg 1024w, https:\/\/franciscanos.org.br\/noticias\/wp-content\/uploads\/2021\/03\/cq5dam.thumbnail.cropped.1500.844-2-768x432.jpeg 768w, https:\/\/franciscanos.org.br\/noticias\/wp-content\/uploads\/2021\/03\/cq5dam.thumbnail.cropped.1500.844-2-150x84.jpeg 150w\" sizes=\"(max-width: 1280px) 100vw, 1280px\" \/><\/p>\n<div>\n<div class=\"article__embed article__embed--unwrap\">\n<div class=\"photo_embed--Title\"><em>O padre espiritual do C\u00edrculo, Frei Carlos<\/em><\/div>\n<\/div>\n<\/div>\n<p>O C\u00edrculo, diz ele, \u201c\u00e9 baseado em tr\u00eas pilares. O primeiro \u00e9 a ora\u00e7\u00e3o: na ora\u00e7\u00e3o percebemos a contempla\u00e7\u00e3o da beleza que nos cerca e, ao mesmo tempo, tentamos escutar o grito da terra, o grito dos pobres. Depois, h\u00e1 um momento de reflex\u00e3o sobre os nossos estilos de vida, e ap\u00f3s o momento de a\u00e7\u00e3o, com algumas propostas. O C\u00edrculo torna-se quase um \u2018agor\u00e0\u2019, no qual todos fornecem informa\u00e7\u00f5es, por exemplo, sobre o uso de detergentes, sobre a limita\u00e7\u00e3o do consumo de pl\u00e1stico, sobre o desperd\u00edcio de carne, e ent\u00e3o essas reflex\u00f5es s\u00e3o transformadas em a\u00e7\u00f5es concretas&#8221;.<\/p>\n<p>O C\u00edrculo torna-se, assim, num &#8220;lugar de experimenta\u00e7\u00e3o&#8221; onde, por exemplo, experimentamos detergentes produzidos com materiais &#8220;org\u00e2nicos&#8221;, &#8220;n\u00e3o qu\u00edmicos&#8221;, mas tamb\u00e9m &#8220;de reflex\u00e3o&#8221; sobre as repercuss\u00f5es dos nossos h\u00e1bitos no meio ambiente. Por exemplo, ele lembra, &#8220;durante a Quaresma do ano passado &#8211; tamb\u00e9m dedicada ao &#8216;jejum do consumo irrespons\u00e1vel&#8217; &#8211; ap\u00f3s uma missa do nosso p\u00e1roco, projetamos um v\u00eddeo sobre o carbono gerado pela produ\u00e7\u00e3o intensiva de carne, que depois determina as emiss\u00f5es de gases de efeito estufa&#8221;. E ainda, &#8220;criamos um pequeno blog dedicado \u00e0 redu\u00e7\u00e3o do uso do pl\u00e1stico em v\u00e1rias \u00e1reas, por exemplo, em embalagens de presente, com contribui\u00e7\u00f5es preparadas pelos nossos jovens&#8221;.<\/p>\n<h2>A Casa \u201cRegina della Pace\u201d<\/h2>\n<p>Autor de &#8220;Vivi Laudato si'&#8221;, um livro sobre as ra\u00edzes franciscanas da enc\u00edclica do Papa Francisco, e formador de Animadores de Laudato si&#8217;, movido pelo chamado \u00e0 ecologia integral para colocar-se a servi\u00e7o da comunidade, Caschetto relata como entre as atividades do C\u00edrculo de Assis h\u00e1 tamb\u00e9m a colabora\u00e7\u00e3o com v\u00e1rias associa\u00e7\u00f5es, em particular, com uma funda\u00e7\u00e3o, a Casa \u201cRegina della Pace\u201d, &#8220;que acolhe pessoas necessitadas, pobres, moradores de rua e tamb\u00e9m peregrinos: iniciamos juntos um caminho que nos chama \u00e0 a\u00e7\u00e3o concreta&#8221;. Ele fala em &#8220;apoiar a Casa, que est\u00e1 localizada na \u00e1rea de San Damiano, perto do lugar onde S\u00e3o Francisco abra\u00e7ou o leproso, e que \u00e9 dirigida por duas senhoras com um grande desejo de dedicar-se aos outros, de acolher pessoas que s\u00e3o rejeitadas por todos, em grande dificuldade econ\u00f4mica: Tiziana, de Bergamo, tem uma bela hist\u00f3ria ligada a uma convers\u00e3o ecol\u00f3gica com a Amaz\u00f4nia e doou a Casa \u201cRegina della Pace\u201d de sua propriedade para acolher os necessitados. A outra se chama Rosaria e \u00e9 uma mulher de grande ora\u00e7\u00e3o&#8221;.<\/p>\n<p>Para os membros do C\u00edrculo Laudato si&#8217; \u00e9 antes de tudo uma quest\u00e3o de assegurar um servi\u00e7o de acolhida aos h\u00f3spedes da Casa: o n\u00famero, continua Caschetto, \u201c\u00e9 sempre vari\u00e1vel, mais ou menos s\u00e3o cerca de dez pessoas, \u00e0s vezes acontece de ter 15-20 quando h\u00e1 peregrinos&#8221;.<\/p>\n<p><img loading=\"lazy\" class=\"alignnone wp-image-231156 size-full\" src=\"https:\/\/franciscanos.org.br\/noticias\/wp-content\/uploads\/2021\/03\/cq5dam.thumbnail.cropped.1500.844-3.jpeg\" alt=\"\" width=\"1280\" height=\"720\" srcset=\"https:\/\/franciscanos.org.br\/noticias\/wp-content\/uploads\/2021\/03\/cq5dam.thumbnail.cropped.1500.844-3.jpeg 1280w, https:\/\/franciscanos.org.br\/noticias\/wp-content\/uploads\/2021\/03\/cq5dam.thumbnail.cropped.1500.844-3-450x253.jpeg 450w, https:\/\/franciscanos.org.br\/noticias\/wp-content\/uploads\/2021\/03\/cq5dam.thumbnail.cropped.1500.844-3-1024x576.jpeg 1024w, https:\/\/franciscanos.org.br\/noticias\/wp-content\/uploads\/2021\/03\/cq5dam.thumbnail.cropped.1500.844-3-768x432.jpeg 768w, https:\/\/franciscanos.org.br\/noticias\/wp-content\/uploads\/2021\/03\/cq5dam.thumbnail.cropped.1500.844-3-150x84.jpeg 150w\" sizes=\"(max-width: 1280px) 100vw, 1280px\" \/><\/p>\n<div>\n<div class=\"article__embed article__embed--unwrap\">\n<div class=\"photo_embed--Title\"><em>Iniciativa Laudato si\u2019 do C\u00edrculo de Assis<\/em><\/div>\n<\/div>\n<\/div>\n<p>Em setembro do ano passado, durante o Tempo da Cria\u00e7\u00e3o 2020, tamb\u00e9m foi inaugurado uma Horta Laudato si&#8217;, na &#8220;simpatia&#8221; da natureza de San Damiano, lembra Antonio. &#8220;Demos vida a esta horta num terreno da Casa \u2018Regina della Pace\u2019: n\u00e3o separamos a terra em lotes, mas a colocamos em comum, trabalhando-a e compartilhando os frutos da terra entre as pessoas que precisam dela e os participantes do C\u00edrculo&#8221;.<\/p>\n<p><img loading=\"lazy\" class=\"alignnone wp-image-231157 size-full\" src=\"https:\/\/franciscanos.org.br\/noticias\/wp-content\/uploads\/2021\/03\/cq5dam.thumbnail.cropped.1500.844-4.jpeg\" alt=\"\" width=\"1280\" height=\"720\" srcset=\"https:\/\/franciscanos.org.br\/noticias\/wp-content\/uploads\/2021\/03\/cq5dam.thumbnail.cropped.1500.844-4.jpeg 1280w, https:\/\/franciscanos.org.br\/noticias\/wp-content\/uploads\/2021\/03\/cq5dam.thumbnail.cropped.1500.844-4-450x253.jpeg 450w, https:\/\/franciscanos.org.br\/noticias\/wp-content\/uploads\/2021\/03\/cq5dam.thumbnail.cropped.1500.844-4-1024x576.jpeg 1024w, https:\/\/franciscanos.org.br\/noticias\/wp-content\/uploads\/2021\/03\/cq5dam.thumbnail.cropped.1500.844-4-768x432.jpeg 768w, https:\/\/franciscanos.org.br\/noticias\/wp-content\/uploads\/2021\/03\/cq5dam.thumbnail.cropped.1500.844-4-150x84.jpeg 150w\" sizes=\"(max-width: 1280px) 100vw, 1280px\" \/><\/p>\n<div>\n<div class=\"article__embed article__embed--unwrap\">\n<figure><picture><source srcset=\"\/content\/dam\/vaticannews\/multimedia\/2020\/11\/25\/g3.jpg\/_jcr_content\/renditions\/cq5dam.thumbnail.cropped.1500.844.jpeg 2x, \/content\/dam\/vaticannews\/multimedia\/2020\/11\/25\/g3.jpg\/_jcr_content\/renditions\/cq5dam.thumbnail.cropped.750.422.jpeg 1x\" media=\"(min-width: 1024px)\" data-original-set=\"\/content\/dam\/vaticannews\/multimedia\/2020\/11\/25\/g3.jpg\/_jcr_content\/renditions\/cq5dam.thumbnail.cropped.1500.844.jpeg 2x, \/content\/dam\/vaticannews\/multimedia\/2020\/11\/25\/g3.jpg\/_jcr_content\/renditions\/cq5dam.thumbnail.cropped.750.422.jpeg 1x\" \/><source srcset=\"\/content\/dam\/vaticannews\/multimedia\/2020\/11\/25\/g3.jpg\/_jcr_content\/renditions\/cq5dam.thumbnail.cropped.1000.563.jpeg 2x, \/content\/dam\/vaticannews\/multimedia\/2020\/11\/25\/g3.jpg\/_jcr_content\/renditions\/cq5dam.thumbnail.cropped.500.281.jpeg 1x\" media=\"(min-width: 768px)\" data-original-set=\"\/content\/dam\/vaticannews\/multimedia\/2020\/11\/25\/g3.jpg\/_jcr_content\/renditions\/cq5dam.thumbnail.cropped.1000.563.jpeg 2x, \/content\/dam\/vaticannews\/multimedia\/2020\/11\/25\/g3.jpg\/_jcr_content\/renditions\/cq5dam.thumbnail.cropped.500.281.jpeg 1x\" \/><source srcset=\"\/content\/dam\/vaticannews\/multimedia\/2020\/11\/25\/g3.jpg\/_jcr_content\/renditions\/cq5dam.thumbnail.cropped.500.281.jpeg\" data-original-set=\"\/content\/dam\/vaticannews\/multimedia\/2020\/11\/25\/g3.jpg\/_jcr_content\/renditions\/cq5dam.thumbnail.cropped.500.281.jpeg\" \/><\/picture><\/figure>\n<div class=\"photo_embed--Title\"><em>A Horta Laudato si\u2019<\/em><\/div>\n<\/div>\n<\/div>\n<p>A ideia por tr\u00e1s da iniciativa foi mais uma vez a de &#8220;cont\u00e1gio&#8221;: aqueles que trabalharam naquela terra &#8220;ser\u00e3o um est\u00edmulo para aqueles que n\u00e3o a trabalharam, mas que se beneficiaram dos frutos da terra, recebendo incentivo para se comprometerem com a pr\u00f3xima semeadura&#8221;, assegura o coordenador do C\u00edrculo. &#8220;\u00c9 um processo educativo que tentamos realizar, envolvendo tamb\u00e9m escolas, par\u00f3quias e peregrinos&#8221;.<\/p>\n<p>No ver\u00e3o passado, por exemplo, envolvemos um grupo de peregrinos no projeto da horta &#8211; cerca de quinze jovens &#8211; que tinham vindo de Pordenone para um percurso de espiritualidade em San Damiano: permanecendo por v\u00e1rios dias, eles expressaram o desejo de nos ajudar. E assim eles trabalharam a terra por meio dia e tiveram a alegria de plantar a primeira semente, uma oliveira em mem\u00f3ria da sua passagem&#8221;.<\/p>\n<h2>Di\u00e1logo ecum\u00eanico<\/h2>\n<p>O Tempo da Cria\u00e7\u00e3o &#8220;foi um tempo especial&#8221; para o C\u00edrculo Laudato si&#8217; de Assis cujos desenvolvimentos, recorda Antonio Caschetto, s\u00e3o vividos todos os dias. &#8220;Teve uma ora\u00e7\u00e3o ecum\u00eanica com o bispo de Assis, dom Domenico Sorrentino, e com diferentes realidades ecum\u00eanicas, os anglicanos, os ortodoxos. Foi um trabalho coral e envolveu tanto Assis quanto Cannara, em particular Piandarca, o lugar do Serm\u00e3o das Aves de S\u00e3o Francisco.<\/p>\n<p>Tentamos ser um fermento para a Igreja, mesmo que de forma discreta: quando as conex\u00f5es s\u00e3o criadas, \u00e9 importante que elas continuem durante todo o ano. E a continua\u00e7\u00e3o dessa ora\u00e7\u00e3o ecum\u00eanica foi entregar plantas, pequenas \u00e1rvores, a certas realidades que trabalham pelo cuidado da nossa Casa Comum&#8221;, com a qual o compromisso continua tamb\u00e9m hoje em sinal daquela colabora\u00e7\u00e3o como instrumentos de Deus desejada pelo Papa.<\/p>\n<hr \/>\n<p><em>Fonte: Vatican News (texto de Giada Aquilino )<\/em><\/p>\n<p><i>(V\u00eddeo gravado antes das \u00faltimas medidas adotadas para enfrentar a emerg\u00eancia da Covid-19)<\/i><\/p>\n<p>&nbsp;<\/p>\n","protected":false},"excerpt":{"rendered":"<p>&#8220;Laudato Si'&#8221; em Assis<\/p>\n","protected":false},"author":3,"featured_media":231162,"comment_status":"open","ping_status":"open","sticky":false,"template":"","format":"standard","meta":[],"categories":[1],"tags":[140,701],"acf":[],"yoast_head":"<!-- This site is optimized with the Yoast SEO plugin v19.2 - https:\/\/yoast.com\/wordpress\/plugins\/seo\/ -->\n<title>C\u00edrculo Laudato Si&#039; de Assis: um dom a servi\u00e7o dos pobres e da Cria\u00e7\u00e3o - Not\u00edcias - Franciscanos<\/title>\n<meta name=\"robots\" content=\"index, follow, max-snippet:-1, max-image-preview:large, max-video-preview:-1\" \/>\n<link rel=\"canonical\" href=\"https:\/\/franciscanos.org.br\/noticias\/laudatoassis.html\" \/>\n<meta property=\"og:locale\" content=\"pt_BR\" \/>\n<meta property=\"og:type\" content=\"article\" \/>\n<meta property=\"og:title\" content=\"C\u00edrculo Laudato Si&#039; de Assis: um dom a servi\u00e7o dos pobres e da Cria\u00e7\u00e3o - Not\u00edcias - Franciscanos\" \/>\n<meta property=\"og:description\" content=\"&quot;Laudato Si&#039;&quot; em Assis\" \/>\n<meta property=\"og:url\" content=\"https:\/\/franciscanos.org.br\/noticias\/laudatoassis.html\" \/>\n<meta property=\"og:site_name\" content=\"Not\u00edcias - Franciscanos\" \/>\n<meta property=\"article:published_time\" content=\"2021-03-16T10:49:28+00:00\" \/>\n<meta property=\"article:modified_time\" content=\"2021-03-16T10:57:05+00:00\" \/>\n<meta property=\"og:image\" content=\"https:\/\/franciscanos.org.br\/noticias\/wp-content\/uploads\/2021\/03\/assis_16_1.jpg\" \/>\n\t<meta property=\"og:image:width\" content=\"800\" \/>\n\t<meta property=\"og:image:height\" content=\"450\" \/>\n\t<meta property=\"og:image:type\" content=\"image\/jpeg\" \/>\n<meta name=\"author\" content=\"moacir\" \/>\n<meta name=\"twitter:card\" content=\"summary_large_image\" \/>\n<meta name=\"twitter:label1\" content=\"Escrito por\" \/>\n\t<meta name=\"twitter:data1\" content=\"moacir\" \/>\n\t<meta name=\"twitter:label2\" content=\"Est. tempo de leitura\" \/>\n\t<meta name=\"twitter:data2\" content=\"7 minutos\" \/>\n<script type=\"application\/ld+json\" class=\"yoast-schema-graph\">{\"@context\":\"https:\/\/schema.org\",\"@graph\":[{\"@type\":\"WebSite\",\"@id\":\"https:\/\/franciscanos.org.br\/noticias\/#website\",\"url\":\"https:\/\/franciscanos.org.br\/noticias\/\",\"name\":\"Not\u00edcias - Franciscanos\",\"description\":\"Prov\u00edncia Franciscana da Imaculada Concei\u00e7\u00e3o do Brasil - Ordem dos Frades Menores - OFM\",\"potentialAction\":[{\"@type\":\"SearchAction\",\"target\":{\"@type\":\"EntryPoint\",\"urlTemplate\":\"https:\/\/franciscanos.org.br\/noticias\/?s={search_term_string}\"},\"query-input\":\"required name=search_term_string\"}],\"inLanguage\":\"pt-BR\"},{\"@type\":\"ImageObject\",\"inLanguage\":\"pt-BR\",\"@id\":\"https:\/\/franciscanos.org.br\/noticias\/laudatoassis.html#primaryimage\",\"url\":\"https:\/\/franciscanos.org.br\/noticias\/wp-content\/uploads\/2021\/03\/assis_16_1.jpg\",\"contentUrl\":\"https:\/\/franciscanos.org.br\/noticias\/wp-content\/uploads\/2021\/03\/assis_16_1.jpg\",\"width\":800,\"height\":450},{\"@type\":\"WebPage\",\"@id\":\"https:\/\/franciscanos.org.br\/noticias\/laudatoassis.html#webpage\",\"url\":\"https:\/\/franciscanos.org.br\/noticias\/laudatoassis.html\",\"name\":\"C\u00edrculo Laudato Si' de Assis: um dom a servi\u00e7o dos pobres e da Cria\u00e7\u00e3o - Not\u00edcias - Franciscanos\",\"isPartOf\":{\"@id\":\"https:\/\/franciscanos.org.br\/noticias\/#website\"},\"primaryImageOfPage\":{\"@id\":\"https:\/\/franciscanos.org.br\/noticias\/laudatoassis.html#primaryimage\"},\"datePublished\":\"2021-03-16T10:49:28+00:00\",\"dateModified\":\"2021-03-16T10:57:05+00:00\",\"author\":{\"@id\":\"https:\/\/franciscanos.org.br\/noticias\/#\/schema\/person\/b5c8cba458c330ccff548b056e95a5d4\"},\"breadcrumb\":{\"@id\":\"https:\/\/franciscanos.org.br\/noticias\/laudatoassis.html#breadcrumb\"},\"inLanguage\":\"pt-BR\",\"potentialAction\":[{\"@type\":\"ReadAction\",\"target\":[\"https:\/\/franciscanos.org.br\/noticias\/laudatoassis.html\"]}]},{\"@type\":\"BreadcrumbList\",\"@id\":\"https:\/\/franciscanos.org.br\/noticias\/laudatoassis.html#breadcrumb\",\"itemListElement\":[{\"@type\":\"ListItem\",\"position\":1,\"name\":\"Home\",\"item\":\"https:\/\/franciscanos.org.br\/noticias\"},{\"@type\":\"ListItem\",\"position\":2,\"name\":\"C\u00edrculo Laudato Si&#8217; de Assis: um dom a servi\u00e7o dos pobres e da Cria\u00e7\u00e3o\"}]},{\"@type\":\"Person\",\"@id\":\"https:\/\/franciscanos.org.br\/noticias\/#\/schema\/person\/b5c8cba458c330ccff548b056e95a5d4\",\"name\":\"moacir\",\"image\":{\"@type\":\"ImageObject\",\"inLanguage\":\"pt-BR\",\"@id\":\"https:\/\/franciscanos.org.br\/noticias\/#\/schema\/person\/image\/\",\"url\":\"https:\/\/secure.gravatar.com\/avatar\/d08aa2ce4c8dd416d4479aa8536fcf64?s=96&d=mm&r=g\",\"contentUrl\":\"https:\/\/secure.gravatar.com\/avatar\/d08aa2ce4c8dd416d4479aa8536fcf64?s=96&d=mm&r=g\",\"caption\":\"moacir\"},\"url\":\"https:\/\/franciscanos.org.br\/noticias\/author\/moacir\"}]}<\/script>\n<!-- \/ Yoast SEO plugin. -->","yoast_head_json":{"title":"C\u00edrculo Laudato Si' de Assis: um dom a servi\u00e7o dos pobres e da Cria\u00e7\u00e3o - Not\u00edcias - Franciscanos","robots":{"index":"index","follow":"follow","max-snippet":"max-snippet:-1","max-image-preview":"max-image-preview:large","max-video-preview":"max-video-preview:-1"},"canonical":"https:\/\/franciscanos.org.br\/noticias\/laudatoassis.html","og_locale":"pt_BR","og_type":"article","og_title":"C\u00edrculo Laudato Si' de Assis: um dom a servi\u00e7o dos pobres e da Cria\u00e7\u00e3o - Not\u00edcias - Franciscanos","og_description":"\"Laudato Si'\" em Assis","og_url":"https:\/\/franciscanos.org.br\/noticias\/laudatoassis.html","og_site_name":"Not\u00edcias - Franciscanos","article_published_time":"2021-03-16T10:49:28+00:00","article_modified_time":"2021-03-16T10:57:05+00:00","og_image":[{"width":800,"height":450,"url":"https:\/\/franciscanos.org.br\/noticias\/wp-content\/uploads\/2021\/03\/assis_16_1.jpg","type":"image\/jpeg"}],"author":"moacir","twitter_card":"summary_large_image","twitter_misc":{"Escrito por":"moacir","Est. tempo de leitura":"7 minutos"},"schema":{"@context":"https:\/\/schema.org","@graph":[{"@type":"WebSite","@id":"https:\/\/franciscanos.org.br\/noticias\/#website","url":"https:\/\/franciscanos.org.br\/noticias\/","name":"Not\u00edcias - Franciscanos","description":"Prov\u00edncia Franciscana da Imaculada Concei\u00e7\u00e3o do Brasil - Ordem dos Frades Menores - OFM","potentialAction":[{"@type":"SearchAction","target":{"@type":"EntryPoint","urlTemplate":"https:\/\/franciscanos.org.br\/noticias\/?s={search_term_string}"},"query-input":"required name=search_term_string"}],"inLanguage":"pt-BR"},{"@type":"ImageObject","inLanguage":"pt-BR","@id":"https:\/\/franciscanos.org.br\/noticias\/laudatoassis.html#primaryimage","url":"https:\/\/franciscanos.org.br\/noticias\/wp-content\/uploads\/2021\/03\/assis_16_1.jpg","contentUrl":"https:\/\/franciscanos.org.br\/noticias\/wp-content\/uploads\/2021\/03\/assis_16_1.jpg","width":800,"height":450},{"@type":"WebPage","@id":"https:\/\/franciscanos.org.br\/noticias\/laudatoassis.html#webpage","url":"https:\/\/franciscanos.org.br\/noticias\/laudatoassis.html","name":"C\u00edrculo Laudato Si' de Assis: um dom a servi\u00e7o dos pobres e da Cria\u00e7\u00e3o - Not\u00edcias - Franciscanos","isPartOf":{"@id":"https:\/\/franciscanos.org.br\/noticias\/#website"},"primaryImageOfPage":{"@id":"https:\/\/franciscanos.org.br\/noticias\/laudatoassis.html#primaryimage"},"datePublished":"2021-03-16T10:49:28+00:00","dateModified":"2021-03-16T10:57:05+00:00","author":{"@id":"https:\/\/franciscanos.org.br\/noticias\/#\/schema\/person\/b5c8cba458c330ccff548b056e95a5d4"},"breadcrumb":{"@id":"https:\/\/franciscanos.org.br\/noticias\/laudatoassis.html#breadcrumb"},"inLanguage":"pt-BR","potentialAction":[{"@type":"ReadAction","target":["https:\/\/franciscanos.org.br\/noticias\/laudatoassis.html"]}]},{"@type":"BreadcrumbList","@id":"https:\/\/franciscanos.org.br\/noticias\/laudatoassis.html#breadcrumb","itemListElement":[{"@type":"ListItem","position":1,"name":"Home","item":"https:\/\/franciscanos.org.br\/noticias"},{"@type":"ListItem","position":2,"name":"C\u00edrculo Laudato Si&#8217; de Assis: um dom a servi\u00e7o dos pobres e da Cria\u00e7\u00e3o"}]},{"@type":"Person","@id":"https:\/\/franciscanos.org.br\/noticias\/#\/schema\/person\/b5c8cba458c330ccff548b056e95a5d4","name":"moacir","image":{"@type":"ImageObject","inLanguage":"pt-BR","@id":"https:\/\/franciscanos.org.br\/noticias\/#\/schema\/person\/image\/","url":"https:\/\/secure.gravatar.com\/avatar\/d08aa2ce4c8dd416d4479aa8536fcf64?s=96&d=mm&r=g","contentUrl":"https:\/\/secure.gravatar.com\/avatar\/d08aa2ce4c8dd416d4479aa8536fcf64?s=96&d=mm&r=g","caption":"moacir"},"url":"https:\/\/franciscanos.org.br\/noticias\/author\/moacir"}]}},"_links":{"self":[{"href":"https:\/\/franciscanos.org.br\/noticias\/wp-json\/wp\/v2\/posts\/231153"}],"collection":[{"href":"https:\/\/franciscanos.org.br\/noticias\/wp-json\/wp\/v2\/posts"}],"about":[{"href":"https:\/\/franciscanos.org.br\/noticias\/wp-json\/wp\/v2\/types\/post"}],"author":[{"embeddable":true,"href":"https:\/\/franciscanos.org.br\/noticias\/wp-json\/wp\/v2\/users\/3"}],"replies":[{"embeddable":true,"href":"https:\/\/franciscanos.org.br\/noticias\/wp-json\/wp\/v2\/comments?post=231153"}],"version-history":[{"count":1,"href":"https:\/\/franciscanos.org.br\/noticias\/wp-json\/wp\/v2\/posts\/231153\/revisions"}],"predecessor-version":[{"id":231161,"href":"https:\/\/franciscanos.org.br\/noticias\/wp-json\/wp\/v2\/posts\/231153\/revisions\/231161"}],"wp:featuredmedia":[{"embeddable":true,"href":"https:\/\/franciscanos.org.br\/noticias\/wp-json\/wp\/v2\/media\/231162"}],"wp:attachment":[{"href":"https:\/\/franciscanos.org.br\/noticias\/wp-json\/wp\/v2\/media?parent=231153"}],"wp:term":[{"taxonomy":"category","embeddable":true,"href":"https:\/\/franciscanos.org.br\/noticias\/wp-json\/wp\/v2\/categories?post=231153"},{"taxonomy":"post_tag","embeddable":true,"href":"https:\/\/franciscanos.org.br\/noticias\/wp-json\/wp\/v2\/tags?post=231153"}],"curies":[{"name":"wp","href":"https:\/\/api.w.org\/{rel}","templated":true}]}}