{"id":231143,"date":"2021-03-15T07:42:28","date_gmt":"2021-03-15T10:42:28","guid":{"rendered":"https:\/\/franciscanos.org.br\/noticias\/?p=231143"},"modified":"2021-03-15T07:42:28","modified_gmt":"2021-03-15T10:42:28","slug":"o-homem-que-lutou-com-deus-entre-os-lancamentos-da-vozes","status":"publish","type":"post","link":"https:\/\/franciscanos.org.br\/noticias\/o-homem-que-lutou-com-deus-entre-os-lancamentos-da-vozes.html","title":{"rendered":"&#8220;O homem que lutou com Deus&#8221;, entre os lan\u00e7amentos da Vozes"},"content":{"rendered":"<p><img loading=\"lazy\" class=\"alignnone wp-image-231144 size-full\" src=\"https:\/\/franciscanos.org.br\/noticias\/wp-content\/uploads\/2021\/03\/vozes_15.png\" alt=\"\" width=\"944\" height=\"613\" srcset=\"https:\/\/franciscanos.org.br\/noticias\/wp-content\/uploads\/2021\/03\/vozes_15.png 944w, https:\/\/franciscanos.org.br\/noticias\/wp-content\/uploads\/2021\/03\/vozes_15-450x292.png 450w, https:\/\/franciscanos.org.br\/noticias\/wp-content\/uploads\/2021\/03\/vozes_15-768x499.png 768w, https:\/\/franciscanos.org.br\/noticias\/wp-content\/uploads\/2021\/03\/vozes_15-150x97.png 150w\" sizes=\"(max-width: 944px) 100vw, 944px\" \/><\/p>\n<p>Todo ser humano tem a capacidade de tornar-se uma pessoa completa, mas essa capacidade deve concretizar- se mediante s\u00e9rio desejo, perspic\u00e1cia e criatividade, e uma luta decidida com suas for\u00e7as interiores. John A. Sanford utiliza figuras b\u00edblicas para mostrar como esta luta \u00e9 travada na pr\u00e1tica. Seu livro cl\u00e1ssico, agora completamente revisado, dirige-se a todos os leitores que est\u00e3o lutando para tornar-se indiv\u00edduos plenos.<\/p>\n<p>O plano do livro e simples. Cada historia e recontada e seu sentido interior e explorado no processo de recontar. As historias s\u00e3o estudadas a partir de uma perspectiva psicol\u00f3gica e tamb\u00e9m de uma perspectiva espiritual; e, j\u00e1 que muitos leitores podem n\u00e3o estar familiarizados com a linguagem psicol\u00f3gica, a analise do texto ser\u00e1 acompanhada de breves explica\u00e7\u00f5es destes termos. Para uma explica\u00e7\u00e3o mais completa remetemos o leitor ao ap\u00eandice que resume a psicologia de Jung e a psicologia de Kunkel. Alguns leitores podem desejar ler primeiramente as historias a partir da B\u00edblia. Recomendamos uma tradu\u00e7\u00e3o moderna como a B\u00edblia de Jerusal\u00e9m (usada neste livro). No entanto, isto n\u00e3o \u00e9 necess\u00e1rio, j\u00e1 que a narrativa ser\u00e1 recapitulada a medida que avan\u00e7amos. Bastante logicamente, as hist\u00f3rias de Rebeca, de Jac\u00f3, de Jose e de Moises vem em ordem hist\u00f3rica.<br \/>\nN\u00e3o t\u00e3o logicamente, a historia de Ad\u00e3o e Eva vem por \u00faltimo. O sentido desta narrativa m\u00edtica se torna mais claro depois que a mensagem dos outros tiver sido digerida (ISBN 9788532664686).<\/p>\n<p><strong>A SALA DE AULA COMO ECOSSISTEMA<\/strong><\/p>\n<p>A crise da educa\u00e7\u00e3o escolar constitui um tema recorrente nas \u00faltimas d\u00e9cadas. N\u00e3o se trata de um tema novo. Diferentes autores, a partir de diversas perspectivas, o t\u00eam abordado. No entanto, apesar desta ampla reflex\u00e3o e do crescente mal-estar entre os profissionais da educa\u00e7\u00e3o e os pr\u00f3prios alunos e alunas, n\u00e3o parece que mudan\u00e7as significativas t\u00eam sido mobilizadas.<\/p>\n<p>Fruto de reflex\u00f5es e pesquisas emp\u00edricas desenvolvidas por Magda Pischetola e Lyana Th\u00e9diga de Miranda nos \u00faltimos<br \/>\ncinco anos, A sala de aula como ecossistema tem como foco principal a rela\u00e7\u00e3o entre escola e tecnologias da informa\u00e7\u00e3o e da comunica\u00e7\u00e3o, abordando as contribui\u00e7\u00f5es das m\u00eddias digitais aos processos de ensino-aprendizagem. Esta obra n\u00e3o considera estas m\u00eddias como meros dispositivos operacionais, e sim em uma perspectiva em que s\u00e3o concebidas como media\u00e7\u00f5es que afetam nossos modos de aceder e construir conhecimentos, nossas formas de relacionamento, nossas subjetividades, atitudes e comportamentos. Afirma que a cultura digital est\u00e1 chamada a desafiar nossa criatividade pedag\u00f3gica. Defende a necessidade de um novo paradigma na perspectiva da teoria da complexidade, que inclui conceitos como o pensamento sist\u00eamico e o pensamento ecol\u00f3gico. Concebe a sala de aula como um ecossistema, tendo como foco as intera\u00e7\u00f5es e conex\u00f5es entre todos os seus componentes. (ISBN 9786557130292)<\/p>\n<p><strong>CONSTRUCIONALIZA\u00c7\u00c3O E MUNDAN\u00c7AS CONSTRUCIONAS<\/strong><\/p>\n<p>Neste livro o objetivo \u00e9 mostrar como uma perspectiva construcional pode ser usada para repensar e incorporar aspectos de trabalhos anteriores sobre gramaticaliza\u00e7\u00e3o e lexicaliza\u00e7\u00e3o e abordar construtivamente algumas quest\u00f5es que t\u00eam surgido em conex\u00e3o com esses t\u00f3picos. Embora os dados que ser\u00e3o discutidos sejam da hist\u00f3ria do ingl\u00eas, a expectativa \u00e9 desenvolver um modelo te\u00f3rico que seja produtivo no estudo de constru\u00e7\u00f5es e mudan\u00e7a nas l\u00ednguas em geral.<\/p>\n<p>Tr\u00eas pressupostos s\u00e3o fundamentais na abordagem. O primeiro \u00e9 que, ainda que certas propriedades da gram\u00e1tica, tais como redes, organiza\u00e7\u00e3o hier\u00e1rquica e heran\u00e7a, possam ser universais e compartilhadas com outros sistemas cognitivos, a gram\u00e1tica em si, entendida como conhecimento de um sistema lingu\u00edstico, \u00e9 espec\u00edfica \u00e0 l\u00edngua, ou seja, est\u00e1 vinculada \u00e0 estrutura de uma l\u00edngua individual, como o ingl\u00eas, \u00e1rabe ou japon\u00eas. O segundo pressuposto \u00e9 que a mudan\u00e7a \u00e9 mudan\u00e7a no uso, e que o <em>locus<\/em> da mudan\u00e7a \u00e9 o construto, uma inst\u00e2ncia de uso. Terceiro, distin\u00e7\u00e3o entre mudan\u00e7a e inova\u00e7\u00e3o. Inova\u00e7\u00e3o, como uma caracter\u00edstica de uma mente individual, \u00e9 apenas um potencial para a mudan\u00e7a. Para que uma inova\u00e7\u00e3o tenha valor de mudan\u00e7a ela deve ter sido reproduzida por popula\u00e7\u00f5es de falantes, resultando em convencionaliza\u00e7\u00e3o; ou seja, a integra\u00e7\u00e3o de uma inova\u00e7\u00e3o em uma tradi\u00e7\u00e3o de fala ou escrita, tal como evidenciado por materiais textuais deixados para n\u00f3s. (ISBN 9788532664600)<\/p>\n","protected":false},"excerpt":{"rendered":"<p>Editora Vozes<\/p>\n","protected":false},"author":3,"featured_media":231145,"comment_status":"open","ping_status":"open","sticky":false,"template":"","format":"standard","meta":[],"categories":[1],"tags":[238],"acf":[],"yoast_head":"<!-- This site is optimized with the Yoast SEO plugin v19.2 - https:\/\/yoast.com\/wordpress\/plugins\/seo\/ -->\n<title>&quot;O homem que lutou com Deus&quot;, entre os lan\u00e7amentos da Vozes - Not\u00edcias - Franciscanos<\/title>\n<meta name=\"robots\" content=\"index, follow, max-snippet:-1, max-image-preview:large, max-video-preview:-1\" \/>\n<link rel=\"canonical\" href=\"https:\/\/franciscanos.org.br\/noticias\/o-homem-que-lutou-com-deus-entre-os-lancamentos-da-vozes.html\" \/>\n<meta property=\"og:locale\" content=\"pt_BR\" \/>\n<meta property=\"og:type\" content=\"article\" \/>\n<meta property=\"og:title\" content=\"&quot;O homem que lutou com Deus&quot;, entre os lan\u00e7amentos da Vozes - Not\u00edcias - Franciscanos\" \/>\n<meta property=\"og:description\" content=\"Editora Vozes\" \/>\n<meta property=\"og:url\" content=\"https:\/\/franciscanos.org.br\/noticias\/o-homem-que-lutou-com-deus-entre-os-lancamentos-da-vozes.html\" \/>\n<meta property=\"og:site_name\" content=\"Not\u00edcias - Franciscanos\" \/>\n<meta property=\"article:published_time\" content=\"2021-03-15T10:42:28+00:00\" \/>\n<meta property=\"og:image\" content=\"https:\/\/franciscanos.org.br\/noticias\/wp-content\/uploads\/2021\/03\/vozes_15d.png\" \/>\n\t<meta property=\"og:image:width\" content=\"800\" \/>\n\t<meta property=\"og:image:height\" content=\"560\" \/>\n\t<meta property=\"og:image:type\" content=\"image\/png\" \/>\n<meta name=\"author\" content=\"moacir\" \/>\n<meta name=\"twitter:card\" content=\"summary_large_image\" \/>\n<meta name=\"twitter:label1\" content=\"Escrito por\" \/>\n\t<meta name=\"twitter:data1\" content=\"moacir\" \/>\n\t<meta name=\"twitter:label2\" content=\"Est. tempo de leitura\" \/>\n\t<meta name=\"twitter:data2\" content=\"4 minutos\" \/>\n<script type=\"application\/ld+json\" class=\"yoast-schema-graph\">{\"@context\":\"https:\/\/schema.org\",\"@graph\":[{\"@type\":\"WebSite\",\"@id\":\"https:\/\/franciscanos.org.br\/noticias\/#website\",\"url\":\"https:\/\/franciscanos.org.br\/noticias\/\",\"name\":\"Not\u00edcias - Franciscanos\",\"description\":\"Prov\u00edncia Franciscana da Imaculada Concei\u00e7\u00e3o do Brasil - Ordem dos Frades Menores - OFM\",\"potentialAction\":[{\"@type\":\"SearchAction\",\"target\":{\"@type\":\"EntryPoint\",\"urlTemplate\":\"https:\/\/franciscanos.org.br\/noticias\/?s={search_term_string}\"},\"query-input\":\"required name=search_term_string\"}],\"inLanguage\":\"pt-BR\"},{\"@type\":\"ImageObject\",\"inLanguage\":\"pt-BR\",\"@id\":\"https:\/\/franciscanos.org.br\/noticias\/o-homem-que-lutou-com-deus-entre-os-lancamentos-da-vozes.html#primaryimage\",\"url\":\"https:\/\/franciscanos.org.br\/noticias\/wp-content\/uploads\/2021\/03\/vozes_15d.png\",\"contentUrl\":\"https:\/\/franciscanos.org.br\/noticias\/wp-content\/uploads\/2021\/03\/vozes_15d.png\",\"width\":800,\"height\":560},{\"@type\":\"WebPage\",\"@id\":\"https:\/\/franciscanos.org.br\/noticias\/o-homem-que-lutou-com-deus-entre-os-lancamentos-da-vozes.html#webpage\",\"url\":\"https:\/\/franciscanos.org.br\/noticias\/o-homem-que-lutou-com-deus-entre-os-lancamentos-da-vozes.html\",\"name\":\"\\\"O homem que lutou com Deus\\\", entre os lan\u00e7amentos da Vozes - Not\u00edcias - Franciscanos\",\"isPartOf\":{\"@id\":\"https:\/\/franciscanos.org.br\/noticias\/#website\"},\"primaryImageOfPage\":{\"@id\":\"https:\/\/franciscanos.org.br\/noticias\/o-homem-que-lutou-com-deus-entre-os-lancamentos-da-vozes.html#primaryimage\"},\"datePublished\":\"2021-03-15T10:42:28+00:00\",\"dateModified\":\"2021-03-15T10:42:28+00:00\",\"author\":{\"@id\":\"https:\/\/franciscanos.org.br\/noticias\/#\/schema\/person\/b5c8cba458c330ccff548b056e95a5d4\"},\"breadcrumb\":{\"@id\":\"https:\/\/franciscanos.org.br\/noticias\/o-homem-que-lutou-com-deus-entre-os-lancamentos-da-vozes.html#breadcrumb\"},\"inLanguage\":\"pt-BR\",\"potentialAction\":[{\"@type\":\"ReadAction\",\"target\":[\"https:\/\/franciscanos.org.br\/noticias\/o-homem-que-lutou-com-deus-entre-os-lancamentos-da-vozes.html\"]}]},{\"@type\":\"BreadcrumbList\",\"@id\":\"https:\/\/franciscanos.org.br\/noticias\/o-homem-que-lutou-com-deus-entre-os-lancamentos-da-vozes.html#breadcrumb\",\"itemListElement\":[{\"@type\":\"ListItem\",\"position\":1,\"name\":\"Home\",\"item\":\"https:\/\/franciscanos.org.br\/noticias\"},{\"@type\":\"ListItem\",\"position\":2,\"name\":\"&#8220;O homem que lutou com Deus&#8221;, entre os lan\u00e7amentos da Vozes\"}]},{\"@type\":\"Person\",\"@id\":\"https:\/\/franciscanos.org.br\/noticias\/#\/schema\/person\/b5c8cba458c330ccff548b056e95a5d4\",\"name\":\"moacir\",\"image\":{\"@type\":\"ImageObject\",\"inLanguage\":\"pt-BR\",\"@id\":\"https:\/\/franciscanos.org.br\/noticias\/#\/schema\/person\/image\/\",\"url\":\"https:\/\/secure.gravatar.com\/avatar\/d08aa2ce4c8dd416d4479aa8536fcf64?s=96&d=mm&r=g\",\"contentUrl\":\"https:\/\/secure.gravatar.com\/avatar\/d08aa2ce4c8dd416d4479aa8536fcf64?s=96&d=mm&r=g\",\"caption\":\"moacir\"},\"url\":\"https:\/\/franciscanos.org.br\/noticias\/author\/moacir\"}]}<\/script>\n<!-- \/ Yoast SEO plugin. -->","yoast_head_json":{"title":"\"O homem que lutou com Deus\", entre os lan\u00e7amentos da Vozes - Not\u00edcias - Franciscanos","robots":{"index":"index","follow":"follow","max-snippet":"max-snippet:-1","max-image-preview":"max-image-preview:large","max-video-preview":"max-video-preview:-1"},"canonical":"https:\/\/franciscanos.org.br\/noticias\/o-homem-que-lutou-com-deus-entre-os-lancamentos-da-vozes.html","og_locale":"pt_BR","og_type":"article","og_title":"\"O homem que lutou com Deus\", entre os lan\u00e7amentos da Vozes - Not\u00edcias - Franciscanos","og_description":"Editora Vozes","og_url":"https:\/\/franciscanos.org.br\/noticias\/o-homem-que-lutou-com-deus-entre-os-lancamentos-da-vozes.html","og_site_name":"Not\u00edcias - Franciscanos","article_published_time":"2021-03-15T10:42:28+00:00","og_image":[{"width":800,"height":560,"url":"https:\/\/franciscanos.org.br\/noticias\/wp-content\/uploads\/2021\/03\/vozes_15d.png","type":"image\/png"}],"author":"moacir","twitter_card":"summary_large_image","twitter_misc":{"Escrito por":"moacir","Est. tempo de leitura":"4 minutos"},"schema":{"@context":"https:\/\/schema.org","@graph":[{"@type":"WebSite","@id":"https:\/\/franciscanos.org.br\/noticias\/#website","url":"https:\/\/franciscanos.org.br\/noticias\/","name":"Not\u00edcias - Franciscanos","description":"Prov\u00edncia Franciscana da Imaculada Concei\u00e7\u00e3o do Brasil - Ordem dos Frades Menores - OFM","potentialAction":[{"@type":"SearchAction","target":{"@type":"EntryPoint","urlTemplate":"https:\/\/franciscanos.org.br\/noticias\/?s={search_term_string}"},"query-input":"required name=search_term_string"}],"inLanguage":"pt-BR"},{"@type":"ImageObject","inLanguage":"pt-BR","@id":"https:\/\/franciscanos.org.br\/noticias\/o-homem-que-lutou-com-deus-entre-os-lancamentos-da-vozes.html#primaryimage","url":"https:\/\/franciscanos.org.br\/noticias\/wp-content\/uploads\/2021\/03\/vozes_15d.png","contentUrl":"https:\/\/franciscanos.org.br\/noticias\/wp-content\/uploads\/2021\/03\/vozes_15d.png","width":800,"height":560},{"@type":"WebPage","@id":"https:\/\/franciscanos.org.br\/noticias\/o-homem-que-lutou-com-deus-entre-os-lancamentos-da-vozes.html#webpage","url":"https:\/\/franciscanos.org.br\/noticias\/o-homem-que-lutou-com-deus-entre-os-lancamentos-da-vozes.html","name":"\"O homem que lutou com Deus\", entre os lan\u00e7amentos da Vozes - Not\u00edcias - Franciscanos","isPartOf":{"@id":"https:\/\/franciscanos.org.br\/noticias\/#website"},"primaryImageOfPage":{"@id":"https:\/\/franciscanos.org.br\/noticias\/o-homem-que-lutou-com-deus-entre-os-lancamentos-da-vozes.html#primaryimage"},"datePublished":"2021-03-15T10:42:28+00:00","dateModified":"2021-03-15T10:42:28+00:00","author":{"@id":"https:\/\/franciscanos.org.br\/noticias\/#\/schema\/person\/b5c8cba458c330ccff548b056e95a5d4"},"breadcrumb":{"@id":"https:\/\/franciscanos.org.br\/noticias\/o-homem-que-lutou-com-deus-entre-os-lancamentos-da-vozes.html#breadcrumb"},"inLanguage":"pt-BR","potentialAction":[{"@type":"ReadAction","target":["https:\/\/franciscanos.org.br\/noticias\/o-homem-que-lutou-com-deus-entre-os-lancamentos-da-vozes.html"]}]},{"@type":"BreadcrumbList","@id":"https:\/\/franciscanos.org.br\/noticias\/o-homem-que-lutou-com-deus-entre-os-lancamentos-da-vozes.html#breadcrumb","itemListElement":[{"@type":"ListItem","position":1,"name":"Home","item":"https:\/\/franciscanos.org.br\/noticias"},{"@type":"ListItem","position":2,"name":"&#8220;O homem que lutou com Deus&#8221;, entre os lan\u00e7amentos da Vozes"}]},{"@type":"Person","@id":"https:\/\/franciscanos.org.br\/noticias\/#\/schema\/person\/b5c8cba458c330ccff548b056e95a5d4","name":"moacir","image":{"@type":"ImageObject","inLanguage":"pt-BR","@id":"https:\/\/franciscanos.org.br\/noticias\/#\/schema\/person\/image\/","url":"https:\/\/secure.gravatar.com\/avatar\/d08aa2ce4c8dd416d4479aa8536fcf64?s=96&d=mm&r=g","contentUrl":"https:\/\/secure.gravatar.com\/avatar\/d08aa2ce4c8dd416d4479aa8536fcf64?s=96&d=mm&r=g","caption":"moacir"},"url":"https:\/\/franciscanos.org.br\/noticias\/author\/moacir"}]}},"_links":{"self":[{"href":"https:\/\/franciscanos.org.br\/noticias\/wp-json\/wp\/v2\/posts\/231143"}],"collection":[{"href":"https:\/\/franciscanos.org.br\/noticias\/wp-json\/wp\/v2\/posts"}],"about":[{"href":"https:\/\/franciscanos.org.br\/noticias\/wp-json\/wp\/v2\/types\/post"}],"author":[{"embeddable":true,"href":"https:\/\/franciscanos.org.br\/noticias\/wp-json\/wp\/v2\/users\/3"}],"replies":[{"embeddable":true,"href":"https:\/\/franciscanos.org.br\/noticias\/wp-json\/wp\/v2\/comments?post=231143"}],"version-history":[{"count":1,"href":"https:\/\/franciscanos.org.br\/noticias\/wp-json\/wp\/v2\/posts\/231143\/revisions"}],"predecessor-version":[{"id":231146,"href":"https:\/\/franciscanos.org.br\/noticias\/wp-json\/wp\/v2\/posts\/231143\/revisions\/231146"}],"wp:featuredmedia":[{"embeddable":true,"href":"https:\/\/franciscanos.org.br\/noticias\/wp-json\/wp\/v2\/media\/231145"}],"wp:attachment":[{"href":"https:\/\/franciscanos.org.br\/noticias\/wp-json\/wp\/v2\/media?parent=231143"}],"wp:term":[{"taxonomy":"category","embeddable":true,"href":"https:\/\/franciscanos.org.br\/noticias\/wp-json\/wp\/v2\/categories?post=231143"},{"taxonomy":"post_tag","embeddable":true,"href":"https:\/\/franciscanos.org.br\/noticias\/wp-json\/wp\/v2\/tags?post=231143"}],"curies":[{"name":"wp","href":"https:\/\/api.w.org\/{rel}","templated":true}]}}