{"id":231126,"date":"2021-03-12T10:17:15","date_gmt":"2021-03-12T13:17:15","guid":{"rendered":"https:\/\/franciscanos.org.br\/noticias\/?p=231126"},"modified":"2021-03-12T10:18:11","modified_gmt":"2021-03-12T13:18:11","slug":"papa-o-confessor-e-chamado-a-ver-o-trabalho-da-graca-no-coracao-dos-penitentes","status":"publish","type":"post","link":"https:\/\/franciscanos.org.br\/noticias\/papa-o-confessor-e-chamado-a-ver-o-trabalho-da-graca-no-coracao-dos-penitentes.html","title":{"rendered":"Papa: o confessor \u00e9 chamado a ver o trabalho da Gra\u00e7a no cora\u00e7\u00e3o dos penitentes"},"content":{"rendered":"<div id=\"attachment_231127\" style=\"width: 1290px\" class=\"wp-caption alignright\"><img aria-describedby=\"caption-attachment-231127\" loading=\"lazy\" class=\"wp-image-231127 size-full\" src=\"https:\/\/franciscanos.org.br\/noticias\/wp-content\/uploads\/2021\/03\/papa_1203.jpg\" alt=\"\" width=\"1280\" height=\"720\" srcset=\"https:\/\/franciscanos.org.br\/noticias\/wp-content\/uploads\/2021\/03\/papa_1203.jpg 1280w, https:\/\/franciscanos.org.br\/noticias\/wp-content\/uploads\/2021\/03\/papa_1203-450x253.jpg 450w, https:\/\/franciscanos.org.br\/noticias\/wp-content\/uploads\/2021\/03\/papa_1203-1024x576.jpg 1024w, https:\/\/franciscanos.org.br\/noticias\/wp-content\/uploads\/2021\/03\/papa_1203-768x432.jpg 768w, https:\/\/franciscanos.org.br\/noticias\/wp-content\/uploads\/2021\/03\/papa_1203-150x84.jpg 150w\" sizes=\"(max-width: 1280px) 100vw, 1280px\" \/><p id=\"caption-attachment-231127\" class=\"wp-caption-text\">\u00a0 \u00a0 \u00a0 \u00a0 \u00a0 \u00a0 \u00a0 \u00a0 \u00a0 \u00a0 \u00a0 \u00a0 \u00a0 \u00a0 \u00a0 \u00a0 \u00a0 \u00a0 \u00a0 \u00a0 \u00a0 \u00a0 \u00a0 \u00a0 \u00a0 \u00a0 \u00a0 \u00a0 \u00a0 \u00a0 \u00a0 \u00a0 \u00a0 \u00a0 \u00a0 \u00a0 \u00a0 \u00a0 \u00a0 \u00a0 \u00a0 \u00a0 \u00a0 \u00a0 \u00a0 \u00a0 \u00a0 \u00a0 \u00a0 \u00a0 \u00a0 \u00a0 \u00a0 \u00a0 \u00a0 \u00a0 \u00a0 \u00a0 \u00a0 \u00a0 \u00a0 \u00a0 \u00a0 \u00a0 \u00a0 <em>\u00a0 \u00a0Imagem: Vatican Media<\/em><\/p><\/div>\n<p>O Papa Francisco recebeu em audi\u00eancia, nesta sexta-feira (12\/03), no Vaticano, os participantes da 31\u00aa edi\u00e7\u00e3o do Curso do Foro Interno organizado pela Penitenciaria Apost\u00f3lica, o primeiro ap\u00f3s a difus\u00e3o da pandemia que obrigou os organizadores a cancelar o encontro no ano passado.<\/p>\n<p>O objetivo do curso, realizado on-line, foi oferecer uma forma\u00e7\u00e3o cada vez mais precisa aos confessores de hoje e de amanh\u00e3 em rela\u00e7\u00e3o ao Sacramento da Penit\u00eancia. Apesar das dificuldades causadas pela pandemia, 870 sacerdotes e seminaristas de todo o mundo, pr\u00f3ximos \u00e0 ordena\u00e7\u00e3o, participaram do curso que geralmente se realiza no tempo da Quaresma, &#8220;tempo de deserto e de convers\u00e3o, de penit\u00eancia e de acolhimento da miseric\u00f3rdia&#8221;, ressaltou o Papa Francisco em seu discurso.<\/p>\n<p><strong>A f\u00e9 \u00e9 o encontro com a Miseric\u00f3rdia<\/strong><br \/>\nO Santo Padre se deteve em tr\u00eas express\u00f5es que explicam o significado do Sacramento da Reconcilia\u00e7\u00e3o. A primeira: \u201cabandonar-se ao Amor\u201d; a segunda: \u201cdeixar-se transformar pelo Amor\u201d; e a terceira: \u201ccorresponder ao Amor\u201d.<\/p>\n<p>Abandonar-se ao Amor significa fazer um verdadeiro ato de f\u00e9. A f\u00e9 nunca pode ser reduzida a uma lista de conceitos ou a uma s\u00e9rie de afirma\u00e7\u00f5es em que acreditar. A f\u00e9 se expressa e se compreende dentro de uma rela\u00e7\u00e3o: a rela\u00e7\u00e3o entre Deus e o homem e entre o homem e Deus, segundo a l\u00f3gica do chamado e da resposta: Deus chama e o homem responde. A f\u00e9 \u00e9 o encontro com a Miseric\u00f3rdia, com o pr\u00f3prio Deus que \u00e9 Miseric\u00f3rdia, e \u00e9 o abandono nos bra\u00e7os desse Amor misterioso e generoso, do qual tanto precisamos, mas ao qual, \u00e0s vezes, temos medo de nos abandonar.<\/p>\n<p>Segundo o Papa, &#8220;a experi\u00eancia ensina que quem n\u00e3o se abandona ao amor de Deus acaba, mais cedo ou mais tarde, abandonando-se a outra coisa, terminando &#8220;nos bra\u00e7os&#8221; da mentalidade mundana, que no final traz amargura, tristeza e solid\u00e3o. Portanto, o primeiro passo para uma boa Confiss\u00e3o \u00e9 o ato de f\u00e9, de abandono, com o qual o penitente se aproxima da Miseric\u00f3rdia. Todo confessor deve ser sempre capaz de se surpreender com os irm\u00e3os que, pela f\u00e9, pedem perd\u00e3o a Deus e, somente pela f\u00e9, se abandonam a Ele, entregando-se em Confiss\u00e3o. A dor pelos pr\u00f3prios pecados \u00e9 o sinal de tal abandono confiante ao Amor&#8221;.<\/p>\n<p><strong>Deixar-se transformar pelo Amor, pela Gra\u00e7a<\/strong><br \/>\nViver a Confiss\u00e3o desta maneira significa deixar-se transformar pelo Amor, esta foi a segunda express\u00e3o refletida por Francisco. &#8220;Sabemos muito bem que n\u00e3o s\u00e3o as leis que salvam: o indiv\u00edduo n\u00e3o muda por causa de uma \u00e1rida s\u00e9rie de preceitos, mas por causa do fasc\u00ednio do Amor percebido e oferecido livremente. \u00c9 o Amor que se manifestou plenamente em Jesus Cristo e em sua morte na cruz por n\u00f3s&#8221;, disse ainda o Pont\u00edfice, acrescentando:<\/p>\n<p>Assim o Amor, que \u00e9 o pr\u00f3prio Deus, se tornou vis\u00edvel aos homens e \u00e0s mulheres, de uma maneira antes impens\u00e1vel, totalmente nova, capaz de renovar todas as coisas. O penitente que encontra, na conversa sacramental, um raio desse Amor acolhedor, se deixa transformar pelo Amor, pela Gra\u00e7a, iniciando a viver essa transforma\u00e7\u00e3o do cora\u00e7\u00e3o de pedra em cora\u00e7\u00e3o de carne. \u00c9 assim tamb\u00e9m na vida afetiva: somos transformados pelo encontro com um grande amor.<\/p>\n<p>&#8220;O bom confessor \u00e9 sempre chamado a perceber o milagre da mudan\u00e7a, a ver o trabalho da Gra\u00e7a no cora\u00e7\u00e3o dos penitentes, encorajando o m\u00e1ximo poss\u00edvel a a\u00e7\u00e3o transformadora. A integridade da acusa\u00e7\u00e3o \u00e9 o sinal desta transforma\u00e7\u00e3o que o Amor realiza: tudo \u00e9 entregue para que tudo seja perdoado&#8221;, disse ainda o Papa.<\/p>\n<p><strong>Mudan\u00e7a de vida<\/strong><br \/>\nA terceira e \u00faltima express\u00e3o \u00e9: corresponder ao Amor. &#8220;O abandono e o deixar-se transformar pelo Amor t\u00eam como consequ\u00eancia necess\u00e1ria uma correspond\u00eancia com o amor recebido. O crist\u00e3o tem sempre em mente as palavras de S\u00e3o Tiago: \u00abMostre-me a sua f\u00e9 sem as obras, e eu, com as minhas obras, lhe mostrarei a minha f\u00e9.\u00bb&#8221;<\/p>\n<p>O verdadeiro desejo de convers\u00e3o se torna concreto na correspond\u00eancia ao amor de Deus recebido e aceito. Trata-se de uma correspond\u00eancia que se manifesta na mudan\u00e7a de vida e nas obras de miseric\u00f3rdia que se seguem. Quem foi acolhido pelo Amor, acolhe o irm\u00e3o. Quem se abandonou ao Amor, consola os aflitos. Quem foi perdoado por Deus, perdoa seus irm\u00e3os e irm\u00e3s de cora\u00e7\u00e3o.<\/p>\n<p>Segundo Francisco, &#8220;o bom confessor sempre indica o indispens\u00e1vel amor ao pr\u00f3ximo, como um exerc\u00edcio di\u00e1rio no qual se treina o amor por Deus. O prop\u00f3sito de n\u00e3o cometer pecado novamente \u00e9 o sinal da vontade de corresponder ao Amor. Assim, a frequente celebra\u00e7\u00e3o do Sacramento da Reconcilia\u00e7\u00e3o torna-se, tanto para o penitente como para o confessor, um caminho de santifica\u00e7\u00e3o, uma escola de f\u00e9, de abandono, de mudan\u00e7a e de correspond\u00eancia ao Amor misericordioso do Pai&#8221;.<\/p>\n<p><strong>N\u00e3o causar dor<\/strong><br \/>\nS\u00e3o muitas as recomenda\u00e7\u00f5es feitas por Francisco aos confessores aos quais ele convidou a &#8220;serem misericordiosos&#8221; que &#8220;significa ser irm\u00e3o, pai e consolador&#8221;. Uma \u201catitude religiosa que nasce da consci\u00eancia de ser pecador perdoado que o confessor deve ter\u201d, afirmou o Papa.<\/p>\n<p>Acolher em paz, acolher com paternidade. Cada saber\u00e1 como \u00e9 a express\u00e3o da paternidade: um sorriso, olhos em paz. Acolher oferecendo tranquilidade, e depois deixar falar. \u00c0s vezes, o confessor percebe que h\u00e1 certa dificuldade em ir adiante com o pecado. Se voc\u00ea entendeu, n\u00e3o fa\u00e7a perguntas indiscretas.<\/p>\n<p>Deter-se para &#8220;n\u00e3o lhe dar mais dor, mais tortura&#8221; e sem perguntas in\u00fateis, evitando parecer &#8220;o xerife que vai torturar&#8221;.<\/p>\n<p>O Papa concluiu, convidando os confessores a &#8220;confiarem o minist\u00e9rio da reconcilia\u00e7\u00e3o \u00e0 poderosa prote\u00e7\u00e3o de S\u00e3o Jos\u00e9, homem justo e fiel&#8221;.<\/p>\n<hr \/>\n<p><em>Fonte: \u00a0Vatican News (texto de Mariangela Jaguraba)<\/em><\/p>\n","protected":false},"excerpt":{"rendered":"<p>31\u00aa edi\u00e7\u00e3o do Curso do Foro Interno organizado pela Penitenciaria Apost\u00f3lica<\/p>\n","protected":false},"author":3,"featured_media":231128,"comment_status":"open","ping_status":"open","sticky":false,"template":"","format":"standard","meta":[],"categories":[1428],"tags":[55,1823],"acf":[],"yoast_head":"<!-- This site is optimized with the Yoast SEO plugin v19.2 - https:\/\/yoast.com\/wordpress\/plugins\/seo\/ -->\n<title>Papa: o confessor \u00e9 chamado a ver o trabalho da Gra\u00e7a no cora\u00e7\u00e3o dos penitentes - Not\u00edcias - Franciscanos<\/title>\n<meta name=\"robots\" content=\"index, follow, max-snippet:-1, max-image-preview:large, max-video-preview:-1\" \/>\n<link rel=\"canonical\" href=\"https:\/\/franciscanos.org.br\/noticias\/papa-o-confessor-e-chamado-a-ver-o-trabalho-da-graca-no-coracao-dos-penitentes.html\" \/>\n<meta property=\"og:locale\" content=\"pt_BR\" \/>\n<meta property=\"og:type\" content=\"article\" \/>\n<meta property=\"og:title\" content=\"Papa: o confessor \u00e9 chamado a ver o trabalho da Gra\u00e7a no cora\u00e7\u00e3o dos penitentes - Not\u00edcias - Franciscanos\" \/>\n<meta property=\"og:description\" content=\"31\u00aa edi\u00e7\u00e3o do Curso do Foro Interno organizado pela Penitenciaria Apost\u00f3lica\" \/>\n<meta property=\"og:url\" content=\"https:\/\/franciscanos.org.br\/noticias\/papa-o-confessor-e-chamado-a-ver-o-trabalho-da-graca-no-coracao-dos-penitentes.html\" \/>\n<meta property=\"og:site_name\" content=\"Not\u00edcias - Franciscanos\" \/>\n<meta property=\"article:published_time\" content=\"2021-03-12T13:17:15+00:00\" \/>\n<meta property=\"article:modified_time\" content=\"2021-03-12T13:18:11+00:00\" \/>\n<meta property=\"og:image\" content=\"https:\/\/franciscanos.org.br\/noticias\/wp-content\/uploads\/2021\/03\/papa_1203d.jpg\" \/>\n\t<meta property=\"og:image:width\" content=\"800\" \/>\n\t<meta property=\"og:image:height\" content=\"600\" \/>\n\t<meta property=\"og:image:type\" content=\"image\/jpeg\" \/>\n<meta name=\"author\" content=\"moacir\" \/>\n<meta name=\"twitter:card\" content=\"summary_large_image\" \/>\n<meta name=\"twitter:label1\" content=\"Escrito por\" \/>\n\t<meta name=\"twitter:data1\" content=\"moacir\" \/>\n\t<meta name=\"twitter:label2\" content=\"Est. tempo de leitura\" \/>\n\t<meta name=\"twitter:data2\" content=\"5 minutos\" \/>\n<script type=\"application\/ld+json\" class=\"yoast-schema-graph\">{\"@context\":\"https:\/\/schema.org\",\"@graph\":[{\"@type\":\"WebSite\",\"@id\":\"https:\/\/franciscanos.org.br\/noticias\/#website\",\"url\":\"https:\/\/franciscanos.org.br\/noticias\/\",\"name\":\"Not\u00edcias - Franciscanos\",\"description\":\"Prov\u00edncia Franciscana da Imaculada Concei\u00e7\u00e3o do Brasil - Ordem dos Frades Menores - OFM\",\"potentialAction\":[{\"@type\":\"SearchAction\",\"target\":{\"@type\":\"EntryPoint\",\"urlTemplate\":\"https:\/\/franciscanos.org.br\/noticias\/?s={search_term_string}\"},\"query-input\":\"required name=search_term_string\"}],\"inLanguage\":\"pt-BR\"},{\"@type\":\"ImageObject\",\"inLanguage\":\"pt-BR\",\"@id\":\"https:\/\/franciscanos.org.br\/noticias\/papa-o-confessor-e-chamado-a-ver-o-trabalho-da-graca-no-coracao-dos-penitentes.html#primaryimage\",\"url\":\"https:\/\/franciscanos.org.br\/noticias\/wp-content\/uploads\/2021\/03\/papa_1203d.jpg\",\"contentUrl\":\"https:\/\/franciscanos.org.br\/noticias\/wp-content\/uploads\/2021\/03\/papa_1203d.jpg\",\"width\":800,\"height\":600},{\"@type\":\"WebPage\",\"@id\":\"https:\/\/franciscanos.org.br\/noticias\/papa-o-confessor-e-chamado-a-ver-o-trabalho-da-graca-no-coracao-dos-penitentes.html#webpage\",\"url\":\"https:\/\/franciscanos.org.br\/noticias\/papa-o-confessor-e-chamado-a-ver-o-trabalho-da-graca-no-coracao-dos-penitentes.html\",\"name\":\"Papa: o confessor \u00e9 chamado a ver o trabalho da Gra\u00e7a no cora\u00e7\u00e3o dos penitentes - Not\u00edcias - Franciscanos\",\"isPartOf\":{\"@id\":\"https:\/\/franciscanos.org.br\/noticias\/#website\"},\"primaryImageOfPage\":{\"@id\":\"https:\/\/franciscanos.org.br\/noticias\/papa-o-confessor-e-chamado-a-ver-o-trabalho-da-graca-no-coracao-dos-penitentes.html#primaryimage\"},\"datePublished\":\"2021-03-12T13:17:15+00:00\",\"dateModified\":\"2021-03-12T13:18:11+00:00\",\"author\":{\"@id\":\"https:\/\/franciscanos.org.br\/noticias\/#\/schema\/person\/b5c8cba458c330ccff548b056e95a5d4\"},\"breadcrumb\":{\"@id\":\"https:\/\/franciscanos.org.br\/noticias\/papa-o-confessor-e-chamado-a-ver-o-trabalho-da-graca-no-coracao-dos-penitentes.html#breadcrumb\"},\"inLanguage\":\"pt-BR\",\"potentialAction\":[{\"@type\":\"ReadAction\",\"target\":[\"https:\/\/franciscanos.org.br\/noticias\/papa-o-confessor-e-chamado-a-ver-o-trabalho-da-graca-no-coracao-dos-penitentes.html\"]}]},{\"@type\":\"BreadcrumbList\",\"@id\":\"https:\/\/franciscanos.org.br\/noticias\/papa-o-confessor-e-chamado-a-ver-o-trabalho-da-graca-no-coracao-dos-penitentes.html#breadcrumb\",\"itemListElement\":[{\"@type\":\"ListItem\",\"position\":1,\"name\":\"Home\",\"item\":\"https:\/\/franciscanos.org.br\/noticias\"},{\"@type\":\"ListItem\",\"position\":2,\"name\":\"Papa: o confessor \u00e9 chamado a ver o trabalho da Gra\u00e7a no cora\u00e7\u00e3o dos penitentes\"}]},{\"@type\":\"Person\",\"@id\":\"https:\/\/franciscanos.org.br\/noticias\/#\/schema\/person\/b5c8cba458c330ccff548b056e95a5d4\",\"name\":\"moacir\",\"image\":{\"@type\":\"ImageObject\",\"inLanguage\":\"pt-BR\",\"@id\":\"https:\/\/franciscanos.org.br\/noticias\/#\/schema\/person\/image\/\",\"url\":\"https:\/\/secure.gravatar.com\/avatar\/d08aa2ce4c8dd416d4479aa8536fcf64?s=96&d=mm&r=g\",\"contentUrl\":\"https:\/\/secure.gravatar.com\/avatar\/d08aa2ce4c8dd416d4479aa8536fcf64?s=96&d=mm&r=g\",\"caption\":\"moacir\"},\"url\":\"https:\/\/franciscanos.org.br\/noticias\/author\/moacir\"}]}<\/script>\n<!-- \/ Yoast SEO plugin. -->","yoast_head_json":{"title":"Papa: o confessor \u00e9 chamado a ver o trabalho da Gra\u00e7a no cora\u00e7\u00e3o dos penitentes - Not\u00edcias - Franciscanos","robots":{"index":"index","follow":"follow","max-snippet":"max-snippet:-1","max-image-preview":"max-image-preview:large","max-video-preview":"max-video-preview:-1"},"canonical":"https:\/\/franciscanos.org.br\/noticias\/papa-o-confessor-e-chamado-a-ver-o-trabalho-da-graca-no-coracao-dos-penitentes.html","og_locale":"pt_BR","og_type":"article","og_title":"Papa: o confessor \u00e9 chamado a ver o trabalho da Gra\u00e7a no cora\u00e7\u00e3o dos penitentes - Not\u00edcias - Franciscanos","og_description":"31\u00aa edi\u00e7\u00e3o do Curso do Foro Interno organizado pela Penitenciaria Apost\u00f3lica","og_url":"https:\/\/franciscanos.org.br\/noticias\/papa-o-confessor-e-chamado-a-ver-o-trabalho-da-graca-no-coracao-dos-penitentes.html","og_site_name":"Not\u00edcias - Franciscanos","article_published_time":"2021-03-12T13:17:15+00:00","article_modified_time":"2021-03-12T13:18:11+00:00","og_image":[{"width":800,"height":600,"url":"https:\/\/franciscanos.org.br\/noticias\/wp-content\/uploads\/2021\/03\/papa_1203d.jpg","type":"image\/jpeg"}],"author":"moacir","twitter_card":"summary_large_image","twitter_misc":{"Escrito por":"moacir","Est. tempo de leitura":"5 minutos"},"schema":{"@context":"https:\/\/schema.org","@graph":[{"@type":"WebSite","@id":"https:\/\/franciscanos.org.br\/noticias\/#website","url":"https:\/\/franciscanos.org.br\/noticias\/","name":"Not\u00edcias - Franciscanos","description":"Prov\u00edncia Franciscana da Imaculada Concei\u00e7\u00e3o do Brasil - Ordem dos Frades Menores - OFM","potentialAction":[{"@type":"SearchAction","target":{"@type":"EntryPoint","urlTemplate":"https:\/\/franciscanos.org.br\/noticias\/?s={search_term_string}"},"query-input":"required name=search_term_string"}],"inLanguage":"pt-BR"},{"@type":"ImageObject","inLanguage":"pt-BR","@id":"https:\/\/franciscanos.org.br\/noticias\/papa-o-confessor-e-chamado-a-ver-o-trabalho-da-graca-no-coracao-dos-penitentes.html#primaryimage","url":"https:\/\/franciscanos.org.br\/noticias\/wp-content\/uploads\/2021\/03\/papa_1203d.jpg","contentUrl":"https:\/\/franciscanos.org.br\/noticias\/wp-content\/uploads\/2021\/03\/papa_1203d.jpg","width":800,"height":600},{"@type":"WebPage","@id":"https:\/\/franciscanos.org.br\/noticias\/papa-o-confessor-e-chamado-a-ver-o-trabalho-da-graca-no-coracao-dos-penitentes.html#webpage","url":"https:\/\/franciscanos.org.br\/noticias\/papa-o-confessor-e-chamado-a-ver-o-trabalho-da-graca-no-coracao-dos-penitentes.html","name":"Papa: o confessor \u00e9 chamado a ver o trabalho da Gra\u00e7a no cora\u00e7\u00e3o dos penitentes - Not\u00edcias - Franciscanos","isPartOf":{"@id":"https:\/\/franciscanos.org.br\/noticias\/#website"},"primaryImageOfPage":{"@id":"https:\/\/franciscanos.org.br\/noticias\/papa-o-confessor-e-chamado-a-ver-o-trabalho-da-graca-no-coracao-dos-penitentes.html#primaryimage"},"datePublished":"2021-03-12T13:17:15+00:00","dateModified":"2021-03-12T13:18:11+00:00","author":{"@id":"https:\/\/franciscanos.org.br\/noticias\/#\/schema\/person\/b5c8cba458c330ccff548b056e95a5d4"},"breadcrumb":{"@id":"https:\/\/franciscanos.org.br\/noticias\/papa-o-confessor-e-chamado-a-ver-o-trabalho-da-graca-no-coracao-dos-penitentes.html#breadcrumb"},"inLanguage":"pt-BR","potentialAction":[{"@type":"ReadAction","target":["https:\/\/franciscanos.org.br\/noticias\/papa-o-confessor-e-chamado-a-ver-o-trabalho-da-graca-no-coracao-dos-penitentes.html"]}]},{"@type":"BreadcrumbList","@id":"https:\/\/franciscanos.org.br\/noticias\/papa-o-confessor-e-chamado-a-ver-o-trabalho-da-graca-no-coracao-dos-penitentes.html#breadcrumb","itemListElement":[{"@type":"ListItem","position":1,"name":"Home","item":"https:\/\/franciscanos.org.br\/noticias"},{"@type":"ListItem","position":2,"name":"Papa: o confessor \u00e9 chamado a ver o trabalho da Gra\u00e7a no cora\u00e7\u00e3o dos penitentes"}]},{"@type":"Person","@id":"https:\/\/franciscanos.org.br\/noticias\/#\/schema\/person\/b5c8cba458c330ccff548b056e95a5d4","name":"moacir","image":{"@type":"ImageObject","inLanguage":"pt-BR","@id":"https:\/\/franciscanos.org.br\/noticias\/#\/schema\/person\/image\/","url":"https:\/\/secure.gravatar.com\/avatar\/d08aa2ce4c8dd416d4479aa8536fcf64?s=96&d=mm&r=g","contentUrl":"https:\/\/secure.gravatar.com\/avatar\/d08aa2ce4c8dd416d4479aa8536fcf64?s=96&d=mm&r=g","caption":"moacir"},"url":"https:\/\/franciscanos.org.br\/noticias\/author\/moacir"}]}},"_links":{"self":[{"href":"https:\/\/franciscanos.org.br\/noticias\/wp-json\/wp\/v2\/posts\/231126"}],"collection":[{"href":"https:\/\/franciscanos.org.br\/noticias\/wp-json\/wp\/v2\/posts"}],"about":[{"href":"https:\/\/franciscanos.org.br\/noticias\/wp-json\/wp\/v2\/types\/post"}],"author":[{"embeddable":true,"href":"https:\/\/franciscanos.org.br\/noticias\/wp-json\/wp\/v2\/users\/3"}],"replies":[{"embeddable":true,"href":"https:\/\/franciscanos.org.br\/noticias\/wp-json\/wp\/v2\/comments?post=231126"}],"version-history":[{"count":2,"href":"https:\/\/franciscanos.org.br\/noticias\/wp-json\/wp\/v2\/posts\/231126\/revisions"}],"predecessor-version":[{"id":231130,"href":"https:\/\/franciscanos.org.br\/noticias\/wp-json\/wp\/v2\/posts\/231126\/revisions\/231130"}],"wp:featuredmedia":[{"embeddable":true,"href":"https:\/\/franciscanos.org.br\/noticias\/wp-json\/wp\/v2\/media\/231128"}],"wp:attachment":[{"href":"https:\/\/franciscanos.org.br\/noticias\/wp-json\/wp\/v2\/media?parent=231126"}],"wp:term":[{"taxonomy":"category","embeddable":true,"href":"https:\/\/franciscanos.org.br\/noticias\/wp-json\/wp\/v2\/categories?post=231126"},{"taxonomy":"post_tag","embeddable":true,"href":"https:\/\/franciscanos.org.br\/noticias\/wp-json\/wp\/v2\/tags?post=231126"}],"curies":[{"name":"wp","href":"https:\/\/api.w.org\/{rel}","templated":true}]}}