{"id":231118,"date":"2021-03-11T09:14:19","date_gmt":"2021-03-11T12:14:19","guid":{"rendered":"https:\/\/franciscanos.org.br\/noticias\/?p=231118"},"modified":"2021-03-11T09:14:19","modified_gmt":"2021-03-11T12:14:19","slug":"usf-antecipa-descontos-para-voce-ingressar-com-a-nota-do-enem","status":"publish","type":"post","link":"https:\/\/franciscanos.org.br\/noticias\/usf-antecipa-descontos-para-voce-ingressar-com-a-nota-do-enem.html","title":{"rendered":"USF antecipa descontos para voc\u00ea ingressar com a nota do Enem"},"content":{"rendered":"<p><img loading=\"lazy\" class=\"alignright size-full wp-image-231119\" src=\"https:\/\/franciscanos.org.br\/noticias\/wp-content\/uploads\/2021\/03\/usf_11.jpg\" alt=\"\" width=\"1280\" height=\"720\" srcset=\"https:\/\/franciscanos.org.br\/noticias\/wp-content\/uploads\/2021\/03\/usf_11.jpg 1280w, https:\/\/franciscanos.org.br\/noticias\/wp-content\/uploads\/2021\/03\/usf_11-450x253.jpg 450w, https:\/\/franciscanos.org.br\/noticias\/wp-content\/uploads\/2021\/03\/usf_11-1024x576.jpg 1024w, https:\/\/franciscanos.org.br\/noticias\/wp-content\/uploads\/2021\/03\/usf_11-768x432.jpg 768w, https:\/\/franciscanos.org.br\/noticias\/wp-content\/uploads\/2021\/03\/usf_11-150x84.jpg 150w\" sizes=\"(max-width: 1280px) 100vw, 1280px\" \/><\/p>\n<p>Os candidatos interessados em ingressar no Vestibular 2021 da Universidade S\u00e3o Francisco (USF) podem utilizar a nota do Enem e garantir descontos de at\u00e9 100% na mensalidade. A condi\u00e7\u00e3o tamb\u00e9m \u00e9 v\u00e1lida para quem realizou o Enem 2020.<\/p>\n<p>Como o resultado do Enem 2020 sair\u00e1 somente em 29 de mar\u00e7o, o candidato pode ingressar agora na Universidade via prova online; e j\u00e1 garante 35% de desconto. Se a nota for maior que 650 pontos o desconto ser\u00e1 alterado conforme desempenho.<\/p>\n<p>Os candidatos interessados em utilizar notas de anos anteriores, de 2015 a 2019, tamb\u00e9m podem participar. Neste caso, basta se inscrever gratuitamente na Modalidade Enem. N\u00e3o \u00e9 necess\u00e1rio fazer prova, a classifica\u00e7\u00e3o ocorre pelos resultados obtidos exclusivamente no Enem.<\/p>\n<p>A condi\u00e7\u00e3o \u00e9 v\u00e1lida para cursos presenciais (exceto Medicina) e de Educa\u00e7\u00e3o a Dist\u00e2ncia (EaD), com matr\u00edculas realizadas at\u00e9 o dia 22 de mar\u00e7o.<\/p>\n<p>Confira os descontos:<\/p>\n<p>&#8211; Nota 450 a 650 = 35% de desconto (sendo 30% mais os 5% de pontualidade)<br \/>\n&#8211; Nota de 651 a 800 = 55% de desconto (sendo 50% mais os 5% de pontualidade)<br \/>\n&#8211; Nota de 801 a 1000 = 100% de desconto<\/p>\n<p>Cursos presenciais ofertados:<\/p>\n<p><strong>C\u00e2mpus Bragan\u00e7a Paulista<\/strong><\/p>\n<p>Administra\u00e7\u00e3o, Arquitetura e Urbanismo, Ci\u00eancias Cont\u00e1beis, Engenharia Civil, Engenharia de Computa\u00e7\u00e3o, Engenharia de Produ\u00e7\u00e3o, Engenharia El\u00e9trica, Engenharia Mec\u00e2nica, Engenharia Qu\u00edmica, Farm\u00e1cia, Gest\u00e3o da Qualidade, Log\u00edstica, Pedagogia e Processos Gerenciais.<\/p>\n<p><strong>C\u00e2mpus Campinas (Swift)<\/strong><\/p>\n<p>Administra\u00e7\u00e3o, An\u00e1lise e Desenvolvimento de Sistemas, Arquitetura e Urbanismo, Engenharia Civil, Engenharia de Computa\u00e7\u00e3o, Engenharia de Produ\u00e7\u00e3o, Engenharia El\u00e9trica, Engenharia Mec\u00e2nica, Engenharia Qu\u00edmica e Farm\u00e1cia.<\/p>\n<p><strong>C\u00e2mpus Campinas (Cambu\u00ed)<\/strong><\/p>\n<p>Gastronomia<\/p>\n<p><strong>C\u00e2mpus Itatiba<\/strong><\/p>\n<p>Administra\u00e7\u00e3o, An\u00e1lise e Desenvolvimento de Sistemas, Arquitetura e Urbanismo, Biomedicina, Ci\u00eancias Cont\u00e1beis, Engenharia Agron\u00f4mica, Engenharia Civil, Engenharia da Computa\u00e7\u00e3o, Engenharia de Produ\u00e7\u00e3o, Engenharia El\u00e9trica, Engenharia Mec\u00e2nica, Engenharia Qu\u00edmica, Medicina Veterin\u00e1ria e Pedagogia<\/p>\n<p><strong>Educa\u00e7\u00e3o a Dist\u00e2ncia (EaD)<\/strong><\/p>\n<p>Na modalidade EAD, s\u00e3o mais de 20 Cursos em diferentes \u00e1reas do conhecimento: Administra\u00e7\u00e3o, Ci\u00eancias Cont\u00e1beis, Ci\u00eancias Econ\u00f4micas, Com\u00e9rcio Exterior, Educa\u00e7\u00e3o F\u00edsica, Filosofia, Gest\u00e3o Comercial, Gest\u00e3o da Produ\u00e7\u00e3o Industrial, Gest\u00e3o da Qualidade, Gest\u00e3o de Agroneg\u00f3cio, Gest\u00e3o de Recursos Humanos, Gest\u00e3o Financeira, Gest\u00e3o Hospitalar, Gest\u00e3o P\u00fablica, Hist\u00f3ria, Letras (Portugu\u00eas e Ingl\u00eas), Log\u00edstica, Marketing, Pedagogia, Processos Gerenciais, Servi\u00e7o Social e Teologia.<\/p>\n<p>A campanha \u00e9 por tempo limitado. Confira todas as informa\u00e7\u00f5es pelo site <a href=\"https:\/\/www.usf.edu.br\/vestibular\/enem\/\">usf.edu.br\/enem<\/a>.<\/p>\n","protected":false},"excerpt":{"rendered":"<p>Universidade S\u00e3o Francisco<\/p>\n","protected":false},"author":3,"featured_media":231120,"comment_status":"open","ping_status":"open","sticky":false,"template":"","format":"standard","meta":[],"categories":[1],"tags":[354],"acf":[],"yoast_head":"<!-- This site is optimized with the Yoast SEO plugin v19.2 - https:\/\/yoast.com\/wordpress\/plugins\/seo\/ -->\n<title>USF antecipa descontos para voc\u00ea ingressar com a nota do Enem - Not\u00edcias - Franciscanos<\/title>\n<meta name=\"robots\" content=\"index, follow, max-snippet:-1, max-image-preview:large, max-video-preview:-1\" \/>\n<link rel=\"canonical\" href=\"https:\/\/franciscanos.org.br\/noticias\/usf-antecipa-descontos-para-voce-ingressar-com-a-nota-do-enem.html\" \/>\n<meta property=\"og:locale\" content=\"pt_BR\" \/>\n<meta property=\"og:type\" content=\"article\" \/>\n<meta property=\"og:title\" content=\"USF antecipa descontos para voc\u00ea ingressar com a nota do Enem - Not\u00edcias - Franciscanos\" \/>\n<meta property=\"og:description\" content=\"Universidade S\u00e3o Francisco\" \/>\n<meta property=\"og:url\" content=\"https:\/\/franciscanos.org.br\/noticias\/usf-antecipa-descontos-para-voce-ingressar-com-a-nota-do-enem.html\" \/>\n<meta property=\"og:site_name\" content=\"Not\u00edcias - Franciscanos\" \/>\n<meta property=\"article:published_time\" content=\"2021-03-11T12:14:19+00:00\" \/>\n<meta property=\"og:image\" content=\"https:\/\/franciscanos.org.br\/noticias\/wp-content\/uploads\/2021\/03\/usf_d.jpg\" \/>\n\t<meta property=\"og:image:width\" content=\"800\" \/>\n\t<meta property=\"og:image:height\" content=\"600\" \/>\n\t<meta property=\"og:image:type\" content=\"image\/jpeg\" \/>\n<meta name=\"author\" content=\"moacir\" \/>\n<meta name=\"twitter:card\" content=\"summary_large_image\" \/>\n<meta name=\"twitter:label1\" content=\"Escrito por\" \/>\n\t<meta name=\"twitter:data1\" content=\"moacir\" \/>\n\t<meta name=\"twitter:label2\" content=\"Est. tempo de leitura\" \/>\n\t<meta name=\"twitter:data2\" content=\"2 minutos\" \/>\n<script type=\"application\/ld+json\" class=\"yoast-schema-graph\">{\"@context\":\"https:\/\/schema.org\",\"@graph\":[{\"@type\":\"WebSite\",\"@id\":\"https:\/\/franciscanos.org.br\/noticias\/#website\",\"url\":\"https:\/\/franciscanos.org.br\/noticias\/\",\"name\":\"Not\u00edcias - Franciscanos\",\"description\":\"Prov\u00edncia Franciscana da Imaculada Concei\u00e7\u00e3o do Brasil - Ordem dos Frades Menores - OFM\",\"potentialAction\":[{\"@type\":\"SearchAction\",\"target\":{\"@type\":\"EntryPoint\",\"urlTemplate\":\"https:\/\/franciscanos.org.br\/noticias\/?s={search_term_string}\"},\"query-input\":\"required name=search_term_string\"}],\"inLanguage\":\"pt-BR\"},{\"@type\":\"ImageObject\",\"inLanguage\":\"pt-BR\",\"@id\":\"https:\/\/franciscanos.org.br\/noticias\/usf-antecipa-descontos-para-voce-ingressar-com-a-nota-do-enem.html#primaryimage\",\"url\":\"https:\/\/franciscanos.org.br\/noticias\/wp-content\/uploads\/2021\/03\/usf_d.jpg\",\"contentUrl\":\"https:\/\/franciscanos.org.br\/noticias\/wp-content\/uploads\/2021\/03\/usf_d.jpg\",\"width\":800,\"height\":600},{\"@type\":\"WebPage\",\"@id\":\"https:\/\/franciscanos.org.br\/noticias\/usf-antecipa-descontos-para-voce-ingressar-com-a-nota-do-enem.html#webpage\",\"url\":\"https:\/\/franciscanos.org.br\/noticias\/usf-antecipa-descontos-para-voce-ingressar-com-a-nota-do-enem.html\",\"name\":\"USF antecipa descontos para voc\u00ea ingressar com a nota do Enem - Not\u00edcias - Franciscanos\",\"isPartOf\":{\"@id\":\"https:\/\/franciscanos.org.br\/noticias\/#website\"},\"primaryImageOfPage\":{\"@id\":\"https:\/\/franciscanos.org.br\/noticias\/usf-antecipa-descontos-para-voce-ingressar-com-a-nota-do-enem.html#primaryimage\"},\"datePublished\":\"2021-03-11T12:14:19+00:00\",\"dateModified\":\"2021-03-11T12:14:19+00:00\",\"author\":{\"@id\":\"https:\/\/franciscanos.org.br\/noticias\/#\/schema\/person\/b5c8cba458c330ccff548b056e95a5d4\"},\"breadcrumb\":{\"@id\":\"https:\/\/franciscanos.org.br\/noticias\/usf-antecipa-descontos-para-voce-ingressar-com-a-nota-do-enem.html#breadcrumb\"},\"inLanguage\":\"pt-BR\",\"potentialAction\":[{\"@type\":\"ReadAction\",\"target\":[\"https:\/\/franciscanos.org.br\/noticias\/usf-antecipa-descontos-para-voce-ingressar-com-a-nota-do-enem.html\"]}]},{\"@type\":\"BreadcrumbList\",\"@id\":\"https:\/\/franciscanos.org.br\/noticias\/usf-antecipa-descontos-para-voce-ingressar-com-a-nota-do-enem.html#breadcrumb\",\"itemListElement\":[{\"@type\":\"ListItem\",\"position\":1,\"name\":\"Home\",\"item\":\"https:\/\/franciscanos.org.br\/noticias\"},{\"@type\":\"ListItem\",\"position\":2,\"name\":\"USF antecipa descontos para voc\u00ea ingressar com a nota do Enem\"}]},{\"@type\":\"Person\",\"@id\":\"https:\/\/franciscanos.org.br\/noticias\/#\/schema\/person\/b5c8cba458c330ccff548b056e95a5d4\",\"name\":\"moacir\",\"image\":{\"@type\":\"ImageObject\",\"inLanguage\":\"pt-BR\",\"@id\":\"https:\/\/franciscanos.org.br\/noticias\/#\/schema\/person\/image\/\",\"url\":\"https:\/\/secure.gravatar.com\/avatar\/d08aa2ce4c8dd416d4479aa8536fcf64?s=96&d=mm&r=g\",\"contentUrl\":\"https:\/\/secure.gravatar.com\/avatar\/d08aa2ce4c8dd416d4479aa8536fcf64?s=96&d=mm&r=g\",\"caption\":\"moacir\"},\"url\":\"https:\/\/franciscanos.org.br\/noticias\/author\/moacir\"}]}<\/script>\n<!-- \/ Yoast SEO plugin. -->","yoast_head_json":{"title":"USF antecipa descontos para voc\u00ea ingressar com a nota do Enem - Not\u00edcias - Franciscanos","robots":{"index":"index","follow":"follow","max-snippet":"max-snippet:-1","max-image-preview":"max-image-preview:large","max-video-preview":"max-video-preview:-1"},"canonical":"https:\/\/franciscanos.org.br\/noticias\/usf-antecipa-descontos-para-voce-ingressar-com-a-nota-do-enem.html","og_locale":"pt_BR","og_type":"article","og_title":"USF antecipa descontos para voc\u00ea ingressar com a nota do Enem - Not\u00edcias - Franciscanos","og_description":"Universidade S\u00e3o Francisco","og_url":"https:\/\/franciscanos.org.br\/noticias\/usf-antecipa-descontos-para-voce-ingressar-com-a-nota-do-enem.html","og_site_name":"Not\u00edcias - Franciscanos","article_published_time":"2021-03-11T12:14:19+00:00","og_image":[{"width":800,"height":600,"url":"https:\/\/franciscanos.org.br\/noticias\/wp-content\/uploads\/2021\/03\/usf_d.jpg","type":"image\/jpeg"}],"author":"moacir","twitter_card":"summary_large_image","twitter_misc":{"Escrito por":"moacir","Est. tempo de leitura":"2 minutos"},"schema":{"@context":"https:\/\/schema.org","@graph":[{"@type":"WebSite","@id":"https:\/\/franciscanos.org.br\/noticias\/#website","url":"https:\/\/franciscanos.org.br\/noticias\/","name":"Not\u00edcias - Franciscanos","description":"Prov\u00edncia Franciscana da Imaculada Concei\u00e7\u00e3o do Brasil - Ordem dos Frades Menores - OFM","potentialAction":[{"@type":"SearchAction","target":{"@type":"EntryPoint","urlTemplate":"https:\/\/franciscanos.org.br\/noticias\/?s={search_term_string}"},"query-input":"required name=search_term_string"}],"inLanguage":"pt-BR"},{"@type":"ImageObject","inLanguage":"pt-BR","@id":"https:\/\/franciscanos.org.br\/noticias\/usf-antecipa-descontos-para-voce-ingressar-com-a-nota-do-enem.html#primaryimage","url":"https:\/\/franciscanos.org.br\/noticias\/wp-content\/uploads\/2021\/03\/usf_d.jpg","contentUrl":"https:\/\/franciscanos.org.br\/noticias\/wp-content\/uploads\/2021\/03\/usf_d.jpg","width":800,"height":600},{"@type":"WebPage","@id":"https:\/\/franciscanos.org.br\/noticias\/usf-antecipa-descontos-para-voce-ingressar-com-a-nota-do-enem.html#webpage","url":"https:\/\/franciscanos.org.br\/noticias\/usf-antecipa-descontos-para-voce-ingressar-com-a-nota-do-enem.html","name":"USF antecipa descontos para voc\u00ea ingressar com a nota do Enem - Not\u00edcias - Franciscanos","isPartOf":{"@id":"https:\/\/franciscanos.org.br\/noticias\/#website"},"primaryImageOfPage":{"@id":"https:\/\/franciscanos.org.br\/noticias\/usf-antecipa-descontos-para-voce-ingressar-com-a-nota-do-enem.html#primaryimage"},"datePublished":"2021-03-11T12:14:19+00:00","dateModified":"2021-03-11T12:14:19+00:00","author":{"@id":"https:\/\/franciscanos.org.br\/noticias\/#\/schema\/person\/b5c8cba458c330ccff548b056e95a5d4"},"breadcrumb":{"@id":"https:\/\/franciscanos.org.br\/noticias\/usf-antecipa-descontos-para-voce-ingressar-com-a-nota-do-enem.html#breadcrumb"},"inLanguage":"pt-BR","potentialAction":[{"@type":"ReadAction","target":["https:\/\/franciscanos.org.br\/noticias\/usf-antecipa-descontos-para-voce-ingressar-com-a-nota-do-enem.html"]}]},{"@type":"BreadcrumbList","@id":"https:\/\/franciscanos.org.br\/noticias\/usf-antecipa-descontos-para-voce-ingressar-com-a-nota-do-enem.html#breadcrumb","itemListElement":[{"@type":"ListItem","position":1,"name":"Home","item":"https:\/\/franciscanos.org.br\/noticias"},{"@type":"ListItem","position":2,"name":"USF antecipa descontos para voc\u00ea ingressar com a nota do Enem"}]},{"@type":"Person","@id":"https:\/\/franciscanos.org.br\/noticias\/#\/schema\/person\/b5c8cba458c330ccff548b056e95a5d4","name":"moacir","image":{"@type":"ImageObject","inLanguage":"pt-BR","@id":"https:\/\/franciscanos.org.br\/noticias\/#\/schema\/person\/image\/","url":"https:\/\/secure.gravatar.com\/avatar\/d08aa2ce4c8dd416d4479aa8536fcf64?s=96&d=mm&r=g","contentUrl":"https:\/\/secure.gravatar.com\/avatar\/d08aa2ce4c8dd416d4479aa8536fcf64?s=96&d=mm&r=g","caption":"moacir"},"url":"https:\/\/franciscanos.org.br\/noticias\/author\/moacir"}]}},"_links":{"self":[{"href":"https:\/\/franciscanos.org.br\/noticias\/wp-json\/wp\/v2\/posts\/231118"}],"collection":[{"href":"https:\/\/franciscanos.org.br\/noticias\/wp-json\/wp\/v2\/posts"}],"about":[{"href":"https:\/\/franciscanos.org.br\/noticias\/wp-json\/wp\/v2\/types\/post"}],"author":[{"embeddable":true,"href":"https:\/\/franciscanos.org.br\/noticias\/wp-json\/wp\/v2\/users\/3"}],"replies":[{"embeddable":true,"href":"https:\/\/franciscanos.org.br\/noticias\/wp-json\/wp\/v2\/comments?post=231118"}],"version-history":[{"count":1,"href":"https:\/\/franciscanos.org.br\/noticias\/wp-json\/wp\/v2\/posts\/231118\/revisions"}],"predecessor-version":[{"id":231121,"href":"https:\/\/franciscanos.org.br\/noticias\/wp-json\/wp\/v2\/posts\/231118\/revisions\/231121"}],"wp:featuredmedia":[{"embeddable":true,"href":"https:\/\/franciscanos.org.br\/noticias\/wp-json\/wp\/v2\/media\/231120"}],"wp:attachment":[{"href":"https:\/\/franciscanos.org.br\/noticias\/wp-json\/wp\/v2\/media?parent=231118"}],"wp:term":[{"taxonomy":"category","embeddable":true,"href":"https:\/\/franciscanos.org.br\/noticias\/wp-json\/wp\/v2\/categories?post=231118"},{"taxonomy":"post_tag","embeddable":true,"href":"https:\/\/franciscanos.org.br\/noticias\/wp-json\/wp\/v2\/tags?post=231118"}],"curies":[{"name":"wp","href":"https:\/\/api.w.org\/{rel}","templated":true}]}}