{"id":231085,"date":"2021-03-08T09:55:23","date_gmt":"2021-03-08T12:55:23","guid":{"rendered":"https:\/\/franciscanos.org.br\/noticias\/?p=231085"},"modified":"2021-03-08T10:00:04","modified_gmt":"2021-03-08T13:00:04","slug":"paroquia-sao-luiz-gonzaga-encerra-as-comemoracoes-a-frei-bruno","status":"publish","type":"post","link":"https:\/\/franciscanos.org.br\/noticias\/paroquia-sao-luiz-gonzaga-encerra-as-comemoracoes-a-frei-bruno.html","title":{"rendered":"Par\u00f3quia S\u00e3o Luiz Gonzaga encerra as comemora\u00e7\u00f5es a Frei Bruno"},"content":{"rendered":"<p><img loading=\"lazy\" class=\"alignleft size-full wp-image-231086\" src=\"https:\/\/franciscanos.org.br\/noticias\/wp-content\/uploads\/2021\/03\/xaxim_08.jpg\" alt=\"\" width=\"1280\" height=\"720\" srcset=\"https:\/\/franciscanos.org.br\/noticias\/wp-content\/uploads\/2021\/03\/xaxim_08.jpg 1280w, https:\/\/franciscanos.org.br\/noticias\/wp-content\/uploads\/2021\/03\/xaxim_08-450x253.jpg 450w, https:\/\/franciscanos.org.br\/noticias\/wp-content\/uploads\/2021\/03\/xaxim_08-1024x576.jpg 1024w, https:\/\/franciscanos.org.br\/noticias\/wp-content\/uploads\/2021\/03\/xaxim_08-768x432.jpg 768w, https:\/\/franciscanos.org.br\/noticias\/wp-content\/uploads\/2021\/03\/xaxim_08-150x84.jpg 150w\" sizes=\"(max-width: 1280px) 100vw, 1280px\" \/><\/p>\n<p>No domingo, dia 07, a Par\u00f3quia S\u00e3o Luiz Gonzaga encerrou as comemora\u00e7\u00f5es a Frei Bruno Linden. Com transmiss\u00e3o pelas redes sociais da Par\u00f3quia, os fi\u00e9is puderam acompanhar 11 dias dedicados ao frade em processo de beatifica\u00e7\u00e3o.<\/p>\n<p>A abertura das festividades aconteceu no dia 25 de fevereiro, data em que se completou 61 anos de morte de Frei Bruno. \u00c0s 19h, teve in\u00edcio a Missa em homenagem ao frade franciscano que est\u00e1 em processo de beatifica\u00e7\u00e3o. Frei Bruno esteve em Xaxim por 10 anos, de 1945 a 1955. Seu hist\u00f3rico foi relembrado com carinho por Frei Gilson Kammer, que presidiu a celebra\u00e7\u00e3o.<\/p>\n<p>Na sexta-feira (26\/02), a novena pedindo a beatifica\u00e7\u00e3o de Frei Bruno teve in\u00edcio. A cada dia, uma virtude era apresentada, junto com os s\u00edmbolos representando cada tema em frente ao altar. A novena teve como base o livro de Frei Clar\u00eancio Neotti. Na programa\u00e7\u00e3o, as comunidades estariam presentes todos os dias da novena para bem celebrar, no entanto, com as restri\u00e7\u00f5es devido ao aumento de casos da Covid-19, as celebra\u00e7\u00f5es ficaram restritas ao n\u00famero pequeno de pessoas e a igreja com as portas fechadas.<\/p>\n<p>A festa de Frei Bruno Linden aconteceu neste domingo (07\/03), \u00e0s 8h30, transmitida pelo Facebook, YouTube e R\u00e1dio Cultura. A Santa Missa foi presida por Frei Gilson Kammer e concelebrada por Frei Jacir Ant\u00f4nio Zolet e Frei Vanderlei da Silva Neves. A celebra\u00e7\u00e3o teve in\u00edcio com o hino de Frei Bruno Linden e a sauda\u00e7\u00e3o franciscana de \u201cPaz e Bem\u201d.<\/p>\n<p>Em frente ao altar, objetos de Frei Bruno, como: busto em sua homenagem, bengala, guarda-chuva, ter\u00e7o, as vestes usadas por ele na \u00e9poca. Junto ao p\u00e9 do altar Nossa Senhora da Sa\u00fade, a Sagrada Fam\u00edlia e o Tau Franciscano. S\u00edmbolos que representam Frei Bruno na sua caminhada e lembram as virtudes da f\u00e9, esperan\u00e7a, caridade, prud\u00eancia, fortaleza, temperan\u00e7a, pobreza, obedi\u00eancia e da castidade.<\/p>\n<p>Em sua homilia, o p\u00e1roco Frei Gilson saudou a todos que acompanhavam pelas redes sociais e aos que estavam presentes, lembrando que o domingo era o 3\u00ba Domingo da Quaresma e tamb\u00e9m a celebra\u00e7\u00e3o da Festa de Frei Bruno Linden da Par\u00f3quia. Frei Gilson destacou na sua fala as leituras do dia e ressaltou que Deus \u00e9 misericordioso. \u201cA miseric\u00f3rdia de Deus \u00e9 muito maior conosco, por isso, Ele nos apresenta os 10 mandamentos, para que tenhamos cuidado com o pr\u00f3ximo e com a nossa vida. Nossa miss\u00e3o \u00e9 anunciar o Cristo ressuscitado e crucificado\u201d.<\/p>\n<p><img loading=\"lazy\" class=\"alignleft size-full wp-image-231088\" src=\"https:\/\/franciscanos.org.br\/noticias\/wp-content\/uploads\/2021\/03\/xaxim_02.jpg\" alt=\"\" width=\"1280\" height=\"720\" srcset=\"https:\/\/franciscanos.org.br\/noticias\/wp-content\/uploads\/2021\/03\/xaxim_02.jpg 1280w, https:\/\/franciscanos.org.br\/noticias\/wp-content\/uploads\/2021\/03\/xaxim_02-450x253.jpg 450w, https:\/\/franciscanos.org.br\/noticias\/wp-content\/uploads\/2021\/03\/xaxim_02-1024x576.jpg 1024w, https:\/\/franciscanos.org.br\/noticias\/wp-content\/uploads\/2021\/03\/xaxim_02-768x432.jpg 768w, https:\/\/franciscanos.org.br\/noticias\/wp-content\/uploads\/2021\/03\/xaxim_02-150x84.jpg 150w\" sizes=\"(max-width: 1280px) 100vw, 1280px\" \/><\/p>\n<p>Conforme o frade, hoje o dinheiro pauta a vida das pessoas e sempre em querer mais. Mas hoje o que \u00e9 preciso \u00e9 a gratuidade. Lembrando do dia comemorativo, Frei Gilson citou a novena. \u201cAcompanhamos durante a novena, nos depoimentos de quem conviveu com Frei Bruno, como ele tinha f\u00e9 e a demonstrava para quem estava ao seu redor. No depoimento da Irm\u00e3 Tereza Lunelli, que postamos nas redes sociais da Par\u00f3quia no s\u00e1bado, ela conta que conviveu com Frei Bruno quando era crian\u00e7a. Quando se encontrava com a fam\u00edlia, ela sempre encontrava Frei Bruno com o ter\u00e7o em ora\u00e7\u00e3o constante. Essa \u00e9 a gratuidade que Cristo pediu no Evangelho e que hoje pedimos pela intercess\u00e3o de Frei Bruno para que n\u00f3s consigamos tamb\u00e9m fazer a gratuidade em nossos dias\u201d.<\/p>\n<p>Para o sacerdote, durante a novena p\u00f4de-se perceber as virtudes no Servo de Deus Frei Bruno, sobretudo na maneira como ele conseguiu viver os conselhos evang\u00e9licos na pobreza, obedi\u00eancia e na castidade. \u201cFrei Bruno se fez obediente \u00e0 palavra de Deus. A simplicidade e a pobreza s\u00e3o as formas mais lembradas nos depoimentos do processo de beatifica\u00e7\u00e3o. Ele sempre estava presente nas fam\u00edlias, na comunidade, mas tamb\u00e9m entre os frades. Assim, a simplicidade \u00e9 a base e o fundamento de toda nossa vida crist\u00e3\u201d, destacou o p\u00e1roco.<\/p>\n<p><img loading=\"lazy\" class=\"alignleft size-full wp-image-231089\" src=\"https:\/\/franciscanos.org.br\/noticias\/wp-content\/uploads\/2021\/03\/xaxim_03.jpg\" alt=\"\" width=\"1280\" height=\"720\" srcset=\"https:\/\/franciscanos.org.br\/noticias\/wp-content\/uploads\/2021\/03\/xaxim_03.jpg 1280w, https:\/\/franciscanos.org.br\/noticias\/wp-content\/uploads\/2021\/03\/xaxim_03-450x253.jpg 450w, https:\/\/franciscanos.org.br\/noticias\/wp-content\/uploads\/2021\/03\/xaxim_03-1024x576.jpg 1024w, https:\/\/franciscanos.org.br\/noticias\/wp-content\/uploads\/2021\/03\/xaxim_03-768x432.jpg 768w, https:\/\/franciscanos.org.br\/noticias\/wp-content\/uploads\/2021\/03\/xaxim_03-150x84.jpg 150w\" sizes=\"(max-width: 1280px) 100vw, 1280px\" \/><\/p>\n<p>No final da celebra\u00e7\u00e3o, Frei Gilson convidou a todos para rezarem a Ora\u00e7\u00e3o pela Beatifica\u00e7\u00e3o de Frei Bruno, pedindo a intercess\u00e3o a Deus pelas fam\u00edlias que perderam seus entes queridos e que passam por esse momento dif\u00edcil da pandemia. O p\u00e1roco tamb\u00e9m agradeceu as comunidades que n\u00e3o estavam presentes, mas que aceitaram bem celebrar esses momentos de f\u00e9 e devo\u00e7\u00e3o. E a todos os que ajudaram na parte lit\u00fargica, de cantos, transmiss\u00e3o nas redes sociais. \u201cNossa festa foi adiada para os dias 19 e 20 de junho, junto com a Festa do Nosso Padroeiro S\u00e3o Luiz Gonzaga. Agrade\u00e7o a todos que nos ajudaram e que preparam os momentos celebrativos durante esses 11 dias. N\u00e3o pudemos nos encontrar presencialmente, mas celebramos juntos pelas redes sociais\u201d, disse o Frei.<\/p>\n<hr \/>\n<p><em>Camila Mendo, pela Pascom da Par\u00f3quia<\/em><\/p>\n","protected":false},"excerpt":{"rendered":"<p>Festa de Frei Bruno <\/p>\n","protected":false},"author":3,"featured_media":231087,"comment_status":"open","ping_status":"open","sticky":false,"template":"","format":"standard","meta":[],"categories":[1],"tags":[1591],"acf":[],"yoast_head":"<!-- This site is optimized with the Yoast SEO plugin v19.2 - https:\/\/yoast.com\/wordpress\/plugins\/seo\/ -->\n<title>Par\u00f3quia S\u00e3o Luiz Gonzaga encerra as comemora\u00e7\u00f5es a Frei Bruno - Not\u00edcias - Franciscanos<\/title>\n<meta name=\"robots\" content=\"index, follow, max-snippet:-1, max-image-preview:large, max-video-preview:-1\" \/>\n<link rel=\"canonical\" href=\"https:\/\/franciscanos.org.br\/noticias\/paroquia-sao-luiz-gonzaga-encerra-as-comemoracoes-a-frei-bruno.html\" \/>\n<meta property=\"og:locale\" content=\"pt_BR\" \/>\n<meta property=\"og:type\" content=\"article\" \/>\n<meta property=\"og:title\" content=\"Par\u00f3quia S\u00e3o Luiz Gonzaga encerra as comemora\u00e7\u00f5es a Frei Bruno - Not\u00edcias - Franciscanos\" \/>\n<meta property=\"og:description\" content=\"Festa de Frei Bruno\" \/>\n<meta property=\"og:url\" content=\"https:\/\/franciscanos.org.br\/noticias\/paroquia-sao-luiz-gonzaga-encerra-as-comemoracoes-a-frei-bruno.html\" \/>\n<meta property=\"og:site_name\" content=\"Not\u00edcias - Franciscanos\" \/>\n<meta property=\"article:published_time\" content=\"2021-03-08T12:55:23+00:00\" \/>\n<meta property=\"article:modified_time\" content=\"2021-03-08T13:00:04+00:00\" \/>\n<meta property=\"og:image\" content=\"https:\/\/franciscanos.org.br\/noticias\/wp-content\/uploads\/2021\/03\/xaxim_d.jpg\" \/>\n\t<meta property=\"og:image:width\" content=\"800\" \/>\n\t<meta property=\"og:image:height\" content=\"600\" \/>\n\t<meta property=\"og:image:type\" content=\"image\/jpeg\" \/>\n<meta name=\"author\" content=\"moacir\" \/>\n<meta name=\"twitter:card\" content=\"summary_large_image\" \/>\n<meta name=\"twitter:label1\" content=\"Escrito por\" \/>\n\t<meta name=\"twitter:data1\" content=\"moacir\" \/>\n\t<meta name=\"twitter:label2\" content=\"Est. tempo de leitura\" \/>\n\t<meta name=\"twitter:data2\" content=\"4 minutos\" \/>\n<script type=\"application\/ld+json\" class=\"yoast-schema-graph\">{\"@context\":\"https:\/\/schema.org\",\"@graph\":[{\"@type\":\"WebSite\",\"@id\":\"https:\/\/franciscanos.org.br\/noticias\/#website\",\"url\":\"https:\/\/franciscanos.org.br\/noticias\/\",\"name\":\"Not\u00edcias - Franciscanos\",\"description\":\"Prov\u00edncia Franciscana da Imaculada Concei\u00e7\u00e3o do Brasil - Ordem dos Frades Menores - OFM\",\"potentialAction\":[{\"@type\":\"SearchAction\",\"target\":{\"@type\":\"EntryPoint\",\"urlTemplate\":\"https:\/\/franciscanos.org.br\/noticias\/?s={search_term_string}\"},\"query-input\":\"required name=search_term_string\"}],\"inLanguage\":\"pt-BR\"},{\"@type\":\"ImageObject\",\"inLanguage\":\"pt-BR\",\"@id\":\"https:\/\/franciscanos.org.br\/noticias\/paroquia-sao-luiz-gonzaga-encerra-as-comemoracoes-a-frei-bruno.html#primaryimage\",\"url\":\"https:\/\/franciscanos.org.br\/noticias\/wp-content\/uploads\/2021\/03\/xaxim_d.jpg\",\"contentUrl\":\"https:\/\/franciscanos.org.br\/noticias\/wp-content\/uploads\/2021\/03\/xaxim_d.jpg\",\"width\":800,\"height\":600},{\"@type\":\"WebPage\",\"@id\":\"https:\/\/franciscanos.org.br\/noticias\/paroquia-sao-luiz-gonzaga-encerra-as-comemoracoes-a-frei-bruno.html#webpage\",\"url\":\"https:\/\/franciscanos.org.br\/noticias\/paroquia-sao-luiz-gonzaga-encerra-as-comemoracoes-a-frei-bruno.html\",\"name\":\"Par\u00f3quia S\u00e3o Luiz Gonzaga encerra as comemora\u00e7\u00f5es a Frei Bruno - Not\u00edcias - Franciscanos\",\"isPartOf\":{\"@id\":\"https:\/\/franciscanos.org.br\/noticias\/#website\"},\"primaryImageOfPage\":{\"@id\":\"https:\/\/franciscanos.org.br\/noticias\/paroquia-sao-luiz-gonzaga-encerra-as-comemoracoes-a-frei-bruno.html#primaryimage\"},\"datePublished\":\"2021-03-08T12:55:23+00:00\",\"dateModified\":\"2021-03-08T13:00:04+00:00\",\"author\":{\"@id\":\"https:\/\/franciscanos.org.br\/noticias\/#\/schema\/person\/b5c8cba458c330ccff548b056e95a5d4\"},\"breadcrumb\":{\"@id\":\"https:\/\/franciscanos.org.br\/noticias\/paroquia-sao-luiz-gonzaga-encerra-as-comemoracoes-a-frei-bruno.html#breadcrumb\"},\"inLanguage\":\"pt-BR\",\"potentialAction\":[{\"@type\":\"ReadAction\",\"target\":[\"https:\/\/franciscanos.org.br\/noticias\/paroquia-sao-luiz-gonzaga-encerra-as-comemoracoes-a-frei-bruno.html\"]}]},{\"@type\":\"BreadcrumbList\",\"@id\":\"https:\/\/franciscanos.org.br\/noticias\/paroquia-sao-luiz-gonzaga-encerra-as-comemoracoes-a-frei-bruno.html#breadcrumb\",\"itemListElement\":[{\"@type\":\"ListItem\",\"position\":1,\"name\":\"Home\",\"item\":\"https:\/\/franciscanos.org.br\/noticias\"},{\"@type\":\"ListItem\",\"position\":2,\"name\":\"Par\u00f3quia S\u00e3o Luiz Gonzaga encerra as comemora\u00e7\u00f5es a Frei Bruno\"}]},{\"@type\":\"Person\",\"@id\":\"https:\/\/franciscanos.org.br\/noticias\/#\/schema\/person\/b5c8cba458c330ccff548b056e95a5d4\",\"name\":\"moacir\",\"image\":{\"@type\":\"ImageObject\",\"inLanguage\":\"pt-BR\",\"@id\":\"https:\/\/franciscanos.org.br\/noticias\/#\/schema\/person\/image\/\",\"url\":\"https:\/\/secure.gravatar.com\/avatar\/d08aa2ce4c8dd416d4479aa8536fcf64?s=96&d=mm&r=g\",\"contentUrl\":\"https:\/\/secure.gravatar.com\/avatar\/d08aa2ce4c8dd416d4479aa8536fcf64?s=96&d=mm&r=g\",\"caption\":\"moacir\"},\"url\":\"https:\/\/franciscanos.org.br\/noticias\/author\/moacir\"}]}<\/script>\n<!-- \/ Yoast SEO plugin. -->","yoast_head_json":{"title":"Par\u00f3quia S\u00e3o Luiz Gonzaga encerra as comemora\u00e7\u00f5es a Frei Bruno - Not\u00edcias - Franciscanos","robots":{"index":"index","follow":"follow","max-snippet":"max-snippet:-1","max-image-preview":"max-image-preview:large","max-video-preview":"max-video-preview:-1"},"canonical":"https:\/\/franciscanos.org.br\/noticias\/paroquia-sao-luiz-gonzaga-encerra-as-comemoracoes-a-frei-bruno.html","og_locale":"pt_BR","og_type":"article","og_title":"Par\u00f3quia S\u00e3o Luiz Gonzaga encerra as comemora\u00e7\u00f5es a Frei Bruno - Not\u00edcias - Franciscanos","og_description":"Festa de Frei Bruno","og_url":"https:\/\/franciscanos.org.br\/noticias\/paroquia-sao-luiz-gonzaga-encerra-as-comemoracoes-a-frei-bruno.html","og_site_name":"Not\u00edcias - Franciscanos","article_published_time":"2021-03-08T12:55:23+00:00","article_modified_time":"2021-03-08T13:00:04+00:00","og_image":[{"width":800,"height":600,"url":"https:\/\/franciscanos.org.br\/noticias\/wp-content\/uploads\/2021\/03\/xaxim_d.jpg","type":"image\/jpeg"}],"author":"moacir","twitter_card":"summary_large_image","twitter_misc":{"Escrito por":"moacir","Est. tempo de leitura":"4 minutos"},"schema":{"@context":"https:\/\/schema.org","@graph":[{"@type":"WebSite","@id":"https:\/\/franciscanos.org.br\/noticias\/#website","url":"https:\/\/franciscanos.org.br\/noticias\/","name":"Not\u00edcias - Franciscanos","description":"Prov\u00edncia Franciscana da Imaculada Concei\u00e7\u00e3o do Brasil - Ordem dos Frades Menores - OFM","potentialAction":[{"@type":"SearchAction","target":{"@type":"EntryPoint","urlTemplate":"https:\/\/franciscanos.org.br\/noticias\/?s={search_term_string}"},"query-input":"required name=search_term_string"}],"inLanguage":"pt-BR"},{"@type":"ImageObject","inLanguage":"pt-BR","@id":"https:\/\/franciscanos.org.br\/noticias\/paroquia-sao-luiz-gonzaga-encerra-as-comemoracoes-a-frei-bruno.html#primaryimage","url":"https:\/\/franciscanos.org.br\/noticias\/wp-content\/uploads\/2021\/03\/xaxim_d.jpg","contentUrl":"https:\/\/franciscanos.org.br\/noticias\/wp-content\/uploads\/2021\/03\/xaxim_d.jpg","width":800,"height":600},{"@type":"WebPage","@id":"https:\/\/franciscanos.org.br\/noticias\/paroquia-sao-luiz-gonzaga-encerra-as-comemoracoes-a-frei-bruno.html#webpage","url":"https:\/\/franciscanos.org.br\/noticias\/paroquia-sao-luiz-gonzaga-encerra-as-comemoracoes-a-frei-bruno.html","name":"Par\u00f3quia S\u00e3o Luiz Gonzaga encerra as comemora\u00e7\u00f5es a Frei Bruno - Not\u00edcias - Franciscanos","isPartOf":{"@id":"https:\/\/franciscanos.org.br\/noticias\/#website"},"primaryImageOfPage":{"@id":"https:\/\/franciscanos.org.br\/noticias\/paroquia-sao-luiz-gonzaga-encerra-as-comemoracoes-a-frei-bruno.html#primaryimage"},"datePublished":"2021-03-08T12:55:23+00:00","dateModified":"2021-03-08T13:00:04+00:00","author":{"@id":"https:\/\/franciscanos.org.br\/noticias\/#\/schema\/person\/b5c8cba458c330ccff548b056e95a5d4"},"breadcrumb":{"@id":"https:\/\/franciscanos.org.br\/noticias\/paroquia-sao-luiz-gonzaga-encerra-as-comemoracoes-a-frei-bruno.html#breadcrumb"},"inLanguage":"pt-BR","potentialAction":[{"@type":"ReadAction","target":["https:\/\/franciscanos.org.br\/noticias\/paroquia-sao-luiz-gonzaga-encerra-as-comemoracoes-a-frei-bruno.html"]}]},{"@type":"BreadcrumbList","@id":"https:\/\/franciscanos.org.br\/noticias\/paroquia-sao-luiz-gonzaga-encerra-as-comemoracoes-a-frei-bruno.html#breadcrumb","itemListElement":[{"@type":"ListItem","position":1,"name":"Home","item":"https:\/\/franciscanos.org.br\/noticias"},{"@type":"ListItem","position":2,"name":"Par\u00f3quia S\u00e3o Luiz Gonzaga encerra as comemora\u00e7\u00f5es a Frei Bruno"}]},{"@type":"Person","@id":"https:\/\/franciscanos.org.br\/noticias\/#\/schema\/person\/b5c8cba458c330ccff548b056e95a5d4","name":"moacir","image":{"@type":"ImageObject","inLanguage":"pt-BR","@id":"https:\/\/franciscanos.org.br\/noticias\/#\/schema\/person\/image\/","url":"https:\/\/secure.gravatar.com\/avatar\/d08aa2ce4c8dd416d4479aa8536fcf64?s=96&d=mm&r=g","contentUrl":"https:\/\/secure.gravatar.com\/avatar\/d08aa2ce4c8dd416d4479aa8536fcf64?s=96&d=mm&r=g","caption":"moacir"},"url":"https:\/\/franciscanos.org.br\/noticias\/author\/moacir"}]}},"_links":{"self":[{"href":"https:\/\/franciscanos.org.br\/noticias\/wp-json\/wp\/v2\/posts\/231085"}],"collection":[{"href":"https:\/\/franciscanos.org.br\/noticias\/wp-json\/wp\/v2\/posts"}],"about":[{"href":"https:\/\/franciscanos.org.br\/noticias\/wp-json\/wp\/v2\/types\/post"}],"author":[{"embeddable":true,"href":"https:\/\/franciscanos.org.br\/noticias\/wp-json\/wp\/v2\/users\/3"}],"replies":[{"embeddable":true,"href":"https:\/\/franciscanos.org.br\/noticias\/wp-json\/wp\/v2\/comments?post=231085"}],"version-history":[{"count":3,"href":"https:\/\/franciscanos.org.br\/noticias\/wp-json\/wp\/v2\/posts\/231085\/revisions"}],"predecessor-version":[{"id":231092,"href":"https:\/\/franciscanos.org.br\/noticias\/wp-json\/wp\/v2\/posts\/231085\/revisions\/231092"}],"wp:featuredmedia":[{"embeddable":true,"href":"https:\/\/franciscanos.org.br\/noticias\/wp-json\/wp\/v2\/media\/231087"}],"wp:attachment":[{"href":"https:\/\/franciscanos.org.br\/noticias\/wp-json\/wp\/v2\/media?parent=231085"}],"wp:term":[{"taxonomy":"category","embeddable":true,"href":"https:\/\/franciscanos.org.br\/noticias\/wp-json\/wp\/v2\/categories?post=231085"},{"taxonomy":"post_tag","embeddable":true,"href":"https:\/\/franciscanos.org.br\/noticias\/wp-json\/wp\/v2\/tags?post=231085"}],"curies":[{"name":"wp","href":"https:\/\/api.w.org\/{rel}","templated":true}]}}