{"id":231079,"date":"2021-03-07T07:22:04","date_gmt":"2021-03-07T10:22:04","guid":{"rendered":"https:\/\/franciscanos.org.br\/noticias\/?p=231079"},"modified":"2021-03-07T07:23:35","modified_gmt":"2021-03-07T10:23:35","slug":"mensagem-para-o-dia-internacional-da-mulher","status":"publish","type":"post","link":"https:\/\/franciscanos.org.br\/noticias\/mensagem-para-o-dia-internacional-da-mulher.html","title":{"rendered":"Mensagem para o Dia Internacional da Mulher"},"content":{"rendered":"<div id=\"attachment_231080\" style=\"width: 1210px\" class=\"wp-caption alignleft\"><img aria-describedby=\"caption-attachment-231080\" loading=\"lazy\" class=\"wp-image-231080 size-full\" src=\"https:\/\/franciscanos.org.br\/noticias\/wp-content\/uploads\/2021\/03\/diamulher_01.png\" alt=\"\" width=\"1200\" height=\"700\" srcset=\"https:\/\/franciscanos.org.br\/noticias\/wp-content\/uploads\/2021\/03\/diamulher_01.png 1200w, https:\/\/franciscanos.org.br\/noticias\/wp-content\/uploads\/2021\/03\/diamulher_01-450x263.png 450w, https:\/\/franciscanos.org.br\/noticias\/wp-content\/uploads\/2021\/03\/diamulher_01-1024x597.png 1024w, https:\/\/franciscanos.org.br\/noticias\/wp-content\/uploads\/2021\/03\/diamulher_01-768x448.png 768w, https:\/\/franciscanos.org.br\/noticias\/wp-content\/uploads\/2021\/03\/diamulher_01-150x88.png 150w\" sizes=\"(max-width: 1200px) 100vw, 1200px\" \/><p id=\"caption-attachment-231080\" class=\"wp-caption-text\"><em>\u00a0 \u00a0 \u00a0 \u00a0 \u00a0 \u00a0 \u00a0 \u00a0 \u00a0 \u00a0 \u00a0 \u00a0 \u00a0 \u00a0 \u00a0 \u00a0 \u00a0 \u00a0 \u00a0 \u00a0 \u00a0 \u00a0 \u00a0 \u00a0 \u00a0 \u00a0 \u00a0 \u00a0 \u00a0 \u00a0 \u00a0 \u00a0 \u00a0 \u00a0 \u00a0 \u00a0 \u00a0 \u00a0 \u00a0 \u00a0 \u00a0 \u00a0 \u00a0 \u00a0 \u00a0 \u00a0 \u00a0 \u00a0 \u00a0 \u00a0 \u00a0 \u00a0 \u00a0 \u00a0 \u00a0 \u00a0Imagem ilustrativa: Canva <a href=\"https:\/\/www.canva.com\/pt_br\/modelos\/\">(www.canva.com\/pt_br\/modelos)<\/a><\/em><\/p><\/div>\n<p>Cada Mulher \u00e9 express\u00e3o da infus\u00e3o de vida e amor que brota do originante amor do Criador. Num ventre de total receptividade para que a vida venha \u00e0 luz, nossa vida se faz exist\u00eancia, colo, hist\u00f3ria e marcas definitivas do feminino feito m\u00e3e. Como uma lua que deixa passar a luz, a Mulher sempre desaparece para deixar transparecer a for\u00e7a de um grande amor. Mulher, namorada, noiva, amiga, esposa e companheira \u00e9 am\u00e1vel em tudo o que \u00e9 e faz.<\/p>\n<p>Cada mulher permite o amor ser amado, transforma o amor numa declara\u00e7\u00e3o incontest\u00e1vel de cuidado; n\u00e3o um amor de car\u00eancia, mas de capacita\u00e7\u00e3o e complementa\u00e7\u00e3o. \u00c9 o amor que temos que ver e sentir falta quando n\u00e3o podemos ter; um amor que \u00e9 espelho e reflexo do que o mundo tem de mais sens\u00edvel. N\u00e3o existe ternura e afeto desconectado de uma Mulher. A vida das coisas \u00e9 percebida pelos olhos, m\u00e3os, cora\u00e7\u00e3o e presen\u00e7a da Mulher.<\/p>\n<p>Cada Mulher traz as marcas mais lindas do Criador com sua presen\u00e7a luminosa e vivificante, com seu jeito de percep\u00e7\u00e3o e gratid\u00e3o. Nela, o Amor vem ser pessoa humana e cria em n\u00f3s o jeito de ser filho e filha, amante e amados. A Mulher uniu a si toda a humanidade, por isso tudo o que toca com amor humano com jeito divino: transforma. Oferece seu \u00fatero para a mais completa hospitalidade na arte de fecundar a vida.<\/p>\n<p>Cada ano estamos aqui, nesta data, no Dia Internacional da Mulher para reafirmar em n\u00f3s certezas expl\u00edcitas ou escondidas; para trazer a mem\u00f3ria e para a celebra\u00e7\u00e3o da constante recorda\u00e7\u00e3o de que o amor nunca termina. Parab\u00e9ns, Mulher! Parab\u00e9ns por todo amor que nos motiva a ser o que temos que ser, e fazer o que temos que fazer. Parab\u00e9ns pelo Dia da Mulher, um dia feito para nos lembrar que todos os dias s\u00e3o dias para amar.<\/p>\n<p><strong>\u00a0\u00a0\u00a0\u00a0\u00a0 Frei Vitorio Mazzuco OFM<\/strong><\/p>\n<p><em>\u00a0\u00a0\u00a0\u00a0\u00a0\u00a0\u00a0\u00a0\u00a0 Pastoral Universit\u00e1ria<\/em><\/p>\n","protected":false},"excerpt":{"rendered":"<p>Dia Internacional da Mulher<\/p>\n","protected":false},"author":3,"featured_media":231081,"comment_status":"open","ping_status":"open","sticky":false,"template":"","format":"standard","meta":[],"categories":[1],"tags":[358],"acf":[],"yoast_head":"<!-- This site is optimized with the Yoast SEO plugin v19.2 - https:\/\/yoast.com\/wordpress\/plugins\/seo\/ -->\n<title>Mensagem para o Dia Internacional da Mulher - Not\u00edcias - Franciscanos<\/title>\n<meta name=\"robots\" content=\"index, follow, max-snippet:-1, max-image-preview:large, max-video-preview:-1\" \/>\n<link rel=\"canonical\" href=\"https:\/\/franciscanos.org.br\/noticias\/mensagem-para-o-dia-internacional-da-mulher.html\" \/>\n<meta property=\"og:locale\" content=\"pt_BR\" \/>\n<meta property=\"og:type\" content=\"article\" \/>\n<meta property=\"og:title\" content=\"Mensagem para o Dia Internacional da Mulher - Not\u00edcias - Franciscanos\" \/>\n<meta property=\"og:description\" content=\"Dia Internacional da Mulher\" \/>\n<meta property=\"og:url\" content=\"https:\/\/franciscanos.org.br\/noticias\/mensagem-para-o-dia-internacional-da-mulher.html\" \/>\n<meta property=\"og:site_name\" content=\"Not\u00edcias - Franciscanos\" \/>\n<meta property=\"article:published_time\" content=\"2021-03-07T10:22:04+00:00\" \/>\n<meta property=\"article:modified_time\" content=\"2021-03-07T10:23:35+00:00\" \/>\n<meta property=\"og:image\" content=\"https:\/\/franciscanos.org.br\/noticias\/wp-content\/uploads\/2021\/03\/diamulher_01d.png\" \/>\n\t<meta property=\"og:image:width\" content=\"800\" \/>\n\t<meta property=\"og:image:height\" content=\"600\" \/>\n\t<meta property=\"og:image:type\" content=\"image\/png\" \/>\n<meta name=\"author\" content=\"moacir\" \/>\n<meta name=\"twitter:card\" content=\"summary_large_image\" \/>\n<meta name=\"twitter:label1\" content=\"Escrito por\" \/>\n\t<meta name=\"twitter:data1\" content=\"moacir\" \/>\n\t<meta name=\"twitter:label2\" content=\"Est. tempo de leitura\" \/>\n\t<meta name=\"twitter:data2\" content=\"2 minutos\" \/>\n<script type=\"application\/ld+json\" class=\"yoast-schema-graph\">{\"@context\":\"https:\/\/schema.org\",\"@graph\":[{\"@type\":\"WebSite\",\"@id\":\"https:\/\/franciscanos.org.br\/noticias\/#website\",\"url\":\"https:\/\/franciscanos.org.br\/noticias\/\",\"name\":\"Not\u00edcias - Franciscanos\",\"description\":\"Prov\u00edncia Franciscana da Imaculada Concei\u00e7\u00e3o do Brasil - Ordem dos Frades Menores - OFM\",\"potentialAction\":[{\"@type\":\"SearchAction\",\"target\":{\"@type\":\"EntryPoint\",\"urlTemplate\":\"https:\/\/franciscanos.org.br\/noticias\/?s={search_term_string}\"},\"query-input\":\"required name=search_term_string\"}],\"inLanguage\":\"pt-BR\"},{\"@type\":\"ImageObject\",\"inLanguage\":\"pt-BR\",\"@id\":\"https:\/\/franciscanos.org.br\/noticias\/mensagem-para-o-dia-internacional-da-mulher.html#primaryimage\",\"url\":\"https:\/\/franciscanos.org.br\/noticias\/wp-content\/uploads\/2021\/03\/diamulher_01d.png\",\"contentUrl\":\"https:\/\/franciscanos.org.br\/noticias\/wp-content\/uploads\/2021\/03\/diamulher_01d.png\",\"width\":800,\"height\":600},{\"@type\":\"WebPage\",\"@id\":\"https:\/\/franciscanos.org.br\/noticias\/mensagem-para-o-dia-internacional-da-mulher.html#webpage\",\"url\":\"https:\/\/franciscanos.org.br\/noticias\/mensagem-para-o-dia-internacional-da-mulher.html\",\"name\":\"Mensagem para o Dia Internacional da Mulher - Not\u00edcias - Franciscanos\",\"isPartOf\":{\"@id\":\"https:\/\/franciscanos.org.br\/noticias\/#website\"},\"primaryImageOfPage\":{\"@id\":\"https:\/\/franciscanos.org.br\/noticias\/mensagem-para-o-dia-internacional-da-mulher.html#primaryimage\"},\"datePublished\":\"2021-03-07T10:22:04+00:00\",\"dateModified\":\"2021-03-07T10:23:35+00:00\",\"author\":{\"@id\":\"https:\/\/franciscanos.org.br\/noticias\/#\/schema\/person\/b5c8cba458c330ccff548b056e95a5d4\"},\"breadcrumb\":{\"@id\":\"https:\/\/franciscanos.org.br\/noticias\/mensagem-para-o-dia-internacional-da-mulher.html#breadcrumb\"},\"inLanguage\":\"pt-BR\",\"potentialAction\":[{\"@type\":\"ReadAction\",\"target\":[\"https:\/\/franciscanos.org.br\/noticias\/mensagem-para-o-dia-internacional-da-mulher.html\"]}]},{\"@type\":\"BreadcrumbList\",\"@id\":\"https:\/\/franciscanos.org.br\/noticias\/mensagem-para-o-dia-internacional-da-mulher.html#breadcrumb\",\"itemListElement\":[{\"@type\":\"ListItem\",\"position\":1,\"name\":\"Home\",\"item\":\"https:\/\/franciscanos.org.br\/noticias\"},{\"@type\":\"ListItem\",\"position\":2,\"name\":\"Mensagem para o Dia Internacional da Mulher\"}]},{\"@type\":\"Person\",\"@id\":\"https:\/\/franciscanos.org.br\/noticias\/#\/schema\/person\/b5c8cba458c330ccff548b056e95a5d4\",\"name\":\"moacir\",\"image\":{\"@type\":\"ImageObject\",\"inLanguage\":\"pt-BR\",\"@id\":\"https:\/\/franciscanos.org.br\/noticias\/#\/schema\/person\/image\/\",\"url\":\"https:\/\/secure.gravatar.com\/avatar\/d08aa2ce4c8dd416d4479aa8536fcf64?s=96&d=mm&r=g\",\"contentUrl\":\"https:\/\/secure.gravatar.com\/avatar\/d08aa2ce4c8dd416d4479aa8536fcf64?s=96&d=mm&r=g\",\"caption\":\"moacir\"},\"url\":\"https:\/\/franciscanos.org.br\/noticias\/author\/moacir\"}]}<\/script>\n<!-- \/ Yoast SEO plugin. -->","yoast_head_json":{"title":"Mensagem para o Dia Internacional da Mulher - Not\u00edcias - Franciscanos","robots":{"index":"index","follow":"follow","max-snippet":"max-snippet:-1","max-image-preview":"max-image-preview:large","max-video-preview":"max-video-preview:-1"},"canonical":"https:\/\/franciscanos.org.br\/noticias\/mensagem-para-o-dia-internacional-da-mulher.html","og_locale":"pt_BR","og_type":"article","og_title":"Mensagem para o Dia Internacional da Mulher - Not\u00edcias - Franciscanos","og_description":"Dia Internacional da Mulher","og_url":"https:\/\/franciscanos.org.br\/noticias\/mensagem-para-o-dia-internacional-da-mulher.html","og_site_name":"Not\u00edcias - Franciscanos","article_published_time":"2021-03-07T10:22:04+00:00","article_modified_time":"2021-03-07T10:23:35+00:00","og_image":[{"width":800,"height":600,"url":"https:\/\/franciscanos.org.br\/noticias\/wp-content\/uploads\/2021\/03\/diamulher_01d.png","type":"image\/png"}],"author":"moacir","twitter_card":"summary_large_image","twitter_misc":{"Escrito por":"moacir","Est. tempo de leitura":"2 minutos"},"schema":{"@context":"https:\/\/schema.org","@graph":[{"@type":"WebSite","@id":"https:\/\/franciscanos.org.br\/noticias\/#website","url":"https:\/\/franciscanos.org.br\/noticias\/","name":"Not\u00edcias - Franciscanos","description":"Prov\u00edncia Franciscana da Imaculada Concei\u00e7\u00e3o do Brasil - Ordem dos Frades Menores - OFM","potentialAction":[{"@type":"SearchAction","target":{"@type":"EntryPoint","urlTemplate":"https:\/\/franciscanos.org.br\/noticias\/?s={search_term_string}"},"query-input":"required name=search_term_string"}],"inLanguage":"pt-BR"},{"@type":"ImageObject","inLanguage":"pt-BR","@id":"https:\/\/franciscanos.org.br\/noticias\/mensagem-para-o-dia-internacional-da-mulher.html#primaryimage","url":"https:\/\/franciscanos.org.br\/noticias\/wp-content\/uploads\/2021\/03\/diamulher_01d.png","contentUrl":"https:\/\/franciscanos.org.br\/noticias\/wp-content\/uploads\/2021\/03\/diamulher_01d.png","width":800,"height":600},{"@type":"WebPage","@id":"https:\/\/franciscanos.org.br\/noticias\/mensagem-para-o-dia-internacional-da-mulher.html#webpage","url":"https:\/\/franciscanos.org.br\/noticias\/mensagem-para-o-dia-internacional-da-mulher.html","name":"Mensagem para o Dia Internacional da Mulher - Not\u00edcias - Franciscanos","isPartOf":{"@id":"https:\/\/franciscanos.org.br\/noticias\/#website"},"primaryImageOfPage":{"@id":"https:\/\/franciscanos.org.br\/noticias\/mensagem-para-o-dia-internacional-da-mulher.html#primaryimage"},"datePublished":"2021-03-07T10:22:04+00:00","dateModified":"2021-03-07T10:23:35+00:00","author":{"@id":"https:\/\/franciscanos.org.br\/noticias\/#\/schema\/person\/b5c8cba458c330ccff548b056e95a5d4"},"breadcrumb":{"@id":"https:\/\/franciscanos.org.br\/noticias\/mensagem-para-o-dia-internacional-da-mulher.html#breadcrumb"},"inLanguage":"pt-BR","potentialAction":[{"@type":"ReadAction","target":["https:\/\/franciscanos.org.br\/noticias\/mensagem-para-o-dia-internacional-da-mulher.html"]}]},{"@type":"BreadcrumbList","@id":"https:\/\/franciscanos.org.br\/noticias\/mensagem-para-o-dia-internacional-da-mulher.html#breadcrumb","itemListElement":[{"@type":"ListItem","position":1,"name":"Home","item":"https:\/\/franciscanos.org.br\/noticias"},{"@type":"ListItem","position":2,"name":"Mensagem para o Dia Internacional da Mulher"}]},{"@type":"Person","@id":"https:\/\/franciscanos.org.br\/noticias\/#\/schema\/person\/b5c8cba458c330ccff548b056e95a5d4","name":"moacir","image":{"@type":"ImageObject","inLanguage":"pt-BR","@id":"https:\/\/franciscanos.org.br\/noticias\/#\/schema\/person\/image\/","url":"https:\/\/secure.gravatar.com\/avatar\/d08aa2ce4c8dd416d4479aa8536fcf64?s=96&d=mm&r=g","contentUrl":"https:\/\/secure.gravatar.com\/avatar\/d08aa2ce4c8dd416d4479aa8536fcf64?s=96&d=mm&r=g","caption":"moacir"},"url":"https:\/\/franciscanos.org.br\/noticias\/author\/moacir"}]}},"_links":{"self":[{"href":"https:\/\/franciscanos.org.br\/noticias\/wp-json\/wp\/v2\/posts\/231079"}],"collection":[{"href":"https:\/\/franciscanos.org.br\/noticias\/wp-json\/wp\/v2\/posts"}],"about":[{"href":"https:\/\/franciscanos.org.br\/noticias\/wp-json\/wp\/v2\/types\/post"}],"author":[{"embeddable":true,"href":"https:\/\/franciscanos.org.br\/noticias\/wp-json\/wp\/v2\/users\/3"}],"replies":[{"embeddable":true,"href":"https:\/\/franciscanos.org.br\/noticias\/wp-json\/wp\/v2\/comments?post=231079"}],"version-history":[{"count":3,"href":"https:\/\/franciscanos.org.br\/noticias\/wp-json\/wp\/v2\/posts\/231079\/revisions"}],"predecessor-version":[{"id":231084,"href":"https:\/\/franciscanos.org.br\/noticias\/wp-json\/wp\/v2\/posts\/231079\/revisions\/231084"}],"wp:featuredmedia":[{"embeddable":true,"href":"https:\/\/franciscanos.org.br\/noticias\/wp-json\/wp\/v2\/media\/231081"}],"wp:attachment":[{"href":"https:\/\/franciscanos.org.br\/noticias\/wp-json\/wp\/v2\/media?parent=231079"}],"wp:term":[{"taxonomy":"category","embeddable":true,"href":"https:\/\/franciscanos.org.br\/noticias\/wp-json\/wp\/v2\/categories?post=231079"},{"taxonomy":"post_tag","embeddable":true,"href":"https:\/\/franciscanos.org.br\/noticias\/wp-json\/wp\/v2\/tags?post=231079"}],"curies":[{"name":"wp","href":"https:\/\/api.w.org\/{rel}","templated":true}]}}