{"id":231066,"date":"2021-03-05T20:45:58","date_gmt":"2021-03-05T23:45:58","guid":{"rendered":"https:\/\/franciscanos.org.br\/noticias\/?p=231066"},"modified":"2021-03-10T08:44:42","modified_gmt":"2021-03-10T11:44:42","slug":"editora-vozes-celebra-120-anos-no-jubileu-de-125-anos-de-presenca-franciscana-em-petropolis","status":"publish","type":"post","link":"https:\/\/franciscanos.org.br\/noticias\/editora-vozes-celebra-120-anos-no-jubileu-de-125-anos-de-presenca-franciscana-em-petropolis.html","title":{"rendered":"Editora Vozes celebra 120 anos no Jubileu de 125 anos de presen\u00e7a franciscana em Petr\u00f3polis"},"content":{"rendered":"<p><img loading=\"lazy\" class=\"alignleft wp-image-231067 size-full\" src=\"https:\/\/franciscanos.org.br\/noticias\/wp-content\/uploads\/2021\/03\/petropolis_02.jpg\" alt=\"\" width=\"1280\" height=\"720\" srcset=\"https:\/\/franciscanos.org.br\/noticias\/wp-content\/uploads\/2021\/03\/petropolis_02.jpg 1280w, https:\/\/franciscanos.org.br\/noticias\/wp-content\/uploads\/2021\/03\/petropolis_02-450x253.jpg 450w, https:\/\/franciscanos.org.br\/noticias\/wp-content\/uploads\/2021\/03\/petropolis_02-1024x576.jpg 1024w, https:\/\/franciscanos.org.br\/noticias\/wp-content\/uploads\/2021\/03\/petropolis_02-768x432.jpg 768w, https:\/\/franciscanos.org.br\/noticias\/wp-content\/uploads\/2021\/03\/petropolis_02-150x84.jpg 150w\" sizes=\"(max-width: 1280px) 100vw, 1280px\" \/><\/p>\n<p><strong>Petr\u00f3polis (RJ) \u2013 <\/strong>Nesta 1\u00aa Sexta-feira do m\u00eas (5\/03) n\u00e3o faltaram motivos para celebrar a devo\u00e7\u00e3o ao Sagrado Cora\u00e7\u00e3o de Jesus. Em homenagem ao Jubileu de Diamante de 75 anos da Par\u00f3quia do Sagrado Cora\u00e7\u00e3o de Jesus e dos 125 anos da chegada dos frades franciscanos, vindos das Alemanha para a Cidade Imperial, as Celebra\u00e7\u00f5es Eucar\u00edsticas das 15h e 18h fizeram mem\u00f3ria ao in\u00edcio do Apostolado da Ora\u00e7\u00e3o e tamb\u00e9m \u00e0 funda\u00e7\u00e3o da Editora Vozes, que completou 120 anos neste 5 de mar\u00e7o.<\/p>\n<p>Presidida por Frei Volney Jos\u00e9 Berkenbrock, que h\u00e1 muitos anos colabora diretamente com a Editora Vozes, a Celebra\u00e7\u00e3o Eucar\u00edstica das 18 horas foi concelebrada pelo p\u00e1roco, Frei Jorge Paulo Schiavini e tamb\u00e9m pelo vig\u00e1rio paroquial, Frei Ivo M\u00fcller. Obedecendo as restri\u00e7\u00f5es sanit\u00e1rias, por raz\u00f5es j\u00e1 conhecidas, a Santa Missa foi transmitida ao vivo pelo\u00a0Facebook\u00a0da Par\u00f3quia do Sagrado e pela R\u00e1dio Imperial de Petr\u00f3polis e contou tamb\u00e9m com a presen\u00e7a de fi\u00e9is, paroquianos, lideran\u00e7as de movimentos e pastorais que vieram louvar e agradecer por todos os frades franciscanos que, com amor, zelo e desprendimento, deram in\u00edcio \u00e0 hist\u00f3ria do Convento e da Par\u00f3quia do Sagrado!<\/p>\n<p><img loading=\"lazy\" class=\"alignleft wp-image-231068 size-full\" src=\"https:\/\/franciscanos.org.br\/noticias\/wp-content\/uploads\/2021\/03\/petropolis_01.jpg\" alt=\"\" width=\"1280\" height=\"720\" srcset=\"https:\/\/franciscanos.org.br\/noticias\/wp-content\/uploads\/2021\/03\/petropolis_01.jpg 1280w, https:\/\/franciscanos.org.br\/noticias\/wp-content\/uploads\/2021\/03\/petropolis_01-450x253.jpg 450w, https:\/\/franciscanos.org.br\/noticias\/wp-content\/uploads\/2021\/03\/petropolis_01-1024x576.jpg 1024w, https:\/\/franciscanos.org.br\/noticias\/wp-content\/uploads\/2021\/03\/petropolis_01-768x432.jpg 768w, https:\/\/franciscanos.org.br\/noticias\/wp-content\/uploads\/2021\/03\/petropolis_01-150x84.jpg 150w\" sizes=\"(max-width: 1280px) 100vw, 1280px\" \/><\/p>\n<p>Na sua reflex\u00e3o, Frei Volney pontuou que Deus se fez hist\u00f3ria e que o cristianismo tem um forte car\u00e1ter hist\u00f3rico. E assim convidou a comunidade a recordar e agradecer a Deus pela hist\u00f3ria da presen\u00e7a franciscana em Petr\u00f3polis neste ano jubilar.<\/p>\n<p>\u201cEm todas as primeiras sextas-feiras do m\u00eas, um aspecto da caminhada franciscana nesse ch\u00e3o ser\u00e1 lembrada\u201d, destacou. \u201cPor coincid\u00eancia, hoje se comemoram tamb\u00e9m os 120 anos da Editora Vozes, \u00a0uma p\u00e1gina importante destes 125 anos dos franciscanos nesta cidade\u201d, afirmou.<\/p>\n<p>Frei Volney recordou os princ\u00edpios da Editora que come\u00e7ou com uma tipografia para atender as necessidades da escola gratuita S\u00e3o Jos\u00e9. Relembrou ainda que \u201cVozes de Petr\u00f3polis\u201d, a revista cultural fundada pelos frades, cedeu nome para a Editora. \u201cEssa revista come\u00e7ou a ficar muito conhecida e, aos poucos, este t\u00edtulo ficou muito conhecido e acabou se tornando o nome da Editora\u201d, explicou.<\/p>\n<p><img loading=\"lazy\" class=\"alignleft size-full wp-image-231069\" src=\"https:\/\/franciscanos.org.br\/noticias\/wp-content\/uploads\/2021\/03\/petropolis_05.jpg\" alt=\"\" width=\"1280\" height=\"1255\" srcset=\"https:\/\/franciscanos.org.br\/noticias\/wp-content\/uploads\/2021\/03\/petropolis_05.jpg 1280w, https:\/\/franciscanos.org.br\/noticias\/wp-content\/uploads\/2021\/03\/petropolis_05-450x441.jpg 450w, https:\/\/franciscanos.org.br\/noticias\/wp-content\/uploads\/2021\/03\/petropolis_05-1024x1004.jpg 1024w, https:\/\/franciscanos.org.br\/noticias\/wp-content\/uploads\/2021\/03\/petropolis_05-768x753.jpg 768w, https:\/\/franciscanos.org.br\/noticias\/wp-content\/uploads\/2021\/03\/petropolis_05-150x147.jpg 150w\" sizes=\"(max-width: 1280px) 100vw, 1280px\" \/><\/p>\n<p>O celebrante ressaltou ainda a import\u00e2ncia da Editora na publica\u00e7\u00e3o de materiais liter\u00e1rios e sua expans\u00e3o por diversas partes do Brasil.\u00a0 E surpreendeu ao revelar uma curiosidade. \u201cA devo\u00e7\u00e3o ao Sagrado Cora\u00e7\u00e3o de Jesus presente nesta Par\u00f3quia influenciou a cria\u00e7\u00e3o da famosa e conhecida Folhinha do Sagrado Cora\u00e7\u00e3o de Jesus, que atualmente atinge mais de 1 milh\u00e3o de pessoas\u201d, contou.<\/p>\n<p>No final de sua homilia, Frei Volney falou sobre a capacidade que todos possuem de ecoar o Evangelho. \u201cQuem faz acontecer \u00e9 Deus e cada um de n\u00f3s deve fazer a sua parte\u201d, frisou. \u201cQue a hist\u00f3ria da Vozes, da Folhinha, nos anime a percebermos e agirmos como instrumentos de Deus na hist\u00f3ria\u201d, finalizou.<\/p>\n<p>Ap\u00f3s a homilia, a celebra\u00e7\u00e3o teve continuidade com as preces seguidamente da liturgia eucar\u00edstica. No final, Frei Jorge parabenizou, na pessoa do Frei Volney, toda Editora Vozes e seus colaboradores e agradeceu a presen\u00e7a de todos.<\/p>\n<p>A Celebra\u00e7\u00e3o Eucar\u00edstica das 15 horas foi presidida pelo vig\u00e1rio paroquial, Frei Fernando de Ara\u00fajo Lima. Antes, \u00e0s 14h30, a comunidade paroquial esteve reunida para a Adora\u00e7\u00e3o ao Sant\u00edssimo Sacramento. O ano jubilar vai se estender at\u00e9 9 de fevereiro de 2022.<\/p>\n<p><img loading=\"lazy\" class=\"alignleft size-full wp-image-231070\" src=\"https:\/\/franciscanos.org.br\/noticias\/wp-content\/uploads\/2021\/03\/petropolis_03.jpg\" alt=\"\" width=\"1280\" height=\"720\" srcset=\"https:\/\/franciscanos.org.br\/noticias\/wp-content\/uploads\/2021\/03\/petropolis_03.jpg 1280w, https:\/\/franciscanos.org.br\/noticias\/wp-content\/uploads\/2021\/03\/petropolis_03-450x253.jpg 450w, https:\/\/franciscanos.org.br\/noticias\/wp-content\/uploads\/2021\/03\/petropolis_03-1024x576.jpg 1024w, https:\/\/franciscanos.org.br\/noticias\/wp-content\/uploads\/2021\/03\/petropolis_03-768x432.jpg 768w, https:\/\/franciscanos.org.br\/noticias\/wp-content\/uploads\/2021\/03\/petropolis_03-150x84.jpg 150w\" sizes=\"(max-width: 1280px) 100vw, 1280px\" \/><\/p>\n<p><strong>UM POUCO DE HIST\u00d3RIA<\/strong><\/p>\n<p>O ano de 2021 marca os 125 anos da chegada dos franciscanos a Petr\u00f3polis. Cinco anos depois, em 5 de mar\u00e7o de 1901, foi fundada a Editora Vozes sob o nome de Typographia da Escola Gratuita S\u00e3o Jos\u00e9. Iniciou sua trajet\u00f3ria imprimindo livros did\u00e1ticos para atender \u00e0s necessidades da Escola Gratuita S\u00e3o Jos\u00e9, uma escola que os franciscanos fundaram e que por muitos anos funcionou mais ou menos no espa\u00e7o onde hoje \u00e9 a sacristia da Igreja do Sagrado. O trabalho era feito em uma impressora Alauzet, que foi recuperada gra\u00e7as ao empreendedorismo de Frei In\u00e1cio Hinte, fundador da empresa. Frei In\u00e1cio tinha sido tip\u00f3grafo na Alemanha e quando viu a necessidade que a escola tinha de material did\u00e1tico &#8211; \u00e0 \u00e9poca quase n\u00e3o havia material did\u00e1tico impresso-, recuperou esta impressora e a colocou para funcionar onde hoje \u00e9 o por\u00e3o da Igreja, onde se fazem as cestas b\u00e1sicas.<\/p>\n<p>Em 1907, os franciscanos fundaram uma revista, inspirando-se numa revista cultural alem\u00e3. L\u00e1 a revista se chamava \u201cVozes do Tempo\u201d. Aqui, os frades chamaram a revista de \u201cVozes de Petr\u00f3polis\u201d. Esta revista tornou-se muito conhecida e muitos come\u00e7aram a falar na \u201ctipografia da Vozes\u201d. E isto fez com que se tenha trocado de nome para \u201cVozes\u201d, e mais tarde para Editora Vozes. O nome Vozes come\u00e7ou a ser usado oficialmente a partir do ano de 1911.<\/p>\n<p>Tendo como lema &#8220;Uma vida pelo bom livro&#8221;, a Editora Vozes, tem se posicionado de forma empreendedora, mantendo seu compromisso com a cultura e a evangeliza\u00e7\u00e3o. Atualmente, a Editora Vozes \u00e9 um empreendimento que conta com uma gr\u00e1fica em Petr\u00f3polis, livrarias e distribuidoras espalhadas em todo o Brasil e um cat\u00e1logo como editora que abrange cerca de 3 mil t\u00edtulos, sobretudo de Ci\u00eancias Humanas, Teologia, Espiritualidade, Devocionais, Catequese e Sazonais. E hoje, 5 de mar\u00e7o, a Editora Vozes festeja seus 120 anos de hist\u00f3ria e miss\u00e3o.<\/p>\n<p><strong><img loading=\"lazy\" class=\"alignleft size-full wp-image-231071\" src=\"https:\/\/franciscanos.org.br\/noticias\/wp-content\/uploads\/2021\/03\/01.jpg\" alt=\"\" width=\"1000\" height=\"750\" srcset=\"https:\/\/franciscanos.org.br\/noticias\/wp-content\/uploads\/2021\/03\/01.jpg 1000w, https:\/\/franciscanos.org.br\/noticias\/wp-content\/uploads\/2021\/03\/01-450x338.jpg 450w, https:\/\/franciscanos.org.br\/noticias\/wp-content\/uploads\/2021\/03\/01-768x576.jpg 768w, https:\/\/franciscanos.org.br\/noticias\/wp-content\/uploads\/2021\/03\/01-150x113.jpg 150w, https:\/\/franciscanos.org.br\/noticias\/wp-content\/uploads\/2021\/03\/01-600x450.jpg 600w\" sizes=\"(max-width: 1000px) 100vw, 1000px\" \/>APOSTOLADO DA ORA\u00c7\u00c3O<\/strong><\/p>\n<p>O Apostolado da Ora\u00e7\u00e3o, segundo o relato do Padre Theodoro Esch, registrado no livro do \u00a0Jubileu \u00c1ureo da Igreja do Sagrado Cora\u00e7\u00e3o de Jesus, relata que o Apostolado da Ora\u00e7\u00e3o foi fundado em 1898, com 600 membros.<\/p>\n<p>Seguindo mais adiante, no ano de 1965, encontra-se a informa\u00e7\u00e3o do ent\u00e3o diretor do Apostolado da Ora\u00e7\u00e3o e tamb\u00e9m vig\u00e1rio paroquial, Frei Aniceto Kroker, sobre as atividades desenvolvidas pelos seus membros, dando \u00eanfase aos momentos de ora\u00e7\u00e3o e devo\u00e7\u00e3o ao Sagrado Cora\u00e7\u00e3o de Jesus.<\/p>\n<p>Na Par\u00f3quia do Sagrado Cora\u00e7\u00e3o de Jesus, o Apostolado da Ora\u00e7\u00e3o, tamb\u00e9m conhecido como a Rede Mundial de Ora\u00e7\u00e3o do Santo Padre o Papa, continua sua caminhada de at\u00e9 os dias atuais, intercedendo atrav\u00e9s de ora\u00e7\u00f5es e a\u00e7\u00f5es para o sustento da miss\u00e3o da Igreja.<\/p>\n<hr \/>\n<p><em>Frei Augusto Luiz Gabriel<\/em><\/p>\n\n\t\t<style type=\"text\/css\">\n\t\t\t#gallery-1 {\n\t\t\t\tmargin: auto;\n\t\t\t}\n\t\t\t#gallery-1 .gallery-item {\n\t\t\t\tfloat: left;\n\t\t\t\tmargin-top: 10px;\n\t\t\t\ttext-align: center;\n\t\t\t\twidth: 20%;\n\t\t\t}\n\t\t\t#gallery-1 img {\n\t\t\t\tborder: 2px solid #cfcfcf;\n\t\t\t}\n\t\t\t#gallery-1 .gallery-caption {\n\t\t\t\tmargin-left: 0;\n\t\t\t}\n\t\t\t\/* see gallery_shortcode() in wp-includes\/media.php *\/\n\t\t<\/style>\n\t\t<div id='gallery-1' class='gallery galleryid-231066 gallery-columns-5 gallery-size-thumbnail'><dl class='gallery-item'>\n\t\t\t<dt class='gallery-icon landscape'>\n\t\t\t\t<a href='https:\/\/franciscanos.org.br\/noticias\/wp-content\/uploads\/2021\/03\/02.jpg'><img width=\"300\" height=\"300\" src=\"https:\/\/franciscanos.org.br\/noticias\/wp-content\/uploads\/2021\/03\/02-300x300.jpg\" class=\"attachment-thumbnail size-thumbnail\" alt=\"\" loading=\"lazy\" srcset=\"https:\/\/franciscanos.org.br\/noticias\/wp-content\/uploads\/2021\/03\/02-300x300.jpg 300w, https:\/\/franciscanos.org.br\/noticias\/wp-content\/uploads\/2021\/03\/02-100x100.jpg 100w\" sizes=\"(max-width: 300px) 100vw, 300px\" \/><\/a>\n\t\t\t<\/dt><\/dl><dl class='gallery-item'>\n\t\t\t<dt class='gallery-icon landscape'>\n\t\t\t\t<a href='https:\/\/franciscanos.org.br\/noticias\/wp-content\/uploads\/2021\/03\/03.jpg'><img width=\"300\" height=\"300\" src=\"https:\/\/franciscanos.org.br\/noticias\/wp-content\/uploads\/2021\/03\/03-300x300.jpg\" class=\"attachment-thumbnail size-thumbnail\" alt=\"\" loading=\"lazy\" srcset=\"https:\/\/franciscanos.org.br\/noticias\/wp-content\/uploads\/2021\/03\/03-300x300.jpg 300w, https:\/\/franciscanos.org.br\/noticias\/wp-content\/uploads\/2021\/03\/03-100x100.jpg 100w\" sizes=\"(max-width: 300px) 100vw, 300px\" \/><\/a>\n\t\t\t<\/dt><\/dl><dl class='gallery-item'>\n\t\t\t<dt class='gallery-icon landscape'>\n\t\t\t\t<a href='https:\/\/franciscanos.org.br\/noticias\/wp-content\/uploads\/2021\/03\/04.jpg'><img width=\"300\" height=\"300\" src=\"https:\/\/franciscanos.org.br\/noticias\/wp-content\/uploads\/2021\/03\/04-300x300.jpg\" class=\"attachment-thumbnail size-thumbnail\" alt=\"\" loading=\"lazy\" srcset=\"https:\/\/franciscanos.org.br\/noticias\/wp-content\/uploads\/2021\/03\/04-300x300.jpg 300w, https:\/\/franciscanos.org.br\/noticias\/wp-content\/uploads\/2021\/03\/04-100x100.jpg 100w\" sizes=\"(max-width: 300px) 100vw, 300px\" \/><\/a>\n\t\t\t<\/dt><\/dl><dl class='gallery-item'>\n\t\t\t<dt class='gallery-icon landscape'>\n\t\t\t\t<a href='https:\/\/franciscanos.org.br\/noticias\/wp-content\/uploads\/2021\/03\/05.jpg'><img width=\"300\" height=\"300\" src=\"https:\/\/franciscanos.org.br\/noticias\/wp-content\/uploads\/2021\/03\/05-300x300.jpg\" class=\"attachment-thumbnail size-thumbnail\" alt=\"\" loading=\"lazy\" srcset=\"https:\/\/franciscanos.org.br\/noticias\/wp-content\/uploads\/2021\/03\/05-300x300.jpg 300w, https:\/\/franciscanos.org.br\/noticias\/wp-content\/uploads\/2021\/03\/05-100x100.jpg 100w\" sizes=\"(max-width: 300px) 100vw, 300px\" \/><\/a>\n\t\t\t<\/dt><\/dl><dl class='gallery-item'>\n\t\t\t<dt class='gallery-icon landscape'>\n\t\t\t\t<a href='https:\/\/franciscanos.org.br\/noticias\/wp-content\/uploads\/2021\/03\/petropolis_04.jpg'><img width=\"300\" height=\"300\" src=\"https:\/\/franciscanos.org.br\/noticias\/wp-content\/uploads\/2021\/03\/petropolis_04-300x300.jpg\" class=\"attachment-thumbnail size-thumbnail\" alt=\"\" loading=\"lazy\" srcset=\"https:\/\/franciscanos.org.br\/noticias\/wp-content\/uploads\/2021\/03\/petropolis_04-300x300.jpg 300w, https:\/\/franciscanos.org.br\/noticias\/wp-content\/uploads\/2021\/03\/petropolis_04-100x100.jpg 100w\" sizes=\"(max-width: 300px) 100vw, 300px\" \/><\/a>\n\t\t\t<\/dt><\/dl><br style=\"clear: both\" \/>\n\t\t<\/div>\n\n","protected":false},"excerpt":{"rendered":"<p>Jubileu da Par\u00f3quia do Sagrado <\/p>\n","protected":false},"author":3,"featured_media":231077,"comment_status":"open","ping_status":"open","sticky":false,"template":"","format":"standard","meta":[],"categories":[1],"tags":[1766,190],"acf":[],"yoast_head":"<!-- This site is optimized with the Yoast SEO plugin v19.2 - https:\/\/yoast.com\/wordpress\/plugins\/seo\/ -->\n<title>Editora Vozes celebra 120 anos no Jubileu de 125 anos de presen\u00e7a franciscana em Petr\u00f3polis - Not\u00edcias - Franciscanos<\/title>\n<meta name=\"robots\" content=\"index, follow, max-snippet:-1, max-image-preview:large, max-video-preview:-1\" \/>\n<link rel=\"canonical\" href=\"https:\/\/franciscanos.org.br\/noticias\/editora-vozes-celebra-120-anos-no-jubileu-de-125-anos-de-presenca-franciscana-em-petropolis.html\" \/>\n<meta property=\"og:locale\" content=\"pt_BR\" \/>\n<meta property=\"og:type\" content=\"article\" \/>\n<meta property=\"og:title\" content=\"Editora Vozes celebra 120 anos no Jubileu de 125 anos de presen\u00e7a franciscana em Petr\u00f3polis - Not\u00edcias - Franciscanos\" \/>\n<meta property=\"og:description\" content=\"Jubileu da Par\u00f3quia do Sagrado\" \/>\n<meta property=\"og:url\" content=\"https:\/\/franciscanos.org.br\/noticias\/editora-vozes-celebra-120-anos-no-jubileu-de-125-anos-de-presenca-franciscana-em-petropolis.html\" \/>\n<meta property=\"og:site_name\" content=\"Not\u00edcias - Franciscanos\" \/>\n<meta property=\"article:published_time\" content=\"2021-03-05T23:45:58+00:00\" \/>\n<meta property=\"article:modified_time\" content=\"2021-03-10T11:44:42+00:00\" \/>\n<meta property=\"og:image\" content=\"https:\/\/franciscanos.org.br\/noticias\/wp-content\/uploads\/2021\/03\/petropolis_01d.jpg\" \/>\n\t<meta property=\"og:image:width\" content=\"800\" \/>\n\t<meta property=\"og:image:height\" content=\"600\" \/>\n\t<meta property=\"og:image:type\" content=\"image\/jpeg\" \/>\n<meta name=\"author\" content=\"moacir\" \/>\n<meta name=\"twitter:card\" content=\"summary_large_image\" \/>\n<meta name=\"twitter:label1\" content=\"Escrito por\" \/>\n\t<meta name=\"twitter:data1\" content=\"moacir\" \/>\n\t<meta name=\"twitter:label2\" content=\"Est. tempo de leitura\" \/>\n\t<meta name=\"twitter:data2\" content=\"5 minutos\" \/>\n<script type=\"application\/ld+json\" class=\"yoast-schema-graph\">{\"@context\":\"https:\/\/schema.org\",\"@graph\":[{\"@type\":\"WebSite\",\"@id\":\"https:\/\/franciscanos.org.br\/noticias\/#website\",\"url\":\"https:\/\/franciscanos.org.br\/noticias\/\",\"name\":\"Not\u00edcias - Franciscanos\",\"description\":\"Prov\u00edncia Franciscana da Imaculada Concei\u00e7\u00e3o do Brasil - Ordem dos Frades Menores - OFM\",\"potentialAction\":[{\"@type\":\"SearchAction\",\"target\":{\"@type\":\"EntryPoint\",\"urlTemplate\":\"https:\/\/franciscanos.org.br\/noticias\/?s={search_term_string}\"},\"query-input\":\"required name=search_term_string\"}],\"inLanguage\":\"pt-BR\"},{\"@type\":\"ImageObject\",\"inLanguage\":\"pt-BR\",\"@id\":\"https:\/\/franciscanos.org.br\/noticias\/editora-vozes-celebra-120-anos-no-jubileu-de-125-anos-de-presenca-franciscana-em-petropolis.html#primaryimage\",\"url\":\"https:\/\/franciscanos.org.br\/noticias\/wp-content\/uploads\/2021\/03\/petropolis_01d.jpg\",\"contentUrl\":\"https:\/\/franciscanos.org.br\/noticias\/wp-content\/uploads\/2021\/03\/petropolis_01d.jpg\",\"width\":800,\"height\":600},{\"@type\":\"WebPage\",\"@id\":\"https:\/\/franciscanos.org.br\/noticias\/editora-vozes-celebra-120-anos-no-jubileu-de-125-anos-de-presenca-franciscana-em-petropolis.html#webpage\",\"url\":\"https:\/\/franciscanos.org.br\/noticias\/editora-vozes-celebra-120-anos-no-jubileu-de-125-anos-de-presenca-franciscana-em-petropolis.html\",\"name\":\"Editora Vozes celebra 120 anos no Jubileu de 125 anos de presen\u00e7a franciscana em Petr\u00f3polis - Not\u00edcias - Franciscanos\",\"isPartOf\":{\"@id\":\"https:\/\/franciscanos.org.br\/noticias\/#website\"},\"primaryImageOfPage\":{\"@id\":\"https:\/\/franciscanos.org.br\/noticias\/editora-vozes-celebra-120-anos-no-jubileu-de-125-anos-de-presenca-franciscana-em-petropolis.html#primaryimage\"},\"datePublished\":\"2021-03-05T23:45:58+00:00\",\"dateModified\":\"2021-03-10T11:44:42+00:00\",\"author\":{\"@id\":\"https:\/\/franciscanos.org.br\/noticias\/#\/schema\/person\/b5c8cba458c330ccff548b056e95a5d4\"},\"breadcrumb\":{\"@id\":\"https:\/\/franciscanos.org.br\/noticias\/editora-vozes-celebra-120-anos-no-jubileu-de-125-anos-de-presenca-franciscana-em-petropolis.html#breadcrumb\"},\"inLanguage\":\"pt-BR\",\"potentialAction\":[{\"@type\":\"ReadAction\",\"target\":[\"https:\/\/franciscanos.org.br\/noticias\/editora-vozes-celebra-120-anos-no-jubileu-de-125-anos-de-presenca-franciscana-em-petropolis.html\"]}]},{\"@type\":\"BreadcrumbList\",\"@id\":\"https:\/\/franciscanos.org.br\/noticias\/editora-vozes-celebra-120-anos-no-jubileu-de-125-anos-de-presenca-franciscana-em-petropolis.html#breadcrumb\",\"itemListElement\":[{\"@type\":\"ListItem\",\"position\":1,\"name\":\"Home\",\"item\":\"https:\/\/franciscanos.org.br\/noticias\"},{\"@type\":\"ListItem\",\"position\":2,\"name\":\"Editora Vozes celebra 120 anos no Jubileu de 125 anos de presen\u00e7a franciscana em Petr\u00f3polis\"}]},{\"@type\":\"Person\",\"@id\":\"https:\/\/franciscanos.org.br\/noticias\/#\/schema\/person\/b5c8cba458c330ccff548b056e95a5d4\",\"name\":\"moacir\",\"image\":{\"@type\":\"ImageObject\",\"inLanguage\":\"pt-BR\",\"@id\":\"https:\/\/franciscanos.org.br\/noticias\/#\/schema\/person\/image\/\",\"url\":\"https:\/\/secure.gravatar.com\/avatar\/d08aa2ce4c8dd416d4479aa8536fcf64?s=96&d=mm&r=g\",\"contentUrl\":\"https:\/\/secure.gravatar.com\/avatar\/d08aa2ce4c8dd416d4479aa8536fcf64?s=96&d=mm&r=g\",\"caption\":\"moacir\"},\"url\":\"https:\/\/franciscanos.org.br\/noticias\/author\/moacir\"}]}<\/script>\n<!-- \/ Yoast SEO plugin. -->","yoast_head_json":{"title":"Editora Vozes celebra 120 anos no Jubileu de 125 anos de presen\u00e7a franciscana em Petr\u00f3polis - Not\u00edcias - Franciscanos","robots":{"index":"index","follow":"follow","max-snippet":"max-snippet:-1","max-image-preview":"max-image-preview:large","max-video-preview":"max-video-preview:-1"},"canonical":"https:\/\/franciscanos.org.br\/noticias\/editora-vozes-celebra-120-anos-no-jubileu-de-125-anos-de-presenca-franciscana-em-petropolis.html","og_locale":"pt_BR","og_type":"article","og_title":"Editora Vozes celebra 120 anos no Jubileu de 125 anos de presen\u00e7a franciscana em Petr\u00f3polis - Not\u00edcias - Franciscanos","og_description":"Jubileu da Par\u00f3quia do Sagrado","og_url":"https:\/\/franciscanos.org.br\/noticias\/editora-vozes-celebra-120-anos-no-jubileu-de-125-anos-de-presenca-franciscana-em-petropolis.html","og_site_name":"Not\u00edcias - Franciscanos","article_published_time":"2021-03-05T23:45:58+00:00","article_modified_time":"2021-03-10T11:44:42+00:00","og_image":[{"width":800,"height":600,"url":"https:\/\/franciscanos.org.br\/noticias\/wp-content\/uploads\/2021\/03\/petropolis_01d.jpg","type":"image\/jpeg"}],"author":"moacir","twitter_card":"summary_large_image","twitter_misc":{"Escrito por":"moacir","Est. tempo de leitura":"5 minutos"},"schema":{"@context":"https:\/\/schema.org","@graph":[{"@type":"WebSite","@id":"https:\/\/franciscanos.org.br\/noticias\/#website","url":"https:\/\/franciscanos.org.br\/noticias\/","name":"Not\u00edcias - Franciscanos","description":"Prov\u00edncia Franciscana da Imaculada Concei\u00e7\u00e3o do Brasil - Ordem dos Frades Menores - OFM","potentialAction":[{"@type":"SearchAction","target":{"@type":"EntryPoint","urlTemplate":"https:\/\/franciscanos.org.br\/noticias\/?s={search_term_string}"},"query-input":"required name=search_term_string"}],"inLanguage":"pt-BR"},{"@type":"ImageObject","inLanguage":"pt-BR","@id":"https:\/\/franciscanos.org.br\/noticias\/editora-vozes-celebra-120-anos-no-jubileu-de-125-anos-de-presenca-franciscana-em-petropolis.html#primaryimage","url":"https:\/\/franciscanos.org.br\/noticias\/wp-content\/uploads\/2021\/03\/petropolis_01d.jpg","contentUrl":"https:\/\/franciscanos.org.br\/noticias\/wp-content\/uploads\/2021\/03\/petropolis_01d.jpg","width":800,"height":600},{"@type":"WebPage","@id":"https:\/\/franciscanos.org.br\/noticias\/editora-vozes-celebra-120-anos-no-jubileu-de-125-anos-de-presenca-franciscana-em-petropolis.html#webpage","url":"https:\/\/franciscanos.org.br\/noticias\/editora-vozes-celebra-120-anos-no-jubileu-de-125-anos-de-presenca-franciscana-em-petropolis.html","name":"Editora Vozes celebra 120 anos no Jubileu de 125 anos de presen\u00e7a franciscana em Petr\u00f3polis - Not\u00edcias - Franciscanos","isPartOf":{"@id":"https:\/\/franciscanos.org.br\/noticias\/#website"},"primaryImageOfPage":{"@id":"https:\/\/franciscanos.org.br\/noticias\/editora-vozes-celebra-120-anos-no-jubileu-de-125-anos-de-presenca-franciscana-em-petropolis.html#primaryimage"},"datePublished":"2021-03-05T23:45:58+00:00","dateModified":"2021-03-10T11:44:42+00:00","author":{"@id":"https:\/\/franciscanos.org.br\/noticias\/#\/schema\/person\/b5c8cba458c330ccff548b056e95a5d4"},"breadcrumb":{"@id":"https:\/\/franciscanos.org.br\/noticias\/editora-vozes-celebra-120-anos-no-jubileu-de-125-anos-de-presenca-franciscana-em-petropolis.html#breadcrumb"},"inLanguage":"pt-BR","potentialAction":[{"@type":"ReadAction","target":["https:\/\/franciscanos.org.br\/noticias\/editora-vozes-celebra-120-anos-no-jubileu-de-125-anos-de-presenca-franciscana-em-petropolis.html"]}]},{"@type":"BreadcrumbList","@id":"https:\/\/franciscanos.org.br\/noticias\/editora-vozes-celebra-120-anos-no-jubileu-de-125-anos-de-presenca-franciscana-em-petropolis.html#breadcrumb","itemListElement":[{"@type":"ListItem","position":1,"name":"Home","item":"https:\/\/franciscanos.org.br\/noticias"},{"@type":"ListItem","position":2,"name":"Editora Vozes celebra 120 anos no Jubileu de 125 anos de presen\u00e7a franciscana em Petr\u00f3polis"}]},{"@type":"Person","@id":"https:\/\/franciscanos.org.br\/noticias\/#\/schema\/person\/b5c8cba458c330ccff548b056e95a5d4","name":"moacir","image":{"@type":"ImageObject","inLanguage":"pt-BR","@id":"https:\/\/franciscanos.org.br\/noticias\/#\/schema\/person\/image\/","url":"https:\/\/secure.gravatar.com\/avatar\/d08aa2ce4c8dd416d4479aa8536fcf64?s=96&d=mm&r=g","contentUrl":"https:\/\/secure.gravatar.com\/avatar\/d08aa2ce4c8dd416d4479aa8536fcf64?s=96&d=mm&r=g","caption":"moacir"},"url":"https:\/\/franciscanos.org.br\/noticias\/author\/moacir"}]}},"_links":{"self":[{"href":"https:\/\/franciscanos.org.br\/noticias\/wp-json\/wp\/v2\/posts\/231066"}],"collection":[{"href":"https:\/\/franciscanos.org.br\/noticias\/wp-json\/wp\/v2\/posts"}],"about":[{"href":"https:\/\/franciscanos.org.br\/noticias\/wp-json\/wp\/v2\/types\/post"}],"author":[{"embeddable":true,"href":"https:\/\/franciscanos.org.br\/noticias\/wp-json\/wp\/v2\/users\/3"}],"replies":[{"embeddable":true,"href":"https:\/\/franciscanos.org.br\/noticias\/wp-json\/wp\/v2\/comments?post=231066"}],"version-history":[{"count":2,"href":"https:\/\/franciscanos.org.br\/noticias\/wp-json\/wp\/v2\/posts\/231066\/revisions"}],"predecessor-version":[{"id":231116,"href":"https:\/\/franciscanos.org.br\/noticias\/wp-json\/wp\/v2\/posts\/231066\/revisions\/231116"}],"wp:featuredmedia":[{"embeddable":true,"href":"https:\/\/franciscanos.org.br\/noticias\/wp-json\/wp\/v2\/media\/231077"}],"wp:attachment":[{"href":"https:\/\/franciscanos.org.br\/noticias\/wp-json\/wp\/v2\/media?parent=231066"}],"wp:term":[{"taxonomy":"category","embeddable":true,"href":"https:\/\/franciscanos.org.br\/noticias\/wp-json\/wp\/v2\/categories?post=231066"},{"taxonomy":"post_tag","embeddable":true,"href":"https:\/\/franciscanos.org.br\/noticias\/wp-json\/wp\/v2\/tags?post=231066"}],"curies":[{"name":"wp","href":"https:\/\/api.w.org\/{rel}","templated":true}]}}