{"id":231060,"date":"2021-03-04T06:37:10","date_gmt":"2021-03-04T09:37:10","guid":{"rendered":"https:\/\/franciscanos.org.br\/noticias\/?p=231060"},"modified":"2021-03-04T06:38:38","modified_gmt":"2021-03-04T09:38:38","slug":"lancamentos-da-editora-vozes-para-esta-semana","status":"publish","type":"post","link":"https:\/\/franciscanos.org.br\/noticias\/lancamentos-da-editora-vozes-para-esta-semana.html","title":{"rendered":"Lan\u00e7amentos da Editora Vozes para esta semana"},"content":{"rendered":"<p><img loading=\"lazy\" class=\"alignleft wp-image-231061 size-full\" src=\"https:\/\/franciscanos.org.br\/noticias\/wp-content\/uploads\/2021\/03\/livros_04.png\" alt=\"\" width=\"1090\" height=\"498\" srcset=\"https:\/\/franciscanos.org.br\/noticias\/wp-content\/uploads\/2021\/03\/livros_04.png 1090w, https:\/\/franciscanos.org.br\/noticias\/wp-content\/uploads\/2021\/03\/livros_04-450x206.png 450w, https:\/\/franciscanos.org.br\/noticias\/wp-content\/uploads\/2021\/03\/livros_04-1024x468.png 1024w, https:\/\/franciscanos.org.br\/noticias\/wp-content\/uploads\/2021\/03\/livros_04-768x351.png 768w, https:\/\/franciscanos.org.br\/noticias\/wp-content\/uploads\/2021\/03\/livros_04-150x69.png 150w\" sizes=\"(max-width: 1090px) 100vw, 1090px\" \/><\/p>\n<p><strong>INSTRU\u00c7\u00c3O DOS CATECUMENOS<\/strong><\/p>\n<p>O t\u00edtulo <em>A instru\u00e7\u00e3o dos catec\u00famenos <\/em>n\u00e3o traduz literalmente o original <em>De catechizandis rudibus, <\/em>mas respeita o sentido da obra, voltada para a catequese anterior ao batismo. De fato, ao elaborar estas instru\u00e7\u00f5es, Santo Agostinho pensava nos que ainda n\u00e3o se tinham decidido a preparar-se para o batismo (chamados <em>catechumeni <\/em>no Oriente e <em>auditores <\/em>no Ocidente), e eram, assim, <em>rudes <\/em>porque careciam dos \u201crudimentos da f\u00e9 crist\u00e3\u201d, mesmo que fos-sem letrados ou cultos nas ci\u00eancias profanas.<\/p>\n<p>Esta obra sintetiza a pedagogia da f\u00e9 e o que de melhor a Igreja desenvolveu em sua pr\u00e1tica catequ\u00e9tica nos primeiros quatro s\u00e9culos de sua exist\u00eancia. \u00c9 o mais perfeito documento catequ\u00e9tico dos primeiros s\u00e9culos e retoma a tr\u00edplice dimens\u00e3o da catequese estruturada desde o s\u00e9culo III: instru\u00e7\u00e3o da f\u00e9, introdu\u00e7\u00e3o na ora\u00e7\u00e3o lit\u00fargica e convers\u00e3o dos costumes. Aqui Santo Agostinho revela seu g\u00eanio teol\u00f3gico e sua aguda penetra\u00e7\u00e3o psicol\u00f3gica, dando conselhos e t\u00e9cnicas num tratado simples e breve sobre o modo de conduzir a narra\u00e7\u00e3o, a arte de exortar e dar preceitos e, inclusive, os meios de evitar o cansa\u00e7o dos ouvintes com alegria e bom humor. (<strong>ISBN<\/strong> <strong>9786557130537)<\/strong><\/p>\n<hr \/>\n<p><strong>CATEQUESES MISTAGOGICAS<\/strong><\/p>\n<p>S\u00e3o Cirilo de Jerusal\u00e9m \u00e9 uma valiosa testemunha da Tradi\u00e7\u00e3o antiga e suas <em>Catequeses<\/em> <em>Mistag\u00f3gicas <\/em>refletem a f\u00e9 cat\u00f3lica professada em Niceia e, mais tarde, no primeiro Conc\u00edlio de Constantinopla. Esta obra tem a riqueza e a import\u00e2ncia peculiares do pensamento e da mais pura tradi\u00e7\u00e3o teol\u00f3gica e das pr\u00e1ticas culturais da Antiguidade crist\u00e3. Mesmo ap\u00f3s tantos s\u00e9culos, conserva um valor formativo de grande atualidade. Estas <em>Catequeses <\/em>explicam o culto crist\u00e3o: o Batismo, a Confirma\u00e7\u00e3o, a Celebra\u00e7\u00e3o Eucar\u00edstica, com o respectivo rito.<\/p>\n<p>Nada de mais oportuno para os te\u00f3logos, catequistas e crist\u00e3os em geral de hoje \u2013 que tanto discutem e se questionam a respeito de hip\u00f3teses e projetos de renova\u00e7\u00e3o crist\u00e3 e eclesial para o nosso tempo \u2013 refrescar as ideias, voltando a ler essas fontes do pensamento e da praxe concreta da Igreja Antiga quando a doutrina aprendida tornava-se vida cotidiana e a profiss\u00e3o da f\u00e9 \u2013 que as <em>Catequeses<\/em> documentam \u2013 era desafio ao mart\u00edrio. (ISBN <strong>9786557130445)<\/strong><\/p>\n<hr \/>\n<p><strong>SOCIOLOGIA GERAL<\/strong><\/p>\n<p>Este \u00e9 o primeiro volume da publica\u00e7\u00e3o do \u201cCurso de sociologia geral\u201d, t\u00edtulo que Pierre Bourdieu escolheu para seus cinco primeiros anos letivos no Coll\u00e8ge de France. Ele re\u00fane as oito aulas do primeiro ano, apresentadas entre abril e junho de 1982. Os quatro anos seguintes ser\u00e3o publicados posteriormente em quatro outros volumes.<\/p>\n<p>Neste primeiro ano, Bourdieu concentra-se no problema da rela\u00e7\u00e3o entre a sociologia e o mundo social que ela analisa, mundo j\u00e1 constitu\u00eddo na pr\u00e1tica pelos agentes que nele vivem \u2013 incluindo os pr\u00f3prios agentes que se posicionam como cientistas sociais. Como gerar classifica\u00e7\u00f5es propriamente cient\u00edficas num mundo j\u00e1 classificado na pr\u00e1tica? Como essas classifica\u00e7\u00f5es participam da luta cotidiana dos agentes em seus espa\u00e7os sociais? Como isso repercute na atividade dos cientistas sociais?<\/p>\n<p>Desenvolvida numa linguagem clara e did\u00e1tica, esta \u00e9 a base sobre a qual Bourdieu construir\u00e1 os anos seguintes de seu curso, onde enfocar\u00e1 seus conceitos fundamentais de habitus, campo e capital.<\/p>\n<p>O \u201cCurso de sociologia geral\u201d representa algo in\u00e9dito na obra de Pierre Bourdieu \u2013 \u00e9 o \u00fanico momento em que ele explicitamente busca expor em detalhes as linhas gerais de sua teoria da pr\u00e1tica. O fato disso acontecer sob a forma de aulas, com uma linguagem mais clara e did\u00e1tica do que em seus textos publicados em vida, valoriza ainda mais esse curso.<\/p>\n<p>Durante cinco anos, Bourdieu discorreu sobre in\u00fameros temas relevantes da sociologia, sempre buscando relacion\u00e1-los a exemplos pr\u00e1ticos de suas pr\u00f3prias obras ou de outros autores. Este primeiro volume concentra-se na rela\u00e7\u00e3o da Sociologia enquanto ci\u00eancia e o espa\u00e7o social que ela analisa, e como as classifica\u00e7\u00f5es geradas pela Sociologia tornam-se objeto de lutas pr\u00e1ticas nesse espa\u00e7o.<\/p>\n<p>O segundo volume apresentar\u00e1 as no\u00e7\u00f5es de habitus e campo. O terceiro introduzir\u00e1 o conceito de capital. O quarto unir\u00e1 os tr\u00eas conceitos para expor o problema do poder simb\u00f3lico. Finalmente, o quinto volume retomar\u00e1 os temas com os quais o curso come\u00e7ou para mostrar todo o potencial anal\u00edtico de sua abordagem.\u00a0 (ISBN 9786557130513)<\/p>\n","protected":false},"excerpt":{"rendered":"<p>Editora Vozes<\/p>\n","protected":false},"author":3,"featured_media":231062,"comment_status":"open","ping_status":"open","sticky":false,"template":"","format":"standard","meta":[],"categories":[1],"tags":[238],"acf":[],"yoast_head":"<!-- This site is optimized with the Yoast SEO plugin v19.2 - https:\/\/yoast.com\/wordpress\/plugins\/seo\/ -->\n<title>Lan\u00e7amentos da Editora Vozes para esta semana - Not\u00edcias - Franciscanos<\/title>\n<meta name=\"robots\" content=\"index, follow, max-snippet:-1, max-image-preview:large, max-video-preview:-1\" \/>\n<link rel=\"canonical\" href=\"https:\/\/franciscanos.org.br\/noticias\/lancamentos-da-editora-vozes-para-esta-semana.html\" \/>\n<meta property=\"og:locale\" content=\"pt_BR\" \/>\n<meta property=\"og:type\" content=\"article\" \/>\n<meta property=\"og:title\" content=\"Lan\u00e7amentos da Editora Vozes para esta semana - Not\u00edcias - Franciscanos\" \/>\n<meta property=\"og:description\" content=\"Editora Vozes\" \/>\n<meta property=\"og:url\" content=\"https:\/\/franciscanos.org.br\/noticias\/lancamentos-da-editora-vozes-para-esta-semana.html\" \/>\n<meta property=\"og:site_name\" content=\"Not\u00edcias - Franciscanos\" \/>\n<meta property=\"article:published_time\" content=\"2021-03-04T09:37:10+00:00\" \/>\n<meta property=\"article:modified_time\" content=\"2021-03-04T09:38:38+00:00\" \/>\n<meta property=\"og:image\" content=\"https:\/\/franciscanos.org.br\/noticias\/wp-content\/uploads\/2021\/03\/livros_d.png\" \/>\n\t<meta property=\"og:image:width\" content=\"800\" \/>\n\t<meta property=\"og:image:height\" content=\"600\" \/>\n\t<meta property=\"og:image:type\" content=\"image\/png\" \/>\n<meta name=\"author\" content=\"moacir\" \/>\n<meta name=\"twitter:card\" content=\"summary_large_image\" \/>\n<meta name=\"twitter:label1\" content=\"Escrito por\" \/>\n\t<meta name=\"twitter:data1\" content=\"moacir\" \/>\n\t<meta name=\"twitter:label2\" content=\"Est. tempo de leitura\" \/>\n\t<meta name=\"twitter:data2\" content=\"4 minutos\" \/>\n<script type=\"application\/ld+json\" class=\"yoast-schema-graph\">{\"@context\":\"https:\/\/schema.org\",\"@graph\":[{\"@type\":\"WebSite\",\"@id\":\"https:\/\/franciscanos.org.br\/noticias\/#website\",\"url\":\"https:\/\/franciscanos.org.br\/noticias\/\",\"name\":\"Not\u00edcias - Franciscanos\",\"description\":\"Prov\u00edncia Franciscana da Imaculada Concei\u00e7\u00e3o do Brasil - Ordem dos Frades Menores - OFM\",\"potentialAction\":[{\"@type\":\"SearchAction\",\"target\":{\"@type\":\"EntryPoint\",\"urlTemplate\":\"https:\/\/franciscanos.org.br\/noticias\/?s={search_term_string}\"},\"query-input\":\"required name=search_term_string\"}],\"inLanguage\":\"pt-BR\"},{\"@type\":\"ImageObject\",\"inLanguage\":\"pt-BR\",\"@id\":\"https:\/\/franciscanos.org.br\/noticias\/lancamentos-da-editora-vozes-para-esta-semana.html#primaryimage\",\"url\":\"https:\/\/franciscanos.org.br\/noticias\/wp-content\/uploads\/2021\/03\/livros_d.png\",\"contentUrl\":\"https:\/\/franciscanos.org.br\/noticias\/wp-content\/uploads\/2021\/03\/livros_d.png\",\"width\":800,\"height\":600},{\"@type\":\"WebPage\",\"@id\":\"https:\/\/franciscanos.org.br\/noticias\/lancamentos-da-editora-vozes-para-esta-semana.html#webpage\",\"url\":\"https:\/\/franciscanos.org.br\/noticias\/lancamentos-da-editora-vozes-para-esta-semana.html\",\"name\":\"Lan\u00e7amentos da Editora Vozes para esta semana - Not\u00edcias - Franciscanos\",\"isPartOf\":{\"@id\":\"https:\/\/franciscanos.org.br\/noticias\/#website\"},\"primaryImageOfPage\":{\"@id\":\"https:\/\/franciscanos.org.br\/noticias\/lancamentos-da-editora-vozes-para-esta-semana.html#primaryimage\"},\"datePublished\":\"2021-03-04T09:37:10+00:00\",\"dateModified\":\"2021-03-04T09:38:38+00:00\",\"author\":{\"@id\":\"https:\/\/franciscanos.org.br\/noticias\/#\/schema\/person\/b5c8cba458c330ccff548b056e95a5d4\"},\"breadcrumb\":{\"@id\":\"https:\/\/franciscanos.org.br\/noticias\/lancamentos-da-editora-vozes-para-esta-semana.html#breadcrumb\"},\"inLanguage\":\"pt-BR\",\"potentialAction\":[{\"@type\":\"ReadAction\",\"target\":[\"https:\/\/franciscanos.org.br\/noticias\/lancamentos-da-editora-vozes-para-esta-semana.html\"]}]},{\"@type\":\"BreadcrumbList\",\"@id\":\"https:\/\/franciscanos.org.br\/noticias\/lancamentos-da-editora-vozes-para-esta-semana.html#breadcrumb\",\"itemListElement\":[{\"@type\":\"ListItem\",\"position\":1,\"name\":\"Home\",\"item\":\"https:\/\/franciscanos.org.br\/noticias\"},{\"@type\":\"ListItem\",\"position\":2,\"name\":\"Lan\u00e7amentos da Editora Vozes para esta semana\"}]},{\"@type\":\"Person\",\"@id\":\"https:\/\/franciscanos.org.br\/noticias\/#\/schema\/person\/b5c8cba458c330ccff548b056e95a5d4\",\"name\":\"moacir\",\"image\":{\"@type\":\"ImageObject\",\"inLanguage\":\"pt-BR\",\"@id\":\"https:\/\/franciscanos.org.br\/noticias\/#\/schema\/person\/image\/\",\"url\":\"https:\/\/secure.gravatar.com\/avatar\/d08aa2ce4c8dd416d4479aa8536fcf64?s=96&d=mm&r=g\",\"contentUrl\":\"https:\/\/secure.gravatar.com\/avatar\/d08aa2ce4c8dd416d4479aa8536fcf64?s=96&d=mm&r=g\",\"caption\":\"moacir\"},\"url\":\"https:\/\/franciscanos.org.br\/noticias\/author\/moacir\"}]}<\/script>\n<!-- \/ Yoast SEO plugin. -->","yoast_head_json":{"title":"Lan\u00e7amentos da Editora Vozes para esta semana - Not\u00edcias - Franciscanos","robots":{"index":"index","follow":"follow","max-snippet":"max-snippet:-1","max-image-preview":"max-image-preview:large","max-video-preview":"max-video-preview:-1"},"canonical":"https:\/\/franciscanos.org.br\/noticias\/lancamentos-da-editora-vozes-para-esta-semana.html","og_locale":"pt_BR","og_type":"article","og_title":"Lan\u00e7amentos da Editora Vozes para esta semana - Not\u00edcias - Franciscanos","og_description":"Editora Vozes","og_url":"https:\/\/franciscanos.org.br\/noticias\/lancamentos-da-editora-vozes-para-esta-semana.html","og_site_name":"Not\u00edcias - Franciscanos","article_published_time":"2021-03-04T09:37:10+00:00","article_modified_time":"2021-03-04T09:38:38+00:00","og_image":[{"width":800,"height":600,"url":"https:\/\/franciscanos.org.br\/noticias\/wp-content\/uploads\/2021\/03\/livros_d.png","type":"image\/png"}],"author":"moacir","twitter_card":"summary_large_image","twitter_misc":{"Escrito por":"moacir","Est. tempo de leitura":"4 minutos"},"schema":{"@context":"https:\/\/schema.org","@graph":[{"@type":"WebSite","@id":"https:\/\/franciscanos.org.br\/noticias\/#website","url":"https:\/\/franciscanos.org.br\/noticias\/","name":"Not\u00edcias - Franciscanos","description":"Prov\u00edncia Franciscana da Imaculada Concei\u00e7\u00e3o do Brasil - Ordem dos Frades Menores - OFM","potentialAction":[{"@type":"SearchAction","target":{"@type":"EntryPoint","urlTemplate":"https:\/\/franciscanos.org.br\/noticias\/?s={search_term_string}"},"query-input":"required name=search_term_string"}],"inLanguage":"pt-BR"},{"@type":"ImageObject","inLanguage":"pt-BR","@id":"https:\/\/franciscanos.org.br\/noticias\/lancamentos-da-editora-vozes-para-esta-semana.html#primaryimage","url":"https:\/\/franciscanos.org.br\/noticias\/wp-content\/uploads\/2021\/03\/livros_d.png","contentUrl":"https:\/\/franciscanos.org.br\/noticias\/wp-content\/uploads\/2021\/03\/livros_d.png","width":800,"height":600},{"@type":"WebPage","@id":"https:\/\/franciscanos.org.br\/noticias\/lancamentos-da-editora-vozes-para-esta-semana.html#webpage","url":"https:\/\/franciscanos.org.br\/noticias\/lancamentos-da-editora-vozes-para-esta-semana.html","name":"Lan\u00e7amentos da Editora Vozes para esta semana - Not\u00edcias - Franciscanos","isPartOf":{"@id":"https:\/\/franciscanos.org.br\/noticias\/#website"},"primaryImageOfPage":{"@id":"https:\/\/franciscanos.org.br\/noticias\/lancamentos-da-editora-vozes-para-esta-semana.html#primaryimage"},"datePublished":"2021-03-04T09:37:10+00:00","dateModified":"2021-03-04T09:38:38+00:00","author":{"@id":"https:\/\/franciscanos.org.br\/noticias\/#\/schema\/person\/b5c8cba458c330ccff548b056e95a5d4"},"breadcrumb":{"@id":"https:\/\/franciscanos.org.br\/noticias\/lancamentos-da-editora-vozes-para-esta-semana.html#breadcrumb"},"inLanguage":"pt-BR","potentialAction":[{"@type":"ReadAction","target":["https:\/\/franciscanos.org.br\/noticias\/lancamentos-da-editora-vozes-para-esta-semana.html"]}]},{"@type":"BreadcrumbList","@id":"https:\/\/franciscanos.org.br\/noticias\/lancamentos-da-editora-vozes-para-esta-semana.html#breadcrumb","itemListElement":[{"@type":"ListItem","position":1,"name":"Home","item":"https:\/\/franciscanos.org.br\/noticias"},{"@type":"ListItem","position":2,"name":"Lan\u00e7amentos da Editora Vozes para esta semana"}]},{"@type":"Person","@id":"https:\/\/franciscanos.org.br\/noticias\/#\/schema\/person\/b5c8cba458c330ccff548b056e95a5d4","name":"moacir","image":{"@type":"ImageObject","inLanguage":"pt-BR","@id":"https:\/\/franciscanos.org.br\/noticias\/#\/schema\/person\/image\/","url":"https:\/\/secure.gravatar.com\/avatar\/d08aa2ce4c8dd416d4479aa8536fcf64?s=96&d=mm&r=g","contentUrl":"https:\/\/secure.gravatar.com\/avatar\/d08aa2ce4c8dd416d4479aa8536fcf64?s=96&d=mm&r=g","caption":"moacir"},"url":"https:\/\/franciscanos.org.br\/noticias\/author\/moacir"}]}},"_links":{"self":[{"href":"https:\/\/franciscanos.org.br\/noticias\/wp-json\/wp\/v2\/posts\/231060"}],"collection":[{"href":"https:\/\/franciscanos.org.br\/noticias\/wp-json\/wp\/v2\/posts"}],"about":[{"href":"https:\/\/franciscanos.org.br\/noticias\/wp-json\/wp\/v2\/types\/post"}],"author":[{"embeddable":true,"href":"https:\/\/franciscanos.org.br\/noticias\/wp-json\/wp\/v2\/users\/3"}],"replies":[{"embeddable":true,"href":"https:\/\/franciscanos.org.br\/noticias\/wp-json\/wp\/v2\/comments?post=231060"}],"version-history":[{"count":2,"href":"https:\/\/franciscanos.org.br\/noticias\/wp-json\/wp\/v2\/posts\/231060\/revisions"}],"predecessor-version":[{"id":231064,"href":"https:\/\/franciscanos.org.br\/noticias\/wp-json\/wp\/v2\/posts\/231060\/revisions\/231064"}],"wp:featuredmedia":[{"embeddable":true,"href":"https:\/\/franciscanos.org.br\/noticias\/wp-json\/wp\/v2\/media\/231062"}],"wp:attachment":[{"href":"https:\/\/franciscanos.org.br\/noticias\/wp-json\/wp\/v2\/media?parent=231060"}],"wp:term":[{"taxonomy":"category","embeddable":true,"href":"https:\/\/franciscanos.org.br\/noticias\/wp-json\/wp\/v2\/categories?post=231060"},{"taxonomy":"post_tag","embeddable":true,"href":"https:\/\/franciscanos.org.br\/noticias\/wp-json\/wp\/v2\/tags?post=231060"}],"curies":[{"name":"wp","href":"https:\/\/api.w.org\/{rel}","templated":true}]}}