{"id":231046,"date":"2021-03-03T07:08:01","date_gmt":"2021-03-03T10:08:01","guid":{"rendered":"https:\/\/franciscanos.org.br\/noticias\/?p=231046"},"modified":"2021-03-03T07:08:01","modified_gmt":"2021-03-03T10:08:01","slug":"papa-sobre-a-confissao-receber-amor-divino-passando-da-miseria-a-misericordia","status":"publish","type":"post","link":"https:\/\/franciscanos.org.br\/noticias\/papa-sobre-a-confissao-receber-amor-divino-passando-da-miseria-a-misericordia.html","title":{"rendered":"Papa sobre a confiss\u00e3o: receber amor divino, passando da mis\u00e9ria \u00e0 miseric\u00f3rdia"},"content":{"rendered":"<div id=\"attachment_231047\" style=\"width: 1290px\" class=\"wp-caption alignleft\"><img aria-describedby=\"caption-attachment-231047\" loading=\"lazy\" class=\"wp-image-231047 size-full\" src=\"https:\/\/franciscanos.org.br\/noticias\/wp-content\/uploads\/2021\/03\/confissao_03.jpg\" alt=\"\" width=\"1280\" height=\"711\" srcset=\"https:\/\/franciscanos.org.br\/noticias\/wp-content\/uploads\/2021\/03\/confissao_03.jpg 1280w, https:\/\/franciscanos.org.br\/noticias\/wp-content\/uploads\/2021\/03\/confissao_03-450x250.jpg 450w, https:\/\/franciscanos.org.br\/noticias\/wp-content\/uploads\/2021\/03\/confissao_03-1024x569.jpg 1024w, https:\/\/franciscanos.org.br\/noticias\/wp-content\/uploads\/2021\/03\/confissao_03-768x427.jpg 768w, https:\/\/franciscanos.org.br\/noticias\/wp-content\/uploads\/2021\/03\/confissao_03-150x83.jpg 150w\" sizes=\"(max-width: 1280px) 100vw, 1280px\" \/><p id=\"caption-attachment-231047\" class=\"wp-caption-text\">\u00a0 \u00a0 \u00a0 \u00a0 \u00a0 \u00a0 \u00a0 \u00a0 \u00a0 \u00a0 \u00a0 \u00a0 \u00a0 \u00a0 \u00a0 \u00a0 \u00a0 \u00a0 \u00a0 \u00a0 \u00a0 \u00a0 \u00a0 \u00a0 \u00a0 \u00a0 \u00a0 \u00a0 \u00a0 \u00a0 \u00a0 \u00a0 \u00a0 \u00a0 \u00a0 \u00a0 \u00a0 \u00a0 \u00a0 \u00a0 \u00a0 \u00a0 \u00a0 \u00a0 \u00a0 \u00a0 \u00a0 \u00a0 \u00a0 \u00a0 \u00a0 \u00a0 \u00a0 \u00a0 \u00a0 \u00a0 \u00a0 \u00a0 \u00a0 \u00a0 \u00a0 \u00a0<em> \u00a0 \u00a0Imagem: Captura de tela do V\u00eddeo do Papa<\/em><\/p><\/div>\n<p>\u201cQuando vou me confessar \u00e9 para me curar, para curar a minha alma. Para sair com mais sa\u00fade espiritual. Para passar da mis\u00e9ria \u00e0 miseric\u00f3rdia. E o centro da confiss\u00e3o n\u00e3o s\u00e3o os pecados que dizemos, mas o amor divino que recebemos e que sempre precisamos. O centro da confiss\u00e3o \u00e9 Jesus que nos espera, nos escuta e nos perdoa.\u201d<\/p>\n<p>Essa \u00e9 a mensagem cheia de esperan\u00e7a que o Pont\u00edfice compartilhou no V\u00eddeo do Papa do m\u00eas de mar\u00e7o, ao divulgar a inten\u00e7\u00e3o de ora\u00e7\u00e3o confiada \u00e0 Igreja Cat\u00f3lica. Francisco nos convida a redescobrir a for\u00e7a de renova\u00e7\u00e3o pessoal que o sacramento da confiss\u00e3o tem em nossas vidas, partindo do pr\u00f3prio exemplo, j\u00e1 que as imagens do v\u00eddeo mostram o pr\u00f3prio Pont\u00edfice indo se confessar &#8220;para me curar, para curar minha alma&#8221;, afirma ele.<\/p>\n<p><iframe loading=\"lazy\" title=\"MAR\u00c7O: SACRAMENTO DA RECONCILIA\u00c7\u00c3O\" width=\"500\" height=\"281\" src=\"https:\/\/www.youtube.com\/embed\/ShGsBCs1Udw?feature=oembed\" frameborder=\"0\" allow=\"accelerometer; autoplay; clipboard-write; encrypted-media; gyroscope; picture-in-picture\" allowfullscreen><\/iframe><\/p>\n<p><strong>&#8220;Jesus nos espera, nos ouve e nos perdoa&#8221;<\/strong><br \/>\n\u201cNo cora\u00e7\u00e3o de Deus, n\u00f3s estamos antes dos nossos erros\u201d, diz ainda o Papa, destacando mais uma vez a for\u00e7a que o amor de Deus tem em nosso ser e a\u00e7\u00f5es. Receber esse sacramento n\u00e3o significa estar diante de um juiz, mas ir a um encontro de amor diante de um Pai que nos recebe e sempre perdoa. \u201cO centro da confiss\u00e3o n\u00e3o s\u00e3o os pecados que contamos, mas o amor divino que recebemos e de que sempre precisamos\u201d, afirma Francisco. E esse amor vem antes de tudo, antes dos erros, das regras, dos julgamentos e das quedas.<\/p>\n<p><strong>Sacerdotes misericordiosos, como Jesus<\/strong><br \/>\nO Pe. Fr\u00e9d\u00e9ric Fornos, diretor internacional da Rede Mundial de Ora\u00e7\u00e3o do Papa, recordou as \u00faltimas palavras do v\u00eddeo do Pont\u00edfice, quando pede para que &#8220;rezemos para que Deus d\u00ea \u00e0 sua Igreja padres misericordiosos, e n\u00e3o torturadores&#8221;. E o diretor acrescentou: \u201cn\u00e3o \u00e9 a primeira vez que o Papa pede essa gra\u00e7a. Como o bom pastor, conhece o sofrimento do povo, seus pecados, sua necessidade de encontrar \u2018ministros de miseric\u00f3rdia\u2019. \u00c9 o tempo da miseric\u00f3rdia. Na sua carta apost\u00f3lica Misericordia et misera, na conclus\u00e3o do Jubileu Extraordin\u00e1rio da Miseric\u00f3rdia, o Papa convidou os sacerdotes a serem como Jesus, cheios de compaix\u00e3o e pacientes. \u00c9 um caminho de convers\u00e3o para cada sacerdote, \u2018para ser testemunha da ternura paterna\u2019, \u2018prudente no discernimento\u2019 e \u2018generoso para conceder o perd\u00e3o de Deus\u2019. Ele pede que o nosso cora\u00e7\u00e3o esteja perto do Cora\u00e7\u00e3o de Jesus, e isso \u00e9 uma gra\u00e7a\u201d.<\/p>\n<p>Francisco, inclusive no Angelus de 14 de fevereiro deste ano, dirigiu um pensamento aos \u201cbons sacerdotes confessores\u201d e agradeceu pela atitude de ternura e compaix\u00e3o daqueles \u201cque n\u00e3o andam com o chicote na m\u00e3o, mas est\u00e3o prontos para receber, ouvir e dizer que Deus \u00e9 bom\u201d, n\u00e3o se cansa e perdoa sempre. O Papa chegou a pedir uma salva de palmas aos peregrinos na Pra\u00e7a S\u00e3o Pedro dirigida a esses confessores misericordiosos. E, no v\u00eddeo de inten\u00e7\u00e3o de ora\u00e7\u00e3o para mar\u00e7o, Francisco finalizou:<\/p>\n<p>\u201cLembrem-se disto: no cora\u00e7\u00e3o de Deus, n\u00f3s estamos antes dos nossos erros. Rezemos para que vivamos o sacramento da reconcilia\u00e7\u00e3o com uma profundidade renovada, para saborear o perd\u00e3o e a infinita miseric\u00f3rdia de Deus. E rezemos para que Deus d\u00ea \u00e0 sua Igreja padres misericordiosos e n\u00e3o torturadores.\u201d<\/p>\n<hr \/>\n<p><em>Fonte: Vatican News (texto de Andressa Collet)<\/em><\/p>\n","protected":false},"excerpt":{"rendered":"<p>V\u00eddeo do Papa<\/p>\n","protected":false},"author":3,"featured_media":231048,"comment_status":"open","ping_status":"open","sticky":false,"template":"","format":"standard","meta":[],"categories":[1428],"tags":[542],"acf":[],"yoast_head":"<!-- This site is optimized with the Yoast SEO plugin v19.2 - https:\/\/yoast.com\/wordpress\/plugins\/seo\/ -->\n<title>Papa sobre a confiss\u00e3o: receber amor divino, passando da mis\u00e9ria \u00e0 miseric\u00f3rdia - Not\u00edcias - Franciscanos<\/title>\n<meta name=\"robots\" content=\"index, follow, max-snippet:-1, max-image-preview:large, max-video-preview:-1\" \/>\n<link rel=\"canonical\" href=\"https:\/\/franciscanos.org.br\/noticias\/papa-sobre-a-confissao-receber-amor-divino-passando-da-miseria-a-misericordia.html\" \/>\n<meta property=\"og:locale\" content=\"pt_BR\" \/>\n<meta property=\"og:type\" content=\"article\" \/>\n<meta property=\"og:title\" content=\"Papa sobre a confiss\u00e3o: receber amor divino, passando da mis\u00e9ria \u00e0 miseric\u00f3rdia - Not\u00edcias - Franciscanos\" \/>\n<meta property=\"og:description\" content=\"V\u00eddeo do Papa\" \/>\n<meta property=\"og:url\" content=\"https:\/\/franciscanos.org.br\/noticias\/papa-sobre-a-confissao-receber-amor-divino-passando-da-miseria-a-misericordia.html\" \/>\n<meta property=\"og:site_name\" content=\"Not\u00edcias - Franciscanos\" \/>\n<meta property=\"article:published_time\" content=\"2021-03-03T10:08:01+00:00\" \/>\n<meta property=\"og:image\" content=\"https:\/\/franciscanos.org.br\/noticias\/wp-content\/uploads\/2021\/03\/confissao_03d.jpg\" \/>\n\t<meta property=\"og:image:width\" content=\"800\" \/>\n\t<meta property=\"og:image:height\" content=\"600\" \/>\n\t<meta property=\"og:image:type\" content=\"image\/jpeg\" \/>\n<meta name=\"author\" content=\"moacir\" \/>\n<meta name=\"twitter:card\" content=\"summary_large_image\" \/>\n<meta name=\"twitter:label1\" content=\"Escrito por\" \/>\n\t<meta name=\"twitter:data1\" content=\"moacir\" \/>\n\t<meta name=\"twitter:label2\" content=\"Est. tempo de leitura\" \/>\n\t<meta name=\"twitter:data2\" content=\"3 minutos\" \/>\n<script type=\"application\/ld+json\" class=\"yoast-schema-graph\">{\"@context\":\"https:\/\/schema.org\",\"@graph\":[{\"@type\":\"WebSite\",\"@id\":\"https:\/\/franciscanos.org.br\/noticias\/#website\",\"url\":\"https:\/\/franciscanos.org.br\/noticias\/\",\"name\":\"Not\u00edcias - Franciscanos\",\"description\":\"Prov\u00edncia Franciscana da Imaculada Concei\u00e7\u00e3o do Brasil - Ordem dos Frades Menores - OFM\",\"potentialAction\":[{\"@type\":\"SearchAction\",\"target\":{\"@type\":\"EntryPoint\",\"urlTemplate\":\"https:\/\/franciscanos.org.br\/noticias\/?s={search_term_string}\"},\"query-input\":\"required name=search_term_string\"}],\"inLanguage\":\"pt-BR\"},{\"@type\":\"ImageObject\",\"inLanguage\":\"pt-BR\",\"@id\":\"https:\/\/franciscanos.org.br\/noticias\/papa-sobre-a-confissao-receber-amor-divino-passando-da-miseria-a-misericordia.html#primaryimage\",\"url\":\"https:\/\/franciscanos.org.br\/noticias\/wp-content\/uploads\/2021\/03\/confissao_03d.jpg\",\"contentUrl\":\"https:\/\/franciscanos.org.br\/noticias\/wp-content\/uploads\/2021\/03\/confissao_03d.jpg\",\"width\":800,\"height\":600},{\"@type\":\"WebPage\",\"@id\":\"https:\/\/franciscanos.org.br\/noticias\/papa-sobre-a-confissao-receber-amor-divino-passando-da-miseria-a-misericordia.html#webpage\",\"url\":\"https:\/\/franciscanos.org.br\/noticias\/papa-sobre-a-confissao-receber-amor-divino-passando-da-miseria-a-misericordia.html\",\"name\":\"Papa sobre a confiss\u00e3o: receber amor divino, passando da mis\u00e9ria \u00e0 miseric\u00f3rdia - Not\u00edcias - Franciscanos\",\"isPartOf\":{\"@id\":\"https:\/\/franciscanos.org.br\/noticias\/#website\"},\"primaryImageOfPage\":{\"@id\":\"https:\/\/franciscanos.org.br\/noticias\/papa-sobre-a-confissao-receber-amor-divino-passando-da-miseria-a-misericordia.html#primaryimage\"},\"datePublished\":\"2021-03-03T10:08:01+00:00\",\"dateModified\":\"2021-03-03T10:08:01+00:00\",\"author\":{\"@id\":\"https:\/\/franciscanos.org.br\/noticias\/#\/schema\/person\/b5c8cba458c330ccff548b056e95a5d4\"},\"breadcrumb\":{\"@id\":\"https:\/\/franciscanos.org.br\/noticias\/papa-sobre-a-confissao-receber-amor-divino-passando-da-miseria-a-misericordia.html#breadcrumb\"},\"inLanguage\":\"pt-BR\",\"potentialAction\":[{\"@type\":\"ReadAction\",\"target\":[\"https:\/\/franciscanos.org.br\/noticias\/papa-sobre-a-confissao-receber-amor-divino-passando-da-miseria-a-misericordia.html\"]}]},{\"@type\":\"BreadcrumbList\",\"@id\":\"https:\/\/franciscanos.org.br\/noticias\/papa-sobre-a-confissao-receber-amor-divino-passando-da-miseria-a-misericordia.html#breadcrumb\",\"itemListElement\":[{\"@type\":\"ListItem\",\"position\":1,\"name\":\"Home\",\"item\":\"https:\/\/franciscanos.org.br\/noticias\"},{\"@type\":\"ListItem\",\"position\":2,\"name\":\"Papa sobre a confiss\u00e3o: receber amor divino, passando da mis\u00e9ria \u00e0 miseric\u00f3rdia\"}]},{\"@type\":\"Person\",\"@id\":\"https:\/\/franciscanos.org.br\/noticias\/#\/schema\/person\/b5c8cba458c330ccff548b056e95a5d4\",\"name\":\"moacir\",\"image\":{\"@type\":\"ImageObject\",\"inLanguage\":\"pt-BR\",\"@id\":\"https:\/\/franciscanos.org.br\/noticias\/#\/schema\/person\/image\/\",\"url\":\"https:\/\/secure.gravatar.com\/avatar\/d08aa2ce4c8dd416d4479aa8536fcf64?s=96&d=mm&r=g\",\"contentUrl\":\"https:\/\/secure.gravatar.com\/avatar\/d08aa2ce4c8dd416d4479aa8536fcf64?s=96&d=mm&r=g\",\"caption\":\"moacir\"},\"url\":\"https:\/\/franciscanos.org.br\/noticias\/author\/moacir\"}]}<\/script>\n<!-- \/ Yoast SEO plugin. -->","yoast_head_json":{"title":"Papa sobre a confiss\u00e3o: receber amor divino, passando da mis\u00e9ria \u00e0 miseric\u00f3rdia - Not\u00edcias - Franciscanos","robots":{"index":"index","follow":"follow","max-snippet":"max-snippet:-1","max-image-preview":"max-image-preview:large","max-video-preview":"max-video-preview:-1"},"canonical":"https:\/\/franciscanos.org.br\/noticias\/papa-sobre-a-confissao-receber-amor-divino-passando-da-miseria-a-misericordia.html","og_locale":"pt_BR","og_type":"article","og_title":"Papa sobre a confiss\u00e3o: receber amor divino, passando da mis\u00e9ria \u00e0 miseric\u00f3rdia - Not\u00edcias - Franciscanos","og_description":"V\u00eddeo do Papa","og_url":"https:\/\/franciscanos.org.br\/noticias\/papa-sobre-a-confissao-receber-amor-divino-passando-da-miseria-a-misericordia.html","og_site_name":"Not\u00edcias - Franciscanos","article_published_time":"2021-03-03T10:08:01+00:00","og_image":[{"width":800,"height":600,"url":"https:\/\/franciscanos.org.br\/noticias\/wp-content\/uploads\/2021\/03\/confissao_03d.jpg","type":"image\/jpeg"}],"author":"moacir","twitter_card":"summary_large_image","twitter_misc":{"Escrito por":"moacir","Est. tempo de leitura":"3 minutos"},"schema":{"@context":"https:\/\/schema.org","@graph":[{"@type":"WebSite","@id":"https:\/\/franciscanos.org.br\/noticias\/#website","url":"https:\/\/franciscanos.org.br\/noticias\/","name":"Not\u00edcias - Franciscanos","description":"Prov\u00edncia Franciscana da Imaculada Concei\u00e7\u00e3o do Brasil - Ordem dos Frades Menores - OFM","potentialAction":[{"@type":"SearchAction","target":{"@type":"EntryPoint","urlTemplate":"https:\/\/franciscanos.org.br\/noticias\/?s={search_term_string}"},"query-input":"required name=search_term_string"}],"inLanguage":"pt-BR"},{"@type":"ImageObject","inLanguage":"pt-BR","@id":"https:\/\/franciscanos.org.br\/noticias\/papa-sobre-a-confissao-receber-amor-divino-passando-da-miseria-a-misericordia.html#primaryimage","url":"https:\/\/franciscanos.org.br\/noticias\/wp-content\/uploads\/2021\/03\/confissao_03d.jpg","contentUrl":"https:\/\/franciscanos.org.br\/noticias\/wp-content\/uploads\/2021\/03\/confissao_03d.jpg","width":800,"height":600},{"@type":"WebPage","@id":"https:\/\/franciscanos.org.br\/noticias\/papa-sobre-a-confissao-receber-amor-divino-passando-da-miseria-a-misericordia.html#webpage","url":"https:\/\/franciscanos.org.br\/noticias\/papa-sobre-a-confissao-receber-amor-divino-passando-da-miseria-a-misericordia.html","name":"Papa sobre a confiss\u00e3o: receber amor divino, passando da mis\u00e9ria \u00e0 miseric\u00f3rdia - Not\u00edcias - Franciscanos","isPartOf":{"@id":"https:\/\/franciscanos.org.br\/noticias\/#website"},"primaryImageOfPage":{"@id":"https:\/\/franciscanos.org.br\/noticias\/papa-sobre-a-confissao-receber-amor-divino-passando-da-miseria-a-misericordia.html#primaryimage"},"datePublished":"2021-03-03T10:08:01+00:00","dateModified":"2021-03-03T10:08:01+00:00","author":{"@id":"https:\/\/franciscanos.org.br\/noticias\/#\/schema\/person\/b5c8cba458c330ccff548b056e95a5d4"},"breadcrumb":{"@id":"https:\/\/franciscanos.org.br\/noticias\/papa-sobre-a-confissao-receber-amor-divino-passando-da-miseria-a-misericordia.html#breadcrumb"},"inLanguage":"pt-BR","potentialAction":[{"@type":"ReadAction","target":["https:\/\/franciscanos.org.br\/noticias\/papa-sobre-a-confissao-receber-amor-divino-passando-da-miseria-a-misericordia.html"]}]},{"@type":"BreadcrumbList","@id":"https:\/\/franciscanos.org.br\/noticias\/papa-sobre-a-confissao-receber-amor-divino-passando-da-miseria-a-misericordia.html#breadcrumb","itemListElement":[{"@type":"ListItem","position":1,"name":"Home","item":"https:\/\/franciscanos.org.br\/noticias"},{"@type":"ListItem","position":2,"name":"Papa sobre a confiss\u00e3o: receber amor divino, passando da mis\u00e9ria \u00e0 miseric\u00f3rdia"}]},{"@type":"Person","@id":"https:\/\/franciscanos.org.br\/noticias\/#\/schema\/person\/b5c8cba458c330ccff548b056e95a5d4","name":"moacir","image":{"@type":"ImageObject","inLanguage":"pt-BR","@id":"https:\/\/franciscanos.org.br\/noticias\/#\/schema\/person\/image\/","url":"https:\/\/secure.gravatar.com\/avatar\/d08aa2ce4c8dd416d4479aa8536fcf64?s=96&d=mm&r=g","contentUrl":"https:\/\/secure.gravatar.com\/avatar\/d08aa2ce4c8dd416d4479aa8536fcf64?s=96&d=mm&r=g","caption":"moacir"},"url":"https:\/\/franciscanos.org.br\/noticias\/author\/moacir"}]}},"_links":{"self":[{"href":"https:\/\/franciscanos.org.br\/noticias\/wp-json\/wp\/v2\/posts\/231046"}],"collection":[{"href":"https:\/\/franciscanos.org.br\/noticias\/wp-json\/wp\/v2\/posts"}],"about":[{"href":"https:\/\/franciscanos.org.br\/noticias\/wp-json\/wp\/v2\/types\/post"}],"author":[{"embeddable":true,"href":"https:\/\/franciscanos.org.br\/noticias\/wp-json\/wp\/v2\/users\/3"}],"replies":[{"embeddable":true,"href":"https:\/\/franciscanos.org.br\/noticias\/wp-json\/wp\/v2\/comments?post=231046"}],"version-history":[{"count":1,"href":"https:\/\/franciscanos.org.br\/noticias\/wp-json\/wp\/v2\/posts\/231046\/revisions"}],"predecessor-version":[{"id":231049,"href":"https:\/\/franciscanos.org.br\/noticias\/wp-json\/wp\/v2\/posts\/231046\/revisions\/231049"}],"wp:featuredmedia":[{"embeddable":true,"href":"https:\/\/franciscanos.org.br\/noticias\/wp-json\/wp\/v2\/media\/231048"}],"wp:attachment":[{"href":"https:\/\/franciscanos.org.br\/noticias\/wp-json\/wp\/v2\/media?parent=231046"}],"wp:term":[{"taxonomy":"category","embeddable":true,"href":"https:\/\/franciscanos.org.br\/noticias\/wp-json\/wp\/v2\/categories?post=231046"},{"taxonomy":"post_tag","embeddable":true,"href":"https:\/\/franciscanos.org.br\/noticias\/wp-json\/wp\/v2\/tags?post=231046"}],"curies":[{"name":"wp","href":"https:\/\/api.w.org\/{rel}","templated":true}]}}