{"id":231030,"date":"2022-03-05T00:46:14","date_gmt":"2022-03-05T03:46:14","guid":{"rendered":"https:\/\/franciscanos.org.br\/noticias\/?p=231030"},"modified":"2022-03-21T14:47:19","modified_gmt":"2022-03-21T17:47:19","slug":"editora-vozes-completa-120-anos-de-historia-no-dia-5","status":"publish","type":"post","link":"https:\/\/franciscanos.org.br\/noticias\/editora-vozes-completa-120-anos-de-historia-no-dia-5.html","title":{"rendered":"Editora Vozes completa 121 anos neste dia 5 de mar\u00e7o"},"content":{"rendered":"<p><img loading=\"lazy\" class=\"alignnone wp-image-231031 size-full\" src=\"https:\/\/franciscanos.org.br\/noticias\/wp-content\/uploads\/2021\/03\/vozes_1.jpg\" alt=\"\" width=\"1280\" height=\"720\" srcset=\"https:\/\/franciscanos.org.br\/noticias\/wp-content\/uploads\/2021\/03\/vozes_1.jpg 1280w, https:\/\/franciscanos.org.br\/noticias\/wp-content\/uploads\/2021\/03\/vozes_1-450x253.jpg 450w, https:\/\/franciscanos.org.br\/noticias\/wp-content\/uploads\/2021\/03\/vozes_1-1024x576.jpg 1024w, https:\/\/franciscanos.org.br\/noticias\/wp-content\/uploads\/2021\/03\/vozes_1-768x432.jpg 768w, https:\/\/franciscanos.org.br\/noticias\/wp-content\/uploads\/2021\/03\/vozes_1-150x84.jpg 150w\" sizes=\"(max-width: 1280px) 100vw, 1280px\" \/><\/p>\n<p>Com um cat\u00e1logo diversificado e fincado em s\u00f3lidos pilares que a acompanham desde sua funda\u00e7\u00e3o, a Editora Vozes completa, no dia 5 de mar\u00e7o, 121 anos de hist\u00f3ria. Fundada em Petr\u00f3polis, Regi\u00e3o Serrana do Rio de Janeiro, por Frei In\u00e1cio Hinte, a Vozes j\u00e1 passou por diversos per\u00edodos hist\u00f3ricos e desafios que o mercado apontou ao longo dos anos. A for\u00e7a da empresa centen\u00e1ria vem de fomentar valores fundamentais para a evolu\u00e7\u00e3o e crescimento do neg\u00f3cio, sempre em parceria com o leitor.<\/p>\n<p>\u201cN\u00e3o h\u00e1 mercado liter\u00e1rio sem aquele que consome os livros. E esse foi, e continuar\u00e1 sendo, o resultado mais importante para a consolida\u00e7\u00e3o da Editora: a rela\u00e7\u00e3o de respeito, transpar\u00eancia, responsabilidade, atendimento e entrega de valor e conte\u00fado ao leitor e aos nossos parceiros\u201d, explica o gerente de vendas Teobaldo Heidemann.<\/p>\n<p>A pluralidade do cat\u00e1logo tamb\u00e9m \u00e9 um dos pontos expressivos para a longevidade da Editora petropolitana. Suas publica\u00e7\u00f5es v\u00e3o desde produtos sazonais, como a <em>Folhinha do Sagrado Cora\u00e7\u00e3o de Jesus<\/em>, que \u00e9 publicada h\u00e1 mais de 80 anos, at\u00e9 os cl\u00e1ssicos da Filosofia, Antropologia, Teologia e Espiritualidade.<\/p>\n<p>Ao longo dos anos, a hist\u00f3ria e a trajet\u00f3ria foram atualizadas, de acordo com as necessidades dos leitores e do mercado editorial. O desenvolvimento das redes sociais, e-commerce, produ\u00e7\u00e3o de conte\u00fado, cursos, eventos e as mais atuais e renovadas <em>lives<\/em> trouxeram renova\u00e7\u00e3o e desafios para a Editora \u2013 desafios esses que foram encarados com sentimentos de coragem e responsabilidade em honrar os muitos anos de trabalho e conquistas, sempre com o objetivo de entregar valor e conte\u00fados diferenciados aos leitores.<\/p>\n<p><img loading=\"lazy\" class=\"alignleft size-full wp-image-231033\" src=\"https:\/\/franciscanos.org.br\/noticias\/wp-content\/uploads\/2021\/03\/vozes_04.png\" alt=\"\" width=\"348\" height=\"377\" srcset=\"https:\/\/franciscanos.org.br\/noticias\/wp-content\/uploads\/2021\/03\/vozes_04.png 348w, https:\/\/franciscanos.org.br\/noticias\/wp-content\/uploads\/2021\/03\/vozes_04-150x163.png 150w\" sizes=\"(max-width: 348px) 100vw, 348px\" \/>Para colaborar com a miss\u00e3o que a Editora tem, as livrarias Vozes, presentes no ambiente virtual (<a href=\"http:\/\/www.livrariavozes.com.br\">www.livrariavozes.com.br<\/a>) e em 16 cidades do pa\u00eds, entregam o atendimento, exposi\u00e7\u00e3o e distribui\u00e7\u00e3o das obras publicadas pela Vozes com a mesma excel\u00eancia que esta busca em suas publica\u00e7\u00f5es e produtos produzidos.<\/p>\n<p>Com excel\u00eancia e simplicidade, atrav\u00e9s de um cat\u00e1logo recheado de nomes importantes do universo da leitura, a Editora celebra mais um ano promovendo o conhecimento e o di\u00e1logo.<\/p>\n<p><strong>20 livros para celebrar 121 anos de hist\u00f3ria<\/strong><\/p>\n<p>Em todos esses anos, o cat\u00e1logo de publica\u00e7\u00f5es da Editora Vozes foi cada vez mais encorpado com grandes obras. Destas, foram selecionados 20 t\u00edtulos que marcaram a trajet\u00f3ria da Editora at\u00e9 aqui e que ainda est\u00e3o em cat\u00e1logo, com tr\u00eas destaques especiais: <em>Folhinha do Sagrado Cora\u00e7\u00e3o de Jesus<\/em>, <em>Cole\u00e7\u00e3o Crescer em Comunh\u00e3o<\/em> e a <em>Obra completa de C.G. Jung<\/em>. A inten\u00e7\u00e3o \u00e9 que, cada vez mais, a marca Vozes seja fixada na mem\u00f3ria dos leitores, al\u00e9m de comemorar mais um ano de trabalho e de sucesso de publica\u00e7\u00f5es que promovem o conhecimento e a pluralidade de ideias, valores seguidos e fomentados pela Editora.<\/p>\n<p><img loading=\"lazy\" class=\"alignleft size-full wp-image-231034\" src=\"https:\/\/franciscanos.org.br\/noticias\/wp-content\/uploads\/2021\/03\/vozes_05.jpg\" alt=\"\" width=\"282\" height=\"382\" srcset=\"https:\/\/franciscanos.org.br\/noticias\/wp-content\/uploads\/2021\/03\/vozes_05.jpg 282w, https:\/\/franciscanos.org.br\/noticias\/wp-content\/uploads\/2021\/03\/vozes_05-150x203.jpg 150w\" sizes=\"(max-width: 282px) 100vw, 282px\" \/>S\u00e3o elas: <em>Minutos de sabedoria<\/em>, <em>Em busca de sentido<\/em>, <em>O Corpo Fala<\/em>, <em>Imita\u00e7\u00e3o de Cristo<\/em>, <em>Vigiar e punir<\/em>, <em>Ser e tempo<\/em>, <em>O ser e o nada<\/em>, <em>Serm\u00f5es<\/em>, <em>O Livro Vermelho \u2013 Liber Novus<\/em>, <em>Brasil: nunca mais<\/em>, <em>Comp\u00eandio do Vaticano II<\/em>, <em>A Pedagogia<\/em>, <em>O c\u00e9u come\u00e7a em voc\u00ea<\/em>, <em>Jesus \u2013 Aproxima\u00e7\u00e3o hist\u00f3rica<\/em>, <em>Jesus Cristo libertador<\/em>, <em>Qual \u00e9 a tua obra?<\/em>, <em>A vida que vale a pena ser vivida<\/em>, <em>Sociedade do cansa\u00e7o<\/em>, <em>Mitologia grega<\/em> e <em>A \u00e1guia e a galinha<\/em>.<\/p>\n<p>Todas as obras foram minuciosamente selecionadas para contemplar as diversas \u00e1reas do cat\u00e1logo de publica\u00e7\u00f5es da Editora. O livro <em>Minutos de sabedoria<\/em>, por exemplo, conquista diariamente seu lugar no mercado liter\u00e1rio, figurando com suas mensagens de autoajuda nas listas de mais vendidos por muitos anos, tornando-se tradi\u00e7\u00e3o para muitos leitores.<\/p>\n<p><em>A \u00e1guia e a galinha<\/em>, de Leonardo Boff, quando publicada em 1997, deu in\u00edcio ao movimento proposto pelo selo de publica\u00e7\u00f5es Nobilis: grandes conte\u00fados e autores apresentados ao grande p\u00fablico com linguagem acess\u00edvel. Desta alavancada viriam os best-sellers <em>Qual \u00e9 a tua obra?<\/em>, de Mario Sergio Cortella e <em>A vida que vale a pena ser vivida<\/em>, de Cl\u00f3vis de Barros Filho e Arthur Meucci, entre outros grandes nomes que se destacam no cen\u00e1rio da filosofia contempor\u00e2nea. Entre eles, o sul-coreano Byung-Chul Han, que j\u00e1 tem mais de dez obras no cat\u00e1logo e vem firmando-se como um dos maiores fil\u00f3sofos da atualidade. Representando a filosofia cl\u00e1ssica, Martin Heidegger e Jean-Paul Sartre, com <em>Ser e tempo<\/em> e <em>O ser e o nada<\/em>, respectivamente.<\/p>\n<p><img loading=\"lazy\" class=\"size-medium wp-image-231035 alignright\" src=\"https:\/\/franciscanos.org.br\/noticias\/wp-content\/uploads\/2021\/03\/vozes_03-293x450.jpg\" alt=\"\" width=\"293\" height=\"450\" srcset=\"https:\/\/franciscanos.org.br\/noticias\/wp-content\/uploads\/2021\/03\/vozes_03-293x450.jpg 293w, https:\/\/franciscanos.org.br\/noticias\/wp-content\/uploads\/2021\/03\/vozes_03-150x230.jpg 150w, https:\/\/franciscanos.org.br\/noticias\/wp-content\/uploads\/2021\/03\/vozes_03.jpg 388w\" sizes=\"(max-width: 293px) 100vw, 293px\" \/>Em Teologia, um dos carros-chefes da Editora, tr\u00eas representantes: <em>Imita\u00e7\u00e3o de Cristo<\/em>, <em>Jesus Cristo libertador<\/em>, <em>Jesus \u2013 Aproxima\u00e7\u00e3o hist\u00f3rica<\/em>, <em>Serm\u00f5es<\/em> e <em>Comp\u00eandio do Vaticano II<\/em>. Essa tr\u00edade \u00e9 composta por obras que marcaram \u00e9poca e o cen\u00e1rio teol\u00f3gico no Brasil e no mundo, de acordo com o contexto de cada conte\u00fado.<\/p>\n<p>Na lista, o livro <em>A Pedagogia<\/em> tem a responsabilidade de jogar luz no cat\u00e1logo de Educa\u00e7\u00e3o e Pedagogia, que conta com autores como Miguel Arroyo e Celso Antunes, para a forma\u00e7\u00e3o de diversos profissionais atrav\u00e9s de suas obras.<\/p>\n<p>Por sua caracter\u00edstica t\u00e9cnica, <em>O Livro Vermelho \u2013 Liber Novus<\/em>, de Carl Gustav Jung, foi um marco para a Psicologia Anal\u00edtica no Brasil. Depois do <em>Livro Vermelho<\/em>, a Obra Completa ganhou uma nova edi\u00e7\u00e3o, acompanhada de uma luxuosa caixa.<\/p>\n<p><em>O c\u00e9u come\u00e7a em voc\u00ea<\/em> traz a import\u00e2ncia da espiritualidade no cat\u00e1logo Vozes. Sem pretens\u00f5es de julgar ou definir o que \u00e9 certo ou errado, diversas publica\u00e7\u00f5es que seguiram a pioneira obra de Anselm Gr\u00fcn, v\u00eam durante os anos apresentando-se como conte\u00fados de extrema relev\u00e2ncia para se espiritualizar e promover momentos de reflex\u00e3o.<\/p>\n<p><img loading=\"lazy\" class=\"alignleft wp-image-231036\" src=\"https:\/\/franciscanos.org.br\/noticias\/wp-content\/uploads\/2021\/03\/vozes_logo-450x450.png\" alt=\"\" width=\"262\" height=\"262\" srcset=\"https:\/\/franciscanos.org.br\/noticias\/wp-content\/uploads\/2021\/03\/vozes_logo.png 450w, https:\/\/franciscanos.org.br\/noticias\/wp-content\/uploads\/2021\/03\/vozes_logo-300x300.png 300w, https:\/\/franciscanos.org.br\/noticias\/wp-content\/uploads\/2021\/03\/vozes_logo-150x150.png 150w, https:\/\/franciscanos.org.br\/noticias\/wp-content\/uploads\/2021\/03\/vozes_logo-100x100.png 100w\" sizes=\"(max-width: 262px) 100vw, 262px\" \/>Publicar <em>Brasil: nunca mais<\/em> \u2013 e traz\u00ea-lo para a lista comemorativa de 120 anos da Editora \u2013 pode ser considerado, antes de tudo, um ato de coragem. A obra, representativa por si e pelas demais publica\u00e7\u00f5es semelhantes do cat\u00e1logo, refor\u00e7a a hist\u00f3ria da Vozes pela luta contra o regime autorit\u00e1rio e pelos direitos humanos.<\/p>\n<p>Encerrando a lista, os livros <em>Em busca de sentido<\/em>, <em>O corpo fala<\/em>, <em>Vigiar e punir<\/em> e <em>Mitologia Grega<\/em> (box) representam, claro, suas \u00e1reas no cat\u00e1logo, Psicologia, Sociologia e Hist\u00f3ria, respectivamente, por\u00e9m, s\u00e3o tr\u00eas t\u00edtulos que conquistam leitores al\u00e9m de suas forma\u00e7\u00f5es acad\u00eamicas. Autodidatas, interessados em ci\u00eancias sociais, no ser humano e suas peculiaridades, e o p\u00fablico que aprecia um texto culto e encorpado est\u00e3o na lista dos leitores dessas obras.<\/p>\n<hr \/>\n<p><strong>Para mais informa\u00e7\u00f5es e acompanhar\u00a0 da Editora Vozes acompanhe as redes sociais:<\/strong><\/p>\n<p>Instagram: @editoravozes<\/p>\n<p>Facebook: \/editoravozes<\/p>\n<p>Twitter: @Editora_Vozes<\/p>\n<p>YouTube: youtube.com\/editoravozes<\/p>\n<p><a href=\"http:\/\/www.vozes.com.br\">www.vozes.com.br<\/a><\/p>\n","protected":false},"excerpt":{"rendered":"<p>Editora Vozes celebra 120 anos<\/p>\n","protected":false},"author":3,"featured_media":185072,"comment_status":"open","ping_status":"open","sticky":false,"template":"","format":"standard","meta":[],"categories":[1],"tags":[238],"acf":[],"yoast_head":"<!-- This site is optimized with the Yoast SEO plugin v19.2 - https:\/\/yoast.com\/wordpress\/plugins\/seo\/ -->\n<title>Editora Vozes completa 121 anos neste dia 5 de mar\u00e7o - Not\u00edcias - Franciscanos<\/title>\n<meta name=\"robots\" content=\"index, follow, max-snippet:-1, max-image-preview:large, max-video-preview:-1\" \/>\n<link rel=\"canonical\" href=\"https:\/\/franciscanos.org.br\/noticias\/editora-vozes-completa-120-anos-de-historia-no-dia-5.html\" \/>\n<meta property=\"og:locale\" content=\"pt_BR\" \/>\n<meta property=\"og:type\" content=\"article\" \/>\n<meta property=\"og:title\" content=\"Editora Vozes completa 121 anos neste dia 5 de mar\u00e7o - Not\u00edcias - Franciscanos\" \/>\n<meta property=\"og:description\" content=\"Editora Vozes celebra 120 anos\" \/>\n<meta property=\"og:url\" content=\"https:\/\/franciscanos.org.br\/noticias\/editora-vozes-completa-120-anos-de-historia-no-dia-5.html\" \/>\n<meta property=\"og:site_name\" content=\"Not\u00edcias - Franciscanos\" \/>\n<meta property=\"article:published_time\" content=\"2022-03-05T03:46:14+00:00\" \/>\n<meta property=\"article:modified_time\" content=\"2022-03-21T17:47:19+00:00\" \/>\n<meta property=\"og:image\" content=\"https:\/\/franciscanos.org.br\/noticias\/wp-content\/uploads\/2018\/11\/vozes-6.jpg\" \/>\n\t<meta property=\"og:image:width\" content=\"400\" \/>\n\t<meta property=\"og:image:height\" content=\"239\" \/>\n\t<meta property=\"og:image:type\" content=\"image\/jpeg\" \/>\n<meta name=\"author\" content=\"moacir\" \/>\n<meta name=\"twitter:card\" content=\"summary_large_image\" \/>\n<meta name=\"twitter:label1\" content=\"Escrito por\" \/>\n\t<meta name=\"twitter:data1\" content=\"moacir\" \/>\n\t<meta name=\"twitter:label2\" content=\"Est. tempo de leitura\" \/>\n\t<meta name=\"twitter:data2\" content=\"6 minutos\" \/>\n<script type=\"application\/ld+json\" class=\"yoast-schema-graph\">{\"@context\":\"https:\/\/schema.org\",\"@graph\":[{\"@type\":\"WebSite\",\"@id\":\"https:\/\/franciscanos.org.br\/noticias\/#website\",\"url\":\"https:\/\/franciscanos.org.br\/noticias\/\",\"name\":\"Not\u00edcias - Franciscanos\",\"description\":\"Prov\u00edncia Franciscana da Imaculada Concei\u00e7\u00e3o do Brasil - Ordem dos Frades Menores - OFM\",\"potentialAction\":[{\"@type\":\"SearchAction\",\"target\":{\"@type\":\"EntryPoint\",\"urlTemplate\":\"https:\/\/franciscanos.org.br\/noticias\/?s={search_term_string}\"},\"query-input\":\"required name=search_term_string\"}],\"inLanguage\":\"pt-BR\"},{\"@type\":\"ImageObject\",\"inLanguage\":\"pt-BR\",\"@id\":\"https:\/\/franciscanos.org.br\/noticias\/editora-vozes-completa-120-anos-de-historia-no-dia-5.html#primaryimage\",\"url\":\"https:\/\/franciscanos.org.br\/noticias\/wp-content\/uploads\/2018\/11\/vozes-6.jpg\",\"contentUrl\":\"https:\/\/franciscanos.org.br\/noticias\/wp-content\/uploads\/2018\/11\/vozes-6.jpg\",\"width\":400,\"height\":239},{\"@type\":\"WebPage\",\"@id\":\"https:\/\/franciscanos.org.br\/noticias\/editora-vozes-completa-120-anos-de-historia-no-dia-5.html#webpage\",\"url\":\"https:\/\/franciscanos.org.br\/noticias\/editora-vozes-completa-120-anos-de-historia-no-dia-5.html\",\"name\":\"Editora Vozes completa 121 anos neste dia 5 de mar\u00e7o - Not\u00edcias - Franciscanos\",\"isPartOf\":{\"@id\":\"https:\/\/franciscanos.org.br\/noticias\/#website\"},\"primaryImageOfPage\":{\"@id\":\"https:\/\/franciscanos.org.br\/noticias\/editora-vozes-completa-120-anos-de-historia-no-dia-5.html#primaryimage\"},\"datePublished\":\"2022-03-05T03:46:14+00:00\",\"dateModified\":\"2022-03-21T17:47:19+00:00\",\"author\":{\"@id\":\"https:\/\/franciscanos.org.br\/noticias\/#\/schema\/person\/b5c8cba458c330ccff548b056e95a5d4\"},\"breadcrumb\":{\"@id\":\"https:\/\/franciscanos.org.br\/noticias\/editora-vozes-completa-120-anos-de-historia-no-dia-5.html#breadcrumb\"},\"inLanguage\":\"pt-BR\",\"potentialAction\":[{\"@type\":\"ReadAction\",\"target\":[\"https:\/\/franciscanos.org.br\/noticias\/editora-vozes-completa-120-anos-de-historia-no-dia-5.html\"]}]},{\"@type\":\"BreadcrumbList\",\"@id\":\"https:\/\/franciscanos.org.br\/noticias\/editora-vozes-completa-120-anos-de-historia-no-dia-5.html#breadcrumb\",\"itemListElement\":[{\"@type\":\"ListItem\",\"position\":1,\"name\":\"Home\",\"item\":\"https:\/\/franciscanos.org.br\/noticias\"},{\"@type\":\"ListItem\",\"position\":2,\"name\":\"Editora Vozes completa 121 anos neste dia 5 de mar\u00e7o\"}]},{\"@type\":\"Person\",\"@id\":\"https:\/\/franciscanos.org.br\/noticias\/#\/schema\/person\/b5c8cba458c330ccff548b056e95a5d4\",\"name\":\"moacir\",\"image\":{\"@type\":\"ImageObject\",\"inLanguage\":\"pt-BR\",\"@id\":\"https:\/\/franciscanos.org.br\/noticias\/#\/schema\/person\/image\/\",\"url\":\"https:\/\/secure.gravatar.com\/avatar\/d08aa2ce4c8dd416d4479aa8536fcf64?s=96&d=mm&r=g\",\"contentUrl\":\"https:\/\/secure.gravatar.com\/avatar\/d08aa2ce4c8dd416d4479aa8536fcf64?s=96&d=mm&r=g\",\"caption\":\"moacir\"},\"url\":\"https:\/\/franciscanos.org.br\/noticias\/author\/moacir\"}]}<\/script>\n<!-- \/ Yoast SEO plugin. -->","yoast_head_json":{"title":"Editora Vozes completa 121 anos neste dia 5 de mar\u00e7o - Not\u00edcias - Franciscanos","robots":{"index":"index","follow":"follow","max-snippet":"max-snippet:-1","max-image-preview":"max-image-preview:large","max-video-preview":"max-video-preview:-1"},"canonical":"https:\/\/franciscanos.org.br\/noticias\/editora-vozes-completa-120-anos-de-historia-no-dia-5.html","og_locale":"pt_BR","og_type":"article","og_title":"Editora Vozes completa 121 anos neste dia 5 de mar\u00e7o - Not\u00edcias - Franciscanos","og_description":"Editora Vozes celebra 120 anos","og_url":"https:\/\/franciscanos.org.br\/noticias\/editora-vozes-completa-120-anos-de-historia-no-dia-5.html","og_site_name":"Not\u00edcias - Franciscanos","article_published_time":"2022-03-05T03:46:14+00:00","article_modified_time":"2022-03-21T17:47:19+00:00","og_image":[{"width":400,"height":239,"url":"https:\/\/franciscanos.org.br\/noticias\/wp-content\/uploads\/2018\/11\/vozes-6.jpg","type":"image\/jpeg"}],"author":"moacir","twitter_card":"summary_large_image","twitter_misc":{"Escrito por":"moacir","Est. tempo de leitura":"6 minutos"},"schema":{"@context":"https:\/\/schema.org","@graph":[{"@type":"WebSite","@id":"https:\/\/franciscanos.org.br\/noticias\/#website","url":"https:\/\/franciscanos.org.br\/noticias\/","name":"Not\u00edcias - Franciscanos","description":"Prov\u00edncia Franciscana da Imaculada Concei\u00e7\u00e3o do Brasil - Ordem dos Frades Menores - OFM","potentialAction":[{"@type":"SearchAction","target":{"@type":"EntryPoint","urlTemplate":"https:\/\/franciscanos.org.br\/noticias\/?s={search_term_string}"},"query-input":"required name=search_term_string"}],"inLanguage":"pt-BR"},{"@type":"ImageObject","inLanguage":"pt-BR","@id":"https:\/\/franciscanos.org.br\/noticias\/editora-vozes-completa-120-anos-de-historia-no-dia-5.html#primaryimage","url":"https:\/\/franciscanos.org.br\/noticias\/wp-content\/uploads\/2018\/11\/vozes-6.jpg","contentUrl":"https:\/\/franciscanos.org.br\/noticias\/wp-content\/uploads\/2018\/11\/vozes-6.jpg","width":400,"height":239},{"@type":"WebPage","@id":"https:\/\/franciscanos.org.br\/noticias\/editora-vozes-completa-120-anos-de-historia-no-dia-5.html#webpage","url":"https:\/\/franciscanos.org.br\/noticias\/editora-vozes-completa-120-anos-de-historia-no-dia-5.html","name":"Editora Vozes completa 121 anos neste dia 5 de mar\u00e7o - Not\u00edcias - Franciscanos","isPartOf":{"@id":"https:\/\/franciscanos.org.br\/noticias\/#website"},"primaryImageOfPage":{"@id":"https:\/\/franciscanos.org.br\/noticias\/editora-vozes-completa-120-anos-de-historia-no-dia-5.html#primaryimage"},"datePublished":"2022-03-05T03:46:14+00:00","dateModified":"2022-03-21T17:47:19+00:00","author":{"@id":"https:\/\/franciscanos.org.br\/noticias\/#\/schema\/person\/b5c8cba458c330ccff548b056e95a5d4"},"breadcrumb":{"@id":"https:\/\/franciscanos.org.br\/noticias\/editora-vozes-completa-120-anos-de-historia-no-dia-5.html#breadcrumb"},"inLanguage":"pt-BR","potentialAction":[{"@type":"ReadAction","target":["https:\/\/franciscanos.org.br\/noticias\/editora-vozes-completa-120-anos-de-historia-no-dia-5.html"]}]},{"@type":"BreadcrumbList","@id":"https:\/\/franciscanos.org.br\/noticias\/editora-vozes-completa-120-anos-de-historia-no-dia-5.html#breadcrumb","itemListElement":[{"@type":"ListItem","position":1,"name":"Home","item":"https:\/\/franciscanos.org.br\/noticias"},{"@type":"ListItem","position":2,"name":"Editora Vozes completa 121 anos neste dia 5 de mar\u00e7o"}]},{"@type":"Person","@id":"https:\/\/franciscanos.org.br\/noticias\/#\/schema\/person\/b5c8cba458c330ccff548b056e95a5d4","name":"moacir","image":{"@type":"ImageObject","inLanguage":"pt-BR","@id":"https:\/\/franciscanos.org.br\/noticias\/#\/schema\/person\/image\/","url":"https:\/\/secure.gravatar.com\/avatar\/d08aa2ce4c8dd416d4479aa8536fcf64?s=96&d=mm&r=g","contentUrl":"https:\/\/secure.gravatar.com\/avatar\/d08aa2ce4c8dd416d4479aa8536fcf64?s=96&d=mm&r=g","caption":"moacir"},"url":"https:\/\/franciscanos.org.br\/noticias\/author\/moacir"}]}},"_links":{"self":[{"href":"https:\/\/franciscanos.org.br\/noticias\/wp-json\/wp\/v2\/posts\/231030"}],"collection":[{"href":"https:\/\/franciscanos.org.br\/noticias\/wp-json\/wp\/v2\/posts"}],"about":[{"href":"https:\/\/franciscanos.org.br\/noticias\/wp-json\/wp\/v2\/types\/post"}],"author":[{"embeddable":true,"href":"https:\/\/franciscanos.org.br\/noticias\/wp-json\/wp\/v2\/users\/3"}],"replies":[{"embeddable":true,"href":"https:\/\/franciscanos.org.br\/noticias\/wp-json\/wp\/v2\/comments?post=231030"}],"version-history":[{"count":5,"href":"https:\/\/franciscanos.org.br\/noticias\/wp-json\/wp\/v2\/posts\/231030\/revisions"}],"predecessor-version":[{"id":236874,"href":"https:\/\/franciscanos.org.br\/noticias\/wp-json\/wp\/v2\/posts\/231030\/revisions\/236874"}],"wp:featuredmedia":[{"embeddable":true,"href":"https:\/\/franciscanos.org.br\/noticias\/wp-json\/wp\/v2\/media\/185072"}],"wp:attachment":[{"href":"https:\/\/franciscanos.org.br\/noticias\/wp-json\/wp\/v2\/media?parent=231030"}],"wp:term":[{"taxonomy":"category","embeddable":true,"href":"https:\/\/franciscanos.org.br\/noticias\/wp-json\/wp\/v2\/categories?post=231030"},{"taxonomy":"post_tag","embeddable":true,"href":"https:\/\/franciscanos.org.br\/noticias\/wp-json\/wp\/v2\/tags?post=231030"}],"curies":[{"name":"wp","href":"https:\/\/api.w.org\/{rel}","templated":true}]}}