{"id":230999,"date":"2021-02-27T06:55:47","date_gmt":"2021-02-27T09:55:47","guid":{"rendered":"https:\/\/franciscanos.org.br\/noticias\/?p=230999"},"modified":"2021-02-27T06:58:21","modified_gmt":"2021-02-27T09:58:21","slug":"frades-do-santuario-de-vila-velha-fazem-seu-retiro-quaresmal","status":"publish","type":"post","link":"https:\/\/franciscanos.org.br\/noticias\/frades-do-santuario-de-vila-velha-fazem-seu-retiro-quaresmal.html","title":{"rendered":"Frades do Santu\u00e1rio de Vila Velha  fazem seu retiro quaresmal"},"content":{"rendered":"<p><img loading=\"lazy\" class=\"alignnone wp-image-231000 size-full\" src=\"https:\/\/franciscanos.org.br\/noticias\/wp-content\/uploads\/2021\/02\/retiro_27.jpg\" alt=\"\" width=\"1280\" height=\"720\" srcset=\"https:\/\/franciscanos.org.br\/noticias\/wp-content\/uploads\/2021\/02\/retiro_27.jpg 1280w, https:\/\/franciscanos.org.br\/noticias\/wp-content\/uploads\/2021\/02\/retiro_27-450x253.jpg 450w, https:\/\/franciscanos.org.br\/noticias\/wp-content\/uploads\/2021\/02\/retiro_27-1024x576.jpg 1024w, https:\/\/franciscanos.org.br\/noticias\/wp-content\/uploads\/2021\/02\/retiro_27-768x432.jpg 768w, https:\/\/franciscanos.org.br\/noticias\/wp-content\/uploads\/2021\/02\/retiro_27-150x84.jpg 150w\" sizes=\"(max-width: 1280px) 100vw, 1280px\" \/><\/p>\n<p>A Fraternidade do Divino Esp\u00edrito Santo, em Vila Velha, fez um dia e meio de retiro quaresmal antes da celebra\u00e7\u00e3o do primeiro Cap\u00edtulo local do ano.<\/p>\n<p>Os Confrades receberam tr\u00eas textos para a reflex\u00e3o ao longo da quinta-feira, dia 25 de fevereiro, al\u00e9m de fazerem uma hora de Adora\u00e7\u00e3o ao Sant\u00edssimo com o povo e concelebrarem a Eucaristia vespertina.\u00a0 No dia 26, sexta, durante uma hora e meia, partilharam as reflex\u00f5es feitas.<\/p>\n<p>O primeiro texto era uma p\u00e1gina escrita por Frei Constantino Koser, ent\u00e3o Ministro Geral, para o Cap\u00edtulo de 1973 e tratava da f\u00e9 como fundamento de todo o projeto franciscano: \u201c\u00danico fundamento s\u00f3lido em que se pode construir uma vida de ora\u00e7\u00e3o, de celibato, de fraternidade, de pobreza e de servi\u00e7o\u201d. Todos estiveram de acordo que a f\u00e9 tem tudo a ver com a perseveran\u00e7a ou a desist\u00eancia, tema estudado pela Ordem toda no ano passado e neste. Se \u00e9 verdade que a f\u00e9 \u00e9 gra\u00e7a de Deus, seu cultivo e sua frutifica\u00e7\u00e3o \u00e9 responsabilidade intransfer\u00edvel de cada um de n\u00f3s.<\/p>\n<p><img loading=\"lazy\" class=\"size-medium wp-image-231002 alignleft\" src=\"https:\/\/franciscanos.org.br\/noticias\/wp-content\/uploads\/2021\/02\/retiro_27_2-450x400.jpg\" alt=\"\" width=\"450\" height=\"400\" srcset=\"https:\/\/franciscanos.org.br\/noticias\/wp-content\/uploads\/2021\/02\/retiro_27_2-450x400.jpg 450w, https:\/\/franciscanos.org.br\/noticias\/wp-content\/uploads\/2021\/02\/retiro_27_2-150x133.jpg 150w, https:\/\/franciscanos.org.br\/noticias\/wp-content\/uploads\/2021\/02\/retiro_27_2.jpg 500w\" sizes=\"(max-width: 450px) 100vw, 450px\" \/>O segundo tema tratou da Palavra de Deus na vida de S\u00e3o Francisco e na nossa vida franciscana. Um texto do Ministro Geral Jos\u00e9 R. Carballo, em carta a toda a Ordem na festa de Pentecostes de 2008. Nossa reflex\u00e3o viu que este texto est\u00e1 muito ligado ao primeiro. H\u00e1 um elo umbilical entre nossa f\u00e9 e nossa viv\u00eancia da Palavra de Deus. O texto nos ensinou que n\u00f3s, franciscanos, n\u00e3o nos alimentamos s\u00f3 do P\u00e3o eucar\u00edstico, mas, na mesma propor\u00e7\u00e3o, nos alimentamos daquilo que S\u00e3o Francisco chamou de \u201cPalavra perfumada e embriagante\u201d. E percebemos que n\u00e3o basta a tend\u00eancia que temos de fazer exegese. O conhecimento da Escritura, para Francisco, \u201cn\u00e3o era especulativo, mas sapiencial. Para ele, a Palavra n\u00e3o era um texto de ontem, mas de hoje e para o hoje de Francisco, como aparece quando diz o \u2018Senhor me disse no Evangelho\u2019 e n\u00e3o \u2018naquele tempo disse Jesus\u2019, como \u00e9 normal citar os ditos de Jesus. Francisco n\u00e3o <em>estudou<\/em>, mas <em>viveu<\/em> a Palavra\u201d.<\/p>\n<p>O terceiro texto foi tirado do discurso improvisado do Papa Francisco no t\u00e9rmino do S\u00ednodo sobre a Fam\u00edlia em outubro de 2014. O Papa lembra v\u00e1rias tenta\u00e7\u00f5es que sofrem tanto os pastores quanto as ovelhas nos dias de hoje: o mau tradicionalismo, o ing\u00eanuo intelectualismo, o irrespons\u00e1vel liberalismo (que a moral chama de laxismo), a falsa seguran\u00e7a em \u201cverdades\u201d transformadas em dogmas, as abobrinhas na prega\u00e7\u00e3o do catecismo e a tenta\u00e7\u00e3o de melifluir a cruz do Calv\u00e1rio. A Fraternidade reconheceu que os ataques que o Papa e algumas inst\u00e2ncias da Igreja v\u00eam sofrendo nas redes sociais nascem, sim, daquelas tenta\u00e7\u00f5es que, enquanto tenta\u00e7\u00f5es ainda s\u00e3o positivas, porque podem ser purificadoras, mas, quando n\u00e3o digeridas, se tornam destruidoras da f\u00e9, da Palavra de Deus e da comunidade.<\/p>\n<p>Outra hora do Cap\u00edtulo, na manh\u00e3 de sexta, foi dedicada \u00e0 programa\u00e7\u00e3o pastoral da Quaresma, Semana Santa e P\u00e1scoa, neste ano ainda excepcional de pandemia. Daremos especial aten\u00e7\u00e3o \u00e0s celebra\u00e7\u00f5es penitenciais com absolvi\u00e7\u00e3o; na quinta e na sexta-feira santas celebraremos duas vezes, com a mesma solenidade, para evitar a aglomera\u00e7\u00e3o. Temos o privil\u00e9gio de uma igreja grande, onde quinhentas pessoas podem se reunir sem se aglomerar. Resolvemos tamb\u00e9m neste Ano de S\u00e3o Jos\u00e9, celebrar sua festa com mais Missas e um tr\u00edduo de reflex\u00e3o sobre o grande patriarca, Padroeiro da Igreja.<\/p>\n<hr \/>\n<p><em>Frei Clar\u00eancio Neotti<\/em><\/p>\n","protected":false},"excerpt":{"rendered":"<p>Santu\u00e1rio do Divino Esp\u00edrito Santo<\/p>\n","protected":false},"author":3,"featured_media":231001,"comment_status":"open","ping_status":"open","sticky":false,"template":"","format":"standard","meta":[],"categories":[1],"tags":[1180],"acf":[],"yoast_head":"<!-- This site is optimized with the Yoast SEO plugin v19.2 - https:\/\/yoast.com\/wordpress\/plugins\/seo\/ -->\n<title>Frades do Santu\u00e1rio de Vila Velha fazem seu retiro quaresmal - Not\u00edcias - Franciscanos<\/title>\n<meta name=\"robots\" content=\"index, follow, max-snippet:-1, max-image-preview:large, max-video-preview:-1\" \/>\n<link rel=\"canonical\" href=\"https:\/\/franciscanos.org.br\/noticias\/frades-do-santuario-de-vila-velha-fazem-seu-retiro-quaresmal.html\" \/>\n<meta property=\"og:locale\" content=\"pt_BR\" \/>\n<meta property=\"og:type\" content=\"article\" \/>\n<meta property=\"og:title\" content=\"Frades do Santu\u00e1rio de Vila Velha fazem seu retiro quaresmal - Not\u00edcias - Franciscanos\" \/>\n<meta property=\"og:description\" content=\"Santu\u00e1rio do Divino Esp\u00edrito Santo\" \/>\n<meta property=\"og:url\" content=\"https:\/\/franciscanos.org.br\/noticias\/frades-do-santuario-de-vila-velha-fazem-seu-retiro-quaresmal.html\" \/>\n<meta property=\"og:site_name\" content=\"Not\u00edcias - Franciscanos\" \/>\n<meta property=\"article:published_time\" content=\"2021-02-27T09:55:47+00:00\" \/>\n<meta property=\"article:modified_time\" content=\"2021-02-27T09:58:21+00:00\" \/>\n<meta property=\"og:image\" content=\"https:\/\/franciscanos.org.br\/noticias\/wp-content\/uploads\/2021\/02\/retiro_27d.jpg\" \/>\n\t<meta property=\"og:image:width\" content=\"800\" \/>\n\t<meta property=\"og:image:height\" content=\"600\" \/>\n\t<meta property=\"og:image:type\" content=\"image\/jpeg\" \/>\n<meta name=\"author\" content=\"moacir\" \/>\n<meta name=\"twitter:card\" content=\"summary_large_image\" \/>\n<meta name=\"twitter:label1\" content=\"Escrito por\" \/>\n\t<meta name=\"twitter:data1\" content=\"moacir\" \/>\n\t<meta name=\"twitter:label2\" content=\"Est. tempo de leitura\" \/>\n\t<meta name=\"twitter:data2\" content=\"3 minutos\" \/>\n<script type=\"application\/ld+json\" class=\"yoast-schema-graph\">{\"@context\":\"https:\/\/schema.org\",\"@graph\":[{\"@type\":\"WebSite\",\"@id\":\"https:\/\/franciscanos.org.br\/noticias\/#website\",\"url\":\"https:\/\/franciscanos.org.br\/noticias\/\",\"name\":\"Not\u00edcias - Franciscanos\",\"description\":\"Prov\u00edncia Franciscana da Imaculada Concei\u00e7\u00e3o do Brasil - Ordem dos Frades Menores - OFM\",\"potentialAction\":[{\"@type\":\"SearchAction\",\"target\":{\"@type\":\"EntryPoint\",\"urlTemplate\":\"https:\/\/franciscanos.org.br\/noticias\/?s={search_term_string}\"},\"query-input\":\"required name=search_term_string\"}],\"inLanguage\":\"pt-BR\"},{\"@type\":\"ImageObject\",\"inLanguage\":\"pt-BR\",\"@id\":\"https:\/\/franciscanos.org.br\/noticias\/frades-do-santuario-de-vila-velha-fazem-seu-retiro-quaresmal.html#primaryimage\",\"url\":\"https:\/\/franciscanos.org.br\/noticias\/wp-content\/uploads\/2021\/02\/retiro_27d.jpg\",\"contentUrl\":\"https:\/\/franciscanos.org.br\/noticias\/wp-content\/uploads\/2021\/02\/retiro_27d.jpg\",\"width\":800,\"height\":600},{\"@type\":\"WebPage\",\"@id\":\"https:\/\/franciscanos.org.br\/noticias\/frades-do-santuario-de-vila-velha-fazem-seu-retiro-quaresmal.html#webpage\",\"url\":\"https:\/\/franciscanos.org.br\/noticias\/frades-do-santuario-de-vila-velha-fazem-seu-retiro-quaresmal.html\",\"name\":\"Frades do Santu\u00e1rio de Vila Velha fazem seu retiro quaresmal - Not\u00edcias - Franciscanos\",\"isPartOf\":{\"@id\":\"https:\/\/franciscanos.org.br\/noticias\/#website\"},\"primaryImageOfPage\":{\"@id\":\"https:\/\/franciscanos.org.br\/noticias\/frades-do-santuario-de-vila-velha-fazem-seu-retiro-quaresmal.html#primaryimage\"},\"datePublished\":\"2021-02-27T09:55:47+00:00\",\"dateModified\":\"2021-02-27T09:58:21+00:00\",\"author\":{\"@id\":\"https:\/\/franciscanos.org.br\/noticias\/#\/schema\/person\/b5c8cba458c330ccff548b056e95a5d4\"},\"breadcrumb\":{\"@id\":\"https:\/\/franciscanos.org.br\/noticias\/frades-do-santuario-de-vila-velha-fazem-seu-retiro-quaresmal.html#breadcrumb\"},\"inLanguage\":\"pt-BR\",\"potentialAction\":[{\"@type\":\"ReadAction\",\"target\":[\"https:\/\/franciscanos.org.br\/noticias\/frades-do-santuario-de-vila-velha-fazem-seu-retiro-quaresmal.html\"]}]},{\"@type\":\"BreadcrumbList\",\"@id\":\"https:\/\/franciscanos.org.br\/noticias\/frades-do-santuario-de-vila-velha-fazem-seu-retiro-quaresmal.html#breadcrumb\",\"itemListElement\":[{\"@type\":\"ListItem\",\"position\":1,\"name\":\"Home\",\"item\":\"https:\/\/franciscanos.org.br\/noticias\"},{\"@type\":\"ListItem\",\"position\":2,\"name\":\"Frades do Santu\u00e1rio de Vila Velha fazem seu retiro quaresmal\"}]},{\"@type\":\"Person\",\"@id\":\"https:\/\/franciscanos.org.br\/noticias\/#\/schema\/person\/b5c8cba458c330ccff548b056e95a5d4\",\"name\":\"moacir\",\"image\":{\"@type\":\"ImageObject\",\"inLanguage\":\"pt-BR\",\"@id\":\"https:\/\/franciscanos.org.br\/noticias\/#\/schema\/person\/image\/\",\"url\":\"https:\/\/secure.gravatar.com\/avatar\/d08aa2ce4c8dd416d4479aa8536fcf64?s=96&d=mm&r=g\",\"contentUrl\":\"https:\/\/secure.gravatar.com\/avatar\/d08aa2ce4c8dd416d4479aa8536fcf64?s=96&d=mm&r=g\",\"caption\":\"moacir\"},\"url\":\"https:\/\/franciscanos.org.br\/noticias\/author\/moacir\"}]}<\/script>\n<!-- \/ Yoast SEO plugin. -->","yoast_head_json":{"title":"Frades do Santu\u00e1rio de Vila Velha fazem seu retiro quaresmal - Not\u00edcias - Franciscanos","robots":{"index":"index","follow":"follow","max-snippet":"max-snippet:-1","max-image-preview":"max-image-preview:large","max-video-preview":"max-video-preview:-1"},"canonical":"https:\/\/franciscanos.org.br\/noticias\/frades-do-santuario-de-vila-velha-fazem-seu-retiro-quaresmal.html","og_locale":"pt_BR","og_type":"article","og_title":"Frades do Santu\u00e1rio de Vila Velha fazem seu retiro quaresmal - Not\u00edcias - Franciscanos","og_description":"Santu\u00e1rio do Divino Esp\u00edrito Santo","og_url":"https:\/\/franciscanos.org.br\/noticias\/frades-do-santuario-de-vila-velha-fazem-seu-retiro-quaresmal.html","og_site_name":"Not\u00edcias - Franciscanos","article_published_time":"2021-02-27T09:55:47+00:00","article_modified_time":"2021-02-27T09:58:21+00:00","og_image":[{"width":800,"height":600,"url":"https:\/\/franciscanos.org.br\/noticias\/wp-content\/uploads\/2021\/02\/retiro_27d.jpg","type":"image\/jpeg"}],"author":"moacir","twitter_card":"summary_large_image","twitter_misc":{"Escrito por":"moacir","Est. tempo de leitura":"3 minutos"},"schema":{"@context":"https:\/\/schema.org","@graph":[{"@type":"WebSite","@id":"https:\/\/franciscanos.org.br\/noticias\/#website","url":"https:\/\/franciscanos.org.br\/noticias\/","name":"Not\u00edcias - Franciscanos","description":"Prov\u00edncia Franciscana da Imaculada Concei\u00e7\u00e3o do Brasil - Ordem dos Frades Menores - OFM","potentialAction":[{"@type":"SearchAction","target":{"@type":"EntryPoint","urlTemplate":"https:\/\/franciscanos.org.br\/noticias\/?s={search_term_string}"},"query-input":"required name=search_term_string"}],"inLanguage":"pt-BR"},{"@type":"ImageObject","inLanguage":"pt-BR","@id":"https:\/\/franciscanos.org.br\/noticias\/frades-do-santuario-de-vila-velha-fazem-seu-retiro-quaresmal.html#primaryimage","url":"https:\/\/franciscanos.org.br\/noticias\/wp-content\/uploads\/2021\/02\/retiro_27d.jpg","contentUrl":"https:\/\/franciscanos.org.br\/noticias\/wp-content\/uploads\/2021\/02\/retiro_27d.jpg","width":800,"height":600},{"@type":"WebPage","@id":"https:\/\/franciscanos.org.br\/noticias\/frades-do-santuario-de-vila-velha-fazem-seu-retiro-quaresmal.html#webpage","url":"https:\/\/franciscanos.org.br\/noticias\/frades-do-santuario-de-vila-velha-fazem-seu-retiro-quaresmal.html","name":"Frades do Santu\u00e1rio de Vila Velha fazem seu retiro quaresmal - Not\u00edcias - Franciscanos","isPartOf":{"@id":"https:\/\/franciscanos.org.br\/noticias\/#website"},"primaryImageOfPage":{"@id":"https:\/\/franciscanos.org.br\/noticias\/frades-do-santuario-de-vila-velha-fazem-seu-retiro-quaresmal.html#primaryimage"},"datePublished":"2021-02-27T09:55:47+00:00","dateModified":"2021-02-27T09:58:21+00:00","author":{"@id":"https:\/\/franciscanos.org.br\/noticias\/#\/schema\/person\/b5c8cba458c330ccff548b056e95a5d4"},"breadcrumb":{"@id":"https:\/\/franciscanos.org.br\/noticias\/frades-do-santuario-de-vila-velha-fazem-seu-retiro-quaresmal.html#breadcrumb"},"inLanguage":"pt-BR","potentialAction":[{"@type":"ReadAction","target":["https:\/\/franciscanos.org.br\/noticias\/frades-do-santuario-de-vila-velha-fazem-seu-retiro-quaresmal.html"]}]},{"@type":"BreadcrumbList","@id":"https:\/\/franciscanos.org.br\/noticias\/frades-do-santuario-de-vila-velha-fazem-seu-retiro-quaresmal.html#breadcrumb","itemListElement":[{"@type":"ListItem","position":1,"name":"Home","item":"https:\/\/franciscanos.org.br\/noticias"},{"@type":"ListItem","position":2,"name":"Frades do Santu\u00e1rio de Vila Velha fazem seu retiro quaresmal"}]},{"@type":"Person","@id":"https:\/\/franciscanos.org.br\/noticias\/#\/schema\/person\/b5c8cba458c330ccff548b056e95a5d4","name":"moacir","image":{"@type":"ImageObject","inLanguage":"pt-BR","@id":"https:\/\/franciscanos.org.br\/noticias\/#\/schema\/person\/image\/","url":"https:\/\/secure.gravatar.com\/avatar\/d08aa2ce4c8dd416d4479aa8536fcf64?s=96&d=mm&r=g","contentUrl":"https:\/\/secure.gravatar.com\/avatar\/d08aa2ce4c8dd416d4479aa8536fcf64?s=96&d=mm&r=g","caption":"moacir"},"url":"https:\/\/franciscanos.org.br\/noticias\/author\/moacir"}]}},"_links":{"self":[{"href":"https:\/\/franciscanos.org.br\/noticias\/wp-json\/wp\/v2\/posts\/230999"}],"collection":[{"href":"https:\/\/franciscanos.org.br\/noticias\/wp-json\/wp\/v2\/posts"}],"about":[{"href":"https:\/\/franciscanos.org.br\/noticias\/wp-json\/wp\/v2\/types\/post"}],"author":[{"embeddable":true,"href":"https:\/\/franciscanos.org.br\/noticias\/wp-json\/wp\/v2\/users\/3"}],"replies":[{"embeddable":true,"href":"https:\/\/franciscanos.org.br\/noticias\/wp-json\/wp\/v2\/comments?post=230999"}],"version-history":[{"count":4,"href":"https:\/\/franciscanos.org.br\/noticias\/wp-json\/wp\/v2\/posts\/230999\/revisions"}],"predecessor-version":[{"id":231006,"href":"https:\/\/franciscanos.org.br\/noticias\/wp-json\/wp\/v2\/posts\/230999\/revisions\/231006"}],"wp:featuredmedia":[{"embeddable":true,"href":"https:\/\/franciscanos.org.br\/noticias\/wp-json\/wp\/v2\/media\/231001"}],"wp:attachment":[{"href":"https:\/\/franciscanos.org.br\/noticias\/wp-json\/wp\/v2\/media?parent=230999"}],"wp:term":[{"taxonomy":"category","embeddable":true,"href":"https:\/\/franciscanos.org.br\/noticias\/wp-json\/wp\/v2\/categories?post=230999"},{"taxonomy":"post_tag","embeddable":true,"href":"https:\/\/franciscanos.org.br\/noticias\/wp-json\/wp\/v2\/tags?post=230999"}],"curies":[{"name":"wp","href":"https:\/\/api.w.org\/{rel}","templated":true}]}}