{"id":230976,"date":"2021-02-25T10:58:41","date_gmt":"2021-02-25T13:58:41","guid":{"rendered":"https:\/\/franciscanos.org.br\/noticias\/?p=230976"},"modified":"2021-03-02T07:50:35","modified_gmt":"2021-03-02T10:50:35","slug":"provincia-lanca-serie-de-podcasts-sobre-a-campanha-da-fraternidade-2021","status":"publish","type":"post","link":"https:\/\/franciscanos.org.br\/noticias\/provincia-lanca-serie-de-podcasts-sobre-a-campanha-da-fraternidade-2021.html","title":{"rendered":"Prov\u00edncia lan\u00e7a s\u00e9rie de podcasts sobre a Campanha da Fraternidade 2021"},"content":{"rendered":"<p><img loading=\"lazy\" class=\"alignleft wp-image-230984 size-full\" src=\"https:\/\/franciscanos.org.br\/noticias\/wp-content\/uploads\/2021\/02\/cfe_25_1.png\" alt=\"\" width=\"1280\" height=\"720\" srcset=\"https:\/\/franciscanos.org.br\/noticias\/wp-content\/uploads\/2021\/02\/cfe_25_1.png 1280w, https:\/\/franciscanos.org.br\/noticias\/wp-content\/uploads\/2021\/02\/cfe_25_1-450x253.png 450w, https:\/\/franciscanos.org.br\/noticias\/wp-content\/uploads\/2021\/02\/cfe_25_1-1024x576.png 1024w, https:\/\/franciscanos.org.br\/noticias\/wp-content\/uploads\/2021\/02\/cfe_25_1-768x432.png 768w, https:\/\/franciscanos.org.br\/noticias\/wp-content\/uploads\/2021\/02\/cfe_25_1-150x84.png 150w\" sizes=\"(max-width: 1280px) 100vw, 1280px\" \/><\/p>\n<p>Em esp\u00edrito de colabora\u00e7\u00e3o e comunh\u00e3o com a Confer\u00eancia Nacional dos Bispos do Brasil (CNBB) e o Conselho Nacional de Igrejas Crist\u00e3s (CONIC), a Prov\u00edncia Franciscana da Imaculada Concei\u00e7\u00e3o do Brasil, atrav\u00e9s de sua Frente de Evangeliza\u00e7\u00e3o da Comunica\u00e7\u00e3o, lan\u00e7a uma s\u00e9rie de seis entrevistas em <em>podcast<\/em> sobre a Campanha da Fraternidade Ecum\u00eanica 2021 (CFE 2021), que aborda a tem\u00e1tica do di\u00e1logo. A produ\u00e7\u00e3o deste material em \u00e1udio \u00e9 uma pr\u00e1tica da Prov\u00edncia desde o ano de 2013 e tem sempre como objetivo incentivar a reflex\u00e3o e o aprofundamento das tem\u00e1ticas propostas em cada Campanha.<\/p>\n<p>Para o Secret\u00e1rio de Evangeliza\u00e7\u00e3o da Prov\u00edncia, Frei Gustavo Medella, a provoca\u00e7\u00e3o da CF 2021 toca de cheio a miss\u00e3o dos franciscanos e franciscanas que, a exemplo de S\u00e3o Francisco de Assis, devem ser promotores e praticantes ativos do di\u00e1logo. \u201cA Campanha da Fraternidade \u00e9 uma iniciativa consagrada na Igreja Cat\u00f3lica do Brasil. Neste ano temos mais uma edi\u00e7\u00e3o ecum\u00eanica, provocando-nos ao di\u00e1logo aberto e transparente com nossos irm\u00e3os de outras denomina\u00e7\u00f5es crist\u00e3s e com toda a sociedade. O testemunho evang\u00e9lico passa necessariamente por esta abertura caridosa e atenta ao outro em busca de construirmos a unidade na diversidade\u201d, recorda.<\/p>\n<p>Os epis\u00f3dios poder\u00e3o ser baixados e ouvidos individualmente, em grupos e em qualquer outra modalidade, podendo tamb\u00e9m ser levados ao ar em emissoras de r\u00e1dio ou outras plataformas de comunica\u00e7\u00e3o. Para produ\u00e7\u00e3o foram ouvidos especialistas de diferentes setores da Igreja e da sociedade.<\/p>\n<h2><strong>Temas e entrevistados:<\/strong><\/h2>\n<p>&nbsp;<\/p>\n<h3><strong><span style=\"color: #0000ff;\"><a style=\"color: #0000ff;\" href=\"https:\/\/open.spotify.com\/episode\/7wJ2r6gJL3TozOlEUtwBq5\">Epis\u00f3dio 01 \u2013 A Pastoral da Comunica\u00e7\u00e3o como promotora do di\u00e1logo na Igreja do Brasil<\/a><\/span><\/strong><\/h3>\n<p><strong>Marcus Tulio Oliveira Neto \u2013 Coordenador Nacional da Pascom.<\/strong><\/p>\n<p>&nbsp;<\/p>\n<h3><strong><span style=\"color: #0000ff;\"><a style=\"color: #0000ff;\" href=\"https:\/\/open.spotify.com\/episode\/5WDdv0CJHSVm6908wgDhd3\">Epis\u00f3dio 02 \u2013 A Comunica\u00e7\u00e3o que sente e faz sentir<\/a><\/span><\/strong><\/h3>\n<p><strong>Mois\u00e9s Sbardelotto \u2013 Jornalista, tradutor e consultor em comunica\u00e7\u00e3o. Tem doutorado na \u00e1rea e v\u00e1rios livros escritos sobre o tema.<\/strong><\/p>\n<p>&nbsp;<\/p>\n<h3><strong><a href=\"https:\/\/open.spotify.com\/episode\/3dqRkzuSOhsp0Z5FwozndH\"><span style=\"color: #0000ff;\">Epis\u00f3dio 03 \u2013 Di\u00e1logo: como criar esta cultura desde os primeiros anos da inf\u00e2ncia<\/span><\/a><\/strong><\/h3>\n<p><strong>Ester Cec\u00edlia Fernandes Baptistella \u2013 Doutora em Psicologia, professora da Universidade S\u00e3o Francisco (USF).<\/strong><\/p>\n<p>&nbsp;<\/p>\n<h3><strong><a href=\"https:\/\/open.spotify.com\/episode\/4EyEiJm5Hu4MlZjVg1Rl2Y\"><span style=\"color: #0000ff;\">Epis\u00f3dio 04 \u2013 A Comunica\u00e7\u00e3o n\u00e3o Violenta e a constru\u00e7\u00e3o do di\u00e1logo<\/span><\/a><\/strong><\/h3>\n<p><strong>Lucilia Dias Furtado \u2013 Pedagoga e analista do Marista Centro-Norte.<\/strong><\/p>\n<p>&nbsp;<\/p>\n<h3><strong><a href=\"https:\/\/open.spotify.com\/episode\/6PwMYAU0Y3kXlgZCil5cyl\"><span style=\"color: #0000ff;\">Epis\u00f3dio 05 \u2013 O Ecumenismo como dimens\u00e3o inerente da f\u00e9<\/span><span style=\"color: #0000ff;\"> crist\u00e3<\/span><\/a><\/strong><\/h3>\n<p><strong>Jos\u00e9 Moacyr Cadenassi \u2013 Frade capuchinho, compositor e tamb\u00e9m trabalha com a tem\u00e1tica do Ecumenismo e do Di\u00e1logo Interreligioso.<\/strong><\/p>\n<p>&nbsp;<\/p>\n<h3><strong><span style=\"color: #0000ff;\"><a style=\"color: #0000ff;\" href=\"https:\/\/open.spotify.com\/episode\/1PR9TGlPWIEq1gPOC5vXjA\">Epis\u00f3dio 06 \u2013 A Coleta da Solidariedade e o Fundo Nacional de Solidariedade<\/a><\/span><\/strong><\/h3>\n<p><strong>Franklin Ribeiro Queiroz \u2013 Respons\u00e1vel pelo Departamento Social da CNBB<\/strong><\/p>\n<p>&nbsp;<\/p>\n<p><strong>VEJA TAMB\u00c9M<\/strong><\/p>\n<p>&nbsp;<\/p>\n<h1><a href=\"https:\/\/franciscanos.org.br\/vidacrista\/especiais\/especial-campanha-da-fraternidade2020\/#gsc.tab=0\">ESPECIAL DA CAMPANHA DA FRATERNIDADE<\/a><\/h1>\n<p>&nbsp;<\/p>\n","protected":false},"excerpt":{"rendered":"<p>Campanha da Fraternidade Ecum\u00eanica<\/p>\n","protected":false},"author":7,"featured_media":230986,"comment_status":"open","ping_status":"open","sticky":false,"template":"","format":"standard","meta":[],"categories":[1],"tags":[1817],"acf":[],"yoast_head":"<!-- This site is optimized with the Yoast SEO plugin v19.2 - https:\/\/yoast.com\/wordpress\/plugins\/seo\/ -->\n<title>Prov\u00edncia lan\u00e7a s\u00e9rie de podcasts sobre a Campanha da Fraternidade 2021 - Not\u00edcias - Franciscanos<\/title>\n<meta name=\"robots\" content=\"index, follow, max-snippet:-1, max-image-preview:large, max-video-preview:-1\" \/>\n<link rel=\"canonical\" href=\"https:\/\/franciscanos.org.br\/noticias\/provincia-lanca-serie-de-podcasts-sobre-a-campanha-da-fraternidade-2021.html\" \/>\n<meta property=\"og:locale\" content=\"pt_BR\" \/>\n<meta property=\"og:type\" content=\"article\" \/>\n<meta property=\"og:title\" content=\"Prov\u00edncia lan\u00e7a s\u00e9rie de podcasts sobre a Campanha da Fraternidade 2021 - Not\u00edcias - Franciscanos\" \/>\n<meta property=\"og:description\" content=\"Campanha da Fraternidade Ecum\u00eanica\" \/>\n<meta property=\"og:url\" content=\"https:\/\/franciscanos.org.br\/noticias\/provincia-lanca-serie-de-podcasts-sobre-a-campanha-da-fraternidade-2021.html\" \/>\n<meta property=\"og:site_name\" content=\"Not\u00edcias - Franciscanos\" \/>\n<meta property=\"article:published_time\" content=\"2021-02-25T13:58:41+00:00\" \/>\n<meta property=\"article:modified_time\" content=\"2021-03-02T10:50:35+00:00\" \/>\n<meta property=\"og:image\" content=\"https:\/\/franciscanos.org.br\/noticias\/wp-content\/uploads\/2021\/02\/cfe_25d.png\" \/>\n\t<meta property=\"og:image:width\" content=\"800\" \/>\n\t<meta property=\"og:image:height\" content=\"600\" \/>\n\t<meta property=\"og:image:type\" content=\"image\/png\" \/>\n<meta name=\"author\" content=\"jovenal\" \/>\n<meta name=\"twitter:card\" content=\"summary_large_image\" \/>\n<meta name=\"twitter:label1\" content=\"Escrito por\" \/>\n\t<meta name=\"twitter:data1\" content=\"jovenal\" \/>\n\t<meta name=\"twitter:label2\" content=\"Est. tempo de leitura\" \/>\n\t<meta name=\"twitter:data2\" content=\"2 minutos\" \/>\n<script type=\"application\/ld+json\" class=\"yoast-schema-graph\">{\"@context\":\"https:\/\/schema.org\",\"@graph\":[{\"@type\":\"WebSite\",\"@id\":\"https:\/\/franciscanos.org.br\/noticias\/#website\",\"url\":\"https:\/\/franciscanos.org.br\/noticias\/\",\"name\":\"Not\u00edcias - Franciscanos\",\"description\":\"Prov\u00edncia Franciscana da Imaculada Concei\u00e7\u00e3o do Brasil - Ordem dos Frades Menores - OFM\",\"potentialAction\":[{\"@type\":\"SearchAction\",\"target\":{\"@type\":\"EntryPoint\",\"urlTemplate\":\"https:\/\/franciscanos.org.br\/noticias\/?s={search_term_string}\"},\"query-input\":\"required name=search_term_string\"}],\"inLanguage\":\"pt-BR\"},{\"@type\":\"ImageObject\",\"inLanguage\":\"pt-BR\",\"@id\":\"https:\/\/franciscanos.org.br\/noticias\/provincia-lanca-serie-de-podcasts-sobre-a-campanha-da-fraternidade-2021.html#primaryimage\",\"url\":\"https:\/\/franciscanos.org.br\/noticias\/wp-content\/uploads\/2021\/02\/cfe_25d.png\",\"contentUrl\":\"https:\/\/franciscanos.org.br\/noticias\/wp-content\/uploads\/2021\/02\/cfe_25d.png\",\"width\":800,\"height\":600},{\"@type\":\"WebPage\",\"@id\":\"https:\/\/franciscanos.org.br\/noticias\/provincia-lanca-serie-de-podcasts-sobre-a-campanha-da-fraternidade-2021.html#webpage\",\"url\":\"https:\/\/franciscanos.org.br\/noticias\/provincia-lanca-serie-de-podcasts-sobre-a-campanha-da-fraternidade-2021.html\",\"name\":\"Prov\u00edncia lan\u00e7a s\u00e9rie de podcasts sobre a Campanha da Fraternidade 2021 - Not\u00edcias - Franciscanos\",\"isPartOf\":{\"@id\":\"https:\/\/franciscanos.org.br\/noticias\/#website\"},\"primaryImageOfPage\":{\"@id\":\"https:\/\/franciscanos.org.br\/noticias\/provincia-lanca-serie-de-podcasts-sobre-a-campanha-da-fraternidade-2021.html#primaryimage\"},\"datePublished\":\"2021-02-25T13:58:41+00:00\",\"dateModified\":\"2021-03-02T10:50:35+00:00\",\"author\":{\"@id\":\"https:\/\/franciscanos.org.br\/noticias\/#\/schema\/person\/c3a26b08313dd1772495ce300ab257cc\"},\"breadcrumb\":{\"@id\":\"https:\/\/franciscanos.org.br\/noticias\/provincia-lanca-serie-de-podcasts-sobre-a-campanha-da-fraternidade-2021.html#breadcrumb\"},\"inLanguage\":\"pt-BR\",\"potentialAction\":[{\"@type\":\"ReadAction\",\"target\":[\"https:\/\/franciscanos.org.br\/noticias\/provincia-lanca-serie-de-podcasts-sobre-a-campanha-da-fraternidade-2021.html\"]}]},{\"@type\":\"BreadcrumbList\",\"@id\":\"https:\/\/franciscanos.org.br\/noticias\/provincia-lanca-serie-de-podcasts-sobre-a-campanha-da-fraternidade-2021.html#breadcrumb\",\"itemListElement\":[{\"@type\":\"ListItem\",\"position\":1,\"name\":\"Home\",\"item\":\"https:\/\/franciscanos.org.br\/noticias\"},{\"@type\":\"ListItem\",\"position\":2,\"name\":\"Prov\u00edncia lan\u00e7a s\u00e9rie de podcasts sobre a Campanha da Fraternidade 2021\"}]},{\"@type\":\"Person\",\"@id\":\"https:\/\/franciscanos.org.br\/noticias\/#\/schema\/person\/c3a26b08313dd1772495ce300ab257cc\",\"name\":\"jovenal\",\"image\":{\"@type\":\"ImageObject\",\"inLanguage\":\"pt-BR\",\"@id\":\"https:\/\/franciscanos.org.br\/noticias\/#\/schema\/person\/image\/\",\"url\":\"https:\/\/secure.gravatar.com\/avatar\/e94509f531086e2eaf97e72f29ea00f9?s=96&d=mm&r=g\",\"contentUrl\":\"https:\/\/secure.gravatar.com\/avatar\/e94509f531086e2eaf97e72f29ea00f9?s=96&d=mm&r=g\",\"caption\":\"jovenal\"},\"url\":\"https:\/\/franciscanos.org.br\/noticias\/author\/jovenal\"}]}<\/script>\n<!-- \/ Yoast SEO plugin. -->","yoast_head_json":{"title":"Prov\u00edncia lan\u00e7a s\u00e9rie de podcasts sobre a Campanha da Fraternidade 2021 - Not\u00edcias - Franciscanos","robots":{"index":"index","follow":"follow","max-snippet":"max-snippet:-1","max-image-preview":"max-image-preview:large","max-video-preview":"max-video-preview:-1"},"canonical":"https:\/\/franciscanos.org.br\/noticias\/provincia-lanca-serie-de-podcasts-sobre-a-campanha-da-fraternidade-2021.html","og_locale":"pt_BR","og_type":"article","og_title":"Prov\u00edncia lan\u00e7a s\u00e9rie de podcasts sobre a Campanha da Fraternidade 2021 - Not\u00edcias - Franciscanos","og_description":"Campanha da Fraternidade Ecum\u00eanica","og_url":"https:\/\/franciscanos.org.br\/noticias\/provincia-lanca-serie-de-podcasts-sobre-a-campanha-da-fraternidade-2021.html","og_site_name":"Not\u00edcias - Franciscanos","article_published_time":"2021-02-25T13:58:41+00:00","article_modified_time":"2021-03-02T10:50:35+00:00","og_image":[{"width":800,"height":600,"url":"https:\/\/franciscanos.org.br\/noticias\/wp-content\/uploads\/2021\/02\/cfe_25d.png","type":"image\/png"}],"author":"jovenal","twitter_card":"summary_large_image","twitter_misc":{"Escrito por":"jovenal","Est. tempo de leitura":"2 minutos"},"schema":{"@context":"https:\/\/schema.org","@graph":[{"@type":"WebSite","@id":"https:\/\/franciscanos.org.br\/noticias\/#website","url":"https:\/\/franciscanos.org.br\/noticias\/","name":"Not\u00edcias - Franciscanos","description":"Prov\u00edncia Franciscana da Imaculada Concei\u00e7\u00e3o do Brasil - Ordem dos Frades Menores - OFM","potentialAction":[{"@type":"SearchAction","target":{"@type":"EntryPoint","urlTemplate":"https:\/\/franciscanos.org.br\/noticias\/?s={search_term_string}"},"query-input":"required name=search_term_string"}],"inLanguage":"pt-BR"},{"@type":"ImageObject","inLanguage":"pt-BR","@id":"https:\/\/franciscanos.org.br\/noticias\/provincia-lanca-serie-de-podcasts-sobre-a-campanha-da-fraternidade-2021.html#primaryimage","url":"https:\/\/franciscanos.org.br\/noticias\/wp-content\/uploads\/2021\/02\/cfe_25d.png","contentUrl":"https:\/\/franciscanos.org.br\/noticias\/wp-content\/uploads\/2021\/02\/cfe_25d.png","width":800,"height":600},{"@type":"WebPage","@id":"https:\/\/franciscanos.org.br\/noticias\/provincia-lanca-serie-de-podcasts-sobre-a-campanha-da-fraternidade-2021.html#webpage","url":"https:\/\/franciscanos.org.br\/noticias\/provincia-lanca-serie-de-podcasts-sobre-a-campanha-da-fraternidade-2021.html","name":"Prov\u00edncia lan\u00e7a s\u00e9rie de podcasts sobre a Campanha da Fraternidade 2021 - Not\u00edcias - Franciscanos","isPartOf":{"@id":"https:\/\/franciscanos.org.br\/noticias\/#website"},"primaryImageOfPage":{"@id":"https:\/\/franciscanos.org.br\/noticias\/provincia-lanca-serie-de-podcasts-sobre-a-campanha-da-fraternidade-2021.html#primaryimage"},"datePublished":"2021-02-25T13:58:41+00:00","dateModified":"2021-03-02T10:50:35+00:00","author":{"@id":"https:\/\/franciscanos.org.br\/noticias\/#\/schema\/person\/c3a26b08313dd1772495ce300ab257cc"},"breadcrumb":{"@id":"https:\/\/franciscanos.org.br\/noticias\/provincia-lanca-serie-de-podcasts-sobre-a-campanha-da-fraternidade-2021.html#breadcrumb"},"inLanguage":"pt-BR","potentialAction":[{"@type":"ReadAction","target":["https:\/\/franciscanos.org.br\/noticias\/provincia-lanca-serie-de-podcasts-sobre-a-campanha-da-fraternidade-2021.html"]}]},{"@type":"BreadcrumbList","@id":"https:\/\/franciscanos.org.br\/noticias\/provincia-lanca-serie-de-podcasts-sobre-a-campanha-da-fraternidade-2021.html#breadcrumb","itemListElement":[{"@type":"ListItem","position":1,"name":"Home","item":"https:\/\/franciscanos.org.br\/noticias"},{"@type":"ListItem","position":2,"name":"Prov\u00edncia lan\u00e7a s\u00e9rie de podcasts sobre a Campanha da Fraternidade 2021"}]},{"@type":"Person","@id":"https:\/\/franciscanos.org.br\/noticias\/#\/schema\/person\/c3a26b08313dd1772495ce300ab257cc","name":"jovenal","image":{"@type":"ImageObject","inLanguage":"pt-BR","@id":"https:\/\/franciscanos.org.br\/noticias\/#\/schema\/person\/image\/","url":"https:\/\/secure.gravatar.com\/avatar\/e94509f531086e2eaf97e72f29ea00f9?s=96&d=mm&r=g","contentUrl":"https:\/\/secure.gravatar.com\/avatar\/e94509f531086e2eaf97e72f29ea00f9?s=96&d=mm&r=g","caption":"jovenal"},"url":"https:\/\/franciscanos.org.br\/noticias\/author\/jovenal"}]}},"_links":{"self":[{"href":"https:\/\/franciscanos.org.br\/noticias\/wp-json\/wp\/v2\/posts\/230976"}],"collection":[{"href":"https:\/\/franciscanos.org.br\/noticias\/wp-json\/wp\/v2\/posts"}],"about":[{"href":"https:\/\/franciscanos.org.br\/noticias\/wp-json\/wp\/v2\/types\/post"}],"author":[{"embeddable":true,"href":"https:\/\/franciscanos.org.br\/noticias\/wp-json\/wp\/v2\/users\/7"}],"replies":[{"embeddable":true,"href":"https:\/\/franciscanos.org.br\/noticias\/wp-json\/wp\/v2\/comments?post=230976"}],"version-history":[{"count":11,"href":"https:\/\/franciscanos.org.br\/noticias\/wp-json\/wp\/v2\/posts\/230976\/revisions"}],"predecessor-version":[{"id":231044,"href":"https:\/\/franciscanos.org.br\/noticias\/wp-json\/wp\/v2\/posts\/230976\/revisions\/231044"}],"wp:featuredmedia":[{"embeddable":true,"href":"https:\/\/franciscanos.org.br\/noticias\/wp-json\/wp\/v2\/media\/230986"}],"wp:attachment":[{"href":"https:\/\/franciscanos.org.br\/noticias\/wp-json\/wp\/v2\/media?parent=230976"}],"wp:term":[{"taxonomy":"category","embeddable":true,"href":"https:\/\/franciscanos.org.br\/noticias\/wp-json\/wp\/v2\/categories?post=230976"},{"taxonomy":"post_tag","embeddable":true,"href":"https:\/\/franciscanos.org.br\/noticias\/wp-json\/wp\/v2\/tags?post=230976"}],"curies":[{"name":"wp","href":"https:\/\/api.w.org\/{rel}","templated":true}]}}