{"id":230900,"date":"2021-02-23T07:15:16","date_gmt":"2021-02-23T10:15:16","guid":{"rendered":"https:\/\/franciscanos.org.br\/noticias\/?p=230900"},"modified":"2021-07-05T19:29:58","modified_gmt":"2021-07-05T22:29:58","slug":"formacao-sobre-a-campanha-da-fraternidade-na-paroquia-santa-clara","status":"publish","type":"post","link":"https:\/\/franciscanos.org.br\/noticias\/formacao-sobre-a-campanha-da-fraternidade-na-paroquia-santa-clara.html","title":{"rendered":"Forma\u00e7\u00e3o sobre a Campanha da Fraternidade na Par\u00f3quia Santa Clara"},"content":{"rendered":"<p><img loading=\"lazy\" class=\"alignnone size-full wp-image-230901\" src=\"https:\/\/franciscanos.org.br\/noticias\/wp-content\/uploads\/2021\/02\/imbarie_1.jpg\" alt=\"\" width=\"1280\" height=\"720\" srcset=\"https:\/\/franciscanos.org.br\/noticias\/wp-content\/uploads\/2021\/02\/imbarie_1.jpg 1280w, https:\/\/franciscanos.org.br\/noticias\/wp-content\/uploads\/2021\/02\/imbarie_1-450x253.jpg 450w, https:\/\/franciscanos.org.br\/noticias\/wp-content\/uploads\/2021\/02\/imbarie_1-1024x576.jpg 1024w, https:\/\/franciscanos.org.br\/noticias\/wp-content\/uploads\/2021\/02\/imbarie_1-768x432.jpg 768w, https:\/\/franciscanos.org.br\/noticias\/wp-content\/uploads\/2021\/02\/imbarie_1-150x84.jpg 150w\" sizes=\"(max-width: 1280px) 100vw, 1280px\" \/><\/p>\n<p>A Par\u00f3quia Santa Clara de Imbari\u00ea, em Duque de Caxias (RJ), promoveu forma\u00e7\u00f5es sobre a Campanha da Fraternidade Ecum\u00eanica de 2021 (CFE), que foram transmitidas pelo Facebook. Os encontros (10 e 18\/2) tiveram uma din\u00e2mica leve, sendo que, no primeiro dia, salientou-se o aspecto informativo sobre a CFE e, no segundo dia, realizou-se uma celebra\u00e7\u00e3o para marcar o in\u00edcio deste evento na Par\u00f3quia. Os assessores dos encontros foram os frades da Fraternidade e a paroquiana Cristiane Aparecida, da Comunidade Santa Terezinha.<\/p>\n<p>No primeiro dia foram apresentados os elementos b\u00e1sicos que comp\u00f5em a CFE, como o seu tema, lema, seus objetivos e as suas motiva\u00e7\u00f5es ecum\u00eanicas. Salientando o embasamento b\u00edblico, os assessores apresentaram o contexto da Carta de S\u00e3o Paulo aos Ef\u00e9sios, apresentando a situa\u00e7\u00e3o de divis\u00e3o da comunidade e a solu\u00e7\u00e3o dada pelo Ap\u00f3stolo: perceber em Cristo a cabe\u00e7a do corpo que \u00e9 a Igreja. Tal motiva\u00e7\u00e3o pode provocar a Igreja hoje para um maior di\u00e1logo ecum\u00eanico. Tamb\u00e9m foram explicados, durante a forma\u00e7\u00e3o, os elementos constituintes do Cartaz da CFE, bem como o hino. Ao final do primeiro dia, foi oportuno tamb\u00e9m lembrar as den\u00fancias de viol\u00eancias e situa\u00e7\u00f5es que precisam de um olhar atento, explanadas no texto-base, destacando a import\u00e2ncia de criar uma cultura de paz a partir das propostas concretas da CFE e de gestos da Par\u00f3quia.<\/p>\n<p><img loading=\"lazy\" class=\"alignnone wp-image-230902 size-full\" src=\"https:\/\/franciscanos.org.br\/noticias\/wp-content\/uploads\/2021\/02\/imbarie_2.jpg\" alt=\"\" width=\"1280\" height=\"720\" srcset=\"https:\/\/franciscanos.org.br\/noticias\/wp-content\/uploads\/2021\/02\/imbarie_2.jpg 1280w, https:\/\/franciscanos.org.br\/noticias\/wp-content\/uploads\/2021\/02\/imbarie_2-450x253.jpg 450w, https:\/\/franciscanos.org.br\/noticias\/wp-content\/uploads\/2021\/02\/imbarie_2-1024x576.jpg 1024w, https:\/\/franciscanos.org.br\/noticias\/wp-content\/uploads\/2021\/02\/imbarie_2-768x432.jpg 768w, https:\/\/franciscanos.org.br\/noticias\/wp-content\/uploads\/2021\/02\/imbarie_2-150x84.jpg 150w\" sizes=\"(max-width: 1280px) 100vw, 1280px\" \/><\/p>\n<p><img loading=\"lazy\" class=\"size-full wp-image-230903 alignright\" src=\"https:\/\/franciscanos.org.br\/noticias\/wp-content\/uploads\/2021\/02\/imbarie_3.jpg\" alt=\"\" width=\"450\" height=\"381\" srcset=\"https:\/\/franciscanos.org.br\/noticias\/wp-content\/uploads\/2021\/02\/imbarie_3.jpg 450w, https:\/\/franciscanos.org.br\/noticias\/wp-content\/uploads\/2021\/02\/imbarie_3-150x127.jpg 150w\" sizes=\"(max-width: 450px) 100vw, 450px\" \/>No segundo dia, o clima celebrativo marcou o encontro. Entre c\u00e2nticos, preces e din\u00e2micas, os paroquianos puderam refletir sobre as grandes situa\u00e7\u00f5es de viol\u00eancia e tristeza que a pandemia da Covid-19 intensificou no Brasil, especialmente no contexto da Baixada Fluminense. Essas foram escritas em tijolos dispostos em um muro, que durante a celebra\u00e7\u00e3o foi desmanchado, revelando, no outro lado de cada tijolo, uma a\u00e7\u00e3o concreta da Par\u00f3quia para vencer os problemas causados pelo ego\u00edsmo humano, que foram crescendo na pandemia. Lembramos algumas iniciativas paroquiais: a campanha do Quilo, levando dignidade aos mais necessitados atrav\u00e9s da partilha; a celebra\u00e7\u00e3o do Esp\u00edrito de Assis, como gesto concreto de di\u00e1logo inter-religioso; o esfor\u00e7o das pastorais, dos movimentos; os voluntariados exercidos na Par\u00f3quia; parcerias com outras entidades e entre outros.<\/p>\n<p>Frei Jo\u00e3o Reinert, o p\u00e1roco, conduziu tamb\u00e9m uma bela reflex\u00e3o sobre o texto dos disc\u00edpulos de Ema\u00fas, dizendo que: &#8220;O Senhor Jesus, da mesma forma que quis andar junto aos disc\u00edpulos, e com eles dialogar sobre tudo, assim tamb\u00e9m quer conversar conosco. Ele nos ensina que dialogar \u00e9 mais que passar informa\u00e7\u00e3o. \u00c9 entrar na vida do outro&#8221;. A celebra\u00e7\u00e3o tamb\u00e9m contou com um momento de ofert\u00f3rio, onde cada fam\u00edlia que estava assistindo foi convidada a apanhar em sua dispensa um quilo de alimento a ser levado para a Campanha do Quilo no domingo pr\u00f3ximo em sua comunidade.<\/p>\n<hr \/>\n<p><em>Frei Gabriel Dellandrea<\/em><\/p>\n","protected":false},"excerpt":{"rendered":"<p>Campanha da Fraternidade Ecum\u00eanica<\/p>\n","protected":false},"author":3,"featured_media":230904,"comment_status":"open","ping_status":"open","sticky":false,"template":"","format":"standard","meta":[],"categories":[1],"tags":[1817],"acf":[],"yoast_head":"<!-- This site is optimized with the Yoast SEO plugin v19.2 - https:\/\/yoast.com\/wordpress\/plugins\/seo\/ -->\n<title>Forma\u00e7\u00e3o sobre a Campanha da Fraternidade na Par\u00f3quia Santa Clara - Not\u00edcias - Franciscanos<\/title>\n<meta name=\"robots\" content=\"index, follow, max-snippet:-1, max-image-preview:large, max-video-preview:-1\" \/>\n<link rel=\"canonical\" href=\"https:\/\/franciscanos.org.br\/noticias\/formacao-sobre-a-campanha-da-fraternidade-na-paroquia-santa-clara.html\" \/>\n<meta property=\"og:locale\" content=\"pt_BR\" \/>\n<meta property=\"og:type\" content=\"article\" \/>\n<meta property=\"og:title\" content=\"Forma\u00e7\u00e3o sobre a Campanha da Fraternidade na Par\u00f3quia Santa Clara - Not\u00edcias - Franciscanos\" \/>\n<meta property=\"og:description\" content=\"Campanha da Fraternidade Ecum\u00eanica\" \/>\n<meta property=\"og:url\" content=\"https:\/\/franciscanos.org.br\/noticias\/formacao-sobre-a-campanha-da-fraternidade-na-paroquia-santa-clara.html\" \/>\n<meta property=\"og:site_name\" content=\"Not\u00edcias - Franciscanos\" \/>\n<meta property=\"article:published_time\" content=\"2021-02-23T10:15:16+00:00\" \/>\n<meta property=\"article:modified_time\" content=\"2021-07-05T22:29:58+00:00\" \/>\n<meta property=\"og:image\" content=\"https:\/\/franciscanos.org.br\/noticias\/wp-content\/uploads\/2021\/02\/imbarie_d.jpg\" \/>\n\t<meta property=\"og:image:width\" content=\"800\" \/>\n\t<meta property=\"og:image:height\" content=\"600\" \/>\n\t<meta property=\"og:image:type\" content=\"image\/jpeg\" \/>\n<meta name=\"author\" content=\"moacir\" \/>\n<meta name=\"twitter:card\" content=\"summary_large_image\" \/>\n<meta name=\"twitter:label1\" content=\"Escrito por\" \/>\n\t<meta name=\"twitter:data1\" content=\"moacir\" \/>\n\t<meta name=\"twitter:label2\" content=\"Est. tempo de leitura\" \/>\n\t<meta name=\"twitter:data2\" content=\"2 minutos\" \/>\n<script type=\"application\/ld+json\" class=\"yoast-schema-graph\">{\"@context\":\"https:\/\/schema.org\",\"@graph\":[{\"@type\":\"WebSite\",\"@id\":\"https:\/\/franciscanos.org.br\/noticias\/#website\",\"url\":\"https:\/\/franciscanos.org.br\/noticias\/\",\"name\":\"Not\u00edcias - Franciscanos\",\"description\":\"Prov\u00edncia Franciscana da Imaculada Concei\u00e7\u00e3o do Brasil - Ordem dos Frades Menores - OFM\",\"potentialAction\":[{\"@type\":\"SearchAction\",\"target\":{\"@type\":\"EntryPoint\",\"urlTemplate\":\"https:\/\/franciscanos.org.br\/noticias\/?s={search_term_string}\"},\"query-input\":\"required name=search_term_string\"}],\"inLanguage\":\"pt-BR\"},{\"@type\":\"ImageObject\",\"inLanguage\":\"pt-BR\",\"@id\":\"https:\/\/franciscanos.org.br\/noticias\/formacao-sobre-a-campanha-da-fraternidade-na-paroquia-santa-clara.html#primaryimage\",\"url\":\"https:\/\/franciscanos.org.br\/noticias\/wp-content\/uploads\/2021\/02\/imbarie_d.jpg\",\"contentUrl\":\"https:\/\/franciscanos.org.br\/noticias\/wp-content\/uploads\/2021\/02\/imbarie_d.jpg\",\"width\":800,\"height\":600},{\"@type\":\"WebPage\",\"@id\":\"https:\/\/franciscanos.org.br\/noticias\/formacao-sobre-a-campanha-da-fraternidade-na-paroquia-santa-clara.html#webpage\",\"url\":\"https:\/\/franciscanos.org.br\/noticias\/formacao-sobre-a-campanha-da-fraternidade-na-paroquia-santa-clara.html\",\"name\":\"Forma\u00e7\u00e3o sobre a Campanha da Fraternidade na Par\u00f3quia Santa Clara - Not\u00edcias - Franciscanos\",\"isPartOf\":{\"@id\":\"https:\/\/franciscanos.org.br\/noticias\/#website\"},\"primaryImageOfPage\":{\"@id\":\"https:\/\/franciscanos.org.br\/noticias\/formacao-sobre-a-campanha-da-fraternidade-na-paroquia-santa-clara.html#primaryimage\"},\"datePublished\":\"2021-02-23T10:15:16+00:00\",\"dateModified\":\"2021-07-05T22:29:58+00:00\",\"author\":{\"@id\":\"https:\/\/franciscanos.org.br\/noticias\/#\/schema\/person\/b5c8cba458c330ccff548b056e95a5d4\"},\"breadcrumb\":{\"@id\":\"https:\/\/franciscanos.org.br\/noticias\/formacao-sobre-a-campanha-da-fraternidade-na-paroquia-santa-clara.html#breadcrumb\"},\"inLanguage\":\"pt-BR\",\"potentialAction\":[{\"@type\":\"ReadAction\",\"target\":[\"https:\/\/franciscanos.org.br\/noticias\/formacao-sobre-a-campanha-da-fraternidade-na-paroquia-santa-clara.html\"]}]},{\"@type\":\"BreadcrumbList\",\"@id\":\"https:\/\/franciscanos.org.br\/noticias\/formacao-sobre-a-campanha-da-fraternidade-na-paroquia-santa-clara.html#breadcrumb\",\"itemListElement\":[{\"@type\":\"ListItem\",\"position\":1,\"name\":\"Home\",\"item\":\"https:\/\/franciscanos.org.br\/noticias\"},{\"@type\":\"ListItem\",\"position\":2,\"name\":\"Forma\u00e7\u00e3o sobre a Campanha da Fraternidade na Par\u00f3quia Santa Clara\"}]},{\"@type\":\"Person\",\"@id\":\"https:\/\/franciscanos.org.br\/noticias\/#\/schema\/person\/b5c8cba458c330ccff548b056e95a5d4\",\"name\":\"moacir\",\"image\":{\"@type\":\"ImageObject\",\"inLanguage\":\"pt-BR\",\"@id\":\"https:\/\/franciscanos.org.br\/noticias\/#\/schema\/person\/image\/\",\"url\":\"https:\/\/secure.gravatar.com\/avatar\/d08aa2ce4c8dd416d4479aa8536fcf64?s=96&d=mm&r=g\",\"contentUrl\":\"https:\/\/secure.gravatar.com\/avatar\/d08aa2ce4c8dd416d4479aa8536fcf64?s=96&d=mm&r=g\",\"caption\":\"moacir\"},\"url\":\"https:\/\/franciscanos.org.br\/noticias\/author\/moacir\"}]}<\/script>\n<!-- \/ Yoast SEO plugin. -->","yoast_head_json":{"title":"Forma\u00e7\u00e3o sobre a Campanha da Fraternidade na Par\u00f3quia Santa Clara - Not\u00edcias - Franciscanos","robots":{"index":"index","follow":"follow","max-snippet":"max-snippet:-1","max-image-preview":"max-image-preview:large","max-video-preview":"max-video-preview:-1"},"canonical":"https:\/\/franciscanos.org.br\/noticias\/formacao-sobre-a-campanha-da-fraternidade-na-paroquia-santa-clara.html","og_locale":"pt_BR","og_type":"article","og_title":"Forma\u00e7\u00e3o sobre a Campanha da Fraternidade na Par\u00f3quia Santa Clara - Not\u00edcias - Franciscanos","og_description":"Campanha da Fraternidade Ecum\u00eanica","og_url":"https:\/\/franciscanos.org.br\/noticias\/formacao-sobre-a-campanha-da-fraternidade-na-paroquia-santa-clara.html","og_site_name":"Not\u00edcias - Franciscanos","article_published_time":"2021-02-23T10:15:16+00:00","article_modified_time":"2021-07-05T22:29:58+00:00","og_image":[{"width":800,"height":600,"url":"https:\/\/franciscanos.org.br\/noticias\/wp-content\/uploads\/2021\/02\/imbarie_d.jpg","type":"image\/jpeg"}],"author":"moacir","twitter_card":"summary_large_image","twitter_misc":{"Escrito por":"moacir","Est. tempo de leitura":"2 minutos"},"schema":{"@context":"https:\/\/schema.org","@graph":[{"@type":"WebSite","@id":"https:\/\/franciscanos.org.br\/noticias\/#website","url":"https:\/\/franciscanos.org.br\/noticias\/","name":"Not\u00edcias - Franciscanos","description":"Prov\u00edncia Franciscana da Imaculada Concei\u00e7\u00e3o do Brasil - Ordem dos Frades Menores - OFM","potentialAction":[{"@type":"SearchAction","target":{"@type":"EntryPoint","urlTemplate":"https:\/\/franciscanos.org.br\/noticias\/?s={search_term_string}"},"query-input":"required name=search_term_string"}],"inLanguage":"pt-BR"},{"@type":"ImageObject","inLanguage":"pt-BR","@id":"https:\/\/franciscanos.org.br\/noticias\/formacao-sobre-a-campanha-da-fraternidade-na-paroquia-santa-clara.html#primaryimage","url":"https:\/\/franciscanos.org.br\/noticias\/wp-content\/uploads\/2021\/02\/imbarie_d.jpg","contentUrl":"https:\/\/franciscanos.org.br\/noticias\/wp-content\/uploads\/2021\/02\/imbarie_d.jpg","width":800,"height":600},{"@type":"WebPage","@id":"https:\/\/franciscanos.org.br\/noticias\/formacao-sobre-a-campanha-da-fraternidade-na-paroquia-santa-clara.html#webpage","url":"https:\/\/franciscanos.org.br\/noticias\/formacao-sobre-a-campanha-da-fraternidade-na-paroquia-santa-clara.html","name":"Forma\u00e7\u00e3o sobre a Campanha da Fraternidade na Par\u00f3quia Santa Clara - Not\u00edcias - Franciscanos","isPartOf":{"@id":"https:\/\/franciscanos.org.br\/noticias\/#website"},"primaryImageOfPage":{"@id":"https:\/\/franciscanos.org.br\/noticias\/formacao-sobre-a-campanha-da-fraternidade-na-paroquia-santa-clara.html#primaryimage"},"datePublished":"2021-02-23T10:15:16+00:00","dateModified":"2021-07-05T22:29:58+00:00","author":{"@id":"https:\/\/franciscanos.org.br\/noticias\/#\/schema\/person\/b5c8cba458c330ccff548b056e95a5d4"},"breadcrumb":{"@id":"https:\/\/franciscanos.org.br\/noticias\/formacao-sobre-a-campanha-da-fraternidade-na-paroquia-santa-clara.html#breadcrumb"},"inLanguage":"pt-BR","potentialAction":[{"@type":"ReadAction","target":["https:\/\/franciscanos.org.br\/noticias\/formacao-sobre-a-campanha-da-fraternidade-na-paroquia-santa-clara.html"]}]},{"@type":"BreadcrumbList","@id":"https:\/\/franciscanos.org.br\/noticias\/formacao-sobre-a-campanha-da-fraternidade-na-paroquia-santa-clara.html#breadcrumb","itemListElement":[{"@type":"ListItem","position":1,"name":"Home","item":"https:\/\/franciscanos.org.br\/noticias"},{"@type":"ListItem","position":2,"name":"Forma\u00e7\u00e3o sobre a Campanha da Fraternidade na Par\u00f3quia Santa Clara"}]},{"@type":"Person","@id":"https:\/\/franciscanos.org.br\/noticias\/#\/schema\/person\/b5c8cba458c330ccff548b056e95a5d4","name":"moacir","image":{"@type":"ImageObject","inLanguage":"pt-BR","@id":"https:\/\/franciscanos.org.br\/noticias\/#\/schema\/person\/image\/","url":"https:\/\/secure.gravatar.com\/avatar\/d08aa2ce4c8dd416d4479aa8536fcf64?s=96&d=mm&r=g","contentUrl":"https:\/\/secure.gravatar.com\/avatar\/d08aa2ce4c8dd416d4479aa8536fcf64?s=96&d=mm&r=g","caption":"moacir"},"url":"https:\/\/franciscanos.org.br\/noticias\/author\/moacir"}]}},"_links":{"self":[{"href":"https:\/\/franciscanos.org.br\/noticias\/wp-json\/wp\/v2\/posts\/230900"}],"collection":[{"href":"https:\/\/franciscanos.org.br\/noticias\/wp-json\/wp\/v2\/posts"}],"about":[{"href":"https:\/\/franciscanos.org.br\/noticias\/wp-json\/wp\/v2\/types\/post"}],"author":[{"embeddable":true,"href":"https:\/\/franciscanos.org.br\/noticias\/wp-json\/wp\/v2\/users\/3"}],"replies":[{"embeddable":true,"href":"https:\/\/franciscanos.org.br\/noticias\/wp-json\/wp\/v2\/comments?post=230900"}],"version-history":[{"count":1,"href":"https:\/\/franciscanos.org.br\/noticias\/wp-json\/wp\/v2\/posts\/230900\/revisions"}],"predecessor-version":[{"id":230905,"href":"https:\/\/franciscanos.org.br\/noticias\/wp-json\/wp\/v2\/posts\/230900\/revisions\/230905"}],"wp:featuredmedia":[{"embeddable":true,"href":"https:\/\/franciscanos.org.br\/noticias\/wp-json\/wp\/v2\/media\/230904"}],"wp:attachment":[{"href":"https:\/\/franciscanos.org.br\/noticias\/wp-json\/wp\/v2\/media?parent=230900"}],"wp:term":[{"taxonomy":"category","embeddable":true,"href":"https:\/\/franciscanos.org.br\/noticias\/wp-json\/wp\/v2\/categories?post=230900"},{"taxonomy":"post_tag","embeddable":true,"href":"https:\/\/franciscanos.org.br\/noticias\/wp-json\/wp\/v2\/tags?post=230900"}],"curies":[{"name":"wp","href":"https:\/\/api.w.org\/{rel}","templated":true}]}}