{"id":230889,"date":"2021-02-22T16:51:02","date_gmt":"2021-02-22T19:51:02","guid":{"rendered":"https:\/\/franciscanos.org.br\/noticias\/?p=230889"},"modified":"2021-02-22T16:51:02","modified_gmt":"2021-02-22T19:51:02","slug":"frei-james-girardi-celebra-25-anos-de-ordenacao-sacerdotal","status":"publish","type":"post","link":"https:\/\/franciscanos.org.br\/noticias\/frei-james-girardi-celebra-25-anos-de-ordenacao-sacerdotal.html","title":{"rendered":"Frei James Girardi celebra 25 anos de Ordena\u00e7\u00e3o Sacerdotal"},"content":{"rendered":"<p><strong><img loading=\"lazy\" class=\"alignnone wp-image-230890 size-full\" src=\"https:\/\/franciscanos.org.br\/noticias\/wp-content\/uploads\/2021\/02\/james_01.jpg\" alt=\"\" width=\"1280\" height=\"720\" srcset=\"https:\/\/franciscanos.org.br\/noticias\/wp-content\/uploads\/2021\/02\/james_01.jpg 1280w, https:\/\/franciscanos.org.br\/noticias\/wp-content\/uploads\/2021\/02\/james_01-450x253.jpg 450w, https:\/\/franciscanos.org.br\/noticias\/wp-content\/uploads\/2021\/02\/james_01-1024x576.jpg 1024w, https:\/\/franciscanos.org.br\/noticias\/wp-content\/uploads\/2021\/02\/james_01-768x432.jpg 768w, https:\/\/franciscanos.org.br\/noticias\/wp-content\/uploads\/2021\/02\/james_01-150x84.jpg 150w\" sizes=\"(max-width: 1280px) 100vw, 1280px\" \/><\/strong><\/p>\n<p><strong>Duque de Caixas (RJ) &#8211;<\/strong> No primeiro Domingo da Quaresma (21\/2), abrindo um tempo de escuta da Palavra e de reconcilia\u00e7\u00e3o com Deus e com os irm\u00e3os, Frei James Luiz Girardi presidiu a Celebra\u00e7\u00e3o Eucar\u00edstica do seu Jubileu de 25 anos de Ordena\u00e7\u00e3o Sacerdotal. Devido ao distanciamento social e proporcionando a participa\u00e7\u00e3o de mais pessoas, foram preparadas tr\u00eas celebra\u00e7\u00f5es, durante o dia, uma em cada \u00e1rea pastoral da Par\u00f3quia S\u00e3o Francisco de Assis, em Duque de Caxias. Al\u00e9m dos irm\u00e3os de fraternidade, contou-se com a presen\u00e7a de Frei Toni Michels, grande amigo de Frei James.<\/p>\n<p>Em sua homilia, Frei James ressaltou que \u201ca f\u00e9 nos ajuda a sermos melhores e a responder \u00e0s quest\u00f5es que o tempo atual nos apresenta. Interpela-nos e provoca mudan\u00e7as, transformando-nos em pessoas melhores. Renova a esperan\u00e7a, a f\u00e9 e o compromisso. E se torna uma oportunidade de ser feliz. No meio do turbilh\u00e3o, que \u00e9 o nosso dia a dia, devemos superar as tenta\u00e7\u00f5es que hoje s\u00e3o muitas&#8221;, disse o celebrante.<\/p>\n<p><img loading=\"lazy\" class=\"alignnone size-full wp-image-230891\" src=\"https:\/\/franciscanos.org.br\/noticias\/wp-content\/uploads\/2021\/02\/james_02.jpg\" alt=\"\" width=\"1280\" height=\"720\" srcset=\"https:\/\/franciscanos.org.br\/noticias\/wp-content\/uploads\/2021\/02\/james_02.jpg 1280w, https:\/\/franciscanos.org.br\/noticias\/wp-content\/uploads\/2021\/02\/james_02-450x253.jpg 450w, https:\/\/franciscanos.org.br\/noticias\/wp-content\/uploads\/2021\/02\/james_02-1024x576.jpg 1024w, https:\/\/franciscanos.org.br\/noticias\/wp-content\/uploads\/2021\/02\/james_02-768x432.jpg 768w, https:\/\/franciscanos.org.br\/noticias\/wp-content\/uploads\/2021\/02\/james_02-150x84.jpg 150w\" sizes=\"(max-width: 1280px) 100vw, 1280px\" \/><\/p>\n<p>&#8220;Buscar o equil\u00edbrio, perdoar e praticar a ora\u00e7\u00e3o, a esmola e o jejum. O que \u00e9 jejuar hoje? Quando se vive numa sociedade de consumo exagerado, com um descarte de tantas coisas, o que significa jejuar diante dessa verdade? O que significa viver a esmola, a caridade a dimens\u00e3o solid\u00e1ria, fraterna, afetuosa que todo crist\u00e3o deve ter? O que significa viver a esmola em um mundo que mata, que destr\u00f3i, que descarta o ser humano? O Papa Francisco fala muito que vivemos cheios de muros, que separam, distanciam, excluem, faz com que n\u00e3o possamos nos encontrar. Ele diz que devemos construir pontes. Isso \u00e9 viver a caridade e a solidariedade, \u00e9 se empenhar para que a vida seja mais forte que a morte. O que \u00e9 viver a dimens\u00e3o contemplativa da ora\u00e7\u00e3o em um tempo em que ningu\u00e9m tem tempo, vive correndo, vive agitado?&#8230; Deixemo-nos interpelar pelo esp\u00edrito Santo de Deus para que nos tornemos pessoas mais felizes, mais renovadas, cheias de esperan\u00e7a, mais comprometidas&#8230;\u201d, observou.<\/p>\n<p><img loading=\"lazy\" class=\"size-full wp-image-230894 alignright\" src=\"https:\/\/franciscanos.org.br\/noticias\/wp-content\/uploads\/2021\/02\/james_05.jpg\" alt=\"\" width=\"448\" height=\"501\" srcset=\"https:\/\/franciscanos.org.br\/noticias\/wp-content\/uploads\/2021\/02\/james_05.jpg 448w, https:\/\/franciscanos.org.br\/noticias\/wp-content\/uploads\/2021\/02\/james_05-402x450.jpg 402w, https:\/\/franciscanos.org.br\/noticias\/wp-content\/uploads\/2021\/02\/james_05-150x168.jpg 150w\" sizes=\"(max-width: 448px) 100vw, 448px\" \/>Na sequ\u00eancia, foi lida a hist\u00f3ria da vida de Frei James e, logo ap\u00f3s, o aniversariante renovou o seu compromisso como sacerdote diante de toda comunidade.<\/p>\n<p>Foi lembrado, pela equipe lit\u00fargica, durante a celebra\u00e7\u00e3o que \u201ch\u00e1 25 anos Frei James escolheu como tema para a sua ordena\u00e7\u00e3o o vers\u00edculo do Evangelho de Mateus (5,6), que afirma: \u201cFelizes os que t\u00eam fome e sede de justi\u00e7a, porque ser\u00e3o saciados\u201d. Esse vers\u00edculo revela a realidade imposta pela sociedade desumana, que gera pessoas injusti\u00e7adas, empobrecidas e escravizadas. Frei James busca vivenciar, em sua vida e sacerd\u00f3cio, a invers\u00e3o dessas atitudes: elas devem ser libertadoras, acolhedoras e aben\u00e7oadas pelo Deus da vida mediante a pr\u00e1tica comunit\u00e1ria da miseric\u00f3rdia, da justi\u00e7a e da solidariedade. Ele tamb\u00e9m procura viver, em seu dia a dia, a m\u00edstica e a\u00e7\u00f5es de S\u00e3o Francisco. O mesmo Francisco ressalta que o sacerdote \u00e9 aquele que traz a presen\u00e7a do Senhor ao altar. Que aproxima Deus do ser humano. As m\u00e3os do sacerdote tocam a Palavra da vida e o P\u00e3o que sacia a fome de esperan\u00e7a e neles enxergamos o Filho de Deus. E \u00e9 assim que se revela Frei James, aquele que \u00e9 presen\u00e7a de Cristo, que pensa, fala e age como Cristo. E essa experi\u00eancia de Deus faz com que sua pr\u00f3pria vida seja um an\u00fancio para aqueles que est\u00e3o sedentos do Salvador, sedentos de esperan\u00e7a e de justi\u00e7a social e se transforma em amor concreto ao irm\u00e3o, tornando-se um homem de Deus para os outros\u201d.<\/p>\n<p><img loading=\"lazy\" class=\"alignnone size-full wp-image-230892\" src=\"https:\/\/franciscanos.org.br\/noticias\/wp-content\/uploads\/2021\/02\/james_04.jpg\" alt=\"\" width=\"1280\" height=\"720\" srcset=\"https:\/\/franciscanos.org.br\/noticias\/wp-content\/uploads\/2021\/02\/james_04.jpg 1280w, https:\/\/franciscanos.org.br\/noticias\/wp-content\/uploads\/2021\/02\/james_04-450x253.jpg 450w, https:\/\/franciscanos.org.br\/noticias\/wp-content\/uploads\/2021\/02\/james_04-1024x576.jpg 1024w, https:\/\/franciscanos.org.br\/noticias\/wp-content\/uploads\/2021\/02\/james_04-768x432.jpg 768w, https:\/\/franciscanos.org.br\/noticias\/wp-content\/uploads\/2021\/02\/james_04-150x84.jpg 150w\" sizes=\"(max-width: 1280px) 100vw, 1280px\" \/><\/p>\n<p>Frei James recebeu de cada \u00e1rea pastoral um presente: Uma sand\u00e1lia franciscana, uma estola e uma t\u00fanica que simboliza o minist\u00e9rio sacerdotal. Nos momentos de homenagens, Frei Toni ressaltou que o amigo \u00e9 uma pessoa profundamente humana, tem o dom do di\u00e1logo e que tem um olhar carinhoso com o irm\u00e3o mais pobre. Foram apresentados alguns v\u00eddeos de felicita\u00e7\u00f5es de amigos da Fraternidade e familiares. D. Evaristo, bispo de Maraj\u00f3, em v\u00eddeo, destacou que o amigo \u00e9 uma pessoa muito solid\u00e1ria, bem-humorada, de bem com a vida&#8230; Frei At\u00edlio, em v\u00eddeo, lembra do entusiasmo e contribui\u00e7\u00e3o do amigo de Fraternidade no in\u00edcio do seu minist\u00e9rio. E muitos outros testemunhos foram apresentados que muito emocionaram Frei James. As funcion\u00e1rias dos Centros de Conviv\u00eancia Infantil tamb\u00e9m presentearam o celebrante com um lindo quadro com fotos da sua vida sacerdotal. Frei James, ao final da celebra\u00e7\u00e3o, agradeceu a Par\u00f3quia pelas bel\u00edssimas celebra\u00e7\u00f5es e a todos que contribu\u00edram com o seu minist\u00e9rio. Frisou que foi um dia de alegria e gratid\u00e3o a Deus pelo seu chamado \u00e0 voca\u00e7\u00e3o sacerdotal e por ser for\u00e7a e sustento em sua miss\u00e3o.<\/p>\n<p><img loading=\"lazy\" class=\"alignnone size-full wp-image-230893\" src=\"https:\/\/franciscanos.org.br\/noticias\/wp-content\/uploads\/2021\/02\/james_03.jpg\" alt=\"\" width=\"1280\" height=\"720\" srcset=\"https:\/\/franciscanos.org.br\/noticias\/wp-content\/uploads\/2021\/02\/james_03.jpg 1280w, https:\/\/franciscanos.org.br\/noticias\/wp-content\/uploads\/2021\/02\/james_03-450x253.jpg 450w, https:\/\/franciscanos.org.br\/noticias\/wp-content\/uploads\/2021\/02\/james_03-1024x576.jpg 1024w, https:\/\/franciscanos.org.br\/noticias\/wp-content\/uploads\/2021\/02\/james_03-768x432.jpg 768w, https:\/\/franciscanos.org.br\/noticias\/wp-content\/uploads\/2021\/02\/james_03-150x84.jpg 150w\" sizes=\"(max-width: 1280px) 100vw, 1280px\" \/><img loading=\"lazy\" class=\"size-full wp-image-230895 alignright\" src=\"https:\/\/franciscanos.org.br\/noticias\/wp-content\/uploads\/2021\/02\/james_07.jpg\" alt=\"\" width=\"400\" height=\"429\" srcset=\"https:\/\/franciscanos.org.br\/noticias\/wp-content\/uploads\/2021\/02\/james_07.jpg 400w, https:\/\/franciscanos.org.br\/noticias\/wp-content\/uploads\/2021\/02\/james_07-150x161.jpg 150w\" sizes=\"(max-width: 400px) 100vw, 400px\" \/>Frei James Luiz Girardi, OFM, nasceu no dia 13 de agosto de 1967, na cidade de Rodeio, Santa Catarina, filho do casal Arc\u00e2ngelo e Eleonora Girardi. \u00c9 o mais novo de seis irm\u00e3os. Seu pai exercia o of\u00edcio de estofador e sua fam\u00edlia morava aos p\u00e9s da colina onde se localiza a Igreja Matriz de S\u00e3o Francisco e o Noviciado Franciscano. Desde crian\u00e7a, a proximidade f\u00edsica com os frades tamb\u00e9m foi se tornando proximidade afetiva. O fato de ter sido coroinha na igreja matriz tamb\u00e9m motivou sua voca\u00e7\u00e3o. Ingressou, com 13 anos, em 1980, no Semin\u00e1rio S\u00e3o Francisco de Assis, em Ituporanga, SC, onde concluiu, em 1983, o Ensino Fundamental. De 1984 a 1986, morou no Semin\u00e1rio Santo Ant\u00f4nio, em Agudos, SP, onde concluiu o Ensino M\u00e9dio e tamb\u00e9m fez o Postulantado. De 1987 a julho de 1988, fez o Noviciado em Rodeio, sua terra natal, realizando a Profiss\u00e3o Simples no dia 2 de julho de 1988. Entre os anos de 1989 e 1991, viveu na Fraternidade Franciscana S\u00e3o Boaventura, em Campo Largo, Paran\u00e1, onde cursou Filosofia. A Teologia fez em Petr\u00f3polis, RJ, no Instituto Teol\u00f3gico Franciscano, entre 1992 e 1995.<\/p>\n<p>Fez a Profiss\u00e3o Solene em 5 de novembro de 1994, em Duque de Caxias, onde tamb\u00e9m foi ordenado di\u00e1cono, a 19 de agosto de 1995, pelo Bispo Dom Mauro Morelli. Ordenou-se sacerdote em 17 de fevereiro de 1996, em Rodeio, sua terra Natal, pelo Bispo de Rio do Sul, SC, Dom Tito Buss. Desde o tempo de estudante, conheceu e aprendeu a amar a Baixada Fluminense e o Rio de Janeiro, especialmente o povo que vive nesta regi\u00e3o. Dos seus 25 anos de padre, 22 deles esteve morando em terras fluminenses. Passou por Venda das Pedras, em Itabora\u00ed, Imbari\u00ea, Convento Santo Ant\u00f4nio do Largo da Carioca, Rocinha, Petr\u00f3polis, na Fraternidade S\u00e3o Francisco de Assis, em Campos El\u00edseos. Ele tamb\u00e9m atua como professor do Instituto Teol\u00f3gico Franciscano, em Petr\u00f3polis, lecionando Eclesiologia.<\/p>\n<hr \/>\n<p><em>Pascom da Par\u00f3quia S\u00e3o Francisco \u2013 Campos El\u00edseos<\/em><\/p>\n<p><img loading=\"lazy\" class=\"alignnone size-full wp-image-230896\" src=\"https:\/\/franciscanos.org.br\/noticias\/wp-content\/uploads\/2021\/02\/james_06.jpg\" alt=\"\" width=\"1280\" height=\"850\" srcset=\"https:\/\/franciscanos.org.br\/noticias\/wp-content\/uploads\/2021\/02\/james_06.jpg 1280w, https:\/\/franciscanos.org.br\/noticias\/wp-content\/uploads\/2021\/02\/james_06-450x299.jpg 450w, https:\/\/franciscanos.org.br\/noticias\/wp-content\/uploads\/2021\/02\/james_06-1024x680.jpg 1024w, https:\/\/franciscanos.org.br\/noticias\/wp-content\/uploads\/2021\/02\/james_06-768x510.jpg 768w, https:\/\/franciscanos.org.br\/noticias\/wp-content\/uploads\/2021\/02\/james_06-150x100.jpg 150w\" sizes=\"(max-width: 1280px) 100vw, 1280px\" \/><\/p>\n","protected":false},"excerpt":{"rendered":"<p>Jubileu sacerdotal<\/p>\n","protected":false},"author":3,"featured_media":0,"comment_status":"open","ping_status":"open","sticky":false,"template":"","format":"standard","meta":[],"categories":[1],"tags":[1792],"acf":[],"yoast_head":"<!-- This site is optimized with the Yoast SEO plugin v19.2 - https:\/\/yoast.com\/wordpress\/plugins\/seo\/ -->\n<title>Frei James Girardi celebra 25 anos de Ordena\u00e7\u00e3o Sacerdotal - Not\u00edcias - Franciscanos<\/title>\n<meta name=\"robots\" content=\"index, follow, max-snippet:-1, max-image-preview:large, max-video-preview:-1\" \/>\n<link rel=\"canonical\" href=\"https:\/\/franciscanos.org.br\/noticias\/frei-james-girardi-celebra-25-anos-de-ordenacao-sacerdotal.html\" \/>\n<meta property=\"og:locale\" content=\"pt_BR\" \/>\n<meta property=\"og:type\" content=\"article\" \/>\n<meta property=\"og:title\" content=\"Frei James Girardi celebra 25 anos de Ordena\u00e7\u00e3o Sacerdotal - Not\u00edcias - Franciscanos\" \/>\n<meta property=\"og:description\" content=\"Jubileu sacerdotal\" \/>\n<meta property=\"og:url\" content=\"https:\/\/franciscanos.org.br\/noticias\/frei-james-girardi-celebra-25-anos-de-ordenacao-sacerdotal.html\" \/>\n<meta property=\"og:site_name\" content=\"Not\u00edcias - Franciscanos\" \/>\n<meta property=\"article:published_time\" content=\"2021-02-22T19:51:02+00:00\" \/>\n<meta property=\"og:image\" content=\"https:\/\/franciscanos.org.br\/noticias\/wp-content\/uploads\/2021\/02\/james_01.jpg\" \/>\n<meta name=\"author\" content=\"moacir\" \/>\n<meta name=\"twitter:card\" content=\"summary_large_image\" \/>\n<meta name=\"twitter:label1\" content=\"Escrito por\" \/>\n\t<meta name=\"twitter:data1\" content=\"moacir\" \/>\n\t<meta name=\"twitter:label2\" content=\"Est. tempo de leitura\" \/>\n\t<meta name=\"twitter:data2\" content=\"6 minutos\" \/>\n<script type=\"application\/ld+json\" class=\"yoast-schema-graph\">{\"@context\":\"https:\/\/schema.org\",\"@graph\":[{\"@type\":\"WebSite\",\"@id\":\"https:\/\/franciscanos.org.br\/noticias\/#website\",\"url\":\"https:\/\/franciscanos.org.br\/noticias\/\",\"name\":\"Not\u00edcias - Franciscanos\",\"description\":\"Prov\u00edncia Franciscana da Imaculada Concei\u00e7\u00e3o do Brasil - Ordem dos Frades Menores - OFM\",\"potentialAction\":[{\"@type\":\"SearchAction\",\"target\":{\"@type\":\"EntryPoint\",\"urlTemplate\":\"https:\/\/franciscanos.org.br\/noticias\/?s={search_term_string}\"},\"query-input\":\"required name=search_term_string\"}],\"inLanguage\":\"pt-BR\"},{\"@type\":\"ImageObject\",\"inLanguage\":\"pt-BR\",\"@id\":\"https:\/\/franciscanos.org.br\/noticias\/frei-james-girardi-celebra-25-anos-de-ordenacao-sacerdotal.html#primaryimage\",\"url\":\"https:\/\/franciscanos.org.br\/noticias\/wp-content\/uploads\/2021\/02\/james_01.jpg\",\"contentUrl\":\"https:\/\/franciscanos.org.br\/noticias\/wp-content\/uploads\/2021\/02\/james_01.jpg\",\"width\":1280,\"height\":720},{\"@type\":\"WebPage\",\"@id\":\"https:\/\/franciscanos.org.br\/noticias\/frei-james-girardi-celebra-25-anos-de-ordenacao-sacerdotal.html#webpage\",\"url\":\"https:\/\/franciscanos.org.br\/noticias\/frei-james-girardi-celebra-25-anos-de-ordenacao-sacerdotal.html\",\"name\":\"Frei James Girardi celebra 25 anos de Ordena\u00e7\u00e3o Sacerdotal - Not\u00edcias - Franciscanos\",\"isPartOf\":{\"@id\":\"https:\/\/franciscanos.org.br\/noticias\/#website\"},\"primaryImageOfPage\":{\"@id\":\"https:\/\/franciscanos.org.br\/noticias\/frei-james-girardi-celebra-25-anos-de-ordenacao-sacerdotal.html#primaryimage\"},\"datePublished\":\"2021-02-22T19:51:02+00:00\",\"dateModified\":\"2021-02-22T19:51:02+00:00\",\"author\":{\"@id\":\"https:\/\/franciscanos.org.br\/noticias\/#\/schema\/person\/b5c8cba458c330ccff548b056e95a5d4\"},\"breadcrumb\":{\"@id\":\"https:\/\/franciscanos.org.br\/noticias\/frei-james-girardi-celebra-25-anos-de-ordenacao-sacerdotal.html#breadcrumb\"},\"inLanguage\":\"pt-BR\",\"potentialAction\":[{\"@type\":\"ReadAction\",\"target\":[\"https:\/\/franciscanos.org.br\/noticias\/frei-james-girardi-celebra-25-anos-de-ordenacao-sacerdotal.html\"]}]},{\"@type\":\"BreadcrumbList\",\"@id\":\"https:\/\/franciscanos.org.br\/noticias\/frei-james-girardi-celebra-25-anos-de-ordenacao-sacerdotal.html#breadcrumb\",\"itemListElement\":[{\"@type\":\"ListItem\",\"position\":1,\"name\":\"Home\",\"item\":\"https:\/\/franciscanos.org.br\/noticias\"},{\"@type\":\"ListItem\",\"position\":2,\"name\":\"Frei James Girardi celebra 25 anos de Ordena\u00e7\u00e3o Sacerdotal\"}]},{\"@type\":\"Person\",\"@id\":\"https:\/\/franciscanos.org.br\/noticias\/#\/schema\/person\/b5c8cba458c330ccff548b056e95a5d4\",\"name\":\"moacir\",\"image\":{\"@type\":\"ImageObject\",\"inLanguage\":\"pt-BR\",\"@id\":\"https:\/\/franciscanos.org.br\/noticias\/#\/schema\/person\/image\/\",\"url\":\"https:\/\/secure.gravatar.com\/avatar\/d08aa2ce4c8dd416d4479aa8536fcf64?s=96&d=mm&r=g\",\"contentUrl\":\"https:\/\/secure.gravatar.com\/avatar\/d08aa2ce4c8dd416d4479aa8536fcf64?s=96&d=mm&r=g\",\"caption\":\"moacir\"},\"url\":\"https:\/\/franciscanos.org.br\/noticias\/author\/moacir\"}]}<\/script>\n<!-- \/ Yoast SEO plugin. -->","yoast_head_json":{"title":"Frei James Girardi celebra 25 anos de Ordena\u00e7\u00e3o Sacerdotal - Not\u00edcias - Franciscanos","robots":{"index":"index","follow":"follow","max-snippet":"max-snippet:-1","max-image-preview":"max-image-preview:large","max-video-preview":"max-video-preview:-1"},"canonical":"https:\/\/franciscanos.org.br\/noticias\/frei-james-girardi-celebra-25-anos-de-ordenacao-sacerdotal.html","og_locale":"pt_BR","og_type":"article","og_title":"Frei James Girardi celebra 25 anos de Ordena\u00e7\u00e3o Sacerdotal - Not\u00edcias - Franciscanos","og_description":"Jubileu sacerdotal","og_url":"https:\/\/franciscanos.org.br\/noticias\/frei-james-girardi-celebra-25-anos-de-ordenacao-sacerdotal.html","og_site_name":"Not\u00edcias - Franciscanos","article_published_time":"2021-02-22T19:51:02+00:00","og_image":[{"url":"https:\/\/franciscanos.org.br\/noticias\/wp-content\/uploads\/2021\/02\/james_01.jpg"}],"author":"moacir","twitter_card":"summary_large_image","twitter_misc":{"Escrito por":"moacir","Est. tempo de leitura":"6 minutos"},"schema":{"@context":"https:\/\/schema.org","@graph":[{"@type":"WebSite","@id":"https:\/\/franciscanos.org.br\/noticias\/#website","url":"https:\/\/franciscanos.org.br\/noticias\/","name":"Not\u00edcias - Franciscanos","description":"Prov\u00edncia Franciscana da Imaculada Concei\u00e7\u00e3o do Brasil - Ordem dos Frades Menores - OFM","potentialAction":[{"@type":"SearchAction","target":{"@type":"EntryPoint","urlTemplate":"https:\/\/franciscanos.org.br\/noticias\/?s={search_term_string}"},"query-input":"required name=search_term_string"}],"inLanguage":"pt-BR"},{"@type":"ImageObject","inLanguage":"pt-BR","@id":"https:\/\/franciscanos.org.br\/noticias\/frei-james-girardi-celebra-25-anos-de-ordenacao-sacerdotal.html#primaryimage","url":"https:\/\/franciscanos.org.br\/noticias\/wp-content\/uploads\/2021\/02\/james_01.jpg","contentUrl":"https:\/\/franciscanos.org.br\/noticias\/wp-content\/uploads\/2021\/02\/james_01.jpg","width":1280,"height":720},{"@type":"WebPage","@id":"https:\/\/franciscanos.org.br\/noticias\/frei-james-girardi-celebra-25-anos-de-ordenacao-sacerdotal.html#webpage","url":"https:\/\/franciscanos.org.br\/noticias\/frei-james-girardi-celebra-25-anos-de-ordenacao-sacerdotal.html","name":"Frei James Girardi celebra 25 anos de Ordena\u00e7\u00e3o Sacerdotal - Not\u00edcias - Franciscanos","isPartOf":{"@id":"https:\/\/franciscanos.org.br\/noticias\/#website"},"primaryImageOfPage":{"@id":"https:\/\/franciscanos.org.br\/noticias\/frei-james-girardi-celebra-25-anos-de-ordenacao-sacerdotal.html#primaryimage"},"datePublished":"2021-02-22T19:51:02+00:00","dateModified":"2021-02-22T19:51:02+00:00","author":{"@id":"https:\/\/franciscanos.org.br\/noticias\/#\/schema\/person\/b5c8cba458c330ccff548b056e95a5d4"},"breadcrumb":{"@id":"https:\/\/franciscanos.org.br\/noticias\/frei-james-girardi-celebra-25-anos-de-ordenacao-sacerdotal.html#breadcrumb"},"inLanguage":"pt-BR","potentialAction":[{"@type":"ReadAction","target":["https:\/\/franciscanos.org.br\/noticias\/frei-james-girardi-celebra-25-anos-de-ordenacao-sacerdotal.html"]}]},{"@type":"BreadcrumbList","@id":"https:\/\/franciscanos.org.br\/noticias\/frei-james-girardi-celebra-25-anos-de-ordenacao-sacerdotal.html#breadcrumb","itemListElement":[{"@type":"ListItem","position":1,"name":"Home","item":"https:\/\/franciscanos.org.br\/noticias"},{"@type":"ListItem","position":2,"name":"Frei James Girardi celebra 25 anos de Ordena\u00e7\u00e3o Sacerdotal"}]},{"@type":"Person","@id":"https:\/\/franciscanos.org.br\/noticias\/#\/schema\/person\/b5c8cba458c330ccff548b056e95a5d4","name":"moacir","image":{"@type":"ImageObject","inLanguage":"pt-BR","@id":"https:\/\/franciscanos.org.br\/noticias\/#\/schema\/person\/image\/","url":"https:\/\/secure.gravatar.com\/avatar\/d08aa2ce4c8dd416d4479aa8536fcf64?s=96&d=mm&r=g","contentUrl":"https:\/\/secure.gravatar.com\/avatar\/d08aa2ce4c8dd416d4479aa8536fcf64?s=96&d=mm&r=g","caption":"moacir"},"url":"https:\/\/franciscanos.org.br\/noticias\/author\/moacir"}]}},"_links":{"self":[{"href":"https:\/\/franciscanos.org.br\/noticias\/wp-json\/wp\/v2\/posts\/230889"}],"collection":[{"href":"https:\/\/franciscanos.org.br\/noticias\/wp-json\/wp\/v2\/posts"}],"about":[{"href":"https:\/\/franciscanos.org.br\/noticias\/wp-json\/wp\/v2\/types\/post"}],"author":[{"embeddable":true,"href":"https:\/\/franciscanos.org.br\/noticias\/wp-json\/wp\/v2\/users\/3"}],"replies":[{"embeddable":true,"href":"https:\/\/franciscanos.org.br\/noticias\/wp-json\/wp\/v2\/comments?post=230889"}],"version-history":[{"count":1,"href":"https:\/\/franciscanos.org.br\/noticias\/wp-json\/wp\/v2\/posts\/230889\/revisions"}],"predecessor-version":[{"id":230897,"href":"https:\/\/franciscanos.org.br\/noticias\/wp-json\/wp\/v2\/posts\/230889\/revisions\/230897"}],"wp:attachment":[{"href":"https:\/\/franciscanos.org.br\/noticias\/wp-json\/wp\/v2\/media?parent=230889"}],"wp:term":[{"taxonomy":"category","embeddable":true,"href":"https:\/\/franciscanos.org.br\/noticias\/wp-json\/wp\/v2\/categories?post=230889"},{"taxonomy":"post_tag","embeddable":true,"href":"https:\/\/franciscanos.org.br\/noticias\/wp-json\/wp\/v2\/tags?post=230889"}],"curies":[{"name":"wp","href":"https:\/\/api.w.org\/{rel}","templated":true}]}}