{"id":230884,"date":"2021-02-22T10:26:14","date_gmt":"2021-02-22T13:26:14","guid":{"rendered":"https:\/\/franciscanos.org.br\/noticias\/?p=230884"},"modified":"2021-02-22T10:26:55","modified_gmt":"2021-02-22T13:26:55","slug":"inscric%cc%a7o%cc%83es-abertas-para-o-curso-de-extensa%cc%83o-hebraico-biblico","status":"publish","type":"post","link":"https:\/\/franciscanos.org.br\/noticias\/inscric%cc%a7o%cc%83es-abertas-para-o-curso-de-extensa%cc%83o-hebraico-biblico.html","title":{"rendered":"Inscric\u0327o\u0303es abertas para o Curso de Extensa\u0303o \u201cHebraico B\u00edblico\u201d"},"content":{"rendered":"<div><img loading=\"lazy\" class=\"alignnone wp-image-230885 size-full\" src=\"https:\/\/franciscanos.org.br\/noticias\/wp-content\/uploads\/2021\/02\/biblia.jpg\" alt=\"\" width=\"890\" height=\"552\" srcset=\"https:\/\/franciscanos.org.br\/noticias\/wp-content\/uploads\/2021\/02\/biblia.jpg 890w, https:\/\/franciscanos.org.br\/noticias\/wp-content\/uploads\/2021\/02\/biblia-450x279.jpg 450w, https:\/\/franciscanos.org.br\/noticias\/wp-content\/uploads\/2021\/02\/biblia-768x476.jpg 768w, https:\/\/franciscanos.org.br\/noticias\/wp-content\/uploads\/2021\/02\/biblia-150x93.jpg 150w\" sizes=\"(max-width: 890px) 100vw, 890px\" \/><\/div>\n<div>\n<p dir=\"ltr\">O curso tem como objetivo, dar condi\u00e7\u00f5es m\u00ednimas para compreens\u00e3o da l\u00edngua hebraica; oferecer conhecimentos em n\u00edvel instrumental para compreens\u00e3o da morfologia, fon\u00e9tica e indica\u00e7\u00f5es simples sobre a sem\u00e2ntica dos termos relacionados com os textos sagrados.<\/p>\n<p dir=\"ltr\">As aulas sera\u0303o realizadas \u00e0s ter\u00e7as-feiras, nos dias 2, 9, 23 e 30 de mar\u00e7o; 6, 13, 20 e 27 de abril; 4, 11, 18 e 25 de maio e 1\u00ba, 8, 15 e 22 de junho de 2021, por meio da plataforma Google Meet.<\/p>\n<p dir=\"ltr\">Participe!<\/p>\n<p dir=\"ltr\">Proponente: Carlos Frederico Schlaepfer<\/p>\n<p>Inscri\u00e7\u00f5es:\u00a0<a href=\"https:\/\/itf.edu.br\/estude\/ingressar\/126786714\/extensao.htm\" target=\"_blank\" rel=\"noopener noreferrer\" data-saferedirecturl=\"https:\/\/www.google.com\/url?q=https:\/\/itf.edu.br\/estude\/ingressar\/126786714\/extensao.htm&amp;source=gmail&amp;ust=1614077508547000&amp;usg=AFQjCNEV2aKi1rW0KGX_NmDlGJPz5me5NQ\">https:\/\/itf.edu.<wbr \/>br\/estude\/ingressar\/126786714\/<wbr \/>extensao.htm<\/a><\/p>\n<\/div>\n<div><\/div>\n<div>\n<p>Informa\u00e7\u00f5es e Inscri\u00e7\u00f5es: Instituto Teol\u00f3gico Franciscano &#8211; Rua Coronel Veiga, 550, Petr\u00f3polis-RJ Tel: (24) 2243-9959 ou (24) 2231-6409 \/ WhatsApp: (24) 98839-7966 Email: secretaria@itf.edu.br<\/p>\n<p>Ver mais em: https:\/\/itf.edu.br\/estude\/ingressar\/126786714\/extensao.htm<\/p>\n<\/div>\n","protected":false},"excerpt":{"rendered":"<p>Instituto Teol\u00f3gico Franciscano<\/p>\n","protected":false},"author":3,"featured_media":230886,"comment_status":"open","ping_status":"open","sticky":false,"template":"","format":"standard","meta":[],"categories":[1],"tags":[189],"acf":[],"yoast_head":"<!-- This site is optimized with the Yoast SEO plugin v19.2 - https:\/\/yoast.com\/wordpress\/plugins\/seo\/ -->\n<title>Inscric\u0327o\u0303es abertas para o Curso de Extensa\u0303o \u201cHebraico B\u00edblico\u201d - Not\u00edcias - Franciscanos<\/title>\n<meta name=\"robots\" content=\"index, follow, max-snippet:-1, max-image-preview:large, max-video-preview:-1\" \/>\n<link rel=\"canonical\" href=\"https:\/\/franciscanos.org.br\/noticias\/inscric\u0327o\u0303es-abertas-para-o-curso-de-extensa\u0303o-hebraico-biblico.html\" \/>\n<meta property=\"og:locale\" content=\"pt_BR\" \/>\n<meta property=\"og:type\" content=\"article\" \/>\n<meta property=\"og:title\" content=\"Inscric\u0327o\u0303es abertas para o Curso de Extensa\u0303o \u201cHebraico B\u00edblico\u201d - Not\u00edcias - Franciscanos\" \/>\n<meta property=\"og:description\" content=\"Instituto Teol\u00f3gico Franciscano\" \/>\n<meta property=\"og:url\" content=\"https:\/\/franciscanos.org.br\/noticias\/inscric\u0327o\u0303es-abertas-para-o-curso-de-extensa\u0303o-hebraico-biblico.html\" \/>\n<meta property=\"og:site_name\" content=\"Not\u00edcias - Franciscanos\" \/>\n<meta property=\"article:published_time\" content=\"2021-02-22T13:26:14+00:00\" \/>\n<meta property=\"article:modified_time\" content=\"2021-02-22T13:26:55+00:00\" \/>\n<meta property=\"og:image\" content=\"https:\/\/franciscanos.org.br\/noticias\/wp-content\/uploads\/2021\/02\/biblia_d.jpg\" \/>\n\t<meta property=\"og:image:width\" content=\"736\" \/>\n\t<meta property=\"og:image:height\" content=\"552\" \/>\n\t<meta property=\"og:image:type\" content=\"image\/jpeg\" \/>\n<meta name=\"author\" content=\"moacir\" \/>\n<meta name=\"twitter:card\" content=\"summary_large_image\" \/>\n<meta name=\"twitter:label1\" content=\"Escrito por\" \/>\n\t<meta name=\"twitter:data1\" content=\"moacir\" \/>\n\t<meta name=\"twitter:label2\" content=\"Est. tempo de leitura\" \/>\n\t<meta name=\"twitter:data2\" content=\"1 minuto\" \/>\n<script type=\"application\/ld+json\" class=\"yoast-schema-graph\">{\"@context\":\"https:\/\/schema.org\",\"@graph\":[{\"@type\":\"WebSite\",\"@id\":\"https:\/\/franciscanos.org.br\/noticias\/#website\",\"url\":\"https:\/\/franciscanos.org.br\/noticias\/\",\"name\":\"Not\u00edcias - Franciscanos\",\"description\":\"Prov\u00edncia Franciscana da Imaculada Concei\u00e7\u00e3o do Brasil - Ordem dos Frades Menores - OFM\",\"potentialAction\":[{\"@type\":\"SearchAction\",\"target\":{\"@type\":\"EntryPoint\",\"urlTemplate\":\"https:\/\/franciscanos.org.br\/noticias\/?s={search_term_string}\"},\"query-input\":\"required name=search_term_string\"}],\"inLanguage\":\"pt-BR\"},{\"@type\":\"ImageObject\",\"inLanguage\":\"pt-BR\",\"@id\":\"https:\/\/franciscanos.org.br\/noticias\/inscric%cc%a7o%cc%83es-abertas-para-o-curso-de-extensa%cc%83o-hebraico-biblico.html#primaryimage\",\"url\":\"https:\/\/franciscanos.org.br\/noticias\/wp-content\/uploads\/2021\/02\/biblia_d.jpg\",\"contentUrl\":\"https:\/\/franciscanos.org.br\/noticias\/wp-content\/uploads\/2021\/02\/biblia_d.jpg\",\"width\":736,\"height\":552},{\"@type\":\"WebPage\",\"@id\":\"https:\/\/franciscanos.org.br\/noticias\/inscric%cc%a7o%cc%83es-abertas-para-o-curso-de-extensa%cc%83o-hebraico-biblico.html#webpage\",\"url\":\"https:\/\/franciscanos.org.br\/noticias\/inscric%cc%a7o%cc%83es-abertas-para-o-curso-de-extensa%cc%83o-hebraico-biblico.html\",\"name\":\"Inscric\u0327o\u0303es abertas para o Curso de Extensa\u0303o \u201cHebraico B\u00edblico\u201d - Not\u00edcias - Franciscanos\",\"isPartOf\":{\"@id\":\"https:\/\/franciscanos.org.br\/noticias\/#website\"},\"primaryImageOfPage\":{\"@id\":\"https:\/\/franciscanos.org.br\/noticias\/inscric%cc%a7o%cc%83es-abertas-para-o-curso-de-extensa%cc%83o-hebraico-biblico.html#primaryimage\"},\"datePublished\":\"2021-02-22T13:26:14+00:00\",\"dateModified\":\"2021-02-22T13:26:55+00:00\",\"author\":{\"@id\":\"https:\/\/franciscanos.org.br\/noticias\/#\/schema\/person\/b5c8cba458c330ccff548b056e95a5d4\"},\"breadcrumb\":{\"@id\":\"https:\/\/franciscanos.org.br\/noticias\/inscric%cc%a7o%cc%83es-abertas-para-o-curso-de-extensa%cc%83o-hebraico-biblico.html#breadcrumb\"},\"inLanguage\":\"pt-BR\",\"potentialAction\":[{\"@type\":\"ReadAction\",\"target\":[\"https:\/\/franciscanos.org.br\/noticias\/inscric%cc%a7o%cc%83es-abertas-para-o-curso-de-extensa%cc%83o-hebraico-biblico.html\"]}]},{\"@type\":\"BreadcrumbList\",\"@id\":\"https:\/\/franciscanos.org.br\/noticias\/inscric%cc%a7o%cc%83es-abertas-para-o-curso-de-extensa%cc%83o-hebraico-biblico.html#breadcrumb\",\"itemListElement\":[{\"@type\":\"ListItem\",\"position\":1,\"name\":\"Home\",\"item\":\"https:\/\/franciscanos.org.br\/noticias\"},{\"@type\":\"ListItem\",\"position\":2,\"name\":\"Inscric\u0327o\u0303es abertas para o Curso de Extensa\u0303o \u201cHebraico B\u00edblico\u201d\"}]},{\"@type\":\"Person\",\"@id\":\"https:\/\/franciscanos.org.br\/noticias\/#\/schema\/person\/b5c8cba458c330ccff548b056e95a5d4\",\"name\":\"moacir\",\"image\":{\"@type\":\"ImageObject\",\"inLanguage\":\"pt-BR\",\"@id\":\"https:\/\/franciscanos.org.br\/noticias\/#\/schema\/person\/image\/\",\"url\":\"https:\/\/secure.gravatar.com\/avatar\/d08aa2ce4c8dd416d4479aa8536fcf64?s=96&d=mm&r=g\",\"contentUrl\":\"https:\/\/secure.gravatar.com\/avatar\/d08aa2ce4c8dd416d4479aa8536fcf64?s=96&d=mm&r=g\",\"caption\":\"moacir\"},\"url\":\"https:\/\/franciscanos.org.br\/noticias\/author\/moacir\"}]}<\/script>\n<!-- \/ Yoast SEO plugin. -->","yoast_head_json":{"title":"Inscric\u0327o\u0303es abertas para o Curso de Extensa\u0303o \u201cHebraico B\u00edblico\u201d - Not\u00edcias - Franciscanos","robots":{"index":"index","follow":"follow","max-snippet":"max-snippet:-1","max-image-preview":"max-image-preview:large","max-video-preview":"max-video-preview:-1"},"canonical":"https:\/\/franciscanos.org.br\/noticias\/inscric\u0327o\u0303es-abertas-para-o-curso-de-extensa\u0303o-hebraico-biblico.html","og_locale":"pt_BR","og_type":"article","og_title":"Inscric\u0327o\u0303es abertas para o Curso de Extensa\u0303o \u201cHebraico B\u00edblico\u201d - Not\u00edcias - Franciscanos","og_description":"Instituto Teol\u00f3gico Franciscano","og_url":"https:\/\/franciscanos.org.br\/noticias\/inscric\u0327o\u0303es-abertas-para-o-curso-de-extensa\u0303o-hebraico-biblico.html","og_site_name":"Not\u00edcias - Franciscanos","article_published_time":"2021-02-22T13:26:14+00:00","article_modified_time":"2021-02-22T13:26:55+00:00","og_image":[{"width":736,"height":552,"url":"https:\/\/franciscanos.org.br\/noticias\/wp-content\/uploads\/2021\/02\/biblia_d.jpg","type":"image\/jpeg"}],"author":"moacir","twitter_card":"summary_large_image","twitter_misc":{"Escrito por":"moacir","Est. tempo de leitura":"1 minuto"},"schema":{"@context":"https:\/\/schema.org","@graph":[{"@type":"WebSite","@id":"https:\/\/franciscanos.org.br\/noticias\/#website","url":"https:\/\/franciscanos.org.br\/noticias\/","name":"Not\u00edcias - Franciscanos","description":"Prov\u00edncia Franciscana da Imaculada Concei\u00e7\u00e3o do Brasil - Ordem dos Frades Menores - OFM","potentialAction":[{"@type":"SearchAction","target":{"@type":"EntryPoint","urlTemplate":"https:\/\/franciscanos.org.br\/noticias\/?s={search_term_string}"},"query-input":"required name=search_term_string"}],"inLanguage":"pt-BR"},{"@type":"ImageObject","inLanguage":"pt-BR","@id":"https:\/\/franciscanos.org.br\/noticias\/inscric%cc%a7o%cc%83es-abertas-para-o-curso-de-extensa%cc%83o-hebraico-biblico.html#primaryimage","url":"https:\/\/franciscanos.org.br\/noticias\/wp-content\/uploads\/2021\/02\/biblia_d.jpg","contentUrl":"https:\/\/franciscanos.org.br\/noticias\/wp-content\/uploads\/2021\/02\/biblia_d.jpg","width":736,"height":552},{"@type":"WebPage","@id":"https:\/\/franciscanos.org.br\/noticias\/inscric%cc%a7o%cc%83es-abertas-para-o-curso-de-extensa%cc%83o-hebraico-biblico.html#webpage","url":"https:\/\/franciscanos.org.br\/noticias\/inscric%cc%a7o%cc%83es-abertas-para-o-curso-de-extensa%cc%83o-hebraico-biblico.html","name":"Inscric\u0327o\u0303es abertas para o Curso de Extensa\u0303o \u201cHebraico B\u00edblico\u201d - Not\u00edcias - Franciscanos","isPartOf":{"@id":"https:\/\/franciscanos.org.br\/noticias\/#website"},"primaryImageOfPage":{"@id":"https:\/\/franciscanos.org.br\/noticias\/inscric%cc%a7o%cc%83es-abertas-para-o-curso-de-extensa%cc%83o-hebraico-biblico.html#primaryimage"},"datePublished":"2021-02-22T13:26:14+00:00","dateModified":"2021-02-22T13:26:55+00:00","author":{"@id":"https:\/\/franciscanos.org.br\/noticias\/#\/schema\/person\/b5c8cba458c330ccff548b056e95a5d4"},"breadcrumb":{"@id":"https:\/\/franciscanos.org.br\/noticias\/inscric%cc%a7o%cc%83es-abertas-para-o-curso-de-extensa%cc%83o-hebraico-biblico.html#breadcrumb"},"inLanguage":"pt-BR","potentialAction":[{"@type":"ReadAction","target":["https:\/\/franciscanos.org.br\/noticias\/inscric%cc%a7o%cc%83es-abertas-para-o-curso-de-extensa%cc%83o-hebraico-biblico.html"]}]},{"@type":"BreadcrumbList","@id":"https:\/\/franciscanos.org.br\/noticias\/inscric%cc%a7o%cc%83es-abertas-para-o-curso-de-extensa%cc%83o-hebraico-biblico.html#breadcrumb","itemListElement":[{"@type":"ListItem","position":1,"name":"Home","item":"https:\/\/franciscanos.org.br\/noticias"},{"@type":"ListItem","position":2,"name":"Inscric\u0327o\u0303es abertas para o Curso de Extensa\u0303o \u201cHebraico B\u00edblico\u201d"}]},{"@type":"Person","@id":"https:\/\/franciscanos.org.br\/noticias\/#\/schema\/person\/b5c8cba458c330ccff548b056e95a5d4","name":"moacir","image":{"@type":"ImageObject","inLanguage":"pt-BR","@id":"https:\/\/franciscanos.org.br\/noticias\/#\/schema\/person\/image\/","url":"https:\/\/secure.gravatar.com\/avatar\/d08aa2ce4c8dd416d4479aa8536fcf64?s=96&d=mm&r=g","contentUrl":"https:\/\/secure.gravatar.com\/avatar\/d08aa2ce4c8dd416d4479aa8536fcf64?s=96&d=mm&r=g","caption":"moacir"},"url":"https:\/\/franciscanos.org.br\/noticias\/author\/moacir"}]}},"_links":{"self":[{"href":"https:\/\/franciscanos.org.br\/noticias\/wp-json\/wp\/v2\/posts\/230884"}],"collection":[{"href":"https:\/\/franciscanos.org.br\/noticias\/wp-json\/wp\/v2\/posts"}],"about":[{"href":"https:\/\/franciscanos.org.br\/noticias\/wp-json\/wp\/v2\/types\/post"}],"author":[{"embeddable":true,"href":"https:\/\/franciscanos.org.br\/noticias\/wp-json\/wp\/v2\/users\/3"}],"replies":[{"embeddable":true,"href":"https:\/\/franciscanos.org.br\/noticias\/wp-json\/wp\/v2\/comments?post=230884"}],"version-history":[{"count":2,"href":"https:\/\/franciscanos.org.br\/noticias\/wp-json\/wp\/v2\/posts\/230884\/revisions"}],"predecessor-version":[{"id":230888,"href":"https:\/\/franciscanos.org.br\/noticias\/wp-json\/wp\/v2\/posts\/230884\/revisions\/230888"}],"wp:featuredmedia":[{"embeddable":true,"href":"https:\/\/franciscanos.org.br\/noticias\/wp-json\/wp\/v2\/media\/230886"}],"wp:attachment":[{"href":"https:\/\/franciscanos.org.br\/noticias\/wp-json\/wp\/v2\/media?parent=230884"}],"wp:term":[{"taxonomy":"category","embeddable":true,"href":"https:\/\/franciscanos.org.br\/noticias\/wp-json\/wp\/v2\/categories?post=230884"},{"taxonomy":"post_tag","embeddable":true,"href":"https:\/\/franciscanos.org.br\/noticias\/wp-json\/wp\/v2\/tags?post=230884"}],"curies":[{"name":"wp","href":"https:\/\/api.w.org\/{rel}","templated":true}]}}