{"id":230861,"date":"2021-02-20T15:11:51","date_gmt":"2021-02-20T18:11:51","guid":{"rendered":"https:\/\/franciscanos.org.br\/noticias\/?p=230861"},"modified":"2021-02-20T15:11:51","modified_gmt":"2021-02-20T18:11:51","slug":"conversao-e-tema-do-retiro-quaresmal-dos-frades-de-profissao-temporaria-de-angola","status":"publish","type":"post","link":"https:\/\/franciscanos.org.br\/noticias\/conversao-e-tema-do-retiro-quaresmal-dos-frades-de-profissao-temporaria-de-angola.html","title":{"rendered":"Convers\u00e3o \u00e9 tema do Retiro Quaresmal dos Frades de profiss\u00e3o tempor\u00e1ria de Angola"},"content":{"rendered":"<p><img loading=\"lazy\" class=\"alignnone wp-image-230862 size-full\" src=\"https:\/\/franciscanos.org.br\/noticias\/wp-content\/uploads\/2021\/02\/angola_20.jpg\" alt=\"\" width=\"1280\" height=\"719\" srcset=\"https:\/\/franciscanos.org.br\/noticias\/wp-content\/uploads\/2021\/02\/angola_20.jpg 1280w, https:\/\/franciscanos.org.br\/noticias\/wp-content\/uploads\/2021\/02\/angola_20-450x253.jpg 450w, https:\/\/franciscanos.org.br\/noticias\/wp-content\/uploads\/2021\/02\/angola_20-1024x575.jpg 1024w, https:\/\/franciscanos.org.br\/noticias\/wp-content\/uploads\/2021\/02\/angola_20-768x431.jpg 768w, https:\/\/franciscanos.org.br\/noticias\/wp-content\/uploads\/2021\/02\/angola_20-150x84.jpg 150w\" sizes=\"(max-width: 1280px) 100vw, 1280px\" \/><\/p>\n<p><strong>Luanda (Angola)<\/strong> &#8211; Durante tr\u00eas dias, os frades de profiss\u00e3o tempor\u00e1ria do tempo de Filosofia e Teologia da Funda\u00e7\u00e3o Imaculada M\u00e3e de Deus de Angola estiveram em Retiro Quaresmal na Fraternidade S\u00e3o Francisco de Assis.<\/p>\n<p>Este Retiro teve a orienta\u00e7\u00e3o de Frei Firmino Caculo, OFMCap, e participaram, al\u00e9m dos 49 professos tempor\u00e1rios (21 que est\u00e3o aguardando os vistos para estudarem no Brasil, um grupo no curso de Filosofia e outro para continuar o curso de Teologia, que j\u00e1 teve in\u00edcio via online), Frei Valdemiro Wastchuk e Frei Jo\u00e3o Alberto Bunga.<\/p>\n<p>O retiro teve o seu in\u00edcio na manh\u00e3 da Quarta-feira de Cinzas e terminou na sexta-feira \u00e0 noite, com a Missa de A\u00e7\u00e3o de Gra\u00e7as. O tema refletido durante o retiro foi a convers\u00e3o. Segundo Frei Firmino, a mesma consiste em mudan\u00e7a de vida no sentido positivo, j\u00e1 que a pessoa deixa de fazer aquilo que n\u00e3o estava em sintonia com a vontade do Pai. &#8220;O crist\u00e3o n\u00e3o deve ser aquele que tem inimigo a combater, mas um irm\u00e3o a converter&#8221;, orientou o pregador.<\/p>\n<p><img loading=\"lazy\" class=\"alignnone wp-image-230863 size-full\" src=\"https:\/\/franciscanos.org.br\/noticias\/wp-content\/uploads\/2021\/02\/angola_20_1.jpg\" alt=\"\" width=\"1200\" height=\"799\" srcset=\"https:\/\/franciscanos.org.br\/noticias\/wp-content\/uploads\/2021\/02\/angola_20_1.jpg 1200w, https:\/\/franciscanos.org.br\/noticias\/wp-content\/uploads\/2021\/02\/angola_20_1-450x300.jpg 450w, https:\/\/franciscanos.org.br\/noticias\/wp-content\/uploads\/2021\/02\/angola_20_1-1024x682.jpg 1024w, https:\/\/franciscanos.org.br\/noticias\/wp-content\/uploads\/2021\/02\/angola_20_1-768x511.jpg 768w, https:\/\/franciscanos.org.br\/noticias\/wp-content\/uploads\/2021\/02\/angola_20_1-150x100.jpg 150w\" sizes=\"(max-width: 1200px) 100vw, 1200px\" \/><\/p>\n<p>Os encontros tiveram como base o livro do Evangelho de S\u00e3o Lucas, o evangelista da miseric\u00f3rdia, onde no primeiro dia refletiu-se sobre o personagem de Zaqueu (Lc 19, 1-10); no segundo, o Filho Pr\u00f3digo (Lc 15, 11-32); e, no terceiro e \u00faltimo dia, Os Disc\u00edpulos de Ema\u00fas (Lc 24, 13-35).<\/p>\n<p>Durante esses dias, a manh\u00e3 foi reservada para pr\u00e9dicas, onde o pregador expunha as reflex\u00f5es dos referidos textos; posteriormente, era feito o momento de deserto e, \u00e0 tarde, seguia-se a plen\u00e1ria, onde os participantes podiam efetuar as suas contribui\u00e7\u00f5es bem como apresentar determinadas quest\u00f5es ao orientador. O dia terminava com a Santa Missa.<\/p>\n<p>As sess\u00f5es come\u00e7avam sempre com a Ora\u00e7\u00e3o de S\u00e3o Francisco diante do Crucifixo. Segundo o pregador, o carisma franciscano deve ser vivido \u00e0 luz dos tempos, por isso indicava essa ora\u00e7\u00e3o a fim de inspirar os encontros neste mesmo esp\u00edrito: \u201c\u00d3 glorioso Deus alt\u00edssimo, iluminai as trevas do meu cora\u00e7\u00e3o, concedei-me uma f\u00e9 verdadeira, uma esperan\u00e7a firme e um amor perfeito. Dai-me, Senhor, o reto sentir e conhecer, a fim de que possa cumprir o sagrado encargo que na verdade acabais de dar-me\u201d.<\/p>\n\n\t\t<style type=\"text\/css\">\n\t\t\t#gallery-1 {\n\t\t\t\tmargin: auto;\n\t\t\t}\n\t\t\t#gallery-1 .gallery-item {\n\t\t\t\tfloat: left;\n\t\t\t\tmargin-top: 10px;\n\t\t\t\ttext-align: center;\n\t\t\t\twidth: 20%;\n\t\t\t}\n\t\t\t#gallery-1 img {\n\t\t\t\tborder: 2px solid #cfcfcf;\n\t\t\t}\n\t\t\t#gallery-1 .gallery-caption {\n\t\t\t\tmargin-left: 0;\n\t\t\t}\n\t\t\t\/* see gallery_shortcode() in wp-includes\/media.php *\/\n\t\t<\/style>\n\t\t<div id='gallery-1' class='gallery galleryid-230861 gallery-columns-5 gallery-size-thumbnail'><dl class='gallery-item'>\n\t\t\t<dt class='gallery-icon landscape'>\n\t\t\t\t<a href='https:\/\/franciscanos.org.br\/noticias\/wp-content\/uploads\/2021\/02\/04.jpg'><img width=\"300\" height=\"300\" src=\"https:\/\/franciscanos.org.br\/noticias\/wp-content\/uploads\/2021\/02\/04-300x300.jpg\" class=\"attachment-thumbnail size-thumbnail\" alt=\"\" loading=\"lazy\" srcset=\"https:\/\/franciscanos.org.br\/noticias\/wp-content\/uploads\/2021\/02\/04-300x300.jpg 300w, https:\/\/franciscanos.org.br\/noticias\/wp-content\/uploads\/2021\/02\/04-100x100.jpg 100w\" sizes=\"(max-width: 300px) 100vw, 300px\" \/><\/a>\n\t\t\t<\/dt><\/dl><dl class='gallery-item'>\n\t\t\t<dt class='gallery-icon landscape'>\n\t\t\t\t<a href='https:\/\/franciscanos.org.br\/noticias\/wp-content\/uploads\/2021\/02\/03.jpg'><img width=\"300\" height=\"300\" src=\"https:\/\/franciscanos.org.br\/noticias\/wp-content\/uploads\/2021\/02\/03-300x300.jpg\" class=\"attachment-thumbnail size-thumbnail\" alt=\"\" loading=\"lazy\" srcset=\"https:\/\/franciscanos.org.br\/noticias\/wp-content\/uploads\/2021\/02\/03-300x300.jpg 300w, https:\/\/franciscanos.org.br\/noticias\/wp-content\/uploads\/2021\/02\/03-100x100.jpg 100w\" sizes=\"(max-width: 300px) 100vw, 300px\" \/><\/a>\n\t\t\t<\/dt><\/dl><dl class='gallery-item'>\n\t\t\t<dt class='gallery-icon landscape'>\n\t\t\t\t<a href='https:\/\/franciscanos.org.br\/noticias\/wp-content\/uploads\/2021\/02\/02.jpg'><img width=\"300\" height=\"300\" src=\"https:\/\/franciscanos.org.br\/noticias\/wp-content\/uploads\/2021\/02\/02-300x300.jpg\" class=\"attachment-thumbnail size-thumbnail\" alt=\"\" loading=\"lazy\" srcset=\"https:\/\/franciscanos.org.br\/noticias\/wp-content\/uploads\/2021\/02\/02-300x300.jpg 300w, https:\/\/franciscanos.org.br\/noticias\/wp-content\/uploads\/2021\/02\/02-100x100.jpg 100w\" sizes=\"(max-width: 300px) 100vw, 300px\" \/><\/a>\n\t\t\t<\/dt><\/dl><dl class='gallery-item'>\n\t\t\t<dt class='gallery-icon landscape'>\n\t\t\t\t<a href='https:\/\/franciscanos.org.br\/noticias\/wp-content\/uploads\/2021\/02\/01.jpg'><img width=\"300\" height=\"300\" src=\"https:\/\/franciscanos.org.br\/noticias\/wp-content\/uploads\/2021\/02\/01-300x300.jpg\" class=\"attachment-thumbnail size-thumbnail\" alt=\"\" loading=\"lazy\" srcset=\"https:\/\/franciscanos.org.br\/noticias\/wp-content\/uploads\/2021\/02\/01-300x300.jpg 300w, https:\/\/franciscanos.org.br\/noticias\/wp-content\/uploads\/2021\/02\/01-100x100.jpg 100w\" sizes=\"(max-width: 300px) 100vw, 300px\" \/><\/a>\n\t\t\t<\/dt><\/dl><dl class='gallery-item'>\n\t\t\t<dt class='gallery-icon landscape'>\n\t\t\t\t<a href='https:\/\/franciscanos.org.br\/noticias\/wp-content\/uploads\/2021\/02\/angola_20-3.jpg'><img width=\"300\" height=\"300\" src=\"https:\/\/franciscanos.org.br\/noticias\/wp-content\/uploads\/2021\/02\/angola_20-3-300x300.jpg\" class=\"attachment-thumbnail size-thumbnail\" alt=\"\" loading=\"lazy\" srcset=\"https:\/\/franciscanos.org.br\/noticias\/wp-content\/uploads\/2021\/02\/angola_20-3-300x300.jpg 300w, https:\/\/franciscanos.org.br\/noticias\/wp-content\/uploads\/2021\/02\/angola_20-3-100x100.jpg 100w\" sizes=\"(max-width: 300px) 100vw, 300px\" \/><\/a>\n\t\t\t<\/dt><\/dl><br style=\"clear: both\" \/>\n\t\t<\/div>\n\n<hr \/>\n<p><em>Frei Abel Ndala Sahuma Nganji (texto) e Frei Eduardo Camunha (fotos)<\/em><\/p>\n","protected":false},"excerpt":{"rendered":"<p>Miss\u00e3o de Angola<\/p>\n","protected":false},"author":3,"featured_media":230869,"comment_status":"open","ping_status":"open","sticky":false,"template":"","format":"standard","meta":[],"categories":[1],"tags":[360],"acf":[],"yoast_head":"<!-- This site is optimized with the Yoast SEO plugin v19.2 - https:\/\/yoast.com\/wordpress\/plugins\/seo\/ -->\n<title>Convers\u00e3o \u00e9 tema do Retiro Quaresmal dos Frades de profiss\u00e3o tempor\u00e1ria de Angola - Not\u00edcias - Franciscanos<\/title>\n<meta name=\"robots\" content=\"index, follow, max-snippet:-1, max-image-preview:large, max-video-preview:-1\" \/>\n<link rel=\"canonical\" href=\"https:\/\/franciscanos.org.br\/noticias\/conversao-e-tema-do-retiro-quaresmal-dos-frades-de-profissao-temporaria-de-angola.html\" \/>\n<meta property=\"og:locale\" content=\"pt_BR\" \/>\n<meta property=\"og:type\" content=\"article\" \/>\n<meta property=\"og:title\" content=\"Convers\u00e3o \u00e9 tema do Retiro Quaresmal dos Frades de profiss\u00e3o tempor\u00e1ria de Angola - Not\u00edcias - Franciscanos\" \/>\n<meta property=\"og:description\" content=\"Miss\u00e3o de Angola\" \/>\n<meta property=\"og:url\" content=\"https:\/\/franciscanos.org.br\/noticias\/conversao-e-tema-do-retiro-quaresmal-dos-frades-de-profissao-temporaria-de-angola.html\" \/>\n<meta property=\"og:site_name\" content=\"Not\u00edcias - Franciscanos\" \/>\n<meta property=\"article:published_time\" content=\"2021-02-20T18:11:51+00:00\" \/>\n<meta property=\"og:image\" content=\"https:\/\/franciscanos.org.br\/noticias\/wp-content\/uploads\/2021\/02\/angola_20d.jpg\" \/>\n\t<meta property=\"og:image:width\" content=\"800\" \/>\n\t<meta property=\"og:image:height\" content=\"573\" \/>\n\t<meta property=\"og:image:type\" content=\"image\/jpeg\" \/>\n<meta name=\"author\" content=\"moacir\" \/>\n<meta name=\"twitter:card\" content=\"summary_large_image\" \/>\n<meta name=\"twitter:label1\" content=\"Escrito por\" \/>\n\t<meta name=\"twitter:data1\" content=\"moacir\" \/>\n\t<meta name=\"twitter:label2\" content=\"Est. tempo de leitura\" \/>\n\t<meta name=\"twitter:data2\" content=\"2 minutos\" \/>\n<script type=\"application\/ld+json\" class=\"yoast-schema-graph\">{\"@context\":\"https:\/\/schema.org\",\"@graph\":[{\"@type\":\"WebSite\",\"@id\":\"https:\/\/franciscanos.org.br\/noticias\/#website\",\"url\":\"https:\/\/franciscanos.org.br\/noticias\/\",\"name\":\"Not\u00edcias - Franciscanos\",\"description\":\"Prov\u00edncia Franciscana da Imaculada Concei\u00e7\u00e3o do Brasil - Ordem dos Frades Menores - OFM\",\"potentialAction\":[{\"@type\":\"SearchAction\",\"target\":{\"@type\":\"EntryPoint\",\"urlTemplate\":\"https:\/\/franciscanos.org.br\/noticias\/?s={search_term_string}\"},\"query-input\":\"required name=search_term_string\"}],\"inLanguage\":\"pt-BR\"},{\"@type\":\"ImageObject\",\"inLanguage\":\"pt-BR\",\"@id\":\"https:\/\/franciscanos.org.br\/noticias\/conversao-e-tema-do-retiro-quaresmal-dos-frades-de-profissao-temporaria-de-angola.html#primaryimage\",\"url\":\"https:\/\/franciscanos.org.br\/noticias\/wp-content\/uploads\/2021\/02\/angola_20d.jpg\",\"contentUrl\":\"https:\/\/franciscanos.org.br\/noticias\/wp-content\/uploads\/2021\/02\/angola_20d.jpg\",\"width\":800,\"height\":573},{\"@type\":\"WebPage\",\"@id\":\"https:\/\/franciscanos.org.br\/noticias\/conversao-e-tema-do-retiro-quaresmal-dos-frades-de-profissao-temporaria-de-angola.html#webpage\",\"url\":\"https:\/\/franciscanos.org.br\/noticias\/conversao-e-tema-do-retiro-quaresmal-dos-frades-de-profissao-temporaria-de-angola.html\",\"name\":\"Convers\u00e3o \u00e9 tema do Retiro Quaresmal dos Frades de profiss\u00e3o tempor\u00e1ria de Angola - Not\u00edcias - Franciscanos\",\"isPartOf\":{\"@id\":\"https:\/\/franciscanos.org.br\/noticias\/#website\"},\"primaryImageOfPage\":{\"@id\":\"https:\/\/franciscanos.org.br\/noticias\/conversao-e-tema-do-retiro-quaresmal-dos-frades-de-profissao-temporaria-de-angola.html#primaryimage\"},\"datePublished\":\"2021-02-20T18:11:51+00:00\",\"dateModified\":\"2021-02-20T18:11:51+00:00\",\"author\":{\"@id\":\"https:\/\/franciscanos.org.br\/noticias\/#\/schema\/person\/b5c8cba458c330ccff548b056e95a5d4\"},\"breadcrumb\":{\"@id\":\"https:\/\/franciscanos.org.br\/noticias\/conversao-e-tema-do-retiro-quaresmal-dos-frades-de-profissao-temporaria-de-angola.html#breadcrumb\"},\"inLanguage\":\"pt-BR\",\"potentialAction\":[{\"@type\":\"ReadAction\",\"target\":[\"https:\/\/franciscanos.org.br\/noticias\/conversao-e-tema-do-retiro-quaresmal-dos-frades-de-profissao-temporaria-de-angola.html\"]}]},{\"@type\":\"BreadcrumbList\",\"@id\":\"https:\/\/franciscanos.org.br\/noticias\/conversao-e-tema-do-retiro-quaresmal-dos-frades-de-profissao-temporaria-de-angola.html#breadcrumb\",\"itemListElement\":[{\"@type\":\"ListItem\",\"position\":1,\"name\":\"Home\",\"item\":\"https:\/\/franciscanos.org.br\/noticias\"},{\"@type\":\"ListItem\",\"position\":2,\"name\":\"Convers\u00e3o \u00e9 tema do Retiro Quaresmal dos Frades de profiss\u00e3o tempor\u00e1ria de Angola\"}]},{\"@type\":\"Person\",\"@id\":\"https:\/\/franciscanos.org.br\/noticias\/#\/schema\/person\/b5c8cba458c330ccff548b056e95a5d4\",\"name\":\"moacir\",\"image\":{\"@type\":\"ImageObject\",\"inLanguage\":\"pt-BR\",\"@id\":\"https:\/\/franciscanos.org.br\/noticias\/#\/schema\/person\/image\/\",\"url\":\"https:\/\/secure.gravatar.com\/avatar\/d08aa2ce4c8dd416d4479aa8536fcf64?s=96&d=mm&r=g\",\"contentUrl\":\"https:\/\/secure.gravatar.com\/avatar\/d08aa2ce4c8dd416d4479aa8536fcf64?s=96&d=mm&r=g\",\"caption\":\"moacir\"},\"url\":\"https:\/\/franciscanos.org.br\/noticias\/author\/moacir\"}]}<\/script>\n<!-- \/ Yoast SEO plugin. -->","yoast_head_json":{"title":"Convers\u00e3o \u00e9 tema do Retiro Quaresmal dos Frades de profiss\u00e3o tempor\u00e1ria de Angola - Not\u00edcias - Franciscanos","robots":{"index":"index","follow":"follow","max-snippet":"max-snippet:-1","max-image-preview":"max-image-preview:large","max-video-preview":"max-video-preview:-1"},"canonical":"https:\/\/franciscanos.org.br\/noticias\/conversao-e-tema-do-retiro-quaresmal-dos-frades-de-profissao-temporaria-de-angola.html","og_locale":"pt_BR","og_type":"article","og_title":"Convers\u00e3o \u00e9 tema do Retiro Quaresmal dos Frades de profiss\u00e3o tempor\u00e1ria de Angola - Not\u00edcias - Franciscanos","og_description":"Miss\u00e3o de Angola","og_url":"https:\/\/franciscanos.org.br\/noticias\/conversao-e-tema-do-retiro-quaresmal-dos-frades-de-profissao-temporaria-de-angola.html","og_site_name":"Not\u00edcias - Franciscanos","article_published_time":"2021-02-20T18:11:51+00:00","og_image":[{"width":800,"height":573,"url":"https:\/\/franciscanos.org.br\/noticias\/wp-content\/uploads\/2021\/02\/angola_20d.jpg","type":"image\/jpeg"}],"author":"moacir","twitter_card":"summary_large_image","twitter_misc":{"Escrito por":"moacir","Est. tempo de leitura":"2 minutos"},"schema":{"@context":"https:\/\/schema.org","@graph":[{"@type":"WebSite","@id":"https:\/\/franciscanos.org.br\/noticias\/#website","url":"https:\/\/franciscanos.org.br\/noticias\/","name":"Not\u00edcias - Franciscanos","description":"Prov\u00edncia Franciscana da Imaculada Concei\u00e7\u00e3o do Brasil - Ordem dos Frades Menores - OFM","potentialAction":[{"@type":"SearchAction","target":{"@type":"EntryPoint","urlTemplate":"https:\/\/franciscanos.org.br\/noticias\/?s={search_term_string}"},"query-input":"required name=search_term_string"}],"inLanguage":"pt-BR"},{"@type":"ImageObject","inLanguage":"pt-BR","@id":"https:\/\/franciscanos.org.br\/noticias\/conversao-e-tema-do-retiro-quaresmal-dos-frades-de-profissao-temporaria-de-angola.html#primaryimage","url":"https:\/\/franciscanos.org.br\/noticias\/wp-content\/uploads\/2021\/02\/angola_20d.jpg","contentUrl":"https:\/\/franciscanos.org.br\/noticias\/wp-content\/uploads\/2021\/02\/angola_20d.jpg","width":800,"height":573},{"@type":"WebPage","@id":"https:\/\/franciscanos.org.br\/noticias\/conversao-e-tema-do-retiro-quaresmal-dos-frades-de-profissao-temporaria-de-angola.html#webpage","url":"https:\/\/franciscanos.org.br\/noticias\/conversao-e-tema-do-retiro-quaresmal-dos-frades-de-profissao-temporaria-de-angola.html","name":"Convers\u00e3o \u00e9 tema do Retiro Quaresmal dos Frades de profiss\u00e3o tempor\u00e1ria de Angola - Not\u00edcias - Franciscanos","isPartOf":{"@id":"https:\/\/franciscanos.org.br\/noticias\/#website"},"primaryImageOfPage":{"@id":"https:\/\/franciscanos.org.br\/noticias\/conversao-e-tema-do-retiro-quaresmal-dos-frades-de-profissao-temporaria-de-angola.html#primaryimage"},"datePublished":"2021-02-20T18:11:51+00:00","dateModified":"2021-02-20T18:11:51+00:00","author":{"@id":"https:\/\/franciscanos.org.br\/noticias\/#\/schema\/person\/b5c8cba458c330ccff548b056e95a5d4"},"breadcrumb":{"@id":"https:\/\/franciscanos.org.br\/noticias\/conversao-e-tema-do-retiro-quaresmal-dos-frades-de-profissao-temporaria-de-angola.html#breadcrumb"},"inLanguage":"pt-BR","potentialAction":[{"@type":"ReadAction","target":["https:\/\/franciscanos.org.br\/noticias\/conversao-e-tema-do-retiro-quaresmal-dos-frades-de-profissao-temporaria-de-angola.html"]}]},{"@type":"BreadcrumbList","@id":"https:\/\/franciscanos.org.br\/noticias\/conversao-e-tema-do-retiro-quaresmal-dos-frades-de-profissao-temporaria-de-angola.html#breadcrumb","itemListElement":[{"@type":"ListItem","position":1,"name":"Home","item":"https:\/\/franciscanos.org.br\/noticias"},{"@type":"ListItem","position":2,"name":"Convers\u00e3o \u00e9 tema do Retiro Quaresmal dos Frades de profiss\u00e3o tempor\u00e1ria de Angola"}]},{"@type":"Person","@id":"https:\/\/franciscanos.org.br\/noticias\/#\/schema\/person\/b5c8cba458c330ccff548b056e95a5d4","name":"moacir","image":{"@type":"ImageObject","inLanguage":"pt-BR","@id":"https:\/\/franciscanos.org.br\/noticias\/#\/schema\/person\/image\/","url":"https:\/\/secure.gravatar.com\/avatar\/d08aa2ce4c8dd416d4479aa8536fcf64?s=96&d=mm&r=g","contentUrl":"https:\/\/secure.gravatar.com\/avatar\/d08aa2ce4c8dd416d4479aa8536fcf64?s=96&d=mm&r=g","caption":"moacir"},"url":"https:\/\/franciscanos.org.br\/noticias\/author\/moacir"}]}},"_links":{"self":[{"href":"https:\/\/franciscanos.org.br\/noticias\/wp-json\/wp\/v2\/posts\/230861"}],"collection":[{"href":"https:\/\/franciscanos.org.br\/noticias\/wp-json\/wp\/v2\/posts"}],"about":[{"href":"https:\/\/franciscanos.org.br\/noticias\/wp-json\/wp\/v2\/types\/post"}],"author":[{"embeddable":true,"href":"https:\/\/franciscanos.org.br\/noticias\/wp-json\/wp\/v2\/users\/3"}],"replies":[{"embeddable":true,"href":"https:\/\/franciscanos.org.br\/noticias\/wp-json\/wp\/v2\/comments?post=230861"}],"version-history":[{"count":1,"href":"https:\/\/franciscanos.org.br\/noticias\/wp-json\/wp\/v2\/posts\/230861\/revisions"}],"predecessor-version":[{"id":230870,"href":"https:\/\/franciscanos.org.br\/noticias\/wp-json\/wp\/v2\/posts\/230861\/revisions\/230870"}],"wp:featuredmedia":[{"embeddable":true,"href":"https:\/\/franciscanos.org.br\/noticias\/wp-json\/wp\/v2\/media\/230869"}],"wp:attachment":[{"href":"https:\/\/franciscanos.org.br\/noticias\/wp-json\/wp\/v2\/media?parent=230861"}],"wp:term":[{"taxonomy":"category","embeddable":true,"href":"https:\/\/franciscanos.org.br\/noticias\/wp-json\/wp\/v2\/categories?post=230861"},{"taxonomy":"post_tag","embeddable":true,"href":"https:\/\/franciscanos.org.br\/noticias\/wp-json\/wp\/v2\/tags?post=230861"}],"curies":[{"name":"wp","href":"https:\/\/api.w.org\/{rel}","templated":true}]}}