{"id":230849,"date":"2021-02-19T09:46:17","date_gmt":"2021-02-19T12:46:17","guid":{"rendered":"https:\/\/franciscanos.org.br\/noticias\/?p=230849"},"modified":"2021-02-27T20:25:10","modified_gmt":"2021-02-27T23:25:10","slug":"comeca-hoje-as-20-horas-a-novena-virtual-frei-bruno","status":"publish","type":"post","link":"https:\/\/franciscanos.org.br\/noticias\/comeca-hoje-as-20-horas-a-novena-virtual-frei-bruno.html","title":{"rendered":"Acompanhe a Novena Virtual Frei Bruno"},"content":{"rendered":"<p><img loading=\"lazy\" class=\"alignnone size-full wp-image-230850\" src=\"https:\/\/franciscanos.org.br\/noticias\/wp-content\/uploads\/2021\/02\/pagina-1280x720-1.png\" alt=\"\" width=\"1280\" height=\"720\" srcset=\"https:\/\/franciscanos.org.br\/noticias\/wp-content\/uploads\/2021\/02\/pagina-1280x720-1.png 1280w, https:\/\/franciscanos.org.br\/noticias\/wp-content\/uploads\/2021\/02\/pagina-1280x720-1-450x253.png 450w, https:\/\/franciscanos.org.br\/noticias\/wp-content\/uploads\/2021\/02\/pagina-1280x720-1-1024x576.png 1024w, https:\/\/franciscanos.org.br\/noticias\/wp-content\/uploads\/2021\/02\/pagina-1280x720-1-768x432.png 768w, https:\/\/franciscanos.org.br\/noticias\/wp-content\/uploads\/2021\/02\/pagina-1280x720-1-150x84.png 150w\" sizes=\"(max-width: 1280px) 100vw, 1280px\" \/><\/p>\n<p>O frade franciscano Frei Bruno Linden, que todo ano \u00e9 lembrado durante a Caminhada Penitencial em Joa\u00e7aba (SC), neste ano ter\u00e1 sua mem\u00f3ria celebrada pela Prov\u00edncia Franciscana da Imaculada Concei\u00e7\u00e3o durante uma Novena Virtual na <strong>TVFranciscanos<\/strong>, envolvendo as Fraternidades de Norte a Sul da Prov\u00edncia. Para celebrar este momento, a novena ter\u00e1 como tema principal &#8220;Junto com Frei Bruno, evangelizando sempre&#8221;.<\/p>\n<p>Os fi\u00e9is devotos poder\u00e3o acompanhar a novena todos os dias \u00e0s 20 horas. Esta devo\u00e7\u00e3o antecede \u00e0 31\u00aa Caminhada Penitencial Frei Bruno, no dia 28 de fevereiro, o segundo domingo da Quaresma, que este ano ser\u00e1 virtual na cidade catarinense onde morreu Frei Bruno. Esta Caminhada \u00e9 uma demonstra\u00e7\u00e3o de f\u00e9 e penit\u00eancia na regi\u00e3o Meio-Oeste de Santa Catarina e que cresceu muito com o processo de beatifica\u00e7\u00e3o do frade brasileiro no Vaticano.<\/p>\n<p>&#8220;A novena virtual surge como forma de mantermos a comunh\u00e3o de louvor e gratid\u00e3o pela bela miss\u00e3o evangelizadora de Frei Bruno e de todos os confrades que constru\u00edram esta bela hist\u00f3ria no territ\u00f3rio onde nossa Prov\u00edncia est\u00e1 presente. Rezar a partir de belas hist\u00f3rias do passado tamb\u00e9m serve para n\u00f3s animar no presente, nutrindo a certeza de que Deus continua a nos impulsionar. Tenho certeza de que vamos fazer um belo percurso de ora\u00e7\u00e3o sob a interse\u00e7\u00e3o de Frei Bruno&#8221;, explicou o Vig\u00e1rio Provincial e Secret\u00e1rio de Evangeliza\u00e7\u00e3o da Prov\u00edncia, Frei Gustavo Medella.<\/p>\n<p><strong>HOJE, \u00c0S 20 HORAS!<\/strong><\/p>\n<p>A Novena Virtual come\u00e7a hoje, \u00e0s 20 horas, e vai at\u00e9 o dia 27 de fevereiro, v\u00e9spera do dia da Caminhada Penitencial em Joa\u00e7aba.<\/p>\n<p><strong>PRIMEIRO DIA &#8211; \u201cFrei Bruno e a coragem do disc\u00edpulo mission\u00e1rio\u201d<\/strong><\/p>\n<p>Neste primeiro dia, 19 de fevereiro, o tema \u201cFrei Bruno e a coragem do disc\u00edpulo mission\u00e1rio\u201d destaca o jovem alem\u00e3o, que aos 18 anos ingressa no Noviciado dos Franciscanos da Sax\u00f4nia, em Harreveld, na Holanda, e veste o h\u00e1bito franciscano no dia 13 de maio de 1894. O famoso padre-mestre Frei Osmundo Laumann deixou-lhe lembran\u00e7a indel\u00e9vel nas poucas semanas que passou debaixo de sua tutela. Logo ele e um grupo de frades foram destinados para a \u201cMiss\u00e3o Brasileira\u201d. Trocaram o convento por um navio transatl\u00e2ntico que os levou \u00e0 Bahia. Aportaram em Salvador aos 12 de julho de 1894&#8243;.<\/p>\n<p>No primeiro dia de nossa novena, vamos \u00e0 Fraternidade do Divino Esp\u00edrito Santo, em Vila Velha, ES, de onde reza conosco <strong>Frei Clar\u00eancio Neotti,<\/strong> autor do livro &#8220;Frei Bruno Linden para todos&#8221; e que tem trabalhado firme no processo de beatifica\u00e7\u00e3o do Frei Bruno.<\/p>\n<p><iframe loading=\"lazy\" title=\"Novena virtual de Frei Bruno Linden | 1\u00ba dia: \u201cFrei Bruno e a coragem do disc\u00edpulo mission\u00e1rio\u201d\" width=\"500\" height=\"281\" src=\"https:\/\/www.youtube.com\/embed\/rHk8LV5hBcg?feature=oembed\" frameborder=\"0\" allow=\"accelerometer; autoplay; clipboard-write; encrypted-media; gyroscope; picture-in-picture\" allowfullscreen><\/iframe><\/p>\n<h3>ACOMPANHE NA TV FRANCISCANOS (<a href=\"https:\/\/www.youtube.com\/user\/tvfranciscanos\">youtube.com\/tvfranciscanos<\/a>) \u00c0S 20 HORAS!<\/h3>\n<hr \/>\n<p><strong>SEGUNDO DIA &#8211; \u201cFrei Bruno, Ministro de Cristo na Igreja\u201d.<\/strong><\/p>\n<p>Neste s\u00e1bado, 20 de fevereiro, \u00e0s 20 horas, o tema \u00e9 \u201cFrei Bruno, Ministro de Cristo na Igreja\u201d.<br \/>\n&#8220;Na virada do s\u00e9culo, foi enviado para Petr\u00f3polis (RJ), onde foi ordenado sacerdote em 1\u00ba de maio de 1901 e aprovado para a cura d\u2019almas em fins do mesmo ano&#8221;. E \u00e9 de Petr\u00f3polis, na Fraternidade do Sagrado Cora\u00e7\u00e3o com Jesus, que reza conosco <b>\u00a0Frei Felipe Medeiros Carretta.<\/b><\/p>\n<p>&nbsp;<\/p>\n<p><iframe loading=\"lazy\" title=\"Novena virtual de Frei Bruno Linden | 2\u00ba dia: \u201cFrei Bruno, Ministro de Cristo na Igreja\u201d\" width=\"500\" height=\"281\" src=\"https:\/\/www.youtube.com\/embed\/e8ifcxgD1wQ?feature=oembed\" frameborder=\"0\" allow=\"accelerometer; autoplay; clipboard-write; encrypted-media; gyroscope; picture-in-picture\" allowfullscreen><\/iframe><\/p>\n<p><strong>TERCEIRO DIA &#8211; \u201cFrei Bruno, Evangelizador do Sul do Brasil\u201d<\/strong><\/p>\n<p>Em 1904, Frei Bruno foi transferido para Gaspar, Santa Catarina, primeiro como superior e p\u00e1roco at\u00e9 1906, continuando no mesmo lugar mais tr\u00eas anos como coadjutor&#8221;.<\/p>\n<p>Neste domingo, 21 de fevereiro,\u00a0 vamos para Gaspar, junto com a Fraternidade S\u00e3o Jos\u00e9 e Par\u00f3quia S\u00e3o Pedro Ap\u00f3stolo. Quem reza conosco \u00e9 o p\u00e1roco, Frei Paulo Moura.<\/p>\n<p><iframe loading=\"lazy\" title=\"Novena virtual de Frei Bruno Linden | 3\u00ba dia: \u201cFrei Bruno, Evangelizador do Sul do Brasil\u201d\" width=\"500\" height=\"281\" src=\"https:\/\/www.youtube.com\/embed\/hPuJaldIW68?feature=oembed\" frameborder=\"0\" allow=\"accelerometer; autoplay; clipboard-write; encrypted-media; gyroscope; picture-in-picture\" allowfullscreen><\/iframe><\/p>\n<hr \/>\n<p><strong>QUARTO DIA\u00a0 &#8211; \u201cFrei Bruno, fiel nas tarefas mais simples\u201d<\/strong><\/p>\n<p>&#8220;A pr\u00f3xima transfer\u00eancia levou-o a S\u00e3o Jos\u00e9, regi\u00e3o de Florian\u00f3polis, Santa Catarina, na fun\u00e7\u00e3o de coadjutor e bibliotec\u00e1rio; mais tarde, isto \u00e9, desde 1914, como vig\u00e1rio da par\u00f3quia\u201d.<\/p>\n<p>Vamos a Florian\u00f3polis, rezar com a Fraternidade Santo Ant\u00f4nio. Quem est\u00e1 conosco \u00e9 o p\u00e1roco, Frei Germano Guesser. Paz e Bem, Frei Germano!<\/p>\n<p><iframe loading=\"lazy\" title=\"Novena virtual de Frei Bruno Linden | 4\u00ba dia: \u201cFrei Bruno, fiel nas tarefas mais simples\u201d\" width=\"500\" height=\"281\" src=\"https:\/\/www.youtube.com\/embed\/zEjC8-Wry5Q?feature=oembed\" frameborder=\"0\" allow=\"accelerometer; autoplay; clipboard-write; encrypted-media; gyroscope; picture-in-picture\" allowfullscreen><\/iframe><\/p>\n<hr \/>\n<p><strong>QUINTO DIA \u2013 \u201cFrei Bruno, filho amado de S\u00e3o Francisco\u201d<\/strong><\/p>\n<p>\u201cEntre 1926 e 1945 teve uma prolongada estadia em Rodeio, Santa Catarina, no Convento do Noviciado, onde quase todo o tempo era guardi\u00e3o e vig\u00e1rio. Durante quase 20 anos edificou sem cessar o povo de fora e os religiosos de dentro com seu exemplo de aut\u00eantico frade menor e arauto de Cristo&#8221;. Nossa parada hoje, 23 de fevereiro, \u00e9 em Rodeio, junto \u00e0 Fraternidade S\u00e3o Francisco, de onde reza conosco o Mestre de Novi\u00e7os, Frei Rodrigo da Silva Santos. Paz e Bem, Frei Rodrigo!<\/p>\n<p><iframe loading=\"lazy\" title=\"Novena virtual de Frei Bruno Linden | 5\u00ba dia \u201cFrei Bruno, filho amado de S\u00e3o Francisco\u201d\" width=\"500\" height=\"281\" src=\"https:\/\/www.youtube.com\/embed\/hUyKyy6HI7o?feature=oembed\" frameborder=\"0\" allow=\"accelerometer; autoplay; clipboard-write; encrypted-media; gyroscope; picture-in-picture\" allowfullscreen><\/iframe><\/p>\n<hr \/>\n<p><strong>SEXTO DIA\u00a0 \u2013 \u201cFrei Bruno, testemunho de dedica\u00e7\u00e3o \u00e0 miss\u00e3o\u201d<\/strong><\/p>\n<p>&#8220;O Cap\u00edtulo Provincial de 1945 transferiu Frei Bruno de Rodeio para Esteves J\u00fanior. L\u00e1 permaneceu s\u00f3 poucos meses, pois no fim do mesmo ano foi designado superior e p\u00e1roco de Xaxim, Santa Catarina. Completou dois tri\u00eanios \u00e0 frente da casa, continuando no mesmo lugar como coadjutor at\u00e9 1956\u201d.<\/p>\n<p>De Xaxim, junto \u00e0 Fraternidade S\u00e3o Luis Gonzaga, reza conosco o P\u00e1roco, Frei Gilson Kammer.<\/p>\n<p><iframe loading=\"lazy\" title=\"Novena virtual de Frei Bruno Linden | 6\u00ba dia \u201cFrei Bruno, testemunho de dedica\u00e7\u00e3o \u00e0 miss\u00e3o\u201d\" width=\"500\" height=\"281\" src=\"https:\/\/www.youtube.com\/embed\/hpUSIhx84U8?feature=oembed\" frameborder=\"0\" allow=\"accelerometer; autoplay; clipboard-write; encrypted-media; gyroscope; picture-in-picture\" allowfullscreen><\/iframe><\/p>\n<hr \/>\n<p><strong>S\u00c9TIMO DIA \u2013 \u201cFrei Bruno, entusiasmado at\u00e9 o fim\u201d<\/strong><\/p>\n<p>&#8221; Luzerna a fim de passar uma temporada de repouso, ou, como ele mesmo entendia, preparar-se para a morte. No entanto, apesar dos sofrimentos da idade avan\u00e7ada e das fragilidades na sa\u00fade, Frei Bruno fazia quest\u00e3o de continuar suas caminhadas para espalhar o bem a todos. A pedido dos confrades, foi passar uns dias em Joa\u00e7aba, onde descobriu novas oportunidades de apostolado. Voltou a Luzerna sem dizer nada, mas quatro dias depois apareceu outra vez em Joa\u00e7aba, disposto a ficar. Era o dia 2 de fevereiro de 1956&#8243;.<\/p>\n<p>De Luzerna, Santa Catarina, Junto \u00e0 Fraternidade S\u00e3o Jo\u00e3o Batista, reza conosco o vig\u00e1rio paroquial, Frei Luiz Toigo.<\/p>\n<p><iframe loading=\"lazy\" title=\"Novena de Frei Bruno Linden | 7\u00ba dia: \u201cFrei Bruno, entusiasmado at\u00e9 o fim\u201d\" width=\"500\" height=\"281\" src=\"https:\/\/www.youtube.com\/embed\/STYtRS8lvus?feature=oembed\" frameborder=\"0\" allow=\"accelerometer; autoplay; clipboard-write; encrypted-media; gyroscope; picture-in-picture\" allowfullscreen><\/iframe><\/p>\n<hr \/>\n<p><strong>OITAVO DIA \u2013 \u201cFrei Bruno, do cora\u00e7\u00e3o do povo \u00e0 gl\u00f3ria dos santos\u201d<\/strong><\/p>\n<p>Em seus \u00faltimos anos de vida, Frei Bruno celebrava sua Santa Missa \u00e0s 5h30 no altar de Nossa Senhora. A\u00ed, ele dava a comunh\u00e3o \u00e0s pessoas que madrugavam. Ap\u00f3s a missa, no confession\u00e1rio era sempre procurado. O confession\u00e1rio de Frei Bruno era uma arma\u00e7\u00e3o muito simples. De um lado a cadeira de confessor, do outro, o banquinho de ajoelhar para o penitente. Terminando com as confiss\u00f5es, Frei Bruno costumava ajoelhar-se naquele banquinho. Faleceu no dia 25 de fevereiro de 1960 e deixou seu nome gravado no cora\u00e7\u00e3o do povo de Deus.<\/p>\n<p>Hoje quem reza conosco \u00e9 a Fraternidade S\u00e3o Pedro Ap\u00f3stolo, de Pato Branco, Paran\u00e1. De l\u00e1 fala conosco o p\u00e1roco e vice-postulador da causa de Frei Bruno, Frei Alex Sandro Ciarnoscki.<\/p>\n<p><iframe loading=\"lazy\" title=\"Novena virtual de Frei Bruno | 8\u00ba dia: \u201cFrei Bruno, do cora\u00e7\u00e3o do povo \u00e0 gl\u00f3ria dos santos\u201d\" width=\"500\" height=\"281\" src=\"https:\/\/www.youtube.com\/embed\/aGNM1_i04KQ?feature=oembed\" frameborder=\"0\" allow=\"accelerometer; autoplay; clipboard-write; encrypted-media; gyroscope; picture-in-picture\" allowfullscreen><\/iframe><\/p>\n<hr \/>\n<p><strong>NONO DIA \u2013 \u201cFrei Bruno e seu legado para n\u00f3s hoje\u201d.<\/strong><\/p>\n<p>Frei Bruno \u00e9 exemplo de quem se fez tudo para todos.\u00a0 Ter em nossa hist\u00f3ria o dom da vida deste confrade \u00e9 imensa responsabilidade para todos n\u00f3s franciscanos. A entrega generosa deste homem que atravessou o oceano e venceu toda sorte de dificuldades serve de modelo e provoca\u00e7\u00e3o \u00e0 nossa Miss\u00e3o Evangelizadora. Com muita justi\u00e7a, Frei Bruno \u00e9 candidato aos altares da santidade reconhecida pela Igreja. Tal eleva\u00e7\u00e3o, ele adquiriu na humildade e no esp\u00edrito de servi\u00e7o, buscando cada dia se conformar ao Cristo do lava-p\u00e9s, ao Cristo da entrega, ao Cristo da Cruz. Ousadia e desprendimento jamais lhe faltaram, bem como a disposi\u00e7\u00e3o obediente de ir aonde fosse enviado, sem medo ou amarras.<\/p>\n<p>Concluindo nossa novena, agradecemos de cora\u00e7\u00e3o a voc\u00ea que se disp\u00f4s a fazer conosco este percurso. Rezemos, com toda f\u00e9, a ora\u00e7\u00e3o pela Beatifica\u00e7\u00e3o de Frei Bruno.<\/p>\n<p><iframe loading=\"lazy\" title=\"Novena virtual de Frei Bruno Linden | 9\u00ba dia: \u201cFrei Bruno e seu legado para n\u00f3s hoje\u201d\" width=\"500\" height=\"281\" src=\"https:\/\/www.youtube.com\/embed\/UZ0rXKI3LVo?feature=oembed\" frameborder=\"0\" allow=\"accelerometer; autoplay; clipboard-write; encrypted-media; gyroscope; picture-in-picture\" allowfullscreen><\/iframe><\/p>\n<p>&nbsp;<\/p>\n<hr \/>\n<p><strong>A CAUSA DE FREI BRUNO<\/strong><\/p>\n<p>O processo da Causa de Frei Bruno recebeu o \u201cnihil obstat\u201d (nada contr\u00e1rio) no dia 7 de maio de 2013, quando o Cardeal Angelo Amato, ent\u00e3o prefeito da Congrega\u00e7\u00e3o para as Causas dos Santos, enviou documento a D. M\u00e1rio Marquez informando n\u00e3o existir impedimento para iniciar oficialmente o processo de beatifica\u00e7\u00e3o do frade franciscano da Prov\u00edncia Franciscana da Imaculada Concei\u00e7\u00e3o do Brasil.<\/p>\n<p>No mesmo ano, no dia 30 de outubro, foi instalado o Tribunal Eclesi\u00e1stico da Diocese, formado por: Pe. Davi Lenor Ribeiro dos Santos, delegado do bispo, Pe. Clair Jos\u00e9 Lovera, promotor de justi\u00e7a; Michelle Selig, not\u00e1ria (secret\u00e1ria); e Cl\u00e1udio Or\u00e7o, not\u00e1rio auxiliar. Trabalhou neste processo tamb\u00e9m uma Comiss\u00e3o hist\u00f3rica formada por Frei Clar\u00eancio Neotti e a historiadora Iraci Lopes, que teve a miss\u00e3o de recolher toda a documenta\u00e7\u00e3o sobre Frei Bruno, tudo o que se escreveu sobre ele e todas as refer\u00eancias \u00e0 vida e santidade de Frei Bruno. Tamb\u00e9m \u00e9 vice-postulador desta causa Frei Alex Sandro Ciarnoscki, hoje residindo na Fraternidade de Pato Branco (PR).<\/p>\n<p>A Romaria de 2013 contou com a participa\u00e7\u00e3o do bispo diocesano Dom Frei M\u00e1rio Marques, do ent\u00e3o Vig\u00e1rio Provincial Frei Est\u00eav\u00e3o Ottenbreit e do postulador franciscano da causa dos santos que reside em Roma, Frei Giovangiuseppe Califano, que p\u00f4de testemunhar essa devo\u00e7\u00e3o popular em vista da Causa de Frei Bruno.<\/p>\n<p><strong>O PROCESSO EST\u00c1 NA FASE ROMANA<\/strong><\/p>\n<p>A Congrega\u00e7\u00e3o para as Causas dos Santos, presidida atualmente por Dom Giovanni Angelo Becciu, deu parecer\u00a0positivo\u00a0 \u00e0 causa de Frei Bruno em dezembro do ano passado. Esse parecer est\u00e1 sendo submetido a vota\u00e7\u00f5es de uma Comiss\u00e3o Teol\u00f3gica e, depois, passar\u00e1 por uma comiss\u00e3o dos bispos e cardeais membros da Congrega\u00e7\u00e3o. Se eles decidirem pela continuidade da causa, enviar\u00e3o ao Papa o pedido para um decreto de reconhecimento das virtudes heroicas. Se o Papa aceitar a solicita\u00e7\u00e3o, o candidato passar\u00e1 a ser chamado \u201cVener\u00e1vel\u201d.<\/p>\n<p>Para ser beato, ou bem-aventurado, que significa representar um modelo de vida para a comunidade, ser\u00e1 necess\u00e1rio o reconhecimento de um milagre realizado por intercess\u00e3o do Servo de Deus. No caso de Frei Bruno, j\u00e1 existem relatos de gra\u00e7as e eventuais curas que ser\u00e3o analisadas pelo Tribunal da Diocese de Joa\u00e7aba. &#8220;Deve-se, portanto, incentivar o povo crist\u00e3o a pedir um milagre pela intercess\u00e3o de Frei Bruno&#8221;, enfatiza o vice-postulador Frei Est\u00eav\u00e3o Ottenbreit, que \u00e9 guardi\u00e3o na Fraternidade do Antonianum em Roma.<\/p>\n<p>Depois, ainda \u00e9 preciso passar por mais uma fase: a canoniza\u00e7\u00e3o. Para ser proclamado santo \u00e9 imprescind\u00edvel a comprova\u00e7\u00e3o de outro milagre, que deve ocorrer ap\u00f3s seu reconhecimento como beato. Frei Est\u00eav\u00e3o lembra que \u00e9 importante rezar e comunicar as gra\u00e7as alcan\u00e7adas.<\/p>\n<p>&nbsp;<\/p>\n<hr \/>\n<h1><a href=\"https:\/\/franciscanos.org.br\/carisma\/especiais\/30-anos-de-caminhada-penitencial-frei-bruno#gsc.tab=0\">VEJA TAMB\u00c9M O ESPECIAL FREI BRUNO<\/a><\/h1>\n","protected":false},"excerpt":{"rendered":"<p>Novena Virtual Frei Bruno Linden<\/p>\n","protected":false},"author":3,"featured_media":230851,"comment_status":"open","ping_status":"open","sticky":false,"template":"","format":"standard","meta":[],"categories":[1],"tags":[873],"acf":[],"yoast_head":"<!-- This site is optimized with the Yoast SEO plugin v19.2 - https:\/\/yoast.com\/wordpress\/plugins\/seo\/ -->\n<title>Acompanhe a Novena Virtual Frei Bruno - Not\u00edcias - Franciscanos<\/title>\n<meta name=\"robots\" content=\"index, follow, max-snippet:-1, max-image-preview:large, max-video-preview:-1\" \/>\n<link rel=\"canonical\" href=\"https:\/\/franciscanos.org.br\/noticias\/comeca-hoje-as-20-horas-a-novena-virtual-frei-bruno.html\" \/>\n<meta property=\"og:locale\" content=\"pt_BR\" \/>\n<meta property=\"og:type\" content=\"article\" \/>\n<meta property=\"og:title\" content=\"Acompanhe a Novena Virtual Frei Bruno - Not\u00edcias - Franciscanos\" \/>\n<meta property=\"og:description\" content=\"Novena Virtual Frei Bruno Linden\" \/>\n<meta property=\"og:url\" content=\"https:\/\/franciscanos.org.br\/noticias\/comeca-hoje-as-20-horas-a-novena-virtual-frei-bruno.html\" \/>\n<meta property=\"og:site_name\" content=\"Not\u00edcias - Franciscanos\" \/>\n<meta property=\"article:published_time\" content=\"2021-02-19T12:46:17+00:00\" \/>\n<meta property=\"article:modified_time\" content=\"2021-02-27T23:25:10+00:00\" \/>\n<meta property=\"og:image\" content=\"https:\/\/franciscanos.org.br\/noticias\/wp-content\/uploads\/2021\/02\/800x600-1.png\" \/>\n\t<meta property=\"og:image:width\" content=\"800\" \/>\n\t<meta property=\"og:image:height\" content=\"600\" \/>\n\t<meta property=\"og:image:type\" content=\"image\/png\" \/>\n<meta name=\"author\" content=\"moacir\" \/>\n<meta name=\"twitter:card\" content=\"summary_large_image\" \/>\n<meta name=\"twitter:label1\" content=\"Escrito por\" \/>\n\t<meta name=\"twitter:data1\" content=\"moacir\" \/>\n\t<meta name=\"twitter:label2\" content=\"Est. tempo de leitura\" \/>\n\t<meta name=\"twitter:data2\" content=\"9 minutos\" \/>\n<script type=\"application\/ld+json\" class=\"yoast-schema-graph\">{\"@context\":\"https:\/\/schema.org\",\"@graph\":[{\"@type\":\"WebSite\",\"@id\":\"https:\/\/franciscanos.org.br\/noticias\/#website\",\"url\":\"https:\/\/franciscanos.org.br\/noticias\/\",\"name\":\"Not\u00edcias - Franciscanos\",\"description\":\"Prov\u00edncia Franciscana da Imaculada Concei\u00e7\u00e3o do Brasil - Ordem dos Frades Menores - OFM\",\"potentialAction\":[{\"@type\":\"SearchAction\",\"target\":{\"@type\":\"EntryPoint\",\"urlTemplate\":\"https:\/\/franciscanos.org.br\/noticias\/?s={search_term_string}\"},\"query-input\":\"required name=search_term_string\"}],\"inLanguage\":\"pt-BR\"},{\"@type\":\"ImageObject\",\"inLanguage\":\"pt-BR\",\"@id\":\"https:\/\/franciscanos.org.br\/noticias\/comeca-hoje-as-20-horas-a-novena-virtual-frei-bruno.html#primaryimage\",\"url\":\"https:\/\/franciscanos.org.br\/noticias\/wp-content\/uploads\/2021\/02\/800x600-1.png\",\"contentUrl\":\"https:\/\/franciscanos.org.br\/noticias\/wp-content\/uploads\/2021\/02\/800x600-1.png\",\"width\":800,\"height\":600},{\"@type\":\"WebPage\",\"@id\":\"https:\/\/franciscanos.org.br\/noticias\/comeca-hoje-as-20-horas-a-novena-virtual-frei-bruno.html#webpage\",\"url\":\"https:\/\/franciscanos.org.br\/noticias\/comeca-hoje-as-20-horas-a-novena-virtual-frei-bruno.html\",\"name\":\"Acompanhe a Novena Virtual Frei Bruno - Not\u00edcias - Franciscanos\",\"isPartOf\":{\"@id\":\"https:\/\/franciscanos.org.br\/noticias\/#website\"},\"primaryImageOfPage\":{\"@id\":\"https:\/\/franciscanos.org.br\/noticias\/comeca-hoje-as-20-horas-a-novena-virtual-frei-bruno.html#primaryimage\"},\"datePublished\":\"2021-02-19T12:46:17+00:00\",\"dateModified\":\"2021-02-27T23:25:10+00:00\",\"author\":{\"@id\":\"https:\/\/franciscanos.org.br\/noticias\/#\/schema\/person\/b5c8cba458c330ccff548b056e95a5d4\"},\"breadcrumb\":{\"@id\":\"https:\/\/franciscanos.org.br\/noticias\/comeca-hoje-as-20-horas-a-novena-virtual-frei-bruno.html#breadcrumb\"},\"inLanguage\":\"pt-BR\",\"potentialAction\":[{\"@type\":\"ReadAction\",\"target\":[\"https:\/\/franciscanos.org.br\/noticias\/comeca-hoje-as-20-horas-a-novena-virtual-frei-bruno.html\"]}]},{\"@type\":\"BreadcrumbList\",\"@id\":\"https:\/\/franciscanos.org.br\/noticias\/comeca-hoje-as-20-horas-a-novena-virtual-frei-bruno.html#breadcrumb\",\"itemListElement\":[{\"@type\":\"ListItem\",\"position\":1,\"name\":\"Home\",\"item\":\"https:\/\/franciscanos.org.br\/noticias\"},{\"@type\":\"ListItem\",\"position\":2,\"name\":\"Acompanhe a Novena Virtual Frei Bruno\"}]},{\"@type\":\"Person\",\"@id\":\"https:\/\/franciscanos.org.br\/noticias\/#\/schema\/person\/b5c8cba458c330ccff548b056e95a5d4\",\"name\":\"moacir\",\"image\":{\"@type\":\"ImageObject\",\"inLanguage\":\"pt-BR\",\"@id\":\"https:\/\/franciscanos.org.br\/noticias\/#\/schema\/person\/image\/\",\"url\":\"https:\/\/secure.gravatar.com\/avatar\/d08aa2ce4c8dd416d4479aa8536fcf64?s=96&d=mm&r=g\",\"contentUrl\":\"https:\/\/secure.gravatar.com\/avatar\/d08aa2ce4c8dd416d4479aa8536fcf64?s=96&d=mm&r=g\",\"caption\":\"moacir\"},\"url\":\"https:\/\/franciscanos.org.br\/noticias\/author\/moacir\"}]}<\/script>\n<!-- \/ Yoast SEO plugin. -->","yoast_head_json":{"title":"Acompanhe a Novena Virtual Frei Bruno - Not\u00edcias - Franciscanos","robots":{"index":"index","follow":"follow","max-snippet":"max-snippet:-1","max-image-preview":"max-image-preview:large","max-video-preview":"max-video-preview:-1"},"canonical":"https:\/\/franciscanos.org.br\/noticias\/comeca-hoje-as-20-horas-a-novena-virtual-frei-bruno.html","og_locale":"pt_BR","og_type":"article","og_title":"Acompanhe a Novena Virtual Frei Bruno - Not\u00edcias - Franciscanos","og_description":"Novena Virtual Frei Bruno Linden","og_url":"https:\/\/franciscanos.org.br\/noticias\/comeca-hoje-as-20-horas-a-novena-virtual-frei-bruno.html","og_site_name":"Not\u00edcias - Franciscanos","article_published_time":"2021-02-19T12:46:17+00:00","article_modified_time":"2021-02-27T23:25:10+00:00","og_image":[{"width":800,"height":600,"url":"https:\/\/franciscanos.org.br\/noticias\/wp-content\/uploads\/2021\/02\/800x600-1.png","type":"image\/png"}],"author":"moacir","twitter_card":"summary_large_image","twitter_misc":{"Escrito por":"moacir","Est. tempo de leitura":"9 minutos"},"schema":{"@context":"https:\/\/schema.org","@graph":[{"@type":"WebSite","@id":"https:\/\/franciscanos.org.br\/noticias\/#website","url":"https:\/\/franciscanos.org.br\/noticias\/","name":"Not\u00edcias - Franciscanos","description":"Prov\u00edncia Franciscana da Imaculada Concei\u00e7\u00e3o do Brasil - Ordem dos Frades Menores - OFM","potentialAction":[{"@type":"SearchAction","target":{"@type":"EntryPoint","urlTemplate":"https:\/\/franciscanos.org.br\/noticias\/?s={search_term_string}"},"query-input":"required name=search_term_string"}],"inLanguage":"pt-BR"},{"@type":"ImageObject","inLanguage":"pt-BR","@id":"https:\/\/franciscanos.org.br\/noticias\/comeca-hoje-as-20-horas-a-novena-virtual-frei-bruno.html#primaryimage","url":"https:\/\/franciscanos.org.br\/noticias\/wp-content\/uploads\/2021\/02\/800x600-1.png","contentUrl":"https:\/\/franciscanos.org.br\/noticias\/wp-content\/uploads\/2021\/02\/800x600-1.png","width":800,"height":600},{"@type":"WebPage","@id":"https:\/\/franciscanos.org.br\/noticias\/comeca-hoje-as-20-horas-a-novena-virtual-frei-bruno.html#webpage","url":"https:\/\/franciscanos.org.br\/noticias\/comeca-hoje-as-20-horas-a-novena-virtual-frei-bruno.html","name":"Acompanhe a Novena Virtual Frei Bruno - Not\u00edcias - Franciscanos","isPartOf":{"@id":"https:\/\/franciscanos.org.br\/noticias\/#website"},"primaryImageOfPage":{"@id":"https:\/\/franciscanos.org.br\/noticias\/comeca-hoje-as-20-horas-a-novena-virtual-frei-bruno.html#primaryimage"},"datePublished":"2021-02-19T12:46:17+00:00","dateModified":"2021-02-27T23:25:10+00:00","author":{"@id":"https:\/\/franciscanos.org.br\/noticias\/#\/schema\/person\/b5c8cba458c330ccff548b056e95a5d4"},"breadcrumb":{"@id":"https:\/\/franciscanos.org.br\/noticias\/comeca-hoje-as-20-horas-a-novena-virtual-frei-bruno.html#breadcrumb"},"inLanguage":"pt-BR","potentialAction":[{"@type":"ReadAction","target":["https:\/\/franciscanos.org.br\/noticias\/comeca-hoje-as-20-horas-a-novena-virtual-frei-bruno.html"]}]},{"@type":"BreadcrumbList","@id":"https:\/\/franciscanos.org.br\/noticias\/comeca-hoje-as-20-horas-a-novena-virtual-frei-bruno.html#breadcrumb","itemListElement":[{"@type":"ListItem","position":1,"name":"Home","item":"https:\/\/franciscanos.org.br\/noticias"},{"@type":"ListItem","position":2,"name":"Acompanhe a Novena Virtual Frei Bruno"}]},{"@type":"Person","@id":"https:\/\/franciscanos.org.br\/noticias\/#\/schema\/person\/b5c8cba458c330ccff548b056e95a5d4","name":"moacir","image":{"@type":"ImageObject","inLanguage":"pt-BR","@id":"https:\/\/franciscanos.org.br\/noticias\/#\/schema\/person\/image\/","url":"https:\/\/secure.gravatar.com\/avatar\/d08aa2ce4c8dd416d4479aa8536fcf64?s=96&d=mm&r=g","contentUrl":"https:\/\/secure.gravatar.com\/avatar\/d08aa2ce4c8dd416d4479aa8536fcf64?s=96&d=mm&r=g","caption":"moacir"},"url":"https:\/\/franciscanos.org.br\/noticias\/author\/moacir"}]}},"_links":{"self":[{"href":"https:\/\/franciscanos.org.br\/noticias\/wp-json\/wp\/v2\/posts\/230849"}],"collection":[{"href":"https:\/\/franciscanos.org.br\/noticias\/wp-json\/wp\/v2\/posts"}],"about":[{"href":"https:\/\/franciscanos.org.br\/noticias\/wp-json\/wp\/v2\/types\/post"}],"author":[{"embeddable":true,"href":"https:\/\/franciscanos.org.br\/noticias\/wp-json\/wp\/v2\/users\/3"}],"replies":[{"embeddable":true,"href":"https:\/\/franciscanos.org.br\/noticias\/wp-json\/wp\/v2\/comments?post=230849"}],"version-history":[{"count":22,"href":"https:\/\/franciscanos.org.br\/noticias\/wp-json\/wp\/v2\/posts\/230849\/revisions"}],"predecessor-version":[{"id":231019,"href":"https:\/\/franciscanos.org.br\/noticias\/wp-json\/wp\/v2\/posts\/230849\/revisions\/231019"}],"wp:featuredmedia":[{"embeddable":true,"href":"https:\/\/franciscanos.org.br\/noticias\/wp-json\/wp\/v2\/media\/230851"}],"wp:attachment":[{"href":"https:\/\/franciscanos.org.br\/noticias\/wp-json\/wp\/v2\/media?parent=230849"}],"wp:term":[{"taxonomy":"category","embeddable":true,"href":"https:\/\/franciscanos.org.br\/noticias\/wp-json\/wp\/v2\/categories?post=230849"},{"taxonomy":"post_tag","embeddable":true,"href":"https:\/\/franciscanos.org.br\/noticias\/wp-json\/wp\/v2\/tags?post=230849"}],"curies":[{"name":"wp","href":"https:\/\/api.w.org\/{rel}","templated":true}]}}