{"id":230843,"date":"2021-02-18T08:09:21","date_gmt":"2021-02-18T11:09:21","guid":{"rendered":"https:\/\/franciscanos.org.br\/noticias\/?p=230843"},"modified":"2021-02-18T08:20:26","modified_gmt":"2021-02-18T11:20:26","slug":"papa-a-fecundidade-do-nosso-testemunho-dependera-tambem-de-nossa-capacidade-de-dialogar","status":"publish","type":"post","link":"https:\/\/franciscanos.org.br\/noticias\/papa-a-fecundidade-do-nosso-testemunho-dependera-tambem-de-nossa-capacidade-de-dialogar.html","title":{"rendered":"Papa: &#8220;A fecundidade do nosso testemunho depender\u00e1 tamb\u00e9m de nossa capacidade de dialogar&#8221;"},"content":{"rendered":"<div id=\"attachment_230844\" style=\"width: 900px\" class=\"wp-caption alignnone\"><img aria-describedby=\"caption-attachment-230844\" loading=\"lazy\" class=\"wp-image-230844 size-full\" src=\"https:\/\/franciscanos.org.br\/noticias\/wp-content\/uploads\/2021\/02\/papa_18.jpg\" alt=\"\" width=\"890\" height=\"501\" srcset=\"https:\/\/franciscanos.org.br\/noticias\/wp-content\/uploads\/2021\/02\/papa_18.jpg 890w, https:\/\/franciscanos.org.br\/noticias\/wp-content\/uploads\/2021\/02\/papa_18-450x253.jpg 450w, https:\/\/franciscanos.org.br\/noticias\/wp-content\/uploads\/2021\/02\/papa_18-768x432.jpg 768w, https:\/\/franciscanos.org.br\/noticias\/wp-content\/uploads\/2021\/02\/papa_18-150x84.jpg 150w\" sizes=\"(max-width: 890px) 100vw, 890px\" \/><p id=\"caption-attachment-230844\" class=\"wp-caption-text\"><em>\u00a0 \u00a0 \u00a0 \u00a0 \u00a0 \u00a0 \u00a0 \u00a0 \u00a0 \u00a0 \u00a0 \u00a0 \u00a0 \u00a0 \u00a0 \u00a0 \u00a0 \u00a0 \u00a0 \u00a0 \u00a0 \u00a0 \u00a0 \u00a0 \u00a0 \u00a0 \u00a0 \u00a0 \u00a0 \u00a0 \u00a0 \u00a0 \u00a0 \u00a0 \u00a0 \u00a0 \u00a0 \u00a0 \u00a0 \u00a0 \u00a0 \u00a0 \u00a0 \u00a0 \u00a0 \u00a0 \u00a0 \u00a0 \u00a0 \u00a0 \u00a0 \u00a0 \u00a0 \u00a0 \u00a0 \u00a0 \u00a0 \u00a0 \u00a0 \u00a0 \u00a0 \u00a0 \u00a0 \u00a0 \u00a0 \u00a0 \u00a0 \u00a0 \u00a0 Imagem: Vatican Media<\/em><\/p><\/div>\n<p>Queridos irm\u00e3os e irm\u00e3s do Brasil!<\/p>\n<p>Com o in\u00edcio da Quaresma, somos convidados a um tempo de intensa reflex\u00e3o e revis\u00e3o de nossas vidas. O Senhor Jesus, que nos convida a caminhar com Ele pelo deserto rumo \u00e0 vit\u00f3ria pascal sobre o pecado e a morte, faz-se peregrino conosco tamb\u00e9m nestes tempos de pandemia. Ele nos convoca e convida a orar pelos que morreram, a bendizer pelo servi\u00e7o abnegado de tantos profissionais da sa\u00fade e a estimular a solidariedade entre as pessoas de boa vontade. Convoca-nos a cuidarmos de n\u00f3s mesmos, de nossa sa\u00fade, e a nos preocuparmos uns pelos outros, como nos ensina na par\u00e1bola do Bom Samaritano (cf. Lc 10, 25-37). Precisamos vencer a pandemia e n\u00f3s o faremos \u00e0 medida em que formos capazes de superar as divis\u00f5es e nos unirmos em torno da vida. Como indiquei na recente Enc\u00edclica Fratelli tutti, \u00abpassada a crise sanit\u00e1ria, a pior rea\u00e7\u00e3o seria cair ainda mais num consumismo febril e em novas formas de autoprote\u00e7\u00e3o ego\u00edsta\u00bb (n. 35). Para que isso n\u00e3o ocorra, a Quaresma nos \u00e9 de grande aux\u00edlio, pois nos chama \u00e0 convers\u00e3o atrav\u00e9s da ora\u00e7\u00e3o, do jejum e da esmola.<\/p>\n<p>Como \u00e9 tradi\u00e7\u00e3o h\u00e1 v\u00e1rias d\u00e9cadas, a Igreja no Brasil promove a Campanha da Fraternidade, como um aux\u00edlio concreto para a viv\u00eancia deste tempo de prepara\u00e7\u00e3o para a P\u00e1scoa. Neste ano de 2021, com o tema \u201cFraternidade e Di\u00e1logo: compromisso de amor\u201d, os fi\u00e9is s\u00e3o convidados a \u00absentar-se a escutar o outro\u00bb e, assim, superar os obst\u00e1culos de um mundo que \u00e9 muitas vezes \u00abum mundo surdo\u00bb. De fato, quando nos dispomos ao di\u00e1logo, estabelecemos \u00abum paradigma de atitude receptiva, de quem supera o narcisismo e acolhe o outro\u00bb (Ibidem, n. 48). E, na base desta renovada cultura do di\u00e1logo est\u00e1 Jesus que, como ensina o lema da Campanha deste ano, \u00ab\u00e9 a nossa paz: do que era dividido fez uma unidade\u00bb (Ef 2,14).<\/p>\n<p>Por outro lado, ao promover o di\u00e1logo como compromisso de amor, a Campanha da Fraternidade lembra que s\u00e3o os crist\u00e3os os primeiros a ter que dar exemplo, come\u00e7ando pela pr\u00e1tica do di\u00e1logo ecum\u00eanico. Certos de que \u00abdevemos sempre lembrar-nos de que somos peregrinos, e peregrinamos juntos\u00bb, no di\u00e1logo ecum\u00eanico podemos verdadeiramente \u00ababrir o cora\u00e7\u00e3o ao companheiro de estrada sem medos nem desconfian\u00e7as, e olhar primariamente para o que procuramos: a paz no rosto do \u00fanico Deus\u00bb (<em>Exort. Apost. Evangelii gaudium<\/em>, n. 244). \u00c9, pois, motivo de esperan\u00e7a, o fato de que este ano, pela quinta vez, a Campanha da Fraternidade seja realizada com as Igrejas que fazem parte do Conselho Nacional das Igrejas Crist\u00e3s do Brasil (CONIC).<\/p>\n<p>Desse modo, os crist\u00e3os brasileiros, na fidelidade ao \u00fanico Senhor Jesus que nos deixou o mandamento de nos amarmos uns aos outros como Ele nos amou (cf. Jo 13,34) e partindo \u00abdo reconhecimento do valor de cada pessoa humana como criatura chamada a ser filho ou filha de Deus, oferecem uma preciosa contribui\u00e7\u00e3o para a constru\u00e7\u00e3o da fraternidade e a defesa da justi\u00e7a na sociedade\u00bb (<em>Carta Enc. Fratelli tutti, n.<\/em> 271). A fecundidade do nosso testemunho depender\u00e1 tamb\u00e9m de nossa capacidade de dialogar, encontrar pontos de uni\u00e3o e os traduzir em a\u00e7\u00f5es em favor da vida, de modo especial, a vida dos mais vulner\u00e1veis. Desejando a gra\u00e7a de uma frutuosa Campanha da Fraternidade Ecum\u00eanica, envio a todos e cada um a B\u00ean\u00e7\u00e3o Apost\u00f3lica, pedindo que nunca deixem de rezar por mim.<\/p>\n<p>Roma, S\u00e3o Jo\u00e3o de Latr\u00e3o, 17 de fevereiro de 2021.<\/p>\n<p>[Franciscus PP.]<\/p>\n<p><iframe loading=\"lazy\" title=\"Mensagem do Papa Francisco por Ocasi\u00e3o da CFE 2021\" width=\"500\" height=\"281\" src=\"https:\/\/www.youtube.com\/embed\/Tpy9zXGIRrc?feature=oembed\" frameborder=\"0\" allow=\"accelerometer; autoplay; clipboard-write; encrypted-media; gyroscope; picture-in-picture\" allowfullscreen><\/iframe><\/p>\n<p>&nbsp;<\/p>\n","protected":false},"excerpt":{"rendered":"<p>Mensagem do Papa Francisco para a Campanha da Fraternidade Ecum\u00eanica<\/p>\n","protected":false},"author":3,"featured_media":230845,"comment_status":"open","ping_status":"open","sticky":false,"template":"","format":"standard","meta":[],"categories":[1428],"tags":[180],"acf":[],"yoast_head":"<!-- This site is optimized with the Yoast SEO plugin v19.2 - https:\/\/yoast.com\/wordpress\/plugins\/seo\/ -->\n<title>Papa: &quot;A fecundidade do nosso testemunho depender\u00e1 tamb\u00e9m de nossa capacidade de dialogar&quot; - Not\u00edcias - Franciscanos<\/title>\n<meta name=\"robots\" content=\"index, follow, max-snippet:-1, max-image-preview:large, max-video-preview:-1\" \/>\n<link rel=\"canonical\" href=\"https:\/\/franciscanos.org.br\/noticias\/papa-a-fecundidade-do-nosso-testemunho-dependera-tambem-de-nossa-capacidade-de-dialogar.html\" \/>\n<meta property=\"og:locale\" content=\"pt_BR\" \/>\n<meta property=\"og:type\" content=\"article\" \/>\n<meta property=\"og:title\" content=\"Papa: &quot;A fecundidade do nosso testemunho depender\u00e1 tamb\u00e9m de nossa capacidade de dialogar&quot; - Not\u00edcias - Franciscanos\" \/>\n<meta property=\"og:description\" content=\"Mensagem do Papa Francisco para a Campanha da Fraternidade Ecum\u00eanica\" \/>\n<meta property=\"og:url\" content=\"https:\/\/franciscanos.org.br\/noticias\/papa-a-fecundidade-do-nosso-testemunho-dependera-tambem-de-nossa-capacidade-de-dialogar.html\" \/>\n<meta property=\"og:site_name\" content=\"Not\u00edcias - Franciscanos\" \/>\n<meta property=\"article:published_time\" content=\"2021-02-18T11:09:21+00:00\" \/>\n<meta property=\"article:modified_time\" content=\"2021-02-18T11:20:26+00:00\" \/>\n<meta property=\"og:image\" content=\"https:\/\/franciscanos.org.br\/noticias\/wp-content\/uploads\/2021\/02\/papa_18d.jpg\" \/>\n\t<meta property=\"og:image:width\" content=\"800\" \/>\n\t<meta property=\"og:image:height\" content=\"600\" \/>\n\t<meta property=\"og:image:type\" content=\"image\/jpeg\" \/>\n<meta name=\"author\" content=\"moacir\" \/>\n<meta name=\"twitter:card\" content=\"summary_large_image\" \/>\n<meta name=\"twitter:label1\" content=\"Escrito por\" \/>\n\t<meta name=\"twitter:data1\" content=\"moacir\" \/>\n\t<meta name=\"twitter:label2\" content=\"Est. tempo de leitura\" \/>\n\t<meta name=\"twitter:data2\" content=\"3 minutos\" \/>\n<script type=\"application\/ld+json\" class=\"yoast-schema-graph\">{\"@context\":\"https:\/\/schema.org\",\"@graph\":[{\"@type\":\"WebSite\",\"@id\":\"https:\/\/franciscanos.org.br\/noticias\/#website\",\"url\":\"https:\/\/franciscanos.org.br\/noticias\/\",\"name\":\"Not\u00edcias - Franciscanos\",\"description\":\"Prov\u00edncia Franciscana da Imaculada Concei\u00e7\u00e3o do Brasil - Ordem dos Frades Menores - OFM\",\"potentialAction\":[{\"@type\":\"SearchAction\",\"target\":{\"@type\":\"EntryPoint\",\"urlTemplate\":\"https:\/\/franciscanos.org.br\/noticias\/?s={search_term_string}\"},\"query-input\":\"required name=search_term_string\"}],\"inLanguage\":\"pt-BR\"},{\"@type\":\"ImageObject\",\"inLanguage\":\"pt-BR\",\"@id\":\"https:\/\/franciscanos.org.br\/noticias\/papa-a-fecundidade-do-nosso-testemunho-dependera-tambem-de-nossa-capacidade-de-dialogar.html#primaryimage\",\"url\":\"https:\/\/franciscanos.org.br\/noticias\/wp-content\/uploads\/2021\/02\/papa_18d.jpg\",\"contentUrl\":\"https:\/\/franciscanos.org.br\/noticias\/wp-content\/uploads\/2021\/02\/papa_18d.jpg\",\"width\":800,\"height\":600},{\"@type\":\"WebPage\",\"@id\":\"https:\/\/franciscanos.org.br\/noticias\/papa-a-fecundidade-do-nosso-testemunho-dependera-tambem-de-nossa-capacidade-de-dialogar.html#webpage\",\"url\":\"https:\/\/franciscanos.org.br\/noticias\/papa-a-fecundidade-do-nosso-testemunho-dependera-tambem-de-nossa-capacidade-de-dialogar.html\",\"name\":\"Papa: \\\"A fecundidade do nosso testemunho depender\u00e1 tamb\u00e9m de nossa capacidade de dialogar\\\" - Not\u00edcias - Franciscanos\",\"isPartOf\":{\"@id\":\"https:\/\/franciscanos.org.br\/noticias\/#website\"},\"primaryImageOfPage\":{\"@id\":\"https:\/\/franciscanos.org.br\/noticias\/papa-a-fecundidade-do-nosso-testemunho-dependera-tambem-de-nossa-capacidade-de-dialogar.html#primaryimage\"},\"datePublished\":\"2021-02-18T11:09:21+00:00\",\"dateModified\":\"2021-02-18T11:20:26+00:00\",\"author\":{\"@id\":\"https:\/\/franciscanos.org.br\/noticias\/#\/schema\/person\/b5c8cba458c330ccff548b056e95a5d4\"},\"breadcrumb\":{\"@id\":\"https:\/\/franciscanos.org.br\/noticias\/papa-a-fecundidade-do-nosso-testemunho-dependera-tambem-de-nossa-capacidade-de-dialogar.html#breadcrumb\"},\"inLanguage\":\"pt-BR\",\"potentialAction\":[{\"@type\":\"ReadAction\",\"target\":[\"https:\/\/franciscanos.org.br\/noticias\/papa-a-fecundidade-do-nosso-testemunho-dependera-tambem-de-nossa-capacidade-de-dialogar.html\"]}]},{\"@type\":\"BreadcrumbList\",\"@id\":\"https:\/\/franciscanos.org.br\/noticias\/papa-a-fecundidade-do-nosso-testemunho-dependera-tambem-de-nossa-capacidade-de-dialogar.html#breadcrumb\",\"itemListElement\":[{\"@type\":\"ListItem\",\"position\":1,\"name\":\"Home\",\"item\":\"https:\/\/franciscanos.org.br\/noticias\"},{\"@type\":\"ListItem\",\"position\":2,\"name\":\"Papa: &#8220;A fecundidade do nosso testemunho depender\u00e1 tamb\u00e9m de nossa capacidade de dialogar&#8221;\"}]},{\"@type\":\"Person\",\"@id\":\"https:\/\/franciscanos.org.br\/noticias\/#\/schema\/person\/b5c8cba458c330ccff548b056e95a5d4\",\"name\":\"moacir\",\"image\":{\"@type\":\"ImageObject\",\"inLanguage\":\"pt-BR\",\"@id\":\"https:\/\/franciscanos.org.br\/noticias\/#\/schema\/person\/image\/\",\"url\":\"https:\/\/secure.gravatar.com\/avatar\/d08aa2ce4c8dd416d4479aa8536fcf64?s=96&d=mm&r=g\",\"contentUrl\":\"https:\/\/secure.gravatar.com\/avatar\/d08aa2ce4c8dd416d4479aa8536fcf64?s=96&d=mm&r=g\",\"caption\":\"moacir\"},\"url\":\"https:\/\/franciscanos.org.br\/noticias\/author\/moacir\"}]}<\/script>\n<!-- \/ Yoast SEO plugin. -->","yoast_head_json":{"title":"Papa: \"A fecundidade do nosso testemunho depender\u00e1 tamb\u00e9m de nossa capacidade de dialogar\" - Not\u00edcias - Franciscanos","robots":{"index":"index","follow":"follow","max-snippet":"max-snippet:-1","max-image-preview":"max-image-preview:large","max-video-preview":"max-video-preview:-1"},"canonical":"https:\/\/franciscanos.org.br\/noticias\/papa-a-fecundidade-do-nosso-testemunho-dependera-tambem-de-nossa-capacidade-de-dialogar.html","og_locale":"pt_BR","og_type":"article","og_title":"Papa: \"A fecundidade do nosso testemunho depender\u00e1 tamb\u00e9m de nossa capacidade de dialogar\" - Not\u00edcias - Franciscanos","og_description":"Mensagem do Papa Francisco para a Campanha da Fraternidade Ecum\u00eanica","og_url":"https:\/\/franciscanos.org.br\/noticias\/papa-a-fecundidade-do-nosso-testemunho-dependera-tambem-de-nossa-capacidade-de-dialogar.html","og_site_name":"Not\u00edcias - Franciscanos","article_published_time":"2021-02-18T11:09:21+00:00","article_modified_time":"2021-02-18T11:20:26+00:00","og_image":[{"width":800,"height":600,"url":"https:\/\/franciscanos.org.br\/noticias\/wp-content\/uploads\/2021\/02\/papa_18d.jpg","type":"image\/jpeg"}],"author":"moacir","twitter_card":"summary_large_image","twitter_misc":{"Escrito por":"moacir","Est. tempo de leitura":"3 minutos"},"schema":{"@context":"https:\/\/schema.org","@graph":[{"@type":"WebSite","@id":"https:\/\/franciscanos.org.br\/noticias\/#website","url":"https:\/\/franciscanos.org.br\/noticias\/","name":"Not\u00edcias - Franciscanos","description":"Prov\u00edncia Franciscana da Imaculada Concei\u00e7\u00e3o do Brasil - Ordem dos Frades Menores - OFM","potentialAction":[{"@type":"SearchAction","target":{"@type":"EntryPoint","urlTemplate":"https:\/\/franciscanos.org.br\/noticias\/?s={search_term_string}"},"query-input":"required name=search_term_string"}],"inLanguage":"pt-BR"},{"@type":"ImageObject","inLanguage":"pt-BR","@id":"https:\/\/franciscanos.org.br\/noticias\/papa-a-fecundidade-do-nosso-testemunho-dependera-tambem-de-nossa-capacidade-de-dialogar.html#primaryimage","url":"https:\/\/franciscanos.org.br\/noticias\/wp-content\/uploads\/2021\/02\/papa_18d.jpg","contentUrl":"https:\/\/franciscanos.org.br\/noticias\/wp-content\/uploads\/2021\/02\/papa_18d.jpg","width":800,"height":600},{"@type":"WebPage","@id":"https:\/\/franciscanos.org.br\/noticias\/papa-a-fecundidade-do-nosso-testemunho-dependera-tambem-de-nossa-capacidade-de-dialogar.html#webpage","url":"https:\/\/franciscanos.org.br\/noticias\/papa-a-fecundidade-do-nosso-testemunho-dependera-tambem-de-nossa-capacidade-de-dialogar.html","name":"Papa: \"A fecundidade do nosso testemunho depender\u00e1 tamb\u00e9m de nossa capacidade de dialogar\" - Not\u00edcias - Franciscanos","isPartOf":{"@id":"https:\/\/franciscanos.org.br\/noticias\/#website"},"primaryImageOfPage":{"@id":"https:\/\/franciscanos.org.br\/noticias\/papa-a-fecundidade-do-nosso-testemunho-dependera-tambem-de-nossa-capacidade-de-dialogar.html#primaryimage"},"datePublished":"2021-02-18T11:09:21+00:00","dateModified":"2021-02-18T11:20:26+00:00","author":{"@id":"https:\/\/franciscanos.org.br\/noticias\/#\/schema\/person\/b5c8cba458c330ccff548b056e95a5d4"},"breadcrumb":{"@id":"https:\/\/franciscanos.org.br\/noticias\/papa-a-fecundidade-do-nosso-testemunho-dependera-tambem-de-nossa-capacidade-de-dialogar.html#breadcrumb"},"inLanguage":"pt-BR","potentialAction":[{"@type":"ReadAction","target":["https:\/\/franciscanos.org.br\/noticias\/papa-a-fecundidade-do-nosso-testemunho-dependera-tambem-de-nossa-capacidade-de-dialogar.html"]}]},{"@type":"BreadcrumbList","@id":"https:\/\/franciscanos.org.br\/noticias\/papa-a-fecundidade-do-nosso-testemunho-dependera-tambem-de-nossa-capacidade-de-dialogar.html#breadcrumb","itemListElement":[{"@type":"ListItem","position":1,"name":"Home","item":"https:\/\/franciscanos.org.br\/noticias"},{"@type":"ListItem","position":2,"name":"Papa: &#8220;A fecundidade do nosso testemunho depender\u00e1 tamb\u00e9m de nossa capacidade de dialogar&#8221;"}]},{"@type":"Person","@id":"https:\/\/franciscanos.org.br\/noticias\/#\/schema\/person\/b5c8cba458c330ccff548b056e95a5d4","name":"moacir","image":{"@type":"ImageObject","inLanguage":"pt-BR","@id":"https:\/\/franciscanos.org.br\/noticias\/#\/schema\/person\/image\/","url":"https:\/\/secure.gravatar.com\/avatar\/d08aa2ce4c8dd416d4479aa8536fcf64?s=96&d=mm&r=g","contentUrl":"https:\/\/secure.gravatar.com\/avatar\/d08aa2ce4c8dd416d4479aa8536fcf64?s=96&d=mm&r=g","caption":"moacir"},"url":"https:\/\/franciscanos.org.br\/noticias\/author\/moacir"}]}},"_links":{"self":[{"href":"https:\/\/franciscanos.org.br\/noticias\/wp-json\/wp\/v2\/posts\/230843"}],"collection":[{"href":"https:\/\/franciscanos.org.br\/noticias\/wp-json\/wp\/v2\/posts"}],"about":[{"href":"https:\/\/franciscanos.org.br\/noticias\/wp-json\/wp\/v2\/types\/post"}],"author":[{"embeddable":true,"href":"https:\/\/franciscanos.org.br\/noticias\/wp-json\/wp\/v2\/users\/3"}],"replies":[{"embeddable":true,"href":"https:\/\/franciscanos.org.br\/noticias\/wp-json\/wp\/v2\/comments?post=230843"}],"version-history":[{"count":3,"href":"https:\/\/franciscanos.org.br\/noticias\/wp-json\/wp\/v2\/posts\/230843\/revisions"}],"predecessor-version":[{"id":230848,"href":"https:\/\/franciscanos.org.br\/noticias\/wp-json\/wp\/v2\/posts\/230843\/revisions\/230848"}],"wp:featuredmedia":[{"embeddable":true,"href":"https:\/\/franciscanos.org.br\/noticias\/wp-json\/wp\/v2\/media\/230845"}],"wp:attachment":[{"href":"https:\/\/franciscanos.org.br\/noticias\/wp-json\/wp\/v2\/media?parent=230843"}],"wp:term":[{"taxonomy":"category","embeddable":true,"href":"https:\/\/franciscanos.org.br\/noticias\/wp-json\/wp\/v2\/categories?post=230843"},{"taxonomy":"post_tag","embeddable":true,"href":"https:\/\/franciscanos.org.br\/noticias\/wp-json\/wp\/v2\/tags?post=230843"}],"curies":[{"name":"wp","href":"https:\/\/api.w.org\/{rel}","templated":true}]}}