{"id":230831,"date":"2021-02-16T14:02:20","date_gmt":"2021-02-16T17:02:20","guid":{"rendered":"https:\/\/franciscanos.org.br\/noticias\/?p=230831"},"modified":"2021-02-16T14:02:20","modified_gmt":"2021-02-16T17:02:20","slug":"comunidade-do-bingen-comemora-os-600-anos-de-instituicao-dos-comissariados-da-terra-santa","status":"publish","type":"post","link":"https:\/\/franciscanos.org.br\/noticias\/comunidade-do-bingen-comemora-os-600-anos-de-instituicao-dos-comissariados-da-terra-santa.html","title":{"rendered":"Comunidade do Bingen comemora os 600 anos de institui\u00e7\u00e3o dos Comissariados da Terra Santa"},"content":{"rendered":"<p><img loading=\"lazy\" class=\"alignnone wp-image-230833 size-full\" src=\"https:\/\/franciscanos.org.br\/noticias\/wp-content\/uploads\/2021\/02\/comissariado_01.jpg\" alt=\"\" width=\"1280\" height=\"720\" srcset=\"https:\/\/franciscanos.org.br\/noticias\/wp-content\/uploads\/2021\/02\/comissariado_01.jpg 1280w, https:\/\/franciscanos.org.br\/noticias\/wp-content\/uploads\/2021\/02\/comissariado_01-450x253.jpg 450w, https:\/\/franciscanos.org.br\/noticias\/wp-content\/uploads\/2021\/02\/comissariado_01-1024x576.jpg 1024w, https:\/\/franciscanos.org.br\/noticias\/wp-content\/uploads\/2021\/02\/comissariado_01-768x432.jpg 768w, https:\/\/franciscanos.org.br\/noticias\/wp-content\/uploads\/2021\/02\/comissariado_01-150x84.jpg 150w\" sizes=\"(max-width: 1280px) 100vw, 1280px\" \/><\/p>\n<p>Na celebra\u00e7\u00e3o do dia 14 de fevereiro do corrente ano, a comunidade de Nossa Senhora Auxiliadora, Capela, Bingen, Petr\u00f3polis, comemorou os 600 anos da institui\u00e7\u00e3o dos Comissariados da Terra Santa. A missa foi presidida pelo Frei Ivo, Comiss\u00e1rio da Terra Santa, com a participa\u00e7\u00e3o de cerca de 50 fi\u00e9is da comunidade. Depois da homilia, o Comiss\u00e1rio explicou a Cruz da Terra Santa, historiando um pouco da trajet\u00f3ria dos franciscanos aos cuidados dos Lugares Sagrados. Frei Ivo mencionou que os Comissariados da Terra Santa foram institu\u00eddos no dia 14 de fevereiro de 1421, pelo Papa Martinho V, com a bula &#8220;<em>His quae pro ecclesiasticarum&#8221;.<\/em> Nesta data, nasceram os Comissariados, presentes na maioria das na\u00e7\u00f5es que t\u00eam franciscanos em sua miss\u00e3o evangelizadora. Os Comiss\u00e1rios s\u00e3o uma esp\u00e9cie de \u201cembaixadores\u201d da Cust\u00f3dia da Terra Santa. No momento, s\u00e3o 67 frades a servi\u00e7o da Terra Santa, presentes em 57 na\u00e7\u00f5es. Aqui no Brasil, por ser uma na\u00e7\u00e3o de grande extens\u00e3o territorial e populacional, s\u00e3o institu\u00eddos seis comissariados. Frei Ivo \u00e9 respons\u00e1vel pelo Comissariado da Prov\u00edncia, presente e atuante nos Estados de Santa Catarina, Paran\u00e1, S\u00e3o Paulo, Rio de Janeiro e Esp\u00edrito Santo.<\/p>\n<p>De acordo com Frei Marcelo, coordenador dos Comiss\u00e1rios da Cust\u00f3dia da Terra Santa, &#8220;a principal tarefa dos comiss\u00e1rios \u00e9 fazer com que a terra Santa seja conhecida, promovendo o conhecimento dos Lugares Santos nas suas dioceses, nos seus territ\u00f3rios de a\u00e7\u00e3o, nos seus pa\u00edses. Depois, eles t\u00eam que promover as doa\u00e7\u00f5es. Os comiss\u00e1rios nasceram para promover a ajuda que mant\u00e9m os Lugares Santos e as obras sociais da Cust\u00f3dia da Terra Santa, que s\u00e3o muitas, especialmente na \u00e1rea da educa\u00e7\u00e3o e assist\u00eancia social. Este pedido de ajuda continua sendo muito atual, especialmente neste momento de crise.&#8221;<\/p>\n<p>No final da celebra\u00e7\u00e3o, Frei Ivo solicitou a permiss\u00e3o da comunidade para fazer algumas fotos, junto aos fi\u00e9is, desde que respeitado o protocolo da Covid-19, a serem enviadas \u00e0 Terra Santa, como gesto concreto de nossa solidariedade com os crist\u00e3os que vivem na Terra Santa. Tamb\u00e9m enfatizou que a Coleta a favor dos Lugares, seria feita na Santa-feira Santa, para que mais uma vez nos sent\u00edssemos parte integrante da comunidade de crist\u00e3os que l\u00e1 vive e que tanto necessita de nossa contribui\u00e7\u00e3o.<\/p>\n<p><em>Frei Ivo M\u00fcller, OFM<\/em><\/p>\n<hr \/>\n<h3>Dia de ora\u00e7\u00e3o pela Terra Santa<\/h3>\n<p><img loading=\"lazy\" class=\"size-medium wp-image-230834 alignright\" src=\"https:\/\/franciscanos.org.br\/noticias\/wp-content\/uploads\/2021\/02\/terrasanta-450x253.jpeg\" alt=\"\" width=\"450\" height=\"253\" srcset=\"https:\/\/franciscanos.org.br\/noticias\/wp-content\/uploads\/2021\/02\/terrasanta-450x253.jpeg 450w, https:\/\/franciscanos.org.br\/noticias\/wp-content\/uploads\/2021\/02\/terrasanta-1024x576.jpeg 1024w, https:\/\/franciscanos.org.br\/noticias\/wp-content\/uploads\/2021\/02\/terrasanta-768x432.jpeg 768w, https:\/\/franciscanos.org.br\/noticias\/wp-content\/uploads\/2021\/02\/terrasanta-150x84.jpeg 150w, https:\/\/franciscanos.org.br\/noticias\/wp-content\/uploads\/2021\/02\/terrasanta.jpeg 1500w\" sizes=\"(max-width: 450px) 100vw, 450px\" \/>\u00c0s 6h30 da manh\u00e3 os sinos da Bas\u00edlica da Ressurrei\u00e7\u00e3o em Jerusal\u00e9m, tocaram convidando para o Dia de ora\u00e7\u00e3o pela Terra Santa. Junto com Frei Francesco Patton, Dom Leopoldo Girelli, Delegado Apost\u00f3lico para Jerusal\u00e9m e os frades do Discret\u00f3rio da Cust\u00f3dia. Todos juntos para agradecer ao Senhor pelo sexto centen\u00e1rio da institui\u00e7\u00e3o dos Comissariados da Terra Santa, ocorrido em 14 de fevereiro de 1421, por obra do Papa Martinho V, atrav\u00e9s da bula &#8220;His quae pro ecclesiasticarum&#8221;.<\/p>\n<p>Nas palavras de Frei Francesco Patton, o agradecimento pelo servi\u00e7o dos Comiss\u00e1rios da Terra Santa, pelos Pont\u00edfices que sempre encorajaram a miss\u00e3o, desde os tempos de S\u00e3o Francisco e hoje, de forma especial, ao Papa Francisco e ao cardeal Leonardo Sandri, prefeito para a Congrega\u00e7\u00e3o das Igrejas Orientais.<\/p>\n<p>\u201cEste lugar \u00e9 o primeiro que nos foi confiado: a nossa presen\u00e7a como cust\u00f3dios \u00e9 tamb\u00e9m a presen\u00e7a de quem vive e nutre o testemunho original e fundamental de toda a Igreja, que \u00e9 o an\u00fancio de que \u201cJesus, o Crucificado, ressuscitou como havia anunciado\u201d. Queremos nesta ocasi\u00e3o, rezar com f\u00e9 \u2013 continuou o cust\u00f3dio \u2013 tamb\u00e9m por todos os benfeitores e fi\u00e9is que, em todas as partes do mundo, s\u00e3o sens\u00edveis \u00e0s necessidades da Terra Santa. Oremos tamb\u00e9m pelo fim da pandemia.<\/p>\n<p>No final da celebra\u00e7\u00e3o, Frei Marcelo Cichinelli, respons\u00e1vel pelo Escrit\u00f3rio da Coordena\u00e7\u00e3o dos Comiss\u00e1rios da Terra Santa, leu o texto da mensagem do Cardeal Sandri. Aos presentes foi mostrada a Bula do Papa Martinho V: \u201cHis quae pro ecclesiasticarum\u201d.<\/p>\n<p>Leu a carta enviada pelo Papa Francisco ao cust\u00f3dio, Dom Girelli : \u201cDepois de todos estes s\u00e9culos, a miss\u00e3o dos Comiss\u00e1rios continua atual: manter, promover, valorizar a miss\u00e3o da Cust\u00f3dia da Terra Santa, tornando poss\u00edvel uma rede de rela\u00e7\u00f5es eclesiais, espirituais e de caridade que tem como foco a terra onde Jesus viveu. Apoio e aben\u00e7oo este precioso servi\u00e7o e desejo que seja cada vez mais, semente de fraternidade\u201d.<\/p>\n<p>Frei Michel Perry, Ministro Geral dos Frades Menores, tamb\u00e9m expressou seu apre\u00e7o por esta que \u00e9 considerada a P\u00e9rola da miss\u00e3o franciscana: \u201cO papel principal da nossa presen\u00e7a franciscana na Terra Santa \u00e9 proclamar a presen\u00e7a viva e amorosa de Jesus Cristo. \u00c9 importante lembrar que esta miss\u00e3o foi renovada pelos diversos papas. Ela \u00e9 muito importante porque os Lugares sempre t\u00eam algo a dizer a toda a humanidade. Convido a todos, homens e mulheres que colaboram com os Comiss\u00e1rios, para que sejam um o\u00e1sis de ora\u00e7\u00e3o, esperan\u00e7a e fraternidade\u201d.<\/p>\n<p>&#8220;Agrade\u00e7o novamente a todos os Frades que trabalham nos comissariados e a todos os Frades que est\u00e3o na Terra Santa. Saibam que voc\u00eas n\u00e3o est\u00e3o sozinhos. Toda a nossa ordem franciscana reza com voc\u00eas, estamos juntos e Cristo est\u00e1 conosco. Agrade\u00e7amos a Deus, mesmo neste momento dif\u00edcil, por seu amor e presen\u00e7a em nossa vida e em nosso mundo&#8221;.<\/p>\n<p>Frei Francesco Patton, OFM, cust\u00f3dio da Terra Santa, disse: Certamente, deste Lugar Santo, que \u00e9 o mais importante, o mais santo para todos n\u00f3s crist\u00e3os, vem tamb\u00e9m a b\u00ean\u00e7\u00e3o do Senhor, a b\u00ean\u00e7\u00e3o da mensagem pascal de que o Cristo ressuscitado \u00e9 mais forte do que o nosso pecado \u00e9 mais forte do que a pr\u00f3pria morte. \u00c9 na sua ressurrei\u00e7\u00e3o que est\u00e1 a nossa esperan\u00e7a. Ele nos ajuda a olhar para o futuro e \u00e9 Aquele que nos impulsiona a sermos testemunhas desta novidade, a maior da hist\u00f3ria, que \u00e9 vida nova trazida por Ele.<\/p>\n","protected":false},"excerpt":{"rendered":"<p>Sexto centen\u00e1rio da institui\u00e7\u00e3o dos Comissariados da Terra Santa<\/p>\n","protected":false},"author":3,"featured_media":230832,"comment_status":"open","ping_status":"open","sticky":false,"template":"","format":"standard","meta":[],"categories":[1],"tags":[1429],"acf":[],"yoast_head":"<!-- This site is optimized with the Yoast SEO plugin v19.2 - https:\/\/yoast.com\/wordpress\/plugins\/seo\/ -->\n<title>Comunidade do Bingen comemora os 600 anos de institui\u00e7\u00e3o dos Comissariados da Terra Santa - Not\u00edcias - Franciscanos<\/title>\n<meta name=\"robots\" content=\"index, follow, max-snippet:-1, max-image-preview:large, max-video-preview:-1\" \/>\n<link rel=\"canonical\" href=\"https:\/\/franciscanos.org.br\/noticias\/comunidade-do-bingen-comemora-os-600-anos-de-instituicao-dos-comissariados-da-terra-santa.html\" \/>\n<meta property=\"og:locale\" content=\"pt_BR\" \/>\n<meta property=\"og:type\" content=\"article\" \/>\n<meta property=\"og:title\" content=\"Comunidade do Bingen comemora os 600 anos de institui\u00e7\u00e3o dos Comissariados da Terra Santa - Not\u00edcias - Franciscanos\" \/>\n<meta property=\"og:description\" content=\"Sexto centen\u00e1rio da institui\u00e7\u00e3o dos Comissariados da Terra Santa\" \/>\n<meta property=\"og:url\" content=\"https:\/\/franciscanos.org.br\/noticias\/comunidade-do-bingen-comemora-os-600-anos-de-instituicao-dos-comissariados-da-terra-santa.html\" \/>\n<meta property=\"og:site_name\" content=\"Not\u00edcias - Franciscanos\" \/>\n<meta property=\"article:published_time\" content=\"2021-02-16T17:02:20+00:00\" \/>\n<meta property=\"og:image\" content=\"https:\/\/franciscanos.org.br\/noticias\/wp-content\/uploads\/2021\/02\/comissariado_01d.jpg\" \/>\n\t<meta property=\"og:image:width\" content=\"800\" \/>\n\t<meta property=\"og:image:height\" content=\"600\" \/>\n\t<meta property=\"og:image:type\" content=\"image\/jpeg\" \/>\n<meta name=\"author\" content=\"moacir\" \/>\n<meta name=\"twitter:card\" content=\"summary_large_image\" \/>\n<meta name=\"twitter:label1\" content=\"Escrito por\" \/>\n\t<meta name=\"twitter:data1\" content=\"moacir\" \/>\n\t<meta name=\"twitter:label2\" content=\"Est. tempo de leitura\" \/>\n\t<meta name=\"twitter:data2\" content=\"5 minutos\" \/>\n<script type=\"application\/ld+json\" class=\"yoast-schema-graph\">{\"@context\":\"https:\/\/schema.org\",\"@graph\":[{\"@type\":\"WebSite\",\"@id\":\"https:\/\/franciscanos.org.br\/noticias\/#website\",\"url\":\"https:\/\/franciscanos.org.br\/noticias\/\",\"name\":\"Not\u00edcias - Franciscanos\",\"description\":\"Prov\u00edncia Franciscana da Imaculada Concei\u00e7\u00e3o do Brasil - Ordem dos Frades Menores - OFM\",\"potentialAction\":[{\"@type\":\"SearchAction\",\"target\":{\"@type\":\"EntryPoint\",\"urlTemplate\":\"https:\/\/franciscanos.org.br\/noticias\/?s={search_term_string}\"},\"query-input\":\"required name=search_term_string\"}],\"inLanguage\":\"pt-BR\"},{\"@type\":\"ImageObject\",\"inLanguage\":\"pt-BR\",\"@id\":\"https:\/\/franciscanos.org.br\/noticias\/comunidade-do-bingen-comemora-os-600-anos-de-instituicao-dos-comissariados-da-terra-santa.html#primaryimage\",\"url\":\"https:\/\/franciscanos.org.br\/noticias\/wp-content\/uploads\/2021\/02\/comissariado_01d.jpg\",\"contentUrl\":\"https:\/\/franciscanos.org.br\/noticias\/wp-content\/uploads\/2021\/02\/comissariado_01d.jpg\",\"width\":800,\"height\":600},{\"@type\":\"WebPage\",\"@id\":\"https:\/\/franciscanos.org.br\/noticias\/comunidade-do-bingen-comemora-os-600-anos-de-instituicao-dos-comissariados-da-terra-santa.html#webpage\",\"url\":\"https:\/\/franciscanos.org.br\/noticias\/comunidade-do-bingen-comemora-os-600-anos-de-instituicao-dos-comissariados-da-terra-santa.html\",\"name\":\"Comunidade do Bingen comemora os 600 anos de institui\u00e7\u00e3o dos Comissariados da Terra Santa - Not\u00edcias - Franciscanos\",\"isPartOf\":{\"@id\":\"https:\/\/franciscanos.org.br\/noticias\/#website\"},\"primaryImageOfPage\":{\"@id\":\"https:\/\/franciscanos.org.br\/noticias\/comunidade-do-bingen-comemora-os-600-anos-de-instituicao-dos-comissariados-da-terra-santa.html#primaryimage\"},\"datePublished\":\"2021-02-16T17:02:20+00:00\",\"dateModified\":\"2021-02-16T17:02:20+00:00\",\"author\":{\"@id\":\"https:\/\/franciscanos.org.br\/noticias\/#\/schema\/person\/b5c8cba458c330ccff548b056e95a5d4\"},\"breadcrumb\":{\"@id\":\"https:\/\/franciscanos.org.br\/noticias\/comunidade-do-bingen-comemora-os-600-anos-de-instituicao-dos-comissariados-da-terra-santa.html#breadcrumb\"},\"inLanguage\":\"pt-BR\",\"potentialAction\":[{\"@type\":\"ReadAction\",\"target\":[\"https:\/\/franciscanos.org.br\/noticias\/comunidade-do-bingen-comemora-os-600-anos-de-instituicao-dos-comissariados-da-terra-santa.html\"]}]},{\"@type\":\"BreadcrumbList\",\"@id\":\"https:\/\/franciscanos.org.br\/noticias\/comunidade-do-bingen-comemora-os-600-anos-de-instituicao-dos-comissariados-da-terra-santa.html#breadcrumb\",\"itemListElement\":[{\"@type\":\"ListItem\",\"position\":1,\"name\":\"Home\",\"item\":\"https:\/\/franciscanos.org.br\/noticias\"},{\"@type\":\"ListItem\",\"position\":2,\"name\":\"Comunidade do Bingen comemora os 600 anos de institui\u00e7\u00e3o dos Comissariados da Terra Santa\"}]},{\"@type\":\"Person\",\"@id\":\"https:\/\/franciscanos.org.br\/noticias\/#\/schema\/person\/b5c8cba458c330ccff548b056e95a5d4\",\"name\":\"moacir\",\"image\":{\"@type\":\"ImageObject\",\"inLanguage\":\"pt-BR\",\"@id\":\"https:\/\/franciscanos.org.br\/noticias\/#\/schema\/person\/image\/\",\"url\":\"https:\/\/secure.gravatar.com\/avatar\/d08aa2ce4c8dd416d4479aa8536fcf64?s=96&d=mm&r=g\",\"contentUrl\":\"https:\/\/secure.gravatar.com\/avatar\/d08aa2ce4c8dd416d4479aa8536fcf64?s=96&d=mm&r=g\",\"caption\":\"moacir\"},\"url\":\"https:\/\/franciscanos.org.br\/noticias\/author\/moacir\"}]}<\/script>\n<!-- \/ Yoast SEO plugin. -->","yoast_head_json":{"title":"Comunidade do Bingen comemora os 600 anos de institui\u00e7\u00e3o dos Comissariados da Terra Santa - Not\u00edcias - Franciscanos","robots":{"index":"index","follow":"follow","max-snippet":"max-snippet:-1","max-image-preview":"max-image-preview:large","max-video-preview":"max-video-preview:-1"},"canonical":"https:\/\/franciscanos.org.br\/noticias\/comunidade-do-bingen-comemora-os-600-anos-de-instituicao-dos-comissariados-da-terra-santa.html","og_locale":"pt_BR","og_type":"article","og_title":"Comunidade do Bingen comemora os 600 anos de institui\u00e7\u00e3o dos Comissariados da Terra Santa - Not\u00edcias - Franciscanos","og_description":"Sexto centen\u00e1rio da institui\u00e7\u00e3o dos Comissariados da Terra Santa","og_url":"https:\/\/franciscanos.org.br\/noticias\/comunidade-do-bingen-comemora-os-600-anos-de-instituicao-dos-comissariados-da-terra-santa.html","og_site_name":"Not\u00edcias - Franciscanos","article_published_time":"2021-02-16T17:02:20+00:00","og_image":[{"width":800,"height":600,"url":"https:\/\/franciscanos.org.br\/noticias\/wp-content\/uploads\/2021\/02\/comissariado_01d.jpg","type":"image\/jpeg"}],"author":"moacir","twitter_card":"summary_large_image","twitter_misc":{"Escrito por":"moacir","Est. tempo de leitura":"5 minutos"},"schema":{"@context":"https:\/\/schema.org","@graph":[{"@type":"WebSite","@id":"https:\/\/franciscanos.org.br\/noticias\/#website","url":"https:\/\/franciscanos.org.br\/noticias\/","name":"Not\u00edcias - Franciscanos","description":"Prov\u00edncia Franciscana da Imaculada Concei\u00e7\u00e3o do Brasil - Ordem dos Frades Menores - OFM","potentialAction":[{"@type":"SearchAction","target":{"@type":"EntryPoint","urlTemplate":"https:\/\/franciscanos.org.br\/noticias\/?s={search_term_string}"},"query-input":"required name=search_term_string"}],"inLanguage":"pt-BR"},{"@type":"ImageObject","inLanguage":"pt-BR","@id":"https:\/\/franciscanos.org.br\/noticias\/comunidade-do-bingen-comemora-os-600-anos-de-instituicao-dos-comissariados-da-terra-santa.html#primaryimage","url":"https:\/\/franciscanos.org.br\/noticias\/wp-content\/uploads\/2021\/02\/comissariado_01d.jpg","contentUrl":"https:\/\/franciscanos.org.br\/noticias\/wp-content\/uploads\/2021\/02\/comissariado_01d.jpg","width":800,"height":600},{"@type":"WebPage","@id":"https:\/\/franciscanos.org.br\/noticias\/comunidade-do-bingen-comemora-os-600-anos-de-instituicao-dos-comissariados-da-terra-santa.html#webpage","url":"https:\/\/franciscanos.org.br\/noticias\/comunidade-do-bingen-comemora-os-600-anos-de-instituicao-dos-comissariados-da-terra-santa.html","name":"Comunidade do Bingen comemora os 600 anos de institui\u00e7\u00e3o dos Comissariados da Terra Santa - Not\u00edcias - Franciscanos","isPartOf":{"@id":"https:\/\/franciscanos.org.br\/noticias\/#website"},"primaryImageOfPage":{"@id":"https:\/\/franciscanos.org.br\/noticias\/comunidade-do-bingen-comemora-os-600-anos-de-instituicao-dos-comissariados-da-terra-santa.html#primaryimage"},"datePublished":"2021-02-16T17:02:20+00:00","dateModified":"2021-02-16T17:02:20+00:00","author":{"@id":"https:\/\/franciscanos.org.br\/noticias\/#\/schema\/person\/b5c8cba458c330ccff548b056e95a5d4"},"breadcrumb":{"@id":"https:\/\/franciscanos.org.br\/noticias\/comunidade-do-bingen-comemora-os-600-anos-de-instituicao-dos-comissariados-da-terra-santa.html#breadcrumb"},"inLanguage":"pt-BR","potentialAction":[{"@type":"ReadAction","target":["https:\/\/franciscanos.org.br\/noticias\/comunidade-do-bingen-comemora-os-600-anos-de-instituicao-dos-comissariados-da-terra-santa.html"]}]},{"@type":"BreadcrumbList","@id":"https:\/\/franciscanos.org.br\/noticias\/comunidade-do-bingen-comemora-os-600-anos-de-instituicao-dos-comissariados-da-terra-santa.html#breadcrumb","itemListElement":[{"@type":"ListItem","position":1,"name":"Home","item":"https:\/\/franciscanos.org.br\/noticias"},{"@type":"ListItem","position":2,"name":"Comunidade do Bingen comemora os 600 anos de institui\u00e7\u00e3o dos Comissariados da Terra Santa"}]},{"@type":"Person","@id":"https:\/\/franciscanos.org.br\/noticias\/#\/schema\/person\/b5c8cba458c330ccff548b056e95a5d4","name":"moacir","image":{"@type":"ImageObject","inLanguage":"pt-BR","@id":"https:\/\/franciscanos.org.br\/noticias\/#\/schema\/person\/image\/","url":"https:\/\/secure.gravatar.com\/avatar\/d08aa2ce4c8dd416d4479aa8536fcf64?s=96&d=mm&r=g","contentUrl":"https:\/\/secure.gravatar.com\/avatar\/d08aa2ce4c8dd416d4479aa8536fcf64?s=96&d=mm&r=g","caption":"moacir"},"url":"https:\/\/franciscanos.org.br\/noticias\/author\/moacir"}]}},"_links":{"self":[{"href":"https:\/\/franciscanos.org.br\/noticias\/wp-json\/wp\/v2\/posts\/230831"}],"collection":[{"href":"https:\/\/franciscanos.org.br\/noticias\/wp-json\/wp\/v2\/posts"}],"about":[{"href":"https:\/\/franciscanos.org.br\/noticias\/wp-json\/wp\/v2\/types\/post"}],"author":[{"embeddable":true,"href":"https:\/\/franciscanos.org.br\/noticias\/wp-json\/wp\/v2\/users\/3"}],"replies":[{"embeddable":true,"href":"https:\/\/franciscanos.org.br\/noticias\/wp-json\/wp\/v2\/comments?post=230831"}],"version-history":[{"count":1,"href":"https:\/\/franciscanos.org.br\/noticias\/wp-json\/wp\/v2\/posts\/230831\/revisions"}],"predecessor-version":[{"id":230835,"href":"https:\/\/franciscanos.org.br\/noticias\/wp-json\/wp\/v2\/posts\/230831\/revisions\/230835"}],"wp:featuredmedia":[{"embeddable":true,"href":"https:\/\/franciscanos.org.br\/noticias\/wp-json\/wp\/v2\/media\/230832"}],"wp:attachment":[{"href":"https:\/\/franciscanos.org.br\/noticias\/wp-json\/wp\/v2\/media?parent=230831"}],"wp:term":[{"taxonomy":"category","embeddable":true,"href":"https:\/\/franciscanos.org.br\/noticias\/wp-json\/wp\/v2\/categories?post=230831"},{"taxonomy":"post_tag","embeddable":true,"href":"https:\/\/franciscanos.org.br\/noticias\/wp-json\/wp\/v2\/tags?post=230831"}],"curies":[{"name":"wp","href":"https:\/\/api.w.org\/{rel}","templated":true}]}}